{"id":980,"date":"2019-12-26T15:59:18","date_gmt":"2019-12-26T17:59:18","guid":{"rendered":"http:\/\/www.encontrabelem.com.br\/sobre\/?p=980"},"modified":"2023-11-13T11:17:02","modified_gmt":"2023-11-13T14:17:02","slug":"catedral-metropolitana-de-belem","status":"publish","type":"post","link":"https:\/\/www.encontrabelem.com.br\/sobre\/catedral-metropolitana-de-belem","title":{"rendered":"Catedral Metropolitana de Bel\u00e9m"},"content":{"rendered":"<div class=\"b22802487b0d38c4c6d9f34966e16421\" data-index=\"1\" style=\"float: none; margin:0px;\">\n<!-- Anuncio display - global -->\r\n<ins class=\"adsbygoogle\"\r\n     style=\"display:block\"\r\n     data-ad-client=\"ca-pub-8585364105181520\"\r\n     data-ad-slot=\"8789329856\"\r\n     data-ad-format=\"auto\"\r\n     data-full-width-responsive=\"true\"><\/ins>\r\n<script>\r\n     (adsbygoogle = window.adsbygoogle || []).push({});\r\n<\/script>\n<\/div>\n<p>A<strong> Catedral Metropolitana de Bel\u00e9m<\/strong> ou simplesmente Catedral da S\u00e9 \u00e9 uma igreja cat\u00f3lica de estilo neocl\u00e1ssico e barroco.<\/p>\n<p>\u00c9 a sede da Arquidiocese de Bel\u00e9m, na cidade de Bel\u00e9m do Par\u00e1 e parte integrante do complexo hist\u00f3rico e religioso da cidade velha, denominado Feliz Lusit\u00e2nia.<\/p>\n<p><img loading=\"lazy\" decoding=\"async\" class=\"alignnone wp-image-981 size-full\" title=\"Catedral Metropolitana de Bel\u00e9m\" src=\"http:\/\/www.encontrabelem.com.br\/sobre\/wp-content\/uploads\/2019\/12\/catedral-metropolitana.gif\" alt=\"Catedral Metropolitana de Bel\u00e9m\" width=\"680\" height=\"189\" \/><\/p>\n<h2>Catedral Metropolitana\u00a0Bel\u00e9m Hist\u00f3ria<\/h2>\n<p>A primeira igreja de Bel\u00e9m foi constru\u00edda provisoriamente dentro do Forte do Pres\u00e9pio e j\u00e1 era dedicada a Nossa Senhora da Gra\u00e7a. Poucos anos depois foi transferida para o atual Largo da S\u00e9, numa constru\u00e7\u00e3o prec\u00e1ria, j\u00e1 dedicada a Santa Maria de Bel\u00e9m[1]. No s\u00e9culo seguinte, em 1719, a Diocese do Maranh\u00e3o \u00e9 desmembrada a pedido de D. Jo\u00e3o V e Bel\u00e9m passa a sediar a rec\u00e9m-criada Diocese do Par\u00e1, ganhando direito a honras de S\u00e9 Episcopal a sua igreja matriz.<\/p>\n<p>As obras da atual edifica\u00e7\u00e3o, constru\u00edda no mesmo local da primitiva igreja, tiveram in\u00edcio no ano de 1748. Data dessa \u00e9poca a planta geral da igreja e os n\u00edveis inferiores da fachada, incluindo o portal principal, de fei\u00e7\u00e3o barroca pombalina. Ap\u00f3s algumas interrup\u00e7\u00f5es, a dire\u00e7\u00e3o das obras foi assumida em 1755 por Ant\u00f4nio Jos\u00e9 Landi, arquiteto italiano chegado a Bel\u00e9m em 1753, que deixou vasta obra na regi\u00e3o. Landi terminou a fachada, acrescentando as duas torres e o front\u00e3o. As torres, semelhantes \u00e0s da Igreja das Merc\u00eas de Bel\u00e9m, tamb\u00e9m projetadas por Landi, n\u00e3o t\u00eam paralelos no mundo luso-brasileiro e s\u00e3o inspiradas em modelos bolonheses, regi\u00e3o de origem do arquiteto. O imponente front\u00e3o, ladeado por pin\u00e1culos piramidais neocl\u00e1ssicos, tem um perfil mais barroco-rococ\u00f3 e cont\u00e9m um nicho com uma est\u00e1tua de Nossa Senhora. A constru\u00e7\u00e3o foi totalmente conclu\u00edda em 1782.<\/p>\n<p>Em 1882, a decora\u00e7\u00e3o interior da igreja sofreu uma reforma radical, ordenada pelo bispo Dom Ant\u00f4nio de Macedo Costa, quando a catedral passou por uma grande altera\u00e7\u00e3o. O ret\u00e1bulo original, de autoria de Landi, era de car\u00e1ter rococ\u00f3 e incorporava uma pintura de Nossa Senhora das Gra\u00e7as de autoria do pintor setecentista portugu\u00eas Pedro Alexandrino de Carvalho. Tanto o ret\u00e1bulo como a pintura est\u00e3o atualmente perdidos e s\u00e3o apenas conhecidos por desenhos.<\/p>\n<p>O atual altar principal foi criado em Roma por Luca Carimini no s\u00e9culo XIX, enquanto que as pinturas que decoram o interior foram realizadas pelos italianos Domenico de Angelis e Giusepe Capranesi. O grande \u00f3rg\u00e3o, da oficina do franc\u00eas Aristide Cavaill\u00e9-Coll, foi instalado em 1882, sendo o maior \u00f3rg\u00e3o da Am\u00e9rica Latina.\u00a0A Catedral da S\u00e9 de Bel\u00e9m foi elevada a sede de arquidiocese em 1906.\u00a0A catedral \u00e9 parte importante da tradicional celebra\u00e7\u00e3o do C\u00edrio de Nazar\u00e9, maior prociss\u00e3o do mundo ocidental. Ap\u00f3s uma missa na catedral, a imagem de Nossa Senhora de Nazar\u00e9 parte em prociss\u00e3o da catedral at\u00e9 a Bas\u00edlica de Nossa Senhora de Nazar\u00e9, acompanhada por centenas de milhares de pessoas.<\/p>\n<p>Ap\u00f3s v\u00e1rios anos sem que fosse submetida a medidas s\u00e9rias de conserva\u00e7\u00e3o, o que deteriorou bastante alguns de seus aspectos estruturais e art\u00edsticos, a Catedral Metropolitana de Bel\u00e9m foi, enfim, submetida a restaura\u00e7\u00e3o, em 2005, sendo reaberta ao p\u00fablico no dia 1\u00ba de setembro de 2009.a nossa senhora da gra\u00e7as.<\/p>\n<h3>Catedral Metropolitana\u00a0Bel\u00e9m Arquitetura e Arte<\/h3>\n<p>Parte da<em> arquitetura <\/em>da catedral \u00e9 atribu\u00edda ao arquiteto italiano Ant\u00f4nio Jos\u00e9 Landi, como a fachada com o coroamento das duas grandes torres, os rel\u00f3gios da Catedral s\u00e3o importados da europa e foram instaladas no templo em 1772. A Catedral da S\u00e9 possu\u00ed bel\u00edssimos desenhos feitos pelo arquiteto Landi, tamb\u00e9m guarda bel\u00edssimas telas criadas por renomados artistas europeus do s\u00e9culo XVIII, localizados nos seus dez altares laterais, al\u00e9m de 28 candelabros de bronze, vitrais religiosos de grande valor art\u00edstico e possu\u00ed conta com um belo \u00f3rg\u00e3o franc\u00eas do s\u00e9culo XIX, um verdadeiro tesouro da hist\u00f3ria de Bel\u00e9m.<\/p>\n<h3>Catedral Metropolitana\u00a0Bel\u00e9m\u00a0Hor\u00e1rio de Missas<\/h3>\n<p>As <em>missas<\/em> acontecem:<\/p>\n<ul>\n<li>Segundas \u00e0s 19h<\/li>\n<li>Ter\u00e7a a Sexta \u00e0s 18h<\/li>\n<li>S\u00e1bado \u00e0s 19h<\/li>\n<li>Domingo \u00e0s 07h, 09h, 17h e 19h<\/li>\n<\/ul>\n<h3>Hor\u00e1rio de Funcionamento Catedral Metropolitana em Bel\u00e9m<\/h3>\n<ul>\n<li>Visita\u00e7\u00e3o segunda a sexta das 08h \u00e0s 18h<\/li>\n<\/ul>\n<h3>Onde Fica, Endere\u00e7o e Telefone Catedral Metropolitana em Bel\u00e9m<\/h3>\n<ul>\n<li>Pra\u00e7a Dom Frei Caetano Brand\u00e3o &#8211; Cidade Velha\u00a0&#8211; Bel\u00e9m &#8211; PA<\/li>\n<li>Telefone: (91) 2121-3724<\/li>\n<\/ul>\n<h4>Outras informa\u00e7\u00f5es e site<\/h4>\n<ul>\n<li>Mais informa\u00e7\u00f5es:\u00a0<a href=\"https:\/\/catedraldebelem.com.br\/\" target=\"_blank\" rel=\"noopener noreferrer\">www.catedraldebelem.com.br<\/a><\/li>\n<\/ul>\n<h4>Mapa de localiza\u00e7\u00e3o<\/h4>\n<a class=\"wp-colorbox-iframe\" href=\"https:\/\/www.google.com\/maps\/embed?pb=!1m14!1m8!1m3!1d15954.119672746765!2d-48.5047566!3d-1.4561244!3m2!1i1024!2i768!4f13.1!3m3!1m2!1s0x00x797d54dca2c2c5eb!2sCatedralMetropolitanadeBelm!5e0!3m2!1spt-BR!2sbr!4v1577383013247!5m2!1spt-BR!2sbr\"><img decoding=\"async\" src=\"http:\/\/www.encontrabelem.com.br\/imgs\/maps-post.png\"><\/a>\n\n<div style=\"font-size: 0px; height: 0px; line-height: 0px; margin: 0; padding: 0; clear: both;\"><\/div>","protected":false},"excerpt":{"rendered":"<p>A Catedral Metropolitana de Bel\u00e9m ou simplesmente Catedral da S\u00e9 \u00e9 uma igreja cat\u00f3lica de estilo neocl\u00e1ssico e barroco. \u00c9 a sede da Arquidiocese de Bel\u00e9m, na cidade de Bel\u00e9m do Par\u00e1 e parte integrante do complexo hist\u00f3rico e religioso da cidade velha, denominado Feliz Lusit\u00e2nia. Catedral Metropolitana\u00a0Bel\u00e9m Hist\u00f3ria A primeira igreja de Bel\u00e9m foi constru\u00edda provisoriamente dentro do Forte do Pres\u00e9pio e j\u00e1 era dedicada a Nossa Senhora da Gra\u00e7a. Poucos anos depois foi transferida para o atual Largo da S\u00e9, numa constru\u00e7\u00e3o prec\u00e1ria, j\u00e1 dedicada a Santa Maria de Bel\u00e9m. No s\u00e9culo seguinte, em 1719, a Diocese do <\/p>\n","protected":false},"author":1,"featured_media":981,"comment_status":"closed","ping_status":"closed","sticky":false,"template":"","format":"standard","meta":{"footnotes":""},"categories":[27],"tags":[],"class_list":["post-980","post","type-post","status-publish","format-standard","has-post-thumbnail","hentry","category-lugares-em-belem","has_thumb"],"aioseo_notices":[],"_links":{"self":[{"href":"https:\/\/www.encontrabelem.com.br\/sobre\/wp-json\/wp\/v2\/posts\/980","targetHints":{"allow":["GET"]}}],"collection":[{"href":"https:\/\/www.encontrabelem.com.br\/sobre\/wp-json\/wp\/v2\/posts"}],"about":[{"href":"https:\/\/www.encontrabelem.com.br\/sobre\/wp-json\/wp\/v2\/types\/post"}],"author":[{"embeddable":true,"href":"https:\/\/www.encontrabelem.com.br\/sobre\/wp-json\/wp\/v2\/users\/1"}],"replies":[{"embeddable":true,"href":"https:\/\/www.encontrabelem.com.br\/sobre\/wp-json\/wp\/v2\/comments?post=980"}],"version-history":[{"count":0,"href":"https:\/\/www.encontrabelem.com.br\/sobre\/wp-json\/wp\/v2\/posts\/980\/revisions"}],"wp:featuredmedia":[{"embeddable":true,"href":"https:\/\/www.encontrabelem.com.br\/sobre\/wp-json\/wp\/v2\/media\/981"}],"wp:attachment":[{"href":"https:\/\/www.encontrabelem.com.br\/sobre\/wp-json\/wp\/v2\/media?parent=980"}],"wp:term":[{"taxonomy":"category","embeddable":true,"href":"https:\/\/www.encontrabelem.com.br\/sobre\/wp-json\/wp\/v2\/categories?post=980"},{"taxonomy":"post_tag","embeddable":true,"href":"https:\/\/www.encontrabelem.com.br\/sobre\/wp-json\/wp\/v2\/tags?post=980"}],"curies":[{"name":"wp","href":"https:\/\/api.w.org\/{rel}","templated":true}]}}