{"id":98,"date":"2013-02-22T00:01:15","date_gmt":"2013-02-22T03:01:15","guid":{"rendered":"http:\/\/www.encontrabelem.com.br\/noticias\/?p=98"},"modified":"2023-11-13T11:17:38","modified_gmt":"2023-11-13T14:17:38","slug":"musical-paraense-baseado-em-classico-da-legiao-urbana-estreia-nova-temporada-em-belem","status":"publish","type":"post","link":"https:\/\/www.encontrabelem.com.br\/sobre\/musical-paraense-baseado-em-classico-da-legiao-urbana-estreia-nova-temporada-em-belem","title":{"rendered":"Musical paraense baseado em cl\u00e1ssico da Legi\u00e3o Urbana estreia nova temporada em Bel\u00e9m"},"content":{"rendered":"<div class=\"b22802487b0d38c4c6d9f34966e16421\" data-index=\"1\" style=\"float: none; margin:0px;\">\n<!-- Anuncio display - global -->\r\n<ins class=\"adsbygoogle\"\r\n     style=\"display:block\"\r\n     data-ad-client=\"ca-pub-8585364105181520\"\r\n     data-ad-slot=\"8789329856\"\r\n     data-ad-format=\"auto\"\r\n     data-full-width-responsive=\"true\"><\/ins>\r\n<script>\r\n     (adsbygoogle = window.adsbygoogle || []).push({});\r\n<\/script>\n<\/div>\n<p>Inspirado em uma das m\u00fasicas mais famosas de Renato Russo, o musical \u201cUm Certo Faroeste Caboclo\u201d iniciou ontem (21) uma nova temporada de apresenta\u00e7\u00f5es em\u00a0Bel\u00e9m. A pe\u00e7a, escrita em dois atos, re\u00fane elementos da dramaturgia teatral, da m\u00fasica e da <a title=\"Dan\u00e7a em Bel\u00e9m\" href=\"http:\/\/www.encontrabelem.com.br\/d\/danca-em-belem.shtml\" target=\"_blank\" rel=\"noopener\">dan\u00e7a na cidade de Bel\u00e9m<\/a>, e j\u00e1 foi encenada na capital paraense h\u00e1 10 anos. A autoria da montagem\u00a0 \u00e9 de Paulo Faria, e a dire\u00e7\u00e3o de Paulo Santana e Marluce Oliveira.<\/p>\n<p>A hist\u00f3ria conta a saga de Jo\u00e3o de Santo Cristo, um menino sem-terra que, depois da morte dos pais, sai do interior do <a href=\"http:\/\/www.encontrapara.com.br\" target=\"_blank\" rel=\"noopener\">Estado do Par\u00e1<\/a> em dire\u00e7\u00e3o a Bras\u00edlia. O objetivo dele \u00e9 falar com o presidente da Rep\u00fablica sobre a situa\u00e7\u00e3o da fam\u00edlia. Quando chega \u00e0 capital do Brasil, Jo\u00e3o descobre que se tornando um bandido talvez consiga realizar seus sonhos de maneira mais f\u00e1cil. Ele come\u00e7a, ent\u00e3o, a tra\u00e7ar seu caminho na marginalidade.<\/p>\n<p>No palco, o p\u00fablico \u00e9 apresentado \u00e0s rela\u00e7\u00f5es explosivas presentes no mundo do tr\u00e1fico de drogas e do crime organizado. Ao longo do espet\u00e1culo, o destino de Jo\u00e3o de Santo Cristo se mostra tanto heroico quanto fatal.<\/p>\n<p><strong>Servi\u00e7o<\/strong><\/p>\n<p>O espet\u00e1culo \u201cUm Certo Faroeste Caboclo\u201d fica em cartaz de 21 a 24 de fevereiro, no Teatro Cl\u00e1udio Barradas, que fica na Rua Jer\u00f4nimo Pimentel, 546, no bairro do Umarizal, em Bel\u00e9m. Hoje, s\u00e1bado e domingo ser\u00e3o realizadas duas sess\u00f5es, \u00e0s 18h e \u00e0s 21h. Os ingressos est\u00e3o a venda na bilheteria do teatro, por R$ 10, com meia-entrada para estudantes. O musical n\u00e3o \u00e9 recomendado para menores de 16 anos.<\/p>\n<p><em>Fonte: G1<\/em><\/p>\n\n<div style=\"font-size: 0px; height: 0px; line-height: 0px; margin: 0; padding: 0; clear: both;\"><\/div>","protected":false},"excerpt":{"rendered":"<p>Inspirado em uma das m\u00fasicas mais famosas de Renato Russo, o musical \u201cUm Certo Faroeste Caboclo\u201d iniciou ontem (21) uma nova temporada de apresenta\u00e7\u00f5es em\u00a0Bel\u00e9m. A pe\u00e7a, escrita em dois atos, re\u00fane elementos da dramaturgia teatral, da m\u00fasica e da dan\u00e7a na cidade de Bel\u00e9m, e j\u00e1 foi encenada na capital paraense h\u00e1 10 anos. A autoria da montagem\u00a0 \u00e9 de Paulo Faria, e a dire\u00e7\u00e3o de Paulo Santana e Marluce Oliveira. A hist\u00f3ria conta a saga de Jo\u00e3o de Santo Cristo, um menino sem-terra que, depois da morte dos pais, sai do interior do Estado do Par\u00e1 em dire\u00e7\u00e3o <\/p>\n","protected":false},"author":1,"featured_media":0,"comment_status":"closed","ping_status":"closed","sticky":false,"template":"","format":"standard","meta":{"footnotes":""},"categories":[1,7],"tags":[11],"class_list":["post-98","post","type-post","status-publish","format-standard","hentry","category-noticias-em-belem","category-servicos-em-belem","tag-belem"],"aioseo_notices":[],"_links":{"self":[{"href":"https:\/\/www.encontrabelem.com.br\/sobre\/wp-json\/wp\/v2\/posts\/98","targetHints":{"allow":["GET"]}}],"collection":[{"href":"https:\/\/www.encontrabelem.com.br\/sobre\/wp-json\/wp\/v2\/posts"}],"about":[{"href":"https:\/\/www.encontrabelem.com.br\/sobre\/wp-json\/wp\/v2\/types\/post"}],"author":[{"embeddable":true,"href":"https:\/\/www.encontrabelem.com.br\/sobre\/wp-json\/wp\/v2\/users\/1"}],"replies":[{"embeddable":true,"href":"https:\/\/www.encontrabelem.com.br\/sobre\/wp-json\/wp\/v2\/comments?post=98"}],"version-history":[{"count":0,"href":"https:\/\/www.encontrabelem.com.br\/sobre\/wp-json\/wp\/v2\/posts\/98\/revisions"}],"wp:attachment":[{"href":"https:\/\/www.encontrabelem.com.br\/sobre\/wp-json\/wp\/v2\/media?parent=98"}],"wp:term":[{"taxonomy":"category","embeddable":true,"href":"https:\/\/www.encontrabelem.com.br\/sobre\/wp-json\/wp\/v2\/categories?post=98"},{"taxonomy":"post_tag","embeddable":true,"href":"https:\/\/www.encontrabelem.com.br\/sobre\/wp-json\/wp\/v2\/tags?post=98"}],"curies":[{"name":"wp","href":"https:\/\/api.w.org\/{rel}","templated":true}]}}