{"id":969,"date":"2019-12-26T15:03:34","date_gmt":"2019-12-26T17:03:34","guid":{"rendered":"http:\/\/www.encontrabelem.com.br\/sobre\/?p=969"},"modified":"2023-11-13T11:17:02","modified_gmt":"2023-11-13T14:17:02","slug":"basilica-nossa-senhora-de-nazare-belem","status":"publish","type":"post","link":"https:\/\/www.encontrabelem.com.br\/sobre\/basilica-nossa-senhora-de-nazare-belem","title":{"rendered":"Bas\u00edlica Nossa Senhora de Nazar\u00e9 Bel\u00e9m"},"content":{"rendered":"<div class=\"b22802487b0d38c4c6d9f34966e16421\" data-index=\"1\" style=\"float: none; margin:0px;\">\n<!-- Anuncio display - global -->\r\n<ins class=\"adsbygoogle\"\r\n     style=\"display:block\"\r\n     data-ad-client=\"ca-pub-8585364105181520\"\r\n     data-ad-slot=\"8789329856\"\r\n     data-ad-format=\"auto\"\r\n     data-full-width-responsive=\"true\"><\/ins>\r\n<script>\r\n     (adsbygoogle = window.adsbygoogle || []).push({});\r\n<\/script>\n<\/div>\n<p>A <strong>Bas\u00edlica Nossa Senhora de Nazar\u00e9 Bel\u00e9m<\/strong> come\u00e7ou a ser erguida em 1909, no lugar onde foi encontrada a imagem de Nossa Senhora de Nazar\u00e9 por Pl\u00e1cido Jos\u00e9 de Souza na cidade de Bel\u00e9m, no estado do Par\u00e1, \u00e0s margens do Igarap\u00e9 Murutucu.<\/p>\n<p>Durante o C\u00edrio de Nazar\u00e9 a chamada Imagem Peregrina (uma r\u00e9plica da imagem encontrada por Pl\u00e1cido, esculpida na d\u00e9cada de 1960 pelo italiano Giacomo Muzner, com tra\u00e7os das mulheres amaz\u00f4nicas) sai da Catedral Metropolitana de Bel\u00e9m e segue em prociss\u00e3o at\u00e9 a Bas\u00edlica.<\/p>\n<p><img loading=\"lazy\" decoding=\"async\" class=\"alignnone wp-image-970 size-full\" title=\"Bas\u00edlica Nossa Senhora de Nazar\u00e9 Bel\u00e9m\" src=\"http:\/\/www.encontrabelem.com.br\/sobre\/wp-content\/uploads\/2019\/12\/basilica-de-nazare.gif\" alt=\"Bas\u00edlica Nossa Senhora de Nazar\u00e9 Bel\u00e9m\" width=\"680\" height=\"189\" \/><\/p>\n<p>O atual templo, marcado por diversos estilos arquitet\u00f4nicos, cujos mais fortes s\u00e3o o neocl\u00e1ssico e o ecl\u00e9tico, come\u00e7ou a ser constru\u00eddo em 1909, com a coloca\u00e7\u00e3o de sua pedra fundamental em 24 de outubro daquele ano pelo ent\u00e3o arcebispo de Bel\u00e9m Dom Santino Maria Coutinho. Na ocasi\u00e3o, o poeta maranhense Euclides Farias apresentou ao p\u00fablico o hino \u201cV\u00f3s sois o l\u00edrio mimoso\u201d, que se tornou o hino oficial em louvor \u00e0 Virgem de Nazar\u00e9, por lei considerada como \u201cRainha da Amaz\u00f4nia\u201d, e que os carrilh\u00f5es da Bas\u00edlica tocam todos os dias, \u00e0s 6h, 12h e 18h.<\/p>\n<p>A Bas\u00edlica de Nazar\u00e9 \u00e9 uma das \u00fanicas bas\u00edlicas da Amaz\u00f4nia Brasileira, juntamente com a Catedral Prelat\u00edcia Bas\u00edlica Santo Ant\u00f4nio de P\u00e1dua em Borba, no estado do Amazonas.<\/p>\n<p>. Sua hist\u00f3ria, seu simbolismo e sua import\u00e2ncia religiosa exercem uma profunda influ\u00eancia no imagin\u00e1rio religioso paraense. Elevada no dia 31 de maio de 2006 \u00e0 categoria de Santu\u00e1rio Mariano Arquidiocesano, passou a denominar-se Bas\u00edlica Santu\u00e1rio de Nossa Senhora de Nazar\u00e9. E em 1992, a Bas\u00edlica foi colocada entre as constru\u00e7\u00f5es tombadas pelo Patrim\u00f4nio Hist\u00f3rico do Estado do Par\u00e1. Est\u00e1 \u00e0 frente, na administra\u00e7\u00e3o, os padres Barnabitas<\/p>\n<h2>Bas\u00edlica Nossa Senhora de Nazar\u00e9\u00a0Bel\u00e9m\u00a0Hist\u00f3ria<\/h2>\n<p>Desde o s\u00e9culo XVIII, muitos fi\u00e9is peregrinavam at\u00e9 a pequena ermida que se encontrava ao lado do Rio &#8220;Murutucu&#8221;. Tal ermida fora erguida por seguidores da imagem encontrada pelo caboclo Pl\u00e1cido. A cabana ficava na \u00e1rea perif\u00e9rica da cidade, \u00e0 \u00e9poca, e era muito visitada principalmente por ribeirinhos e desvalidos.\u00a0 A devo\u00e7\u00e3o, com o tempo, se estendeu para as classes mais nobres e chegou ao conhecimento da igreja, que ratificou a devo\u00e7\u00e3o e, por interm\u00e9dio do Arcebispo de Bel\u00e9m, Dom Santino Maria Coutinho, delegou aos padres barnabitas (que j\u00e1 tomavam conta da ermida desde o s\u00e9culo XIX) no ano de 1905, a responsabilidade da constru\u00e7\u00e3o de uma loca\u00e7\u00e3o mais organizada e digna da f\u00e9 da popula\u00e7\u00e3o, al\u00e9m de se haver uma urg\u00eancia em encontrar um local maior para abrigar o grande n\u00famero de fi\u00e9is que crescia sem cessar.<\/p>\n<p>Para que o projeto inicial fosse para frente, primeiro foram cortados gastos e arrecadados recursos com o intuito de tornar tal obra realidade. Muitos benefici\u00e1rios da par\u00f3quia acabaram perdendo seus cr\u00e9ditos, pois muitos eram aproveitadores do fundo da igreja e pilhavam os bens que deveriam ser destinados a obras de caridade e para a constru\u00e7\u00e3o do templo. Em 1908, o Visitador Geral da Ordem, Pe. Luigi Zoia, chegou em Bel\u00e9m para continuar sua inspe\u00e7\u00e3o da Prov\u00edncia geral do Brasil (Como era chamada uma zona catequ\u00e9tica para a igreja), sendo informado dos barnabitas sobre tal obra. Zoia encantou-se com a ideia e decidiu contribuir com a constru\u00e7\u00e3o do templo. Ele entrou em contato com os arquitetos italianos Gino Coppede e Giuseppe Predasso, pedindo-lhes o projeto de uma Igreja consagrada a Nossa Senhora de Nazar\u00e9 do Desterro, inspirado na Sant\u00edssima Bas\u00edlica de S\u00e3o Pedro do Vaticano. Coppede nunca esteve em Bel\u00e9m, enviando os esbo\u00e7os, os projetos, e copiando tudo o que achava de mais belo nas igrejas italianas para a sua pr\u00f3pria. Ele estava empenhado, pois era um artista dedicado ao movimento do Art Nouveau, mas abriu uma exce\u00e7\u00e3o, indo para o Neocl\u00e1ssico. Al\u00e9m disso, era a \u00fanica igreja de toda a sua hist\u00f3ria com arquiteto e projetista.<\/p>\n<p>Em 1909, fora lan\u00e7ada a pedra fundamental. A igreja recebia, com muita dificuldade, todo o material vindo da Europa, com sacrif\u00edcios do Padre Zoia, que pedia a intend\u00eancia e ao interm\u00e9dio dos bar\u00f5es da borracha, a ajuda para a isen\u00e7\u00e3o fiscal dos materiais que ficavam estacionados na alf\u00e2ndega. A Igreja s\u00f3 foi acabada depois da Segunda guerra mundial, enfrentando os dois per\u00edodos de conflitos (Primeira e Segunda Guerra, quando houve crise econ\u00f4mica e o com\u00e9rcio foi interrompido), a crise da borracha no Par\u00e1, a Revolu\u00e7\u00e3o de 1930 e o Estado Novo. Atualmente, ela \u00e9 a \u00fanica Bas\u00edlica da Amaz\u00f4nia brasileira e a que recebe o maior n\u00famero de contingente do Norte da Am\u00e9rica do Sul, principalmente durante o per\u00edodo da Quadra Nazarena, onde ocorre a festa do C\u00edrio de Nazar\u00e9.<\/p>\n<p>A igreja aux\u00edliou na eleva\u00e7\u00e3o dos pre\u00e7os das moradias na regi\u00e3o, al\u00e9m de tornar a \u00e1rea um local disputado. Ela \u00e9 uma constru\u00e7\u00e3o imponente, mesmo em meio a variados pr\u00e9dios advindos da verticaliza\u00e7\u00e3o que ocorrera em Bel\u00e9m dos anos 1970 at\u00e9 a atualidade. Junto com o Col\u00e9gio Gentil Bittencourt, as Casas dos antigos bar\u00f5es da borracha e o Museu Emilio Goeldi, formam o Conjunto arquitet\u00f4nico do bairro de Nazar\u00e9.<\/p>\n<h3>Bas\u00edlica de Nazar\u00e9\u00a0Bel\u00e9m\u00a0A Igreja<\/h3>\n<p>A Bas\u00edlica Santu\u00e1rio Nossa Senhora de Nazar\u00e9 \u00e9 uma das igrejas mais belas de Bel\u00e9m, apresenta o estilo neocl\u00e1ssico e abriga uma grande quantidade de m\u00e1rmore. Hoje, quem vem no segundo domingo de Outubro para o C\u00edrio de Nazar\u00e9 v\u00ea milhares de fi\u00e9is, turistas e romeiros de todas as partes do Brasil e do mundo prestigiando a festividade do C\u00edrio de Nazar\u00e9. A prociss\u00e3o do C\u00edrio come\u00e7a na Catedral de Bel\u00e9m e acaba na Bas\u00edlica. O C\u00edrio de Nazar\u00e9 \u00e9 a maior prociss\u00e3o cat\u00f3lica do mundo, com um n\u00famero de dois milh\u00f5es de acompanhantes de todas as prociss\u00f5es durante todo o ano.<\/p>\n<p>A imagem original da santa permanece no Gl\u00f3ria (espa\u00e7o elevado ornado com anjos e esplendores) durante o ano todo, sendo retirada somente no dia da missa ap\u00f3s a prociss\u00e3o da Motoromaria para a apresenta\u00e7\u00e3o dos fi\u00e9is. A Bas\u00edlica recebe as missas comuns, casamentos e celebra\u00e7\u00f5es rotineiras de todo o ano lit\u00fargico. S\u00e3o os coroinhas da bas\u00edlica que v\u00e3o a frente da prociss\u00e3o do c\u00edrio todos os anos.<\/p>\n<p>Quem vem a Bel\u00e9m e \u00e9 cat\u00f3lico n\u00e3o pode deixar de visitar essa igreja. Hoje a Bas\u00edlica \u00e9 um dos principais patrim\u00f4nios hist\u00f3ricos de Bel\u00e9m. Em sua fachada, apresenta duas inscri\u00e7\u00f5es em latim. A inscri\u00e7\u00e3o superior Deiparae Virgini a Nazareth significa &#8220;Virgem de Nazar\u00e9 M\u00e3e de Deus&#8221;, e a inscri\u00e7\u00e3o inferior Salve Regina Mater Misericordiae significa &#8220;Salve Rainha M\u00e3e de Miseric\u00f3rdia&#8221;.<\/p>\n<h3>Hor\u00e1rio de Funcionamento\u00a0Bas\u00edlica Nossa Senhora de Nazar\u00e9 em Bel\u00e9m<\/h3>\n<ul>\n<li>Segunda a Sexta das 08h \u00e0s 17h<\/li>\n<\/ul>\n<h3>Onde Fica, Endere\u00e7o e Telefone\u00a0Bas\u00edlica Nossa Senhora de Nazar\u00e9 em Bel\u00e9m<\/h3>\n<ul>\n<li>Av. N\u00aa Sra. de Nazar\u00e9, 1300 &#8211; Nazar\u00e9\u00a0&#8211; Bel\u00e9m &#8211; PA<\/li>\n<li>Telefone: (91) 4009-8400<\/li>\n<\/ul>\n<h4>Outras informa\u00e7\u00f5es e site<\/h4>\n<ul>\n<li>Mais informa\u00e7\u00f5es:\u00a0<a href=\"https:\/\/basilicadenazare.com.br\/site\/\" target=\"_blank\" rel=\"noopener noreferrer\">www.basilicadenazare.com.br<\/a><\/li>\n<\/ul>\n<h4>Mapa de localiza\u00e7\u00e3o<\/h4>\n<a class=\"wp-colorbox-iframe\" href=\"https:\/\/www.google.com\/maps\/embed?pb=!1m14!1m8!1m3!1d15954.14454712437!2d-48.4811212!3d-1.4526059!3m2!1i1024!2i768!4f13.1!3m3!1m2!1s0x00x69dc0fa33e57e20c!2sBaslicaSanturiodeNossaSenhoradeNazar!5e0!3m2!1spt-BR!2sbr!4v1577379607125!5m2!1spt-BR!2sbr\"><img decoding=\"async\" src=\"http:\/\/www.encontrabelem.com.br\/imgs\/maps-post.png\"><\/a>\n\n<div style=\"font-size: 0px; height: 0px; line-height: 0px; margin: 0; padding: 0; clear: both;\"><\/div>","protected":false},"excerpt":{"rendered":"<p>A Bas\u00edlica Nossa Senhora de Nazar\u00e9 Bel\u00e9m come\u00e7ou a ser erguida em 1909, no lugar onde foi encontrada a imagem de Nossa Senhora de Nazar\u00e9 por Pl\u00e1cido Jos\u00e9 de Souza na cidade de Bel\u00e9m, no estado do Par\u00e1, \u00e0s margens do Igarap\u00e9 Murutucu. Durante o C\u00edrio de Nazar\u00e9 a chamada Imagem Peregrina (uma r\u00e9plica da imagem encontrada por Pl\u00e1cido, esculpida na d\u00e9cada de 1960 pelo italiano Giacomo Muzner, com tra\u00e7os das mulheres amaz\u00f4nicas) sai da Catedral Metropolitana de Bel\u00e9m e segue em prociss\u00e3o at\u00e9 a Bas\u00edlica. O atual templo, marcado por diversos estilos arquitet\u00f4nicos, cujos mais fortes s\u00e3o o neocl\u00e1ssico <\/p>\n","protected":false},"author":1,"featured_media":970,"comment_status":"closed","ping_status":"closed","sticky":false,"template":"","format":"standard","meta":{"footnotes":""},"categories":[27],"tags":[],"class_list":["post-969","post","type-post","status-publish","format-standard","has-post-thumbnail","hentry","category-lugares-em-belem","has_thumb"],"aioseo_notices":[],"aioseo_head":"\n\t\t<!-- All in One SEO 5.0.0.1 - aioseo.com -->\n\t<meta name=\"description\" content=\"Veja sobre a ( Bas\u00edlica Nossa Senhora de Nazar\u00e9 em Bel\u00e9m ) - Informa\u00e7\u00f5es, hist\u00f3ria, igreja, hor\u00e1rio de funcionamento, endere\u00e7o e telefone. CLIQUE AQUI!\" \/>\n\t<meta name=\"robots\" content=\"max-image-preview:large\" \/>\n\t<meta name=\"author\" content=\"Encontra Bel\u00e9m\"\/>\n\t<link rel=\"canonical\" href=\"https:\/\/www.encontrabelem.com.br\/sobre\/basilica-nossa-senhora-de-nazare-belem\" \/>\n\t<meta name=\"generator\" content=\"All in One SEO (AIOSEO) 5.0.0.1\" \/>\n\t\t<meta property=\"og:locale\" content=\"pt_BR\" \/>\n\t\t<meta property=\"og:site_name\" content=\"Encontra Bel\u00e9m | Not\u00edcias, eventos, informa\u00e7\u00f5es e dicas na cidade Bel\u00e9m e regi\u00e3o.\" \/>\n\t\t<meta property=\"og:type\" content=\"article\" \/>\n\t\t<meta property=\"og:title\" content=\"Bas\u00edlica Nossa Senhora de Nazar\u00e9 Bel\u00e9m: Hist\u00f3ria | Encontra Bel\u00e9m\" \/>\n\t\t<meta property=\"og:description\" content=\"Veja sobre a ( Bas\u00edlica Nossa Senhora de Nazar\u00e9 em Bel\u00e9m ) - Informa\u00e7\u00f5es, hist\u00f3ria, igreja, hor\u00e1rio de funcionamento, endere\u00e7o e telefone. CLIQUE AQUI!\" \/>\n\t\t<meta property=\"og:url\" content=\"https:\/\/www.encontrabelem.com.br\/sobre\/basilica-nossa-senhora-de-nazare-belem\" \/>\n\t\t<meta property=\"article:published_time\" content=\"2019-12-26T17:03:34+00:00\" \/>\n\t\t<meta property=\"article:modified_time\" content=\"2023-11-13T14:17:02+00:00\" \/>\n\t\t<meta name=\"twitter:card\" content=\"summary\" \/>\n\t\t<meta name=\"twitter:title\" content=\"Bas\u00edlica Nossa Senhora de Nazar\u00e9 Bel\u00e9m: Hist\u00f3ria | Encontra Bel\u00e9m\" \/>\n\t\t<meta name=\"twitter:description\" content=\"Veja sobre a ( Bas\u00edlica Nossa Senhora de Nazar\u00e9 em Bel\u00e9m ) - Informa\u00e7\u00f5es, hist\u00f3ria, igreja, hor\u00e1rio de funcionamento, endere\u00e7o e telefone. CLIQUE AQUI!\" \/>\n\t\t<script type=\"application\/ld+json\" class=\"aioseo-schema\">\n\t\t\t{\"@context\":\"https:\\\/\\\/schema.org\",\"@graph\":[{\"@type\":\"Article\",\"@id\":\"https:\\\/\\\/www.encontrabelem.com.br\\\/sobre\\\/basilica-nossa-senhora-de-nazare-belem#article\",\"name\":\"Bas\\u00edlica Nossa Senhora de Nazar\\u00e9 Bel\\u00e9m: Hist\\u00f3ria | Encontra Bel\\u00e9m\",\"headline\":\"Bas\\u00edlica Nossa Senhora de Nazar\\u00e9 Bel\\u00e9m\",\"author\":{\"@id\":\"https:\\\/\\\/www.encontrabelem.com.br\\\/sobre\\\/author\\\/ebelem#author\"},\"publisher\":{\"@id\":\"https:\\\/\\\/www.encontrabelem.com.br\\\/sobre\\\/#organization\"},\"image\":{\"@type\":\"ImageObject\",\"url\":\"https:\\\/\\\/www.encontrabelem.com.br\\\/sobre\\\/wp-content\\\/uploads\\\/2019\\\/12\\\/basilica-de-nazare.gif\",\"width\":680,\"height\":189},\"datePublished\":\"2019-12-26T15:03:34-03:00\",\"dateModified\":\"2023-11-13T11:17:02-03:00\",\"inLanguage\":\"pt-BR\",\"mainEntityOfPage\":{\"@id\":\"https:\\\/\\\/www.encontrabelem.com.br\\\/sobre\\\/basilica-nossa-senhora-de-nazare-belem#webpage\"},\"isPartOf\":{\"@id\":\"https:\\\/\\\/www.encontrabelem.com.br\\\/sobre\\\/basilica-nossa-senhora-de-nazare-belem#webpage\"},\"articleSection\":\"Lugares em Bel\\u00e9m\"},{\"@type\":\"BreadcrumbList\",\"@id\":\"https:\\\/\\\/www.encontrabelem.com.br\\\/sobre\\\/basilica-nossa-senhora-de-nazare-belem#breadcrumblist\",\"itemListElement\":[{\"@type\":\"ListItem\",\"@id\":\"https:\\\/\\\/www.encontrabelem.com.br\\\/sobre#listItem\",\"position\":1,\"name\":\"In\\u00edcio\",\"item\":\"https:\\\/\\\/www.encontrabelem.com.br\\\/sobre\",\"nextItem\":{\"@type\":\"ListItem\",\"@id\":\"https:\\\/\\\/www.encontrabelem.com.br\\\/sobre\\\/lugares-em-belem#listItem\",\"name\":\"Lugares em Bel\\u00e9m\"}},{\"@type\":\"ListItem\",\"@id\":\"https:\\\/\\\/www.encontrabelem.com.br\\\/sobre\\\/lugares-em-belem#listItem\",\"position\":2,\"name\":\"Lugares em Bel\\u00e9m\",\"item\":\"https:\\\/\\\/www.encontrabelem.com.br\\\/sobre\\\/lugares-em-belem\",\"nextItem\":{\"@type\":\"ListItem\",\"@id\":\"https:\\\/\\\/www.encontrabelem.com.br\\\/sobre\\\/basilica-nossa-senhora-de-nazare-belem#listItem\",\"name\":\"Bas\\u00edlica Nossa Senhora de Nazar\\u00e9 Bel\\u00e9m\"},\"previousItem\":{\"@type\":\"ListItem\",\"@id\":\"https:\\\/\\\/www.encontrabelem.com.br\\\/sobre#listItem\",\"name\":\"In\\u00edcio\"}},{\"@type\":\"ListItem\",\"@id\":\"https:\\\/\\\/www.encontrabelem.com.br\\\/sobre\\\/basilica-nossa-senhora-de-nazare-belem#listItem\",\"position\":3,\"name\":\"Bas\\u00edlica Nossa Senhora de Nazar\\u00e9 Bel\\u00e9m\",\"previousItem\":{\"@type\":\"ListItem\",\"@id\":\"https:\\\/\\\/www.encontrabelem.com.br\\\/sobre\\\/lugares-em-belem#listItem\",\"name\":\"Lugares em Bel\\u00e9m\"}}]},{\"@type\":\"Organization\",\"@id\":\"https:\\\/\\\/www.encontrabelem.com.br\\\/sobre\\\/#organization\",\"name\":\"Encontra Bel\\u00e9m\",\"description\":\"Not\\u00edcias, eventos, informa\\u00e7\\u00f5es e dicas na cidade Bel\\u00e9m e regi\\u00e3o.\",\"url\":\"https:\\\/\\\/www.encontrabelem.com.br\\\/sobre\\\/\"},{\"@type\":\"Person\",\"@id\":\"https:\\\/\\\/www.encontrabelem.com.br\\\/sobre\\\/author\\\/ebelem#author\",\"url\":\"https:\\\/\\\/www.encontrabelem.com.br\\\/sobre\\\/author\\\/ebelem\",\"name\":\"Encontra Bel\\u00e9m\",\"image\":{\"@type\":\"ImageObject\",\"@id\":\"https:\\\/\\\/www.encontrabelem.com.br\\\/sobre\\\/basilica-nossa-senhora-de-nazare-belem#authorImage\",\"url\":\"https:\\\/\\\/secure.gravatar.com\\\/avatar\\\/507340682b8270222e1f208e23198b6ae7e2c6a1033ae84e99bc6bce4f82a387?s=96&d=mm&r=g\",\"width\":96,\"height\":96,\"caption\":\"Encontra Bel\\u00e9m\"}},{\"@type\":\"WebPage\",\"@id\":\"https:\\\/\\\/www.encontrabelem.com.br\\\/sobre\\\/basilica-nossa-senhora-de-nazare-belem#webpage\",\"url\":\"https:\\\/\\\/www.encontrabelem.com.br\\\/sobre\\\/basilica-nossa-senhora-de-nazare-belem\",\"name\":\"Bas\\u00edlica Nossa Senhora de Nazar\\u00e9 Bel\\u00e9m: Hist\\u00f3ria | Encontra Bel\\u00e9m\",\"description\":\"Veja sobre a ( Bas\\u00edlica Nossa Senhora de Nazar\\u00e9 em Bel\\u00e9m ) - Informa\\u00e7\\u00f5es, hist\\u00f3ria, igreja, hor\\u00e1rio de funcionamento, endere\\u00e7o e telefone. CLIQUE AQUI!\",\"inLanguage\":\"pt-BR\",\"isPartOf\":{\"@id\":\"https:\\\/\\\/www.encontrabelem.com.br\\\/sobre\\\/#website\"},\"breadcrumb\":{\"@id\":\"https:\\\/\\\/www.encontrabelem.com.br\\\/sobre\\\/basilica-nossa-senhora-de-nazare-belem#breadcrumblist\"},\"author\":{\"@id\":\"https:\\\/\\\/www.encontrabelem.com.br\\\/sobre\\\/author\\\/ebelem#author\"},\"creator\":{\"@id\":\"https:\\\/\\\/www.encontrabelem.com.br\\\/sobre\\\/author\\\/ebelem#author\"},\"image\":{\"@type\":\"ImageObject\",\"url\":\"https:\\\/\\\/www.encontrabelem.com.br\\\/sobre\\\/wp-content\\\/uploads\\\/2019\\\/12\\\/basilica-de-nazare.gif\",\"@id\":\"https:\\\/\\\/www.encontrabelem.com.br\\\/sobre\\\/basilica-nossa-senhora-de-nazare-belem\\\/#mainImage\",\"width\":680,\"height\":189},\"primaryImageOfPage\":{\"@id\":\"https:\\\/\\\/www.encontrabelem.com.br\\\/sobre\\\/basilica-nossa-senhora-de-nazare-belem#mainImage\"},\"datePublished\":\"2019-12-26T15:03:34-03:00\",\"dateModified\":\"2023-11-13T11:17:02-03:00\"},{\"@type\":\"WebSite\",\"@id\":\"https:\\\/\\\/www.encontrabelem.com.br\\\/sobre\\\/#website\",\"url\":\"https:\\\/\\\/www.encontrabelem.com.br\\\/sobre\\\/\",\"name\":\"Encontra Bel\\u00e9m\",\"description\":\"Not\\u00edcias, eventos, informa\\u00e7\\u00f5es e dicas na cidade Bel\\u00e9m e regi\\u00e3o.\",\"inLanguage\":\"pt-BR\",\"publisher\":{\"@id\":\"https:\\\/\\\/www.encontrabelem.com.br\\\/sobre\\\/#organization\"}}]}\n\t\t<\/script>\n\t\t<!-- All in One SEO -->\n\n","aioseo_head_json":{"title":"Bas\u00edlica Nossa Senhora de Nazar\u00e9 Bel\u00e9m: Hist\u00f3ria | Encontra Bel\u00e9m","description":"Veja sobre a ( Bas\u00edlica Nossa Senhora de Nazar\u00e9 em Bel\u00e9m ) - Informa\u00e7\u00f5es, hist\u00f3ria, igreja, hor\u00e1rio de funcionamento, endere\u00e7o e telefone. CLIQUE AQUI!","canonical_url":"https:\/\/www.encontrabelem.com.br\/sobre\/basilica-nossa-senhora-de-nazare-belem","robots":"max-image-preview:large","keywords":"","webmasterTools":{"miscellaneous":""},"schema":{"@context":"https:\/\/schema.org","@graph":[{"@type":"Article","@id":"https:\/\/www.encontrabelem.com.br\/sobre\/basilica-nossa-senhora-de-nazare-belem#article","name":"Bas\u00edlica Nossa Senhora de Nazar\u00e9 Bel\u00e9m: Hist\u00f3ria | Encontra Bel\u00e9m","headline":"Bas\u00edlica Nossa Senhora de Nazar\u00e9 Bel\u00e9m","author":{"@id":"https:\/\/www.encontrabelem.com.br\/sobre\/author\/ebelem#author"},"publisher":{"@id":"https:\/\/www.encontrabelem.com.br\/sobre\/#organization"},"image":{"@type":"ImageObject","url":"https:\/\/www.encontrabelem.com.br\/sobre\/wp-content\/uploads\/2019\/12\/basilica-de-nazare.gif","width":680,"height":189},"datePublished":"2019-12-26T15:03:34-03:00","dateModified":"2023-11-13T11:17:02-03:00","inLanguage":"pt-BR","mainEntityOfPage":{"@id":"https:\/\/www.encontrabelem.com.br\/sobre\/basilica-nossa-senhora-de-nazare-belem#webpage"},"isPartOf":{"@id":"https:\/\/www.encontrabelem.com.br\/sobre\/basilica-nossa-senhora-de-nazare-belem#webpage"},"articleSection":"Lugares em Bel\u00e9m"},{"@type":"BreadcrumbList","@id":"https:\/\/www.encontrabelem.com.br\/sobre\/basilica-nossa-senhora-de-nazare-belem#breadcrumblist","itemListElement":[{"@type":"ListItem","@id":"https:\/\/www.encontrabelem.com.br\/sobre#listItem","position":1,"name":"In\u00edcio","item":"https:\/\/www.encontrabelem.com.br\/sobre","nextItem":{"@type":"ListItem","@id":"https:\/\/www.encontrabelem.com.br\/sobre\/lugares-em-belem#listItem","name":"Lugares em Bel\u00e9m"}},{"@type":"ListItem","@id":"https:\/\/www.encontrabelem.com.br\/sobre\/lugares-em-belem#listItem","position":2,"name":"Lugares em Bel\u00e9m","item":"https:\/\/www.encontrabelem.com.br\/sobre\/lugares-em-belem","nextItem":{"@type":"ListItem","@id":"https:\/\/www.encontrabelem.com.br\/sobre\/basilica-nossa-senhora-de-nazare-belem#listItem","name":"Bas\u00edlica Nossa Senhora de Nazar\u00e9 Bel\u00e9m"},"previousItem":{"@type":"ListItem","@id":"https:\/\/www.encontrabelem.com.br\/sobre#listItem","name":"In\u00edcio"}},{"@type":"ListItem","@id":"https:\/\/www.encontrabelem.com.br\/sobre\/basilica-nossa-senhora-de-nazare-belem#listItem","position":3,"name":"Bas\u00edlica Nossa Senhora de Nazar\u00e9 Bel\u00e9m","previousItem":{"@type":"ListItem","@id":"https:\/\/www.encontrabelem.com.br\/sobre\/lugares-em-belem#listItem","name":"Lugares em Bel\u00e9m"}}]},{"@type":"Organization","@id":"https:\/\/www.encontrabelem.com.br\/sobre\/#organization","name":"Encontra Bel\u00e9m","description":"Not\u00edcias, eventos, informa\u00e7\u00f5es e dicas na cidade Bel\u00e9m e regi\u00e3o.","url":"https:\/\/www.encontrabelem.com.br\/sobre\/"},{"@type":"Person","@id":"https:\/\/www.encontrabelem.com.br\/sobre\/author\/ebelem#author","url":"https:\/\/www.encontrabelem.com.br\/sobre\/author\/ebelem","name":"Encontra Bel\u00e9m","image":{"@type":"ImageObject","@id":"https:\/\/www.encontrabelem.com.br\/sobre\/basilica-nossa-senhora-de-nazare-belem#authorImage","url":"https:\/\/secure.gravatar.com\/avatar\/507340682b8270222e1f208e23198b6ae7e2c6a1033ae84e99bc6bce4f82a387?s=96&d=mm&r=g","width":96,"height":96,"caption":"Encontra Bel\u00e9m"}},{"@type":"WebPage","@id":"https:\/\/www.encontrabelem.com.br\/sobre\/basilica-nossa-senhora-de-nazare-belem#webpage","url":"https:\/\/www.encontrabelem.com.br\/sobre\/basilica-nossa-senhora-de-nazare-belem","name":"Bas\u00edlica Nossa Senhora de Nazar\u00e9 Bel\u00e9m: Hist\u00f3ria | Encontra Bel\u00e9m","description":"Veja sobre a ( Bas\u00edlica Nossa Senhora de Nazar\u00e9 em Bel\u00e9m ) - Informa\u00e7\u00f5es, hist\u00f3ria, igreja, hor\u00e1rio de funcionamento, endere\u00e7o e telefone. CLIQUE AQUI!","inLanguage":"pt-BR","isPartOf":{"@id":"https:\/\/www.encontrabelem.com.br\/sobre\/#website"},"breadcrumb":{"@id":"https:\/\/www.encontrabelem.com.br\/sobre\/basilica-nossa-senhora-de-nazare-belem#breadcrumblist"},"author":{"@id":"https:\/\/www.encontrabelem.com.br\/sobre\/author\/ebelem#author"},"creator":{"@id":"https:\/\/www.encontrabelem.com.br\/sobre\/author\/ebelem#author"},"image":{"@type":"ImageObject","url":"https:\/\/www.encontrabelem.com.br\/sobre\/wp-content\/uploads\/2019\/12\/basilica-de-nazare.gif","@id":"https:\/\/www.encontrabelem.com.br\/sobre\/basilica-nossa-senhora-de-nazare-belem\/#mainImage","width":680,"height":189},"primaryImageOfPage":{"@id":"https:\/\/www.encontrabelem.com.br\/sobre\/basilica-nossa-senhora-de-nazare-belem#mainImage"},"datePublished":"2019-12-26T15:03:34-03:00","dateModified":"2023-11-13T11:17:02-03:00"},{"@type":"WebSite","@id":"https:\/\/www.encontrabelem.com.br\/sobre\/#website","url":"https:\/\/www.encontrabelem.com.br\/sobre\/","name":"Encontra Bel\u00e9m","description":"Not\u00edcias, eventos, informa\u00e7\u00f5es e dicas na cidade Bel\u00e9m e regi\u00e3o.","inLanguage":"pt-BR","publisher":{"@id":"https:\/\/www.encontrabelem.com.br\/sobre\/#organization"}}]},"og:locale":"pt_BR","og:site_name":"Encontra Bel\u00e9m | Not\u00edcias, eventos, informa\u00e7\u00f5es e dicas na cidade Bel\u00e9m e regi\u00e3o.","og:type":"article","og:title":"Bas\u00edlica Nossa Senhora de Nazar\u00e9 Bel\u00e9m: Hist\u00f3ria | Encontra Bel\u00e9m","og:description":"Veja sobre a ( Bas\u00edlica Nossa Senhora de Nazar\u00e9 em Bel\u00e9m ) - Informa\u00e7\u00f5es, hist\u00f3ria, igreja, hor\u00e1rio de funcionamento, endere\u00e7o e telefone. CLIQUE AQUI!","og:url":"https:\/\/www.encontrabelem.com.br\/sobre\/basilica-nossa-senhora-de-nazare-belem","article:published_time":"2019-12-26T17:03:34+00:00","article:modified_time":"2023-11-13T14:17:02+00:00","twitter:card":"summary","twitter:title":"Bas\u00edlica Nossa Senhora de Nazar\u00e9 Bel\u00e9m: Hist\u00f3ria | Encontra Bel\u00e9m","twitter:description":"Veja sobre a ( Bas\u00edlica Nossa Senhora de Nazar\u00e9 em Bel\u00e9m ) - Informa\u00e7\u00f5es, hist\u00f3ria, igreja, hor\u00e1rio de funcionamento, endere\u00e7o e telefone. CLIQUE AQUI!"},"aioseo_meta_data":{"post_id":"969","title":"Bas\u00edlica Nossa Senhora de Nazar\u00e9 Bel\u00e9m: Hist\u00f3ria | #site_title","description":"Veja sobre a ( Bas\u00edlica Nossa Senhora de Nazar\u00e9 em Bel\u00e9m )  - Informa\u00e7\u00f5es, hist\u00f3ria, igreja, hor\u00e1rio de funcionamento, endere\u00e7o e telefone. CLIQUE AQUI!","keywords":null,"keyphrases":null,"primary_term":null,"canonical_url":null,"og_title":null,"og_description":null,"og_object_type":"default","og_image_type":"default","og_image_url":null,"og_image_width":null,"og_image_height":null,"og_image_custom_url":null,"og_image_custom_fields":null,"og_video":null,"og_custom_url":null,"og_article_section":null,"og_article_tags":null,"twitter_use_og":false,"twitter_card":"default","twitter_image_type":"default","twitter_image_url":null,"twitter_image_custom_url":null,"twitter_image_custom_fields":null,"twitter_title":null,"twitter_description":null,"schema":{"blockGraphs":[],"customGraphs":[],"default":{"data":{"Article":[],"Course":[],"Dataset":[],"FAQPage":[],"Movie":[],"Person":[],"Product":[],"ProductReview":[],"Car":[],"Recipe":[],"Service":[],"SoftwareApplication":[],"WebPage":[]},"graphName":"Article","isEnabled":true},"graphs":[]},"schema_type":null,"schema_type_options":null,"pillar_content":false,"robots_default":true,"robots_noindex":false,"robots_noarchive":false,"robots_nosnippet":false,"robots_nofollow":false,"robots_noimageindex":false,"robots_noodp":false,"robots_notranslate":false,"robots_max_snippet":null,"robots_max_videopreview":null,"robots_max_imagepreview":"large","priority":null,"frequency":null,"local_seo":null,"breadcrumb_settings":null,"limit_modified_date":false,"ai":null,"created":"2021-08-12 20:03:31","updated":"2025-11-25 20:04:07","focus_keyword":null,"additional_keywords":null,"truseo_locale":null,"seo_analyzer_scan_date":null},"aioseo_breadcrumb":"<div class=\"aioseo-breadcrumbs\"><span class=\"aioseo-breadcrumb\">\n\t\t\t<a href=\"https:\/\/www.encontrabelem.com.br\/sobre\" title=\"In\u00edcio\">In\u00edcio<\/a>\n\t\t<\/span><span class=\"aioseo-breadcrumb-separator\">&raquo;<\/span><span class=\"aioseo-breadcrumb\">\n\t\t\t<a href=\"https:\/\/www.encontrabelem.com.br\/sobre\/lugares-em-belem\" title=\"Lugares em Bel\u00e9m\">Lugares em Bel\u00e9m<\/a>\n\t\t<\/span><span class=\"aioseo-breadcrumb-separator\">&raquo;<\/span><span class=\"aioseo-breadcrumb\">\n\t\t\tBas\u00edlica Nossa Senhora de Nazar\u00e9 Bel\u00e9m\n\t\t<\/span><\/div>","aioseo_breadcrumb_json":[{"label":"In\u00edcio","link":"https:\/\/www.encontrabelem.com.br\/sobre"},{"label":"Lugares em Bel\u00e9m","link":"https:\/\/www.encontrabelem.com.br\/sobre\/lugares-em-belem"},{"label":"Bas\u00edlica Nossa Senhora de Nazar\u00e9 Bel\u00e9m","link":"https:\/\/www.encontrabelem.com.br\/sobre\/basilica-nossa-senhora-de-nazare-belem"}],"_links":{"self":[{"href":"https:\/\/www.encontrabelem.com.br\/sobre\/wp-json\/wp\/v2\/posts\/969","targetHints":{"allow":["GET"]}}],"collection":[{"href":"https:\/\/www.encontrabelem.com.br\/sobre\/wp-json\/wp\/v2\/posts"}],"about":[{"href":"https:\/\/www.encontrabelem.com.br\/sobre\/wp-json\/wp\/v2\/types\/post"}],"author":[{"embeddable":true,"href":"https:\/\/www.encontrabelem.com.br\/sobre\/wp-json\/wp\/v2\/users\/1"}],"replies":[{"embeddable":true,"href":"https:\/\/www.encontrabelem.com.br\/sobre\/wp-json\/wp\/v2\/comments?post=969"}],"version-history":[{"count":0,"href":"https:\/\/www.encontrabelem.com.br\/sobre\/wp-json\/wp\/v2\/posts\/969\/revisions"}],"wp:featuredmedia":[{"embeddable":true,"href":"https:\/\/www.encontrabelem.com.br\/sobre\/wp-json\/wp\/v2\/media\/970"}],"wp:attachment":[{"href":"https:\/\/www.encontrabelem.com.br\/sobre\/wp-json\/wp\/v2\/media?parent=969"}],"wp:term":[{"taxonomy":"category","embeddable":true,"href":"https:\/\/www.encontrabelem.com.br\/sobre\/wp-json\/wp\/v2\/categories?post=969"},{"taxonomy":"post_tag","embeddable":true,"href":"https:\/\/www.encontrabelem.com.br\/sobre\/wp-json\/wp\/v2\/tags?post=969"}],"curies":[{"name":"wp","href":"https:\/\/api.w.org\/{rel}","templated":true}]}}