{"id":94,"date":"2013-02-22T00:01:56","date_gmt":"2013-02-22T03:01:56","guid":{"rendered":"http:\/\/www.encontrabelem.com.br\/noticias\/?p=94"},"modified":"2023-11-13T11:17:38","modified_gmt":"2023-11-13T14:17:38","slug":"belem-recebe-mais-dois-navios-cruzeiros-com-turistas-estrangeiros","status":"publish","type":"post","link":"https:\/\/www.encontrabelem.com.br\/sobre\/belem-recebe-mais-dois-navios-cruzeiros-com-turistas-estrangeiros","title":{"rendered":"Bel\u00e9m recebe mais dois navios cruzeiros com turistas estrangeiros"},"content":{"rendered":"<div class=\"b22802487b0d38c4c6d9f34966e16421\" data-index=\"1\" style=\"float: none; margin:0px;\">\n<!-- Anuncio display - global -->\r\n<ins class=\"adsbygoogle\"\r\n     style=\"display:block\"\r\n     data-ad-client=\"ca-pub-8585364105181520\"\r\n     data-ad-slot=\"8789329856\"\r\n     data-ad-format=\"auto\"\r\n     data-full-width-responsive=\"true\"><\/ins>\r\n<script>\r\n     (adsbygoogle = window.adsbygoogle || []).push({});\r\n<\/script>\n<\/div>\n<p>Com o objetivo de inserir, at\u00e9 2020, as cidades de Bel\u00e9m e Santar\u00e9m entre os principais destinos de cruzeiros estrangeiros na Amaz\u00f4nia, o governo do <a href=\"http:\/\/www.encontrapara.com.br\" target=\"_blank\" rel=\"noopener\">Estado do Par\u00e1<\/a> e a Coordenadoria Municipal de <a title=\"Turismo em Bel\u00e9m\" href=\"http:\/\/www.encontrabelem.com.br\/diretorio\/turismo\/\" target=\"_blank\" rel=\"noopener\">Turismo na cidade de Bel\u00e9m<\/a> (Belemtur) t\u00eam recepcionado de forma calorosa os visitantes oriundos de outros pa\u00edses. Na manh\u00e3 de quarta-feira (20), Bel\u00e9m recebeu dois navios, com turistas da Alemanha e Estados Unidos, um na Esta\u00e7\u00e3o das Docas e outro no porto de Icoaraci, distrito de Bel\u00e9m.<\/p>\n<p>Foi primeira vez que a cidade recebeu dois cruzeiros no mesmo dia, desde o come\u00e7o da temporada de chegada de navios, iniciada em outubro do ano passado. Cerca de 1,2 mil turistas alem\u00e3s chegaram \u00e0 capital paraense a bordo do MS Aida Vita, atracado em frente ao Fundeio do Canal de Minas, onde permaneceu at\u00e9 ontem (21).<\/p>\n<p>Mais de 400 visitantes desembarcaram, por volta do meio-dia, na Esta\u00e7\u00e3o das Docas, ao som de carimb\u00f3 e ritmos regionais do grupo Sabor Marajoara. Outro grupo com 600 turistas americanos desembarcou, mais cedo, por volta de 9 horas, em Icoaraci, a bordo do MS Azamara Quest. A previs\u00e3o \u00e9 que o cruzeiro parta ainda nesta quarta-feira, a partir das \u00e0s 18h.<\/p>\n<p>Para recepcionar e incentivar os visitantes estrangeiros a conhecerem mais a cidade, foram distribu\u00eddo sach\u00eas com o cheiro do Par\u00e1, guias e material fotogr\u00e1fico de Bel\u00e9m, al\u00e9m de cart\u00f5es postais. Segundo a gerente de Capta\u00e7\u00e3o de Eventos da Companhia Paraense de Turismo (Paratur), Ariane Mathne, a a\u00e7\u00e3o busca divulgar a cultura da regi\u00e3o.<\/p>\n<p>A Paratur promove diversas iniciativas com objetivo de incentivar a vinda de cruzeiros estrangeiros para a cidade, e uma delas \u00e9 participar de feiras nacionais e internacionais, divulgando o que j\u00e1 foi feito e mostrando como \u00e9 a receptividade dos turistas no Par\u00e1. \u201cTemos certeza que uma iniciativa como essa tem efeito multiplicador n\u00e3o s\u00f3 para os respons\u00e1veis pelos cruzeiros, mas tamb\u00e9m para os pr\u00f3prios visitantes, que, quando chegam a Bel\u00e9m, ficam encantados\u201d, diz. A Paratur deve participar de mais tr\u00eas feiras de cruzeiros nos pr\u00f3ximos tr\u00eas meses: a City Trade, em Miami (EUA); a BPL, em Lisboa, Portugal; e a Brastoa, em <a href=\"http:\/\/www.cidadedesp.com.br\" target=\"_blank\" rel=\"noopener\">guia S\u00e3o Paulo<\/a>.<\/p>\n<p>Para a presidente da organiza\u00e7\u00e3o social Par\u00e1 2000, Gabriela Land\u00e9, a Esta\u00e7\u00e3o das Docas \u00e9 um dos principais pontos de desembarque de cruzeiros internacionais. \u201cQuando fomos convidados a participar dessa iniciativa, aceitamos de imediato, pois acreditamos que o Par\u00e1 s\u00f3 tem a ganhar com essa a\u00e7\u00e3o. Estamos com um orientador de p\u00fablico bil\u00edngue repassando informa\u00e7\u00f5es da Esta\u00e7\u00e3o das Docas, que \u00e9 um dos principais cart\u00f5es postais de Bel\u00e9m\u201d, conta.<\/p>\n<p>\u201cDistribu\u00edmos tamb\u00e9m informativos sobre a cidade e garantimos a parte de sonoriza\u00e7\u00e3o, a equipe de opera\u00e7\u00e3o de \u00e1udio e os grupos de musica regional, que fazem essa grande festa de boas vindas aos turistas\u201d, destaca Gabriela Land\u00e9. A temporada de cruzeiros come\u00e7ou em outubro de 2012 e prossegue at\u00e9 maio deste ano, quando Bel\u00e9m e Santar\u00e9m ter\u00e3o recebido um total de 68 navios, trazendo mais de 46 mil turistas de cruzeiros oriundos da Alemanha, Estados Unidos e Inglaterra.<\/p>\n<p><em>Fonte: Portal ORM<\/em><\/p>\n\n<div style=\"font-size: 0px; height: 0px; line-height: 0px; margin: 0; padding: 0; clear: both;\"><\/div>","protected":false},"excerpt":{"rendered":"<p>Com o objetivo de inserir, at\u00e9 2020, as cidades de Bel\u00e9m e Santar\u00e9m entre os principais destinos de cruzeiros estrangeiros na Amaz\u00f4nia, o governo do Estado do Par\u00e1 e a Coordenadoria Municipal de Turismo na cidade de Bel\u00e9m (Belemtur) t\u00eam recepcionado de forma calorosa os visitantes oriundos de outros pa\u00edses. Na manh\u00e3 de quarta-feira (20), Bel\u00e9m recebeu dois navios, com turistas da Alemanha e Estados Unidos, um na Esta\u00e7\u00e3o das Docas e outro no porto de Icoaraci, distrito de Bel\u00e9m. Foi primeira vez que a cidade recebeu dois cruzeiros no mesmo dia, desde o come\u00e7o da temporada de chegada de <\/p>\n","protected":false},"author":1,"featured_media":0,"comment_status":"closed","ping_status":"closed","sticky":false,"template":"","format":"standard","meta":{"footnotes":""},"categories":[1,7],"tags":[11],"class_list":["post-94","post","type-post","status-publish","format-standard","hentry","category-noticias-em-belem","category-servicos-em-belem","tag-belem"],"aioseo_notices":[],"_links":{"self":[{"href":"https:\/\/www.encontrabelem.com.br\/sobre\/wp-json\/wp\/v2\/posts\/94","targetHints":{"allow":["GET"]}}],"collection":[{"href":"https:\/\/www.encontrabelem.com.br\/sobre\/wp-json\/wp\/v2\/posts"}],"about":[{"href":"https:\/\/www.encontrabelem.com.br\/sobre\/wp-json\/wp\/v2\/types\/post"}],"author":[{"embeddable":true,"href":"https:\/\/www.encontrabelem.com.br\/sobre\/wp-json\/wp\/v2\/users\/1"}],"replies":[{"embeddable":true,"href":"https:\/\/www.encontrabelem.com.br\/sobre\/wp-json\/wp\/v2\/comments?post=94"}],"version-history":[{"count":0,"href":"https:\/\/www.encontrabelem.com.br\/sobre\/wp-json\/wp\/v2\/posts\/94\/revisions"}],"wp:attachment":[{"href":"https:\/\/www.encontrabelem.com.br\/sobre\/wp-json\/wp\/v2\/media?parent=94"}],"wp:term":[{"taxonomy":"category","embeddable":true,"href":"https:\/\/www.encontrabelem.com.br\/sobre\/wp-json\/wp\/v2\/categories?post=94"},{"taxonomy":"post_tag","embeddable":true,"href":"https:\/\/www.encontrabelem.com.br\/sobre\/wp-json\/wp\/v2\/tags?post=94"}],"curies":[{"name":"wp","href":"https:\/\/api.w.org\/{rel}","templated":true}]}}