{"id":905,"date":"2019-06-03T06:26:43","date_gmt":"2019-06-03T09:26:43","guid":{"rendered":"http:\/\/www.encontrabelem.com.br\/sobre\/?p=905"},"modified":"2023-11-13T11:17:03","modified_gmt":"2023-11-13T14:17:03","slug":"biblioteca-e-arquivo-publico-do-para","status":"publish","type":"post","link":"https:\/\/www.encontrabelem.com.br\/sobre\/biblioteca-e-arquivo-publico-do-para","title":{"rendered":"Biblioteca e Arquivo P\u00fablico do Par\u00e1"},"content":{"rendered":"<div class=\"b22802487b0d38c4c6d9f34966e16421\" data-index=\"1\" style=\"float: none; margin:0px;\">\n<!-- Anuncio display - global -->\r\n<ins class=\"adsbygoogle\"\r\n     style=\"display:block\"\r\n     data-ad-client=\"ca-pub-8585364105181520\"\r\n     data-ad-slot=\"8789329856\"\r\n     data-ad-format=\"auto\"\r\n     data-full-width-responsive=\"true\"><\/ins>\r\n<script>\r\n     (adsbygoogle = window.adsbygoogle || []).push({});\r\n<\/script>\n<\/div>\n<p>A <strong>Biblioteca e\u00a0Arquivo P\u00fablico do Par\u00e1<\/strong> \u00e9 um dos principais locais de pesquisa do meio acad\u00eamico. S\u00e3o cerca de 4 milh\u00f5es de documentos que abrangem os per\u00edodos colonial, imperial e republicano, tornando essa documenta\u00e7\u00e3o extensa e \u00edmpar.<\/p>\n<p>Com o seu acervo, \u00e9 poss\u00edvel compreender, por exemplo, a forma como se deu a ocupa\u00e7\u00e3o da Amaz\u00f4nia pelos portugueses, as m\u00faltiplas viv\u00eancias com os grupos ind\u00edgenas, a introdu\u00e7\u00e3o e o trabalho de etnias africanas na regi\u00e3o, os conflitos e revoltas, as muitas transforma\u00e7\u00f5es pol\u00edticas, econ\u00f4micas, sociais e culturais ocorridas nos \u00faltimos quatro s\u00e9culos.<\/p>\n<p><img loading=\"lazy\" decoding=\"async\" class=\"alignnone wp-image-906 size-full\" title=\"Biblioteca e Arquivo P\u00fablico do Par\u00e1 \" src=\"http:\/\/www.encontrabelem.com.br\/sobre\/wp-content\/uploads\/2019\/06\/biblioteca-e-arquivo.gif\" alt=\"Biblioteca e Arquivo P\u00fablico do Par\u00e1 \" width=\"680\" height=\"189\" \/><\/p>\n<p>S\u00e3o documentos p\u00fablicos acess\u00edveis, mas que muitas vezes, s\u00e3o desconhecidos pelo grande p\u00fablico, inclusive pelos muitos trabalhadores do com\u00e9rcio que est\u00e3o ao redor do pr\u00e9dio.\u00a0O Arquivo P\u00fablico do Par\u00e1 tem a miss\u00e3o de ampliar a pol\u00edtica de divulga\u00e7\u00e3o e acesso ao acervo documental e implementa\u00e7\u00e3o de uma pol\u00edtica de preserva\u00e7\u00e3o documental do Estado.<\/p>\n<h2>Biblioteca e Arquivo P\u00fablico do Par\u00e1\u00a0Bel\u00e9m Acervo<\/h2>\n<p>O acervo da biblioteca \u00e9 composto por exemplares documentais que contam a hist\u00f3ria administrativa de uma enorme regi\u00e3o hoje conhecida como Amaz\u00f4nia brasileira &#8211; regi\u00e3o norte acrescida do Maranh\u00e3o e Tocantins.\u00a0O acervo possui tamb\u00e9m documentos referente \u00e0s \u00e1reas limite ao atual estado brasileiro, incluindo os pa\u00edses da pan-amaz\u00f4nia.<\/p>\n<h3>Biblioteca e Arquivo P\u00fablico do Par\u00e1\u00a0Bel\u00e9m Restaura\u00e7\u00e3o<\/h3>\n<p>Mais um patrim\u00f4nio hist\u00f3rico e cultural do povo paraense foi entregue restaurado pelo Governo do Estado em 2017. A reforma do pr\u00e9dio de estilo neocl\u00e1ssico datado de 1884 do Arquivo P\u00fablico do Par\u00e1 foi inaugurada pelo governador Sim\u00e3o Jatene depois de tr\u00eas anos de obras.\u00a0O meticuloso trabalho que resgatou a estrutura f\u00edsica e documentos raros reabilitou o espa\u00e7o como guardi\u00e3o da mem\u00f3ria da Amaz\u00f4nia. A cerim\u00f4nia teve a participa\u00e7\u00e3o de autoridades e de funcion\u00e1rios, que comemoram a abertura da nova casa.<\/p>\n<p>Ligado \u00e0 Secretaria de Estado de Cultura (Secult), o Arquivo P\u00fablico guarda mais de quatro milh\u00f5es de documentos, entre escrituras, inqu\u00e9ritos e iconografias, produzidos a partir do s\u00e9culo XVII. Det\u00e9m ainda documentos referentes \u00e0s \u00e1reas limite ao atual Estado brasileiro, incluindo os pa\u00edses da Pan-Amaz\u00f4nia.\u00a0O documento mais antigo no local \u00e9 datado de 1649 e mostra as demandas administrativas do capit\u00e3o-geral de Bel\u00e9m para o rei de Portugal, com pedidos de fardamento, p\u00f3lvora e alimenta\u00e7\u00e3o. J\u00e1 o \u00faltimo documento protocolado \u00e9 um boletim de ocorr\u00eancia da Pol\u00edcia Militar do Estado, de 1986.<\/p>\n<h3>Hor\u00e1rio de Funcionamento Biblioteca e Arquivo P\u00fablico do Par\u00e1\u00a0 em Bel\u00e9m<\/h3>\n<ul>\n<li>Segunda a Sexta das 08h \u00e0s 15h<\/li>\n<\/ul>\n<h3>Onde Fica, Endere\u00e7o e Telefone Biblioteca e Arquivo P\u00fablico do Par\u00e1\u00a0 em Bel\u00e9m<\/h3>\n<ul>\n<li>Tv. Campos Sales, 273 &#8211; Campina &#8211; Bel\u00e9m &#8211; PA<\/li>\n<li>Telefone: (91) 3219-1111<\/li>\n<\/ul>\n<h4>Outras informa\u00e7\u00f5es e site<\/h4>\n<ul>\n<li>Mais informa\u00e7\u00f5es:\u00a0<a href=\"https:\/\/www.facebook.com\/Arquivo-P%C3%BAblico-do-Estado-do-Par%C3%A1-492539750817158\/\" target=\"_blank\" rel=\"noopener noreferrer\">www.facebook.com\/Arquivo-Publico-do-Estado-do-Para<\/a><\/li>\n<\/ul>\n<h4>Mapa de localiza\u00e7\u00e3o<\/h4>\n<a class=\"wp-colorbox-iframe\" href=\"https:\/\/www.google.com\/maps\/embed?pb=!1m14!1m8!1m3!1d15954.145711425006!2d-48.5000672!3d-1.452441!3m2!1i1024!2i768!4f13.1!3m3!1m2!1s0x00x9f49e310ef74e575!2sBiblioteca+e+Arquivo+Pblico+do+Par!5e0!3m2!1spt-BR!2sbr!4v1559553819240!5m2!1spt-BR!2sbr\"><img decoding=\"async\" src=\"http:\/\/www.encontrabelem.com.br\/imgs\/maps-post.png\"><\/a>\n\n<div style=\"font-size: 0px; height: 0px; line-height: 0px; margin: 0; padding: 0; clear: both;\"><\/div>","protected":false},"excerpt":{"rendered":"<p>A Biblioteca e\u00a0Arquivo P\u00fablico do Par\u00e1 \u00e9 um dos principais locais de pesquisa do meio acad\u00eamico. S\u00e3o cerca de 4 milh\u00f5es de documentos que abrangem os per\u00edodos colonial, imperial e republicano, tornando essa documenta\u00e7\u00e3o extensa e \u00edmpar. Com o seu acervo, \u00e9 poss\u00edvel compreender, por exemplo, a forma como se deu a ocupa\u00e7\u00e3o da Amaz\u00f4nia pelos portugueses, as m\u00faltiplas viv\u00eancias com os grupos ind\u00edgenas, a introdu\u00e7\u00e3o e o trabalho de etnias africanas na regi\u00e3o, os conflitos e revoltas, as muitas transforma\u00e7\u00f5es pol\u00edticas, econ\u00f4micas, sociais e culturais ocorridas nos \u00faltimos quatro s\u00e9culos. S\u00e3o documentos p\u00fablicos acess\u00edveis, mas que muitas vezes, s\u00e3o <\/p>\n","protected":false},"author":1,"featured_media":906,"comment_status":"closed","ping_status":"closed","sticky":false,"template":"","format":"standard","meta":{"footnotes":""},"categories":[25],"tags":[],"class_list":["post-905","post","type-post","status-publish","format-standard","has-post-thumbnail","hentry","category-cultura-em-belem","has_thumb"],"aioseo_notices":[],"_links":{"self":[{"href":"https:\/\/www.encontrabelem.com.br\/sobre\/wp-json\/wp\/v2\/posts\/905","targetHints":{"allow":["GET"]}}],"collection":[{"href":"https:\/\/www.encontrabelem.com.br\/sobre\/wp-json\/wp\/v2\/posts"}],"about":[{"href":"https:\/\/www.encontrabelem.com.br\/sobre\/wp-json\/wp\/v2\/types\/post"}],"author":[{"embeddable":true,"href":"https:\/\/www.encontrabelem.com.br\/sobre\/wp-json\/wp\/v2\/users\/1"}],"replies":[{"embeddable":true,"href":"https:\/\/www.encontrabelem.com.br\/sobre\/wp-json\/wp\/v2\/comments?post=905"}],"version-history":[{"count":0,"href":"https:\/\/www.encontrabelem.com.br\/sobre\/wp-json\/wp\/v2\/posts\/905\/revisions"}],"wp:featuredmedia":[{"embeddable":true,"href":"https:\/\/www.encontrabelem.com.br\/sobre\/wp-json\/wp\/v2\/media\/906"}],"wp:attachment":[{"href":"https:\/\/www.encontrabelem.com.br\/sobre\/wp-json\/wp\/v2\/media?parent=905"}],"wp:term":[{"taxonomy":"category","embeddable":true,"href":"https:\/\/www.encontrabelem.com.br\/sobre\/wp-json\/wp\/v2\/categories?post=905"},{"taxonomy":"post_tag","embeddable":true,"href":"https:\/\/www.encontrabelem.com.br\/sobre\/wp-json\/wp\/v2\/tags?post=905"}],"curies":[{"name":"wp","href":"https:\/\/api.w.org\/{rel}","templated":true}]}}