{"id":903,"date":"2019-06-03T06:03:49","date_gmt":"2019-06-03T09:03:49","guid":{"rendered":"http:\/\/www.encontrabelem.com.br\/sobre\/?p=903"},"modified":"2023-11-13T11:17:03","modified_gmt":"2023-11-13T14:17:03","slug":"biblioteca-vicente-salles-belem","status":"publish","type":"post","link":"https:\/\/www.encontrabelem.com.br\/sobre\/biblioteca-vicente-salles-belem","title":{"rendered":"Biblioteca Vicente Salles Bel\u00e9m"},"content":{"rendered":"<div class=\"b22802487b0d38c4c6d9f34966e16421\" data-index=\"1\" style=\"float: none; margin:0px;\">\n<!-- Anuncio display - global -->\r\n<ins class=\"adsbygoogle\"\r\n     style=\"display:block\"\r\n     data-ad-client=\"ca-pub-8585364105181520\"\r\n     data-ad-slot=\"8789329856\"\r\n     data-ad-format=\"auto\"\r\n     data-full-width-responsive=\"true\"><\/ins>\r\n<script>\r\n     (adsbygoogle = window.adsbygoogle || []).push({});\r\n<\/script>\n<\/div>\n<p>A <strong>Biblioteca Vicente Salles Bel\u00e9m<\/strong>, cujo t\u00edtulo homenageia o pesquisador, antrop\u00f3logo e folclorista paraense, faz parte do Sistema de Bibliotecas da FCP.<\/p>\n<p>Teve o in\u00edcio da sua organiza\u00e7\u00e3o em 2015, com acervo que fazia parte do antigo Instituto de Artes do Par\u00e1. Esse acervo, de natureza principalmente art\u00edstica, est\u00e1 agora sendo ampliado com t\u00edtulos coletados e originados de interc\u00e2mbios, doa\u00e7\u00f5es, e aquisi\u00e7\u00f5es feitas pela pr\u00f3pria Funda\u00e7\u00e3o Cultural do Par\u00e1.<\/p>\n<p><img loading=\"lazy\" decoding=\"async\" class=\"alignnone wp-image-904 size-full\" title=\"Biblioteca Vicente Salles Bel\u00e9m\" src=\"http:\/\/www.encontrabelem.com.br\/sobre\/wp-content\/uploads\/2019\/06\/biblioteca-vicente-salles.gif\" alt=\"Biblioteca Vicente Salles Bel\u00e9m\" width=\"680\" height=\"189\" \/><\/p>\n<p>Aberta ao p\u00fablico em geral, tem como objetivo catalogar, preservar e oferecer a estudantes, pesquisadores e demais interessados o acesso a publica\u00e7\u00f5es de artes, entre livros, cat\u00e1logos de exposi\u00e7\u00f5es, boletins de museus nacionais e estrangeiros, dossi\u00eas de pesquisa organizados por artistas e Institui\u00e7\u00f5es nacionais e internacionais, partituras, teses e peri\u00f3dicos sobre temas que envolvem, discutem e se relacionam com as diversas linguagens art\u00edsticas, com o patrim\u00f4nio cultural m\u00f3vel e im\u00f3vel, assim como hist\u00f3ria, economia criativa, express\u00f5es de identidade e manifesta\u00e7\u00f5es culturais, tanto sejam regionais ou de car\u00e1ter universal.<\/p>\n<p>Os usu\u00e1rios t\u00eam livre acesso ao acervo para consulta, pesquisa e empr\u00e9stimo, al\u00e9m de consulta on-line.<\/p>\n<h2>Vicente Salles<\/h2>\n<p>Vicente Juarimbu Salles, ( 27 de novembro de 1931 \u2014 7 de mar\u00e7o de 2013) nasceu na Vila de Caripi, munic\u00edpio de Igarap\u00e9-A\u00e7u, nordeste do Par\u00e1. Foi historiador, antrop\u00f3logo e folclorista paraense considerado um dos mais importantes intelectuais do s\u00e9culo XX, da Amaz\u00f4nia e do Brasil. Entre os trabalhos mais importantes de Vicente Salles, est\u00e3o os livros \u201cHist\u00f3ria do Teatro do Par\u00e1\u201d, \u201cVida do maestro Gama Malcher&#8221;, &#8220;Negro do Par\u00e1 \u2013 sob o regime da escravid\u00e3o&#8221; e &#8220;Santar\u00e9m: uma oferenda musical&#8221;. Sua obra \u201cO negro no Par\u00e1 sob o regime da escravid\u00e3o\u201d foi um marco divisor nos estudos sobre o negro na Amaz\u00f4nia que contrariou a tend\u00eancia dos estudos antropol\u00f3gicos e historiogr\u00e1ficos da \u00e9poca, segundo os quais a quantidade de negros escravos migrados para a Amaz\u00f4nia n\u00e3o era suficiente para assentar uma din\u00e2mica cultural relevante. Em vida, publicou 24 livros e cerca de 50 microedi\u00e7\u00f5es, al\u00e9m de ensaios em obras coletivas. Vicente Salles morreu aos 81 anos de parada respirat\u00f3ria, na cidade do Rio de Janeiro.<\/p>\n<h3>Vagas\u00a0Biblioteca Vicente Salles Bel\u00e9m &#8211; Trabalhe Conosco<\/h3>\n<p>A Biblioteca Vicente Salles Bel\u00e9m disponibiliza <em>vagas de trabalho<\/em> durante todo ano. Para se informar sobre os processos seletivos e se candidatar as vagas acompanhe o site da empresa, onde \u00e9 poss\u00edvel se informar sobre vagas abertas, sal\u00e1rios e compet\u00eancias necess\u00e1rias para se candidatar ao processo.<\/p>\n<h3>Hor\u00e1rio de Funcionamento Biblioteca Vicente Salles em Bel\u00e9m<\/h3>\n<ul>\n<li>Segunda a Sexta das 10h \u00e0s 18h<\/li>\n<\/ul>\n<h3>Onde Fica, Endere\u00e7o e Telefone Biblioteca Vicente Salles em Bel\u00e9m<\/h3>\n<ul>\n<li>R. Dom Alberto Gaud\u00eancio Ramos &#8211; Nazar\u00e9 &#8211; Bel\u00e9m &#8211; PA<\/li>\n<li>Telefone: (91) 3323-0391<\/li>\n<\/ul>\n<h4>Mapa de localiza\u00e7\u00e3o<\/h4>\n<a class=\"wp-colorbox-iframe\" href=\"https:\/\/www.google.com\/maps\/embed?pb=!1m14!1m8!1m3!1d15954.141693358326!2d-48.4809444!3d-1.45301!3m2!1i1024!2i768!4f13.1!3m3!1m2!1s0x00xe88f09b42309e4d6!2sBiblioteca+Vicente+Salles!5e0!3m2!1spt-BR!2sbr!4v1559552350779!5m2!1spt-BR!2sbr\"><img decoding=\"async\" src=\"http:\/\/www.encontrabelem.com.br\/imgs\/maps-post.png\"><\/a>\n\n<div style=\"font-size: 0px; height: 0px; line-height: 0px; margin: 0; padding: 0; clear: both;\"><\/div>","protected":false},"excerpt":{"rendered":"<p>A Biblioteca Vicente Salles Bel\u00e9m, cujo t\u00edtulo homenageia o pesquisador, antrop\u00f3logo e folclorista paraense, faz parte do Sistema de Bibliotecas da FCP. Teve o in\u00edcio da sua organiza\u00e7\u00e3o em 2015, com acervo que fazia parte do antigo Instituto de Artes do Par\u00e1. Esse acervo, de natureza principalmente art\u00edstica, est\u00e1 agora sendo ampliado com t\u00edtulos coletados e originados de interc\u00e2mbios, doa\u00e7\u00f5es, e aquisi\u00e7\u00f5es feitas pela pr\u00f3pria Funda\u00e7\u00e3o Cultural do Par\u00e1. Aberta ao p\u00fablico em geral, tem como objetivo catalogar, preservar e oferecer a estudantes, pesquisadores e demais interessados o acesso a publica\u00e7\u00f5es de artes, entre livros, cat\u00e1logos de exposi\u00e7\u00f5es, boletins de <\/p>\n","protected":false},"author":1,"featured_media":904,"comment_status":"closed","ping_status":"closed","sticky":false,"template":"","format":"standard","meta":{"footnotes":""},"categories":[25],"tags":[],"class_list":["post-903","post","type-post","status-publish","format-standard","has-post-thumbnail","hentry","category-cultura-em-belem","has_thumb"],"aioseo_notices":[],"_links":{"self":[{"href":"https:\/\/www.encontrabelem.com.br\/sobre\/wp-json\/wp\/v2\/posts\/903","targetHints":{"allow":["GET"]}}],"collection":[{"href":"https:\/\/www.encontrabelem.com.br\/sobre\/wp-json\/wp\/v2\/posts"}],"about":[{"href":"https:\/\/www.encontrabelem.com.br\/sobre\/wp-json\/wp\/v2\/types\/post"}],"author":[{"embeddable":true,"href":"https:\/\/www.encontrabelem.com.br\/sobre\/wp-json\/wp\/v2\/users\/1"}],"replies":[{"embeddable":true,"href":"https:\/\/www.encontrabelem.com.br\/sobre\/wp-json\/wp\/v2\/comments?post=903"}],"version-history":[{"count":0,"href":"https:\/\/www.encontrabelem.com.br\/sobre\/wp-json\/wp\/v2\/posts\/903\/revisions"}],"wp:featuredmedia":[{"embeddable":true,"href":"https:\/\/www.encontrabelem.com.br\/sobre\/wp-json\/wp\/v2\/media\/904"}],"wp:attachment":[{"href":"https:\/\/www.encontrabelem.com.br\/sobre\/wp-json\/wp\/v2\/media?parent=903"}],"wp:term":[{"taxonomy":"category","embeddable":true,"href":"https:\/\/www.encontrabelem.com.br\/sobre\/wp-json\/wp\/v2\/categories?post=903"},{"taxonomy":"post_tag","embeddable":true,"href":"https:\/\/www.encontrabelem.com.br\/sobre\/wp-json\/wp\/v2\/tags?post=903"}],"curies":[{"name":"wp","href":"https:\/\/api.w.org\/{rel}","templated":true}]}}