{"id":88,"date":"2013-02-21T00:01:00","date_gmt":"2013-02-21T03:01:00","guid":{"rendered":"http:\/\/www.encontrabelem.com.br\/noticias\/?p=88"},"modified":"2023-11-13T11:17:38","modified_gmt":"2023-11-13T14:17:38","slug":"belem-cumpre-meta-e-instala-bibliotecas-em-todas-as-escolas-municipais","status":"publish","type":"post","link":"https:\/\/www.encontrabelem.com.br\/sobre\/belem-cumpre-meta-e-instala-bibliotecas-em-todas-as-escolas-municipais","title":{"rendered":"Bel\u00e9m cumpre meta e instala bibliotecas em todas as escolas municipais"},"content":{"rendered":"<div class=\"b22802487b0d38c4c6d9f34966e16421\" data-index=\"1\" style=\"float: none; margin:0px;\">\n<!-- Anuncio display - global -->\r\n<ins class=\"adsbygoogle\"\r\n     style=\"display:block\"\r\n     data-ad-client=\"ca-pub-8585364105181520\"\r\n     data-ad-slot=\"8789329856\"\r\n     data-ad-format=\"auto\"\r\n     data-full-width-responsive=\"true\"><\/ins>\r\n<script>\r\n     (adsbygoogle = window.adsbygoogle || []).push({});\r\n<\/script>\n<\/div>\n<p>Todas as escolas municipais j\u00e1 t\u00eam ou est\u00e3o em processo de implanta\u00e7\u00e3o de <a title=\"Bibliotecas em Bel\u00e9m\" href=\"http:\/\/www.encontrabelem.com.br\/b\/bibliotecas-em-belem.shtml\" target=\"_blank\" rel=\"noopener\">bibliotecas na cidade de Bel\u00e9m<\/a>. Com essa medida a Secretaria Municipal de Educa\u00e7\u00e3o sai na frente e cumpre com quase dez anos de anteced\u00eancia a meta estabelecida pelo Governo Federal atrav\u00e9s da lei 12.244 que determina a universaliza\u00e7\u00e3o das bibliotecas nas institui\u00e7\u00f5es de ensino do pa\u00eds.<\/p>\n<p>Das 59 unidades de ensino infantil, fundamental e para jovens da capital, 55 j\u00e1 disp\u00f5e de bibliotecas e quatro est\u00e3o em processo de implanta\u00e7\u00e3o. Para chegar a esse quadro a Semec criou em 2006 o Sistema Municipal de Bibliotecas Escolares (Sismube), respons\u00e1vel por incentivar a leitura e a democratiza\u00e7\u00e3o do acesso ao livro em Bel\u00e9m, Icoaraci, Outeiro e Mosqueiro, investindo na compra de livros, constru\u00e7\u00e3o e amplia\u00e7\u00e3o de bibliotecas, programas de forma\u00e7\u00e3o continuada e projetos de incentivo \u00e0 leitura, interpreta\u00e7\u00e3o de textos, conta\u00e7\u00e3o de hist\u00f3rias e difus\u00e3o da literatura a paraense, considerados essenciais para a forma\u00e7\u00e3o de leitores.<\/p>\n<p>A Biblioteca \u201cMonteiro Lobato\u201d da Escola Municipal de Professor Francisco da Silva Nunes, no bairro do Guam\u00e1, \u00e9 um bom exemplo. O espa\u00e7o conta com um acervo de mais de 8 mil exemplares, entre literatura nacional e paraense e oferece um ambiente saud\u00e1vel de leitura para os alunos e comunidade em geral, de segunda a sexta-feira nos tr\u00eas turnos. Segundo Giselle Pinheiro Fonseca, respons\u00e1vel pela sala de leitura da escola, bibliotecas como a da Monteiro Lobato incentivam o aluno a ter vis\u00e3o do mundo. \u201cTodas as escolas deveriam ter bibliotecas como a nossa, com um acervo muito rico e com livros voltados para a idade deles. Com a leitura o aluno se v\u00ea como personagem da vida real e atrav\u00e9s do livro eles passam a ter sua pr\u00f3pria vis\u00e3o do mundo\u201d, avalia.<\/p>\n<p>Projetos de Leitura<\/p>\n<p>O incentivo \u00e0 leitura na rede municipal de ensino tem in\u00edcio desde a escolha do nome da biblioteca, que tem a participa\u00e7\u00e3o de todos os alunos com sugest\u00f5es e votos. Al\u00e9m disso projetos como o \u201cLendo e Relendo: As Bibliotecas Escolares\u201d, da Semec e \u201cBolsa Amarela\u201d, das professoras Ivone Lobato Bentes e Joana Mesquita, buscam aproximar os alunos do mundo da leitura e incentivar a leitura de autores paraenses.<\/p>\n<p>No projeto \u201cLendo e Relendo: As Bibliotecas Escolares\u201d, o aluno tem contato direto com autores paraenses como Walcyr Monteiro (autor de Visagens e Assombra\u00e7\u00f5es de Bel\u00e9m) e Juraci Siqueira, entre outros. Essa aproxima\u00e7\u00e3o, intensificada por palestras, oficinas, concursos de poesia e apresenta\u00e7\u00e3o teatral das leituras, valoriza a cultura local.<\/p>\n<p>Para a aluna do 7\u00ba ano, Maria Leonor, 11, a leitura \u00e9 inspira\u00e7\u00e3o. \u201cGosto muito da cole\u00e7\u00e3o do Monteiro Lobato, Walcyr Monteiro, Juracy Siqueira. Como fa\u00e7o teatro, os livros me inspiram. Eu fiz uma pe\u00e7a e tive que ler o livro pra entender o personagem\u201d, conta a estudante.<\/p>\n<p>No projeto \u201cBolsa Amarela\u201d o aluno pode levar at\u00e9 cinco livros em uma bolsa fornecida pela escola e tem prazo de 15 dias para devolu\u00e7\u00e3o. A bolsa inclui uma ficha, onde o aluno vai contar sobre o que leu, o que mais gostou e se discutiu o assunto com os amigos e familiares.<\/p>\n<p>Com foco na valoriza\u00e7\u00e3o da educa\u00e7\u00e3o para a cidadania, em Bel\u00e9m a prefeitura trabalha para garantir a perman\u00eancia de crian\u00e7as e adolescentes na escola por meio da Pol\u00edtica de Inclus\u00e3o Social. Para isso os investimentos no Sistema Municipal de Gest\u00e3o da Educa\u00e7\u00e3o incentivam o processo de alfabetiza\u00e7\u00e3o e letramento com a valoriza\u00e7\u00e3o dos profissionais de educa\u00e7\u00e3o, a manuten\u00e7\u00e3o das escolas e Unidades de Educa\u00e7\u00e3o Infantil e nas melhorias das bibliotecas.<\/p>\n<p><em>Fonte: Prefeitura Municipal de Bel\u00e9m<\/em><\/p>\n\n<div style=\"font-size: 0px; height: 0px; line-height: 0px; margin: 0; padding: 0; clear: both;\"><\/div>","protected":false},"excerpt":{"rendered":"<p>Todas as escolas municipais j\u00e1 t\u00eam ou est\u00e3o em processo de implanta\u00e7\u00e3o de bibliotecas na cidade de Bel\u00e9m. Com essa medida a Secretaria Municipal de Educa\u00e7\u00e3o sai na frente e cumpre com quase dez anos de anteced\u00eancia a meta estabelecida pelo Governo Federal atrav\u00e9s da lei 12.244 que determina a universaliza\u00e7\u00e3o das bibliotecas nas institui\u00e7\u00f5es de ensino do pa\u00eds. Das 59 unidades de ensino infantil, fundamental e para jovens da capital, 55 j\u00e1 disp\u00f5e de bibliotecas e quatro est\u00e3o em processo de implanta\u00e7\u00e3o. Para chegar a esse quadro a Semec criou em 2006 o Sistema Municipal de Bibliotecas Escolares (Sismube), <\/p>\n","protected":false},"author":1,"featured_media":0,"comment_status":"closed","ping_status":"closed","sticky":false,"template":"","format":"standard","meta":{"footnotes":""},"categories":[1,7],"tags":[11],"class_list":["post-88","post","type-post","status-publish","format-standard","hentry","category-noticias-em-belem","category-servicos-em-belem","tag-belem"],"aioseo_notices":[],"_links":{"self":[{"href":"https:\/\/www.encontrabelem.com.br\/sobre\/wp-json\/wp\/v2\/posts\/88","targetHints":{"allow":["GET"]}}],"collection":[{"href":"https:\/\/www.encontrabelem.com.br\/sobre\/wp-json\/wp\/v2\/posts"}],"about":[{"href":"https:\/\/www.encontrabelem.com.br\/sobre\/wp-json\/wp\/v2\/types\/post"}],"author":[{"embeddable":true,"href":"https:\/\/www.encontrabelem.com.br\/sobre\/wp-json\/wp\/v2\/users\/1"}],"replies":[{"embeddable":true,"href":"https:\/\/www.encontrabelem.com.br\/sobre\/wp-json\/wp\/v2\/comments?post=88"}],"version-history":[{"count":0,"href":"https:\/\/www.encontrabelem.com.br\/sobre\/wp-json\/wp\/v2\/posts\/88\/revisions"}],"wp:attachment":[{"href":"https:\/\/www.encontrabelem.com.br\/sobre\/wp-json\/wp\/v2\/media?parent=88"}],"wp:term":[{"taxonomy":"category","embeddable":true,"href":"https:\/\/www.encontrabelem.com.br\/sobre\/wp-json\/wp\/v2\/categories?post=88"},{"taxonomy":"post_tag","embeddable":true,"href":"https:\/\/www.encontrabelem.com.br\/sobre\/wp-json\/wp\/v2\/tags?post=88"}],"curies":[{"name":"wp","href":"https:\/\/api.w.org\/{rel}","templated":true}]}}