{"id":843,"date":"2019-04-20T06:59:44","date_gmt":"2019-04-20T09:59:44","guid":{"rendered":"http:\/\/www.encontrabelem.com.br\/sobre\/?p=843"},"modified":"2023-11-13T11:17:03","modified_gmt":"2023-11-13T14:17:03","slug":"belem-importados","status":"publish","type":"post","link":"https:\/\/www.encontrabelem.com.br\/sobre\/belem-importados","title":{"rendered":"Bel\u00e9m Importados"},"content":{"rendered":"<div class=\"b22802487b0d38c4c6d9f34966e16421\" data-index=\"1\" style=\"float: none; margin:0px;\">\n<!-- Anuncio display - global -->\r\n<ins class=\"adsbygoogle\"\r\n     style=\"display:block\"\r\n     data-ad-client=\"ca-pub-8585364105181520\"\r\n     data-ad-slot=\"8789329856\"\r\n     data-ad-format=\"auto\"\r\n     data-full-width-responsive=\"true\"><\/ins>\r\n<script>\r\n     (adsbygoogle = window.adsbygoogle || []).push({});\r\n<\/script>\n<\/div>\n<p>A<strong> Bel\u00e9m Importados<\/strong> LTDA &#8211; ME \u00e9 uma Sociedade Empresaria Limitada de Bel\u00e9m &#8211; PA fundada em 01\/06\/1996.<\/p>\n<p>Sua atividade principal \u00e9 com\u00e9rcio varejista de produtos importados.<\/p>\n<p><span style=\"color: #ff0000;\"><img loading=\"lazy\" decoding=\"async\" class=\"alignnone wp-image-845 size-full\" title=\"Bel\u00e9m Importados\" src=\"http:\/\/www.encontrabelem.com.br\/sobre\/wp-content\/uploads\/2019\/04\/belem-importados-belem.gif\" alt=\"Bel\u00e9m Importados\" width=\"680\" height=\"189\" \/><\/span><\/p>\n<h2>Bel\u00e9m Importados Fechou<\/h2>\n<p>Outrora l\u00edder do com\u00e9rcio de produtos importado \u00e0 pre\u00e7os populares, suas lojas n\u00e3o resistiram ao ano de 2017 sendo vendidas para pagamento de d\u00edvidas.\u00a0Com oito lojas na cidade a empresa encerrou as atividades entre junho e outubro de 2017.<\/p>\n<h3>Hor\u00e1rio de Funcionamento\u00a0Bel\u00e9m Importados em Bel\u00e9m<\/h3>\n<ul>\n<li>Segunda a Sexta das 08h \u00e0s 19h30 \/ S\u00e1bado das 08h \u00e0s 18h \/ Domingo das 08h \u00e0s 13h<\/li>\n<\/ul>\n<h3>Onde Fica\u00a0e Endere\u00e7oBel\u00e9m Importados em Bel\u00e9m<\/h3>\n<ul>\n<li><strong>Jurunas:<\/strong> Av. Alcindo Cacela, 2888 &#8211;\u00a0Bel\u00e9m &#8211; PA<\/li>\n<li><strong>Umarizal:<\/strong> av. Pedro \u00c1lvares Cabral, s\/n\u00a0&#8211;\u00a0Bel\u00e9m &#8211; PA<\/li>\n<li><strong>Vila: <\/strong>Travessa Pratiquara, 87\u00a0&#8211;\u00a0Bel\u00e9m &#8211; PA<\/li>\n<\/ul>\n<h3><img loading=\"lazy\" decoding=\"async\" class=\"alignnone wp-image-844\" src=\"http:\/\/www.encontrabelem.com.br\/sobre\/wp-content\/uploads\/2019\/04\/fechado.png\" alt=\"\" width=\"329\" height=\"63\" \/><\/h3>\n<h4>Mapa de localiza\u00e7\u00e3o Jurunas<\/h4>\n<a class=\"wp-colorbox-iframe\" href=\"https:\/\/www.google.com\/maps\/embed?pb=!1m18!1m12!1m3!1d3988.5184109738725!2d-48.478873285245896!3d-1.4626128989333187!2m3!1f0!2f0!3f0!3m2!1i1024!2i768!4f13.1!3m3!1m2!1s0x92a48dd5ce347c0d0xcde0df8201c4e4bc!2sAv.+Alcindo+Cacela+2888+-+Cremao+Belm+-+PA+66045-197!5e0!3m2!1spt-BR!2sbr!4v1555754187195!5m2!1spt-BR!2sbr\"><img decoding=\"async\" src=\"http:\/\/www.encontrabelem.com.br\/imgs\/maps-post.png\"><\/a>\n\n<div style=\"font-size: 0px; height: 0px; line-height: 0px; margin: 0; padding: 0; clear: both;\"><\/div>","protected":false},"excerpt":{"rendered":"<p>A Bel\u00e9m Importados LTDA &#8211; ME \u00e9 uma Sociedade Empresaria Limitada de Bel\u00e9m &#8211; PA fundada em 01\/06\/1996. Sua atividade principal \u00e9 com\u00e9rcio varejista de produtos importados. Bel\u00e9m Importados Fechou Outrora l\u00edder do com\u00e9rcio de produtos importado \u00e0 pre\u00e7os populares, suas lojas n\u00e3o resistiram ao ano de 2017 sendo vendidas para pagamento de d\u00edvidas.\u00a0Com oito lojas na cidade a empresa encerrou as atividades entre junho e outubro de 2017. Hor\u00e1rio de Funcionamento\u00a0Bel\u00e9m Importados em Bel\u00e9m Segunda a Sexta das 08h \u00e0s 19h30 \/ S\u00e1bado das 08h \u00e0s 18h \/ Domingo das 08h \u00e0s 13h Onde Fica\u00a0e Endere\u00e7oBel\u00e9m Importados em Bel\u00e9m <\/p>\n","protected":false},"author":1,"featured_media":845,"comment_status":"closed","ping_status":"closed","sticky":false,"template":"","format":"standard","meta":{"footnotes":""},"categories":[27],"tags":[],"class_list":["post-843","post","type-post","status-publish","format-standard","has-post-thumbnail","hentry","category-lugares-em-belem","has_thumb"],"aioseo_notices":[],"_links":{"self":[{"href":"https:\/\/www.encontrabelem.com.br\/sobre\/wp-json\/wp\/v2\/posts\/843","targetHints":{"allow":["GET"]}}],"collection":[{"href":"https:\/\/www.encontrabelem.com.br\/sobre\/wp-json\/wp\/v2\/posts"}],"about":[{"href":"https:\/\/www.encontrabelem.com.br\/sobre\/wp-json\/wp\/v2\/types\/post"}],"author":[{"embeddable":true,"href":"https:\/\/www.encontrabelem.com.br\/sobre\/wp-json\/wp\/v2\/users\/1"}],"replies":[{"embeddable":true,"href":"https:\/\/www.encontrabelem.com.br\/sobre\/wp-json\/wp\/v2\/comments?post=843"}],"version-history":[{"count":0,"href":"https:\/\/www.encontrabelem.com.br\/sobre\/wp-json\/wp\/v2\/posts\/843\/revisions"}],"wp:featuredmedia":[{"embeddable":true,"href":"https:\/\/www.encontrabelem.com.br\/sobre\/wp-json\/wp\/v2\/media\/845"}],"wp:attachment":[{"href":"https:\/\/www.encontrabelem.com.br\/sobre\/wp-json\/wp\/v2\/media?parent=843"}],"wp:term":[{"taxonomy":"category","embeddable":true,"href":"https:\/\/www.encontrabelem.com.br\/sobre\/wp-json\/wp\/v2\/categories?post=843"},{"taxonomy":"post_tag","embeddable":true,"href":"https:\/\/www.encontrabelem.com.br\/sobre\/wp-json\/wp\/v2\/tags?post=843"}],"curies":[{"name":"wp","href":"https:\/\/api.w.org\/{rel}","templated":true}]}}