{"id":836,"date":"2019-04-20T05:55:52","date_gmt":"2019-04-20T08:55:52","guid":{"rendered":"http:\/\/www.encontrabelem.com.br\/sobre\/?p=836"},"modified":"2023-11-13T11:17:03","modified_gmt":"2023-11-13T14:17:03","slug":"record-belem","status":"publish","type":"post","link":"https:\/\/www.encontrabelem.com.br\/sobre\/record-belem","title":{"rendered":"Record Bel\u00e9m"},"content":{"rendered":"<div class=\"b22802487b0d38c4c6d9f34966e16421\" data-index=\"1\" style=\"float: none; margin:0px;\">\n<!-- Anuncio display - global -->\r\n<ins class=\"adsbygoogle\"\r\n     style=\"display:block\"\r\n     data-ad-client=\"ca-pub-8585364105181520\"\r\n     data-ad-slot=\"8789329856\"\r\n     data-ad-format=\"auto\"\r\n     data-full-width-responsive=\"true\"><\/ins>\r\n<script>\r\n     (adsbygoogle = window.adsbygoogle || []).push({});\r\n<\/script>\n<\/div>\n<p><strong>A Record TV Bel\u00e9m<\/strong> \u00e9 uma emissora de televis\u00e3o brasileira seiada em Bel\u00e9m, capital do estado do Par\u00e1.<\/p>\n<p>Opera no canal 10 (22 UHF digital), e \u00e9 uma emissora pr\u00f3pria da RecordTV.<\/p>\n<p><img loading=\"lazy\" decoding=\"async\" class=\"alignnone wp-image-837 size-full\" title=\"Record Bel\u00e9m\" src=\"http:\/\/www.encontrabelem.com.br\/sobre\/wp-content\/uploads\/2019\/04\/record-belem.gif\" alt=\"Record Bel\u00e9m\" width=\"680\" height=\"189\" \/><\/p>\n<h2>Record\u00a0Bel\u00e9m\u00a0Hist\u00f3ria<\/h2>\n<p>Antes da inaugura\u00e7\u00e3o da Record Par\u00e1, em 1997, a Rede Record foi retransmitida no estado, nos per\u00edodos de 1967 \u00e0 1969 e 1990 \u00e0 1995, pela TV Guajar\u00e1. A TV Guajar\u00e1 entrou no ar em 1967 com uma programa\u00e7\u00e3o totalmente local, de apenas 3 horas por dia, ao contr\u00e1rio da concorrente TV Marajoara, canal 2, que entrou no ar em 1961 retransmitindo a Rede Tupi.<\/p>\n<p>Ainda em 1967, a TV Guajar\u00e1 passa a retransmitir a REI (Rede de Emissoras Independentes), lideradas pela Rede Record. Com isso, a emissora amplia sua programa\u00e7\u00e3o, exibindo programas, s\u00e9ries e telejornais gravados direto da cidade de S\u00e3o Paulo, que eram trazidos de avi\u00e3o para Bel\u00e9m, pois n\u00e3o havia transmiss\u00f5es de micro-ondas e sat\u00e9lite.<\/p>\n<p>Em 1969 a TV Guajar\u00e1 deixa a REI para retransmitir a Rede Globo. Em 1\u00ba de novembro de 1990, ap\u00f3s afiliar-se por 7 anos \u00e0 Rede Globo e 14 anos \u00e0 Rede Bandeirantes, a TV Guajar\u00e1 volta a retransmitir a Rede Record. A parceria entre as duas emissoras dura at\u00e9 1\u00ba de novembro de 1995, quando a TV Guajar\u00e1, ap\u00f3s ser vendida \u00e0 Assembl\u00e9ia de Deus, \u00e9 renomeada Boas Novas Bel\u00e9m, e passa a retransmitir a programa\u00e7\u00e3o da Rede Boas Novas. na \u00e9poca afiliada \u00e0 CNT.<\/p>\n<p><strong>TV Marajoara<\/strong><br \/>\nOutra fase da hist\u00f3ria da Record em Bel\u00e9m, \u00e9 quando o empres\u00e1rio,cantor e apresentador Carlos Santos, decide montar sua emissora de TV. Na \u00e9poca, ele conseguiu a concess\u00e3o para atuar pelo canal 10, por\u00e9m v\u00e1rios problemas t\u00e9cnicos e administrativos o impediram que continuasse com seu plano. A Rede Record, ent\u00e3o ofereceu uma proposta de compra da concess\u00e3o e dos bens que j\u00e1 haviam sido constru\u00eddos. O canal foi comprado em 1996 por US$ 3,5 milh\u00f5es.<\/p>\n<p><strong>1997-2009: Record Par\u00e1 e Record Norte<\/strong><br \/>\nA TV Record Par\u00e1 foi criada em 10 de junho de 1997, pouco mais de 2 anos ap\u00f3s o fim da TV Guajar\u00e1 e mais de um ano e meio sem o sinal da Rede Record na regi\u00e3o, j\u00e1 que n\u00e3o havia nenhuma emissora dispon\u00edvel na regi\u00e3o para substituir a antiga emissora. Anos depois, a Record Par\u00e1 se tornou a principal retransmissora da Record no norte do Brasil. Sua \u00e1rea de cobertura \u00e9 de cerca de 71% dos lares paraenses.<\/p>\n<p>No dia 7 de janeiro de 2008, a Record Par\u00e1 passa a se chamar Record Norte. H\u00e1 tamb\u00e9m a inaugura\u00e7\u00e3o dos novos est\u00fadios da emissora, entre eles a &#8220;newsroom&#8221;, que funciona como p\u00f3lo de jornalismo da emissora em alcance local e regional. A programa\u00e7\u00e3o local tamb\u00e9m \u00e9 reformulada, com a estr\u00e9ia de novos programas e telejornais. Em 2009 a emissora volta a se chamar Record Bel\u00e9m.\u00a0A emissora obteve expressivos \u00edndices de audi\u00eancia, e por conta disso ganhou grande destaque nos telejornais e programas da Rede Record a n\u00edvel nacional. Em alguns momentos conquistou a lideran\u00e7a na capital.<\/p>\n<p>Em janeiro de 2014, jornalistas do canal receberam o Pr\u00eamio Sistema Fiepa de Jornalismo 2013, iniciativa do Sistema Fiepa, formado pela Federa\u00e7\u00e3o das Ind\u00fastrias do Estado do Par\u00e1 (FIEPA), Servi\u00e7o Nacional de Aprendizagem Industrial (SENAI), Servi\u00e7o Social da Ind\u00fastria (SESI) e Instituto Euvaldo Lodi (IEL). Em 24 de novembro de 2016, com a reformula\u00e7\u00e3o da marca da rede, passou a se chamar RecordTV Bel\u00e9m.<\/p>\n<h3>Record Bel\u00e9m Sinal Digital<\/h3>\n<p>No dia 10 de maio de 2012 a Record Bel\u00e9m estreou sua programa\u00e7\u00e3o local em alta defini\u00e7\u00e3o, sendo a primeira emissora regional com programa\u00e7\u00e3o nesse formato.\u00a0Com base no decreto federal de transi\u00e7\u00e3o das emissoras de TV brasileiras do sinal anal\u00f3gico para o digital, a RecordTV Bel\u00e9m, bem como as outras emissoras de Bel\u00e9m, cessou suas transmiss\u00f5es pelo canal 10 VHF em 30 de maio de 2018, seguindo o cronograma oficial da ANATEL.<\/p>\n<h3>Record\u00a0Bel\u00e9m Programa\u00e7\u00e3o<\/h3>\n<p>Al\u00e9m de retransmitir a programa\u00e7\u00e3o nacional da RecordTV, atualmente a RecordTV Bel\u00e9m produz e exibe os seguintes programas:<\/p>\n<ul>\n<li>Balan\u00e7o Geral PA Manh\u00e3: Jornal\u00edstico, com Agenor Santos;<\/li>\n<li>Fala Par\u00e1: Telejornal, com Priscilla Amaral;<\/li>\n<li>Balan\u00e7o Geral PA: Jornal\u00edstico, com Marcus Pimenta;<\/li>\n<li>Cidade Alerta Par\u00e1: Jornal\u00edstico policial, com Mariana Sena;<\/li>\n<li>Par\u00e1 Record: Telejornal, com Adriana Martins;<\/li>\n<li>Balan\u00e7o Geral PA Especial: Jornal\u00edstico, com Agenor Santos<\/li>\n<\/ul>\n<h3>Vagas\u00a0Record Bel\u00e9m &#8211; Trabalhe Conosco<\/h3>\n<p>Se voc\u00ea tem paix\u00e3o pelo que faz e garra para alcan\u00e7ar seus objetivos, junte-se ao time da\u00a0Record Bel\u00e9m.\u00a0 Para alcan\u00e7ar seu objetivo de neg\u00f3cios, a empresa procura os melhores talentos e profissionais que queiram crescer continuamente com a empresa. Voc\u00ea se encaixa neste perfil? Acesse o site da empresa e envie o seu <em>curr\u00edculo.<\/em><\/p>\n<h3>Hor\u00e1rio de Funcionamento\u00a0Record em Bel\u00e9m<\/h3>\n<ul>\n<li>Segunda a Sexta das 08h \u00e0s 18h<\/li>\n<\/ul>\n<h3>Onde Fica, Endere\u00e7o e Telefone\u00a0Record em Bel\u00e9m<\/h3>\n<ul>\n<li>Rua dos Tam\u00f3ios, 1448 &#8211; Bel\u00e9m &#8211; PA<\/li>\n<li>Telefone: (91) 4008-4892<\/li>\n<\/ul>\n<h4>Outras informa\u00e7\u00f5es e site<\/h4>\n<ul>\n<li>Mais informa\u00e7\u00f5es:\u00a0<a href=\"https:\/\/www.facebook.com\/recordtvbelem\/\" target=\"_blank\" rel=\"noopener noreferrer\">www.facebook.com\/recordtvbelem<\/a><\/li>\n<\/ul>\n<h4>Mapa de localiza\u00e7\u00e3o<\/h4>\n<a class=\"wp-colorbox-iframe\" href=\"https:\/\/www.google.com\/maps\/embed?pb=!1m18!1m12!1m3!1d3988.5191453001357!2d-48.4944583852458!3d-1.4621996989336248!2m3!1f0!2f0!3f0!3m2!1i1024!2i768!4f13.1!3m3!1m2!1s0x92a48e63b9a64c370x6e772e839cebcf0e!2sR.+dos+Tamoios+1448+-+Jurunas+Belm+-+PA+66025-540!5e0!3m2!1spt-BR!2sbr!4v1555750305530!5m2!1spt-BR!2sbr\"><img decoding=\"async\" src=\"http:\/\/www.encontrabelem.com.br\/imgs\/maps-post.png\"><\/a>\n\n<div style=\"font-size: 0px; height: 0px; line-height: 0px; margin: 0; padding: 0; clear: both;\"><\/div>","protected":false},"excerpt":{"rendered":"<p>A Record TV Bel\u00e9m \u00e9 uma emissora de televis\u00e3o brasileira seiada em Bel\u00e9m, capital do estado do Par\u00e1. Opera no canal 10 (22 UHF digital), e \u00e9 uma emissora pr\u00f3pria da RecordTV. Record\u00a0Bel\u00e9m\u00a0Hist\u00f3ria Antes da inaugura\u00e7\u00e3o da Record Par\u00e1, em 1997, a Rede Record foi retransmitida no estado, nos per\u00edodos de 1967 \u00e0 1969 e 1990 \u00e0 1995, pela TV Guajar\u00e1. A TV Guajar\u00e1 entrou no ar em 1967 com uma programa\u00e7\u00e3o totalmente local, de apenas 3 horas por dia, ao contr\u00e1rio da concorrente TV Marajoara, canal 2, que entrou no ar em 1961 retransmitindo a Rede Tupi. Ainda em <\/p>\n","protected":false},"author":1,"featured_media":837,"comment_status":"closed","ping_status":"closed","sticky":false,"template":"","format":"standard","meta":{"footnotes":""},"categories":[27],"tags":[],"class_list":["post-836","post","type-post","status-publish","format-standard","has-post-thumbnail","hentry","category-lugares-em-belem","has_thumb"],"aioseo_notices":[],"_links":{"self":[{"href":"https:\/\/www.encontrabelem.com.br\/sobre\/wp-json\/wp\/v2\/posts\/836","targetHints":{"allow":["GET"]}}],"collection":[{"href":"https:\/\/www.encontrabelem.com.br\/sobre\/wp-json\/wp\/v2\/posts"}],"about":[{"href":"https:\/\/www.encontrabelem.com.br\/sobre\/wp-json\/wp\/v2\/types\/post"}],"author":[{"embeddable":true,"href":"https:\/\/www.encontrabelem.com.br\/sobre\/wp-json\/wp\/v2\/users\/1"}],"replies":[{"embeddable":true,"href":"https:\/\/www.encontrabelem.com.br\/sobre\/wp-json\/wp\/v2\/comments?post=836"}],"version-history":[{"count":0,"href":"https:\/\/www.encontrabelem.com.br\/sobre\/wp-json\/wp\/v2\/posts\/836\/revisions"}],"wp:featuredmedia":[{"embeddable":true,"href":"https:\/\/www.encontrabelem.com.br\/sobre\/wp-json\/wp\/v2\/media\/837"}],"wp:attachment":[{"href":"https:\/\/www.encontrabelem.com.br\/sobre\/wp-json\/wp\/v2\/media?parent=836"}],"wp:term":[{"taxonomy":"category","embeddable":true,"href":"https:\/\/www.encontrabelem.com.br\/sobre\/wp-json\/wp\/v2\/categories?post=836"},{"taxonomy":"post_tag","embeddable":true,"href":"https:\/\/www.encontrabelem.com.br\/sobre\/wp-json\/wp\/v2\/tags?post=836"}],"curies":[{"name":"wp","href":"https:\/\/api.w.org\/{rel}","templated":true}]}}