{"id":790,"date":"2019-04-09T04:40:59","date_gmt":"2019-04-09T07:40:59","guid":{"rendered":"http:\/\/www.encontrabelem.com.br\/sobre\/?p=790"},"modified":"2023-11-13T11:17:03","modified_gmt":"2023-11-13T14:17:03","slug":"avianca-belem","status":"publish","type":"post","link":"https:\/\/www.encontrabelem.com.br\/sobre\/avianca-belem","title":{"rendered":"Avianca Bel\u00e9m"},"content":{"rendered":"<div class=\"b22802487b0d38c4c6d9f34966e16421\" data-index=\"1\" style=\"float: none; margin:0px;\">\n<!-- Anuncio display - global -->\r\n<ins class=\"adsbygoogle\"\r\n     style=\"display:block\"\r\n     data-ad-client=\"ca-pub-8585364105181520\"\r\n     data-ad-slot=\"8789329856\"\r\n     data-ad-format=\"auto\"\r\n     data-full-width-responsive=\"true\"><\/ins>\r\n<script>\r\n     (adsbygoogle = window.adsbygoogle || []).push({});\r\n<\/script>\n<\/div>\n<p>A Avianca Brasil opera voos regulares desde 2002. Atualmente, atende 23 destinos dom\u00e9sticos e 3 no exterior com 230 decolagens di\u00e1rias, utilizando 47 avi\u00f5es da Airbus \u2013 a frota mais jovem da Am\u00e9rica Latina.<\/p>\n<p>Reconhecida pela alta qualidade do seu produto, a\u00a0<strong>Avianca Bel\u00e9m<\/strong> oferece diferenciais aos clientes, como entretenimento individual, refei\u00e7\u00e3o de bordo gratuita e maior espa\u00e7o entre poltronas.\u00a0Sempre inovadora, foi a primeira empresa a\u00e9rea da Am\u00e9rica do Sul a ter internet a bordo de avi\u00f5es e uma das pioneiras na opera\u00e7\u00e3o latino-americana do moderno A320neo.<\/p>\n<p><img loading=\"lazy\" decoding=\"async\" class=\"alignnone wp-image-792 size-full\" title=\"Avianca Bel\u00e9m\" src=\"http:\/\/www.encontrabelem.com.br\/sobre\/wp-content\/uploads\/2019\/04\/avianca-goiania.gif\" alt=\"Avianca Bel\u00e9m\" width=\"680\" height=\"189\" \/><\/p>\n<h2>Avianca Bel\u00e9m Hist\u00f3ria<\/h2>\n<p>A Avianca (Brasil) iniciou suas atividades como empresa de t\u00e1xi a\u00e9reo, denominada OceanAir. Atendia executivos e oper\u00e1rios da ind\u00fastria petrol\u00edfera de Maca\u00e9 e Campos dos Goytacazes. Em 2002 recebeu autoriza\u00e7\u00e3o do DAC (atual ANAC) para operar linhas em colabora\u00e7\u00e3o com a Rio Sul, do antigo grupo VARIG, de quem herdou rotas e aeronaves. Passou a operar cidades rejeitadas pela antiga parceira, operando apenas voos regionais, por\u00e9m ampliou rapidamente sua malha.<\/p>\n<p>Destacou-se no in\u00edcio por utilizar cores variadas e vistosos em seus avi\u00f5es. Os Embraer Bras\u00edlia foram pintados de azul claro, branco, vermelho, amarelo, rosa, laranja e cinza. Em 2003 refor\u00e7ou sua frota com a chegada dos tr\u00eas Fokker 50, que foram pintados de vermelho, bege e rosa.<\/p>\n<p>Em 2004 Germ\u00e1n Efromovich (75%), em conjunto com a Federaci\u00f3n Nacional de Cafeteros de Colombia (de 50% passou a 25%), comprou e reestruturou a empresa colombiana Avianca, a mais antiga companhia das Am\u00e9ricas e segunda mais antiga do mundo e que estava em recupera\u00e7\u00e3o judicial, junto a Julio Mario Santo Domingo e seu grupo empresarial Baviera, de onde surgiu a Synergy Aerospace, que posteriormente compraria a Vipsa do Equador, Aerogal do Equador, SAM da Col\u00f4mbia e se fundiria com a TACA em 2010.<\/p>\n<p>Ao final do mesmo ano iniciou o projeto Super 100, com a aquisi\u00e7\u00e3o de jatos Fokker 100 desativados pela American Airlines. A frota iniciou as opera\u00e7\u00f5es em 2006, j\u00e1 no padr\u00e3o de cores da Avianca, mas curiosamente foram denominados de MK-28.<\/p>\n<p>Em seguida iniciou um agressivo plano de expans\u00e3o, trazendo dois Fokker 50 adicionais da frota da Avianca e dando in\u00edcio \u00e0s rotas internacionais, operadas com dois modelos Boeing 767-300ER adquiridos da United Airlines e um Boeing 757-200 adquirido na Fran\u00e7a, este posteriormente equipado com winglets.<\/p>\n<p>O confuso ano de 2008 marcou tamb\u00e9m um codeshare e aquisi\u00e7\u00e3o das opera\u00e7\u00f5es da BRA Transportes A\u00e9reos, o que variou ainda mais a diversificada frota da empresa, que ia dos pequenos Bras\u00edlia at\u00e9 Boeing 767. Assim com baixa rentabilidade e aumento nos custos operacionais, a OceanAir manteve apenas os Fokker, eliminando rotas regionais e internacionais.<\/p>\n<p>Em 26 de abril de 2010 o nome foi definitivamente trocado para Avianca (Brasil), com a imediata padroniza\u00e7\u00e3o de cores. Em 7 de maio de 2013 recebeu a segunda aeronave, um Airbus A319. Em sua hist\u00f3ria ainda houve o cap\u00edtulo de uma sociedade formada pela OceanAir (49%) e de um Fundo de investimento (51%), que criou uma nova companhia a\u00e9rea chamada Wayraper\u00fa, com pouca dura\u00e7\u00e3o.\u00a0Em novembro de 2013, a Avianca (Brasil) recebeu o primeiro Airbus A320 equipado com sharklets, se tornando a segunda companhia a\u00e9rea brasileira a operar esta variante do A320.<\/p>\n<p>Em 2013, foi anunciada a fus\u00e3o entre Avianca (Brasil) e Avianca Internacional (Avianca Holdings), formando uma s\u00f3 companhia e adotando uma marca \u00fanica, integrando tamb\u00e9m a Star Alliance. A fus\u00e3o e a ado\u00e7\u00e3o de uma nova imagem estavam previstas para o ano de 2014. Tamb\u00e9m para o ano de 2014, estava previsto o recebimento de tr\u00eas aeronaves Airbus A330-200 e a substitui\u00e7\u00e3o dos Fokker 100 por novas aeronaves Airbus A320 equipadas com sharklets.<\/p>\n<p>Em 14 de dezembro de 2013 foi confirmado que a Avianca Brasil far\u00e1 parte da Star Alliance a partir de 2014, trazendo mudan\u00e7as dentro da empresa, como unifica\u00e7\u00e3o da marca com a Avianca International, mudan\u00e7a do sistema e migra\u00e7\u00e3o do Programa Amigo para o LifeMiles.\u00a0No dia 6 de abril de 2014, a Avianca (Brasil) lan\u00e7ou oficialmente sua nova marca e opera\u00e7\u00f5es, ambas, unificadas com a AviancaTaca. Ainda no m\u00eas de abril, ocorreu o lan\u00e7amento da Avianca Cargo (Brasil), com o recebimento da primeira aeronave, um Airbus A330-200F, que ser\u00e1 utilizado inicialmente na rota entre Guarulhos e Manaus.<\/p>\n<p>Em 21 de junho de 2015, a Synergy encomendou at\u00e9 agora \u00e0 Airbus 10 unidades de seu novo avi\u00e3o A350, seis da vers\u00e3o de passageiros do A330-200, uma da vers\u00e3o de transporte de mercadorias desse mesmo modelo e 20 da fam\u00edlia A320.<\/p>\n<p>No dia 1 de julho de 2015, a tripula\u00e7\u00e3o da Avianca Brasil passa a utilizar, a partir de hoje, um novo modelo de uniforme. Os trajes femininos trazem um tom vermelho vibrante, caracter\u00edstico da marca, al\u00e9m do len\u00e7o e chap\u00e9u para complementar a produ\u00e7\u00e3o das tripulantes comerciais.<br \/>\nAinda em julho de 2015, a Avianca Brasil ingressou na Star Alliance e apresentou o Airbus A320 PR-AVR na pintura da Star Alliance. Logo depois o A320 PR-OCQ tamb\u00e9m nas cores da alian\u00e7a.<\/p>\n<p>Entre 2017 e 2018, marcou a expans\u00e3o de rotas nacionais e internacionais da Avianca Brasil; estreou voos para Miami e Nova York, nos Estados Unidos, e Santiago, no Chile. A companhia tamb\u00e9m reestreou voos para a regi\u00e3o Norte que havia deixado de operar anos antes para Bel\u00e9m.<\/p>\n<h3>Avianca\u00a0Bel\u00e9m Loja<\/h3>\n<p>Encontre a<em>\u00a0loja<\/em>\u00a0Avianca mais pr\u00f3xima de voc\u00ea e aproveite todos os servi\u00e7os que a empresa oferece para voc\u00ea:\u00a0compra de bilhetes, planos\u00a0Avianca Tours\u00a0e muito mais.\u00a0\u200b\u200b<\/p>\n<h3>Avianca Bel\u00e9m Promo\u00e7\u00f5es<\/h3>\n<p>Acesse o site da Avianca e confira quais os destinos est\u00e3o em promo\u00e7\u00e3o. Preencha os formul\u00e1rios com a data da sua viagem e o destino e aproveite os pre\u00e7os.<\/p>\n<h3>Vagas\u00a0Avianca Bel\u00e9m &#8211; Trabalhe Conosco<\/h3>\n<p>A Avianca Bel\u00e9m disponibiliza<em> vagas de trabalh<\/em>o durante todo ano. Para se informar sobre os processos seletivos e se candidatar as vagas acompanhe o site da empresa, onde \u00e9 poss\u00edvel se informar sobre vagas abertas, sal\u00e1rios e compet\u00eancias necess\u00e1rias para se candidatar ao processo.<\/p>\n<h3>Hor\u00e1rio de Funcionamento\u00a0Avianca em\u00a0Bel\u00e9m<\/h3>\n<ul>\n<li>Segunda a Sexta das 08h \u00e0s 20h \/ S\u00e1bado das 08h \u00e0s 14h<\/li>\n<\/ul>\n<h3>Endere\u00e7o e Telefone\u00a0Avianca em\u00a0Bel\u00e9m<\/h3>\n<ul>\n<li>Av. J\u00falio C\u00e9sar, s\/n &#8211; Val-de-Cans &#8211; Bel\u00e9m &#8211; PA<\/li>\n<li>Telefone: (91) 3210-6000<\/li>\n<\/ul>\n<h3>Outras informa\u00e7\u00f5es e site<\/h3>\n<ul>\n<li>Mais informa\u00e7\u00f5es:\u00a0<a href=\"https:\/\/www.avianca.com.br\/\" target=\"_blank\" rel=\"noopener noreferrer\">www.avianca.com.br<\/a><\/li>\n<\/ul>\n<h4>Mapa de localiza\u00e7\u00e3o<\/h4>\n<a class=\"wp-colorbox-iframe\" href=\"https:\/\/www.google.com\/maps\/embed?pb=!1m18!1m12!1m3!1d3988.632525516953!2d-48.47787728524586!3d-1.3969362989811775!2m3!1f0!2f0!3f0!3m2!1i1024!2i768!4f13.1!3m3!1m2!1s0x92a48bcee215ca510x479a8ab8845fd0b9!2sAv.+Jlio+Csar+-+Val+de+Caes+Belm+-+PA!5e0!3m2!1spt-BR!2sbr!4v1554795762191!5m2!1spt-BR!2sbr\"><img decoding=\"async\" src=\"http:\/\/www.encontrabelem.com.br\/imgs\/maps-post.png\"><\/a>\n\n<div style=\"font-size: 0px; height: 0px; line-height: 0px; margin: 0; padding: 0; clear: both;\"><\/div>","protected":false},"excerpt":{"rendered":"<p>A Avianca Brasil opera voos regulares desde 2002. Atualmente, atende 23 destinos dom\u00e9sticos e 3 no exterior com 230 decolagens di\u00e1rias, utilizando 47 avi\u00f5es da Airbus \u2013 a frota mais jovem da Am\u00e9rica Latina. Reconhecida pela alta qualidade do seu produto, a\u00a0Avianca Bel\u00e9m oferece diferenciais aos clientes, como entretenimento individual, refei\u00e7\u00e3o de bordo gratuita e maior espa\u00e7o entre poltronas.\u00a0Sempre inovadora, foi a primeira empresa a\u00e9rea da Am\u00e9rica do Sul a ter internet a bordo de avi\u00f5es e uma das pioneiras na opera\u00e7\u00e3o latino-americana do moderno A320neo. Avianca Bel\u00e9m Hist\u00f3ria A Avianca (Brasil) iniciou suas atividades como empresa de t\u00e1xi a\u00e9reo, <\/p>\n","protected":false},"author":1,"featured_media":792,"comment_status":"closed","ping_status":"closed","sticky":false,"template":"","format":"standard","meta":{"footnotes":""},"categories":[27],"tags":[],"class_list":["post-790","post","type-post","status-publish","format-standard","has-post-thumbnail","hentry","category-lugares-em-belem","has_thumb"],"aioseo_notices":[],"_links":{"self":[{"href":"https:\/\/www.encontrabelem.com.br\/sobre\/wp-json\/wp\/v2\/posts\/790","targetHints":{"allow":["GET"]}}],"collection":[{"href":"https:\/\/www.encontrabelem.com.br\/sobre\/wp-json\/wp\/v2\/posts"}],"about":[{"href":"https:\/\/www.encontrabelem.com.br\/sobre\/wp-json\/wp\/v2\/types\/post"}],"author":[{"embeddable":true,"href":"https:\/\/www.encontrabelem.com.br\/sobre\/wp-json\/wp\/v2\/users\/1"}],"replies":[{"embeddable":true,"href":"https:\/\/www.encontrabelem.com.br\/sobre\/wp-json\/wp\/v2\/comments?post=790"}],"version-history":[{"count":0,"href":"https:\/\/www.encontrabelem.com.br\/sobre\/wp-json\/wp\/v2\/posts\/790\/revisions"}],"wp:featuredmedia":[{"embeddable":true,"href":"https:\/\/www.encontrabelem.com.br\/sobre\/wp-json\/wp\/v2\/media\/792"}],"wp:attachment":[{"href":"https:\/\/www.encontrabelem.com.br\/sobre\/wp-json\/wp\/v2\/media?parent=790"}],"wp:term":[{"taxonomy":"category","embeddable":true,"href":"https:\/\/www.encontrabelem.com.br\/sobre\/wp-json\/wp\/v2\/categories?post=790"},{"taxonomy":"post_tag","embeddable":true,"href":"https:\/\/www.encontrabelem.com.br\/sobre\/wp-json\/wp\/v2\/tags?post=790"}],"curies":[{"name":"wp","href":"https:\/\/api.w.org\/{rel}","templated":true}]}}