{"id":79,"date":"2013-02-20T00:01:05","date_gmt":"2013-02-20T03:01:05","guid":{"rendered":"http:\/\/www.encontrabelem.com.br\/noticias\/?p=79"},"modified":"2023-11-13T11:17:38","modified_gmt":"2023-11-13T14:17:38","slug":"belem-sera-contemplada-com-o-lancamento-do-pacto-nacional-de-alfabetizacao-na-idade-certa","status":"publish","type":"post","link":"https:\/\/www.encontrabelem.com.br\/sobre\/belem-sera-contemplada-com-o-lancamento-do-pacto-nacional-de-alfabetizacao-na-idade-certa","title":{"rendered":"Bel\u00e9m ser\u00e1 contemplada com o lan\u00e7amento do Pacto Nacional de Alfabetiza\u00e7\u00e3o na Idade Certa"},"content":{"rendered":"<div class=\"b22802487b0d38c4c6d9f34966e16421\" data-index=\"1\" style=\"float: none; margin:0px;\">\n<!-- Anuncio display - global -->\r\n<ins class=\"adsbygoogle\"\r\n     style=\"display:block\"\r\n     data-ad-client=\"ca-pub-8585364105181520\"\r\n     data-ad-slot=\"8789329856\"\r\n     data-ad-format=\"auto\"\r\n     data-full-width-responsive=\"true\"><\/ins>\r\n<script>\r\n     (adsbygoogle = window.adsbygoogle || []).push({});\r\n<\/script>\n<\/div>\n<p>Chegou a vez de Bel\u00e9m apresentar seus projetos para o Pacto Nacional de Alfabetiza\u00e7\u00e3o na Idade Certa (PNAIC) nos pr\u00f3ximos dias 20 e 21 de fevereiro. O objetivo do Pacto \u00e9 Alfabetizar todas as crian\u00e7as em l\u00edngua portuguesa e em matem\u00e1tica. As a\u00e7\u00f5es est\u00e3o organizadas em quatro eixos de atua\u00e7\u00e3o: Forma\u00e7\u00e3o Continuada de Professores Alfabetizadores, Materiais Did\u00e1ticos e Pedag\u00f3gicos, Avalia\u00e7\u00f5es e Gest\u00e3o, Controle Social e Mobiliza\u00e7\u00e3o. O eixo principal do Pacto \u00e9 a forma\u00e7\u00e3o continuada de professores alfabetizadores.<\/p>\n<p>Em Bel\u00e9m a meta da prefeitura \u00e9 formar 800 professores para alfabetizar plenamente todos os alunos de CI, em 2013 e 2014. Para alcan\u00e7ar essa meta a Prefeitura, por meio do Centro de Forma\u00e7\u00e3o de Professores da Semec, estar\u00e1 promovendo dois <a title=\"Eventos em Bel\u00e9m\" href=\"http:\/\/www.encontrabelem.com.br\/e\/eventos-em-belem.shtml\" target=\"_blank\" rel=\"noopener\">eventos na cidade de Bel\u00e9m<\/a> mensais com dura\u00e3o de 4 horas cada.<\/p>\n<p>O primeiro encontro com os professores acontecer\u00e1 junto com o lan\u00e7amento do Pacto nos dias 20 e 21 de fevereiro, \u00e0s 8h, no audit\u00f3rio do CIIC (Centro Integrado de Inclus\u00e3o e Cidadania do Governo do <a href=\"http:\/\/www.encontrapara.com.br\" target=\"_blank\" rel=\"noopener\">Estado do Par\u00e1<\/a>\u2013 Av. Almirante Barroso,765).<\/p>\n<p><em>Fonte: Prefeitura Municipal de Bel\u00e9m<\/em><\/p>\n\n<div style=\"font-size: 0px; height: 0px; line-height: 0px; margin: 0; padding: 0; clear: both;\"><\/div>","protected":false},"excerpt":{"rendered":"<p>Chegou a vez de Bel\u00e9m apresentar seus projetos para o Pacto Nacional de Alfabetiza\u00e7\u00e3o na Idade Certa (PNAIC) nos pr\u00f3ximos dias 20 e 21 de fevereiro. O objetivo do Pacto \u00e9 Alfabetizar todas as crian\u00e7as em l\u00edngua portuguesa e em matem\u00e1tica. As a\u00e7\u00f5es est\u00e3o organizadas em quatro eixos de atua\u00e7\u00e3o: Forma\u00e7\u00e3o Continuada de Professores Alfabetizadores, Materiais Did\u00e1ticos e Pedag\u00f3gicos, Avalia\u00e7\u00f5es e Gest\u00e3o, Controle Social e Mobiliza\u00e7\u00e3o. O eixo principal do Pacto \u00e9 a forma\u00e7\u00e3o continuada de professores alfabetizadores. Em Bel\u00e9m a meta da prefeitura \u00e9 formar 800 professores para alfabetizar plenamente todos os alunos de CI, em 2013 e 2014. <\/p>\n","protected":false},"author":1,"featured_media":0,"comment_status":"closed","ping_status":"closed","sticky":false,"template":"","format":"standard","meta":{"footnotes":""},"categories":[1,7],"tags":[12],"class_list":["post-79","post","type-post","status-publish","format-standard","hentry","category-noticias-em-belem","category-servicos-em-belem","tag-eventos-em-belem"],"aioseo_notices":[],"_links":{"self":[{"href":"https:\/\/www.encontrabelem.com.br\/sobre\/wp-json\/wp\/v2\/posts\/79","targetHints":{"allow":["GET"]}}],"collection":[{"href":"https:\/\/www.encontrabelem.com.br\/sobre\/wp-json\/wp\/v2\/posts"}],"about":[{"href":"https:\/\/www.encontrabelem.com.br\/sobre\/wp-json\/wp\/v2\/types\/post"}],"author":[{"embeddable":true,"href":"https:\/\/www.encontrabelem.com.br\/sobre\/wp-json\/wp\/v2\/users\/1"}],"replies":[{"embeddable":true,"href":"https:\/\/www.encontrabelem.com.br\/sobre\/wp-json\/wp\/v2\/comments?post=79"}],"version-history":[{"count":0,"href":"https:\/\/www.encontrabelem.com.br\/sobre\/wp-json\/wp\/v2\/posts\/79\/revisions"}],"wp:attachment":[{"href":"https:\/\/www.encontrabelem.com.br\/sobre\/wp-json\/wp\/v2\/media?parent=79"}],"wp:term":[{"taxonomy":"category","embeddable":true,"href":"https:\/\/www.encontrabelem.com.br\/sobre\/wp-json\/wp\/v2\/categories?post=79"},{"taxonomy":"post_tag","embeddable":true,"href":"https:\/\/www.encontrabelem.com.br\/sobre\/wp-json\/wp\/v2\/tags?post=79"}],"curies":[{"name":"wp","href":"https:\/\/api.w.org\/{rel}","templated":true}]}}