{"id":788,"date":"2019-04-09T04:29:20","date_gmt":"2019-04-09T07:29:20","guid":{"rendered":"http:\/\/www.encontrabelem.com.br\/sobre\/?p=788"},"modified":"2023-11-13T11:17:03","modified_gmt":"2023-11-13T14:17:03","slug":"net-belem","status":"publish","type":"post","link":"https:\/\/www.encontrabelem.com.br\/sobre\/net-belem","title":{"rendered":"Net Bel\u00e9m"},"content":{"rendered":"<div class=\"b22802487b0d38c4c6d9f34966e16421\" data-index=\"1\" style=\"float: none; margin:0px;\">\n<!-- Anuncio display - global -->\r\n<ins class=\"adsbygoogle\"\r\n     style=\"display:block\"\r\n     data-ad-client=\"ca-pub-8585364105181520\"\r\n     data-ad-slot=\"8789329856\"\r\n     data-ad-format=\"auto\"\r\n     data-full-width-responsive=\"true\"><\/ins>\r\n<script>\r\n     (adsbygoogle = window.adsbygoogle || []).push({});\r\n<\/script>\n<\/div>\n<p>A NET, que faz parte do grupo Am\u00e9rica M\u00f3vil e \u00e9 a maior operadora de servi\u00e7os convergentes via cabo da Am\u00e9rica Latina. A empresa est\u00e1 presente em mais de 200 das principais cidades e regi\u00f5es metropolitanas do pa\u00eds.<\/p>\n<p>A\u00a0<strong>Net Bel\u00e9m<\/strong>\u00a0oferece pacotes de servi\u00e7os que re\u00fanem TV por assinatura, banda larga, telefonia fixa e celular de forma verdadeiramente convergente.<\/p>\n<p><img loading=\"lazy\" decoding=\"async\" class=\"alignnone wp-image-789 size-full\" title=\"Net Bel\u00e9m\" src=\"http:\/\/www.encontrabelem.com.br\/sobre\/wp-content\/uploads\/2019\/04\/net-osasco.jpg\" alt=\"Net Bel\u00e9m\" width=\"680\" height=\"189\" srcset=\"https:\/\/www.encontrabelem.com.br\/sobre\/wp-content\/uploads\/2019\/04\/net-osasco.jpg 680w, https:\/\/www.encontrabelem.com.br\/sobre\/wp-content\/uploads\/2019\/04\/net-osasco-300x83.jpg 300w\" sizes=\"auto, (max-width: 680px) 100vw, 680px\" \/><\/p>\n<p>A NET \u00e9 l\u00edder em\u00a0<em>TV por assinatura e banda larga<\/em>\u00a0no Brasil. Tamb\u00e9m lidera o crescimento da\u00a0<em>telefonia fixa<\/em>, sendo a operadora que mais recebe n\u00fameros portados de outras operadoras. Desde sua cria\u00e7\u00e3o, em 1991, a NET se destaca pelo perfil inovador, din\u00e2mico e pioneiro, sempre atenta \u00e0s melhores oportunidades de mercado, buscando crescer de forma sustent\u00e1vel e segura<\/p>\n<h2>Net Bel\u00e9m NetCombo<\/h2>\n<p>Para ofereceu um servi\u00e7o completo para os clientes a Net Fortaleza oferece o<em>\u00a0Netcombo,\u00a0<\/em>onde existe a combina\u00e7\u00e3o de servi\u00e7os como internet, telefone e tv. Acesse o site e verifique os combos oferecidos.<\/p>\n<h3>Net Bel\u00e9m &#8211; Suporte<\/h3>\n<p>Se voc\u00ea est\u00e1 com problemas em seu servi\u00e7o NET, seja na banda larga, TV ou fixo da NET, \u00e9 s\u00f3 ligar e falar com o time de<em>\u00a0suporte<\/em>\u00a0NET. Os atendentes do atendimento ao cliente est\u00e3o preparados e treinados para resolver suas d\u00favidas e dificuldades.\u00a0Suporte NET para clientes: 106 21<\/p>\n<h3>Vagas Net Bel\u00e9m \u2013 Trabalhe Conosco<\/h3>\n<p>A empresa NET Fortaleza est\u00e1 sempre em busca dos melhores profissionais. Ao acessar o portal da empresa voc\u00ea pode acompanhar e conhecer os programas oferecidos e se candidatar para fazer parte da equipe.<\/p>\n<p>A\u00a0<em>NET<\/em>\u00a0foca no desenvolvimento profissional, carreiras de sucesso, na inova\u00e7\u00e3o e na diversidade.<\/p>\n<h3>Hor\u00e1rio de Funcionamento Net em Bel\u00e9m<\/h3>\n<ul>\n<li><strong>Nazar\u00e9:<\/strong>\u00a0Segunda a Sexta das 09h \u00e0s 22h \/ S\u00e1bado e Domingo das 08h \u00e0s 14h<\/li>\n<li><strong>Tel\u00e9grafo:<\/strong> Segunda a Sexta das 09h \u00e0s 22h \/ S\u00e1bado e Domingo das 08h \u00e0s 14h<\/li>\n<li><strong>Chap\u00e9u Virado:<\/strong>\u00a0Segunda a Sexta das 08h \u00e0s 18h \/ S\u00e1bado das 08h \u00e0s 14h<\/li>\n<li><strong>Campina:<\/strong> Segunda a Sexta das 08h \u00e0s 18h \/ S\u00e1bado das 08h \u00e0s 14h<\/li>\n<li><strong>Coqueiro:<\/strong> Segunda a Sexta das 08h \u00e0s 17h30 \/ S\u00e1bado das 08h \u00e0s 14h<\/li>\n<li><strong>Umarizal:<\/strong> Segunda a Sexta das 08h \u00e0s 18h \/ S\u00e1bado das 08h \u00e0s 13h<\/li>\n<li><strong>F\u00e1tima:<\/strong> Segunda a Sexta das 08h \u00e0s 18h \/ S\u00e1bado das 08h \u00e0s 14h<\/li>\n<\/ul>\n<h3>Onde fica, Endere\u00e7o e Telefone Net em Bel\u00e9m<\/h3>\n<ul>\n<li><strong>Nazar\u00e9:<\/strong> Av. Governador Magalh\u00e3es Barata, 314 &#8211; Telefone: (91) 3199-9976<\/li>\n<li><strong>Tel\u00e9grafo:<\/strong> Av. Senador Lemos, 1857 &#8211; Telefone: (91) 3199-9976<\/li>\n<li><strong>Chap\u00e9u Virado:<\/strong> Av. 16 de Novembro, 117 &#8211; Telefone: (91) 3199-9976<\/li>\n<li><strong>Campina:<\/strong> Rua Senador Manoel Barata, 1020 &#8211; Telefone:\u00a0\u00a0(91) 3199-9976<\/li>\n<li><strong>Coqueiro:<\/strong> Rodovia Br 316, 500 &#8211; Telefone: (91) 3075-4488<\/li>\n<li><strong>Umarizal:<\/strong> Av. General\u00edssimo Deodoro, 580 &#8211; Telefone: (91) 3199-9976<\/li>\n<li><strong>F\u00e1tima:<\/strong> Travessa Francisco Caldeira Castelo Branco, 547 &#8211; Telefone: \u00a0(91) 3199-9976<\/li>\n<\/ul>\n<h4>Outras informa\u00e7\u00f5es: Site, Pacotes, Promo\u00e7\u00f5es<\/h4>\n<ul>\n<li>Mais informa\u00e7\u00f5es:\u00a0<a href=\"http:\/\/www.netcombo.com.br\/\" target=\"_blank\" rel=\"noopener noreferrer\">www.netcombo.com.br<\/a><\/li>\n<\/ul>\n<h4>Mapa de localiza\u00e7\u00e3o Nazar\u00e9<\/h4>\n<a class=\"wp-colorbox-iframe\" href=\"https:\/\/www.google.com\/maps\/embed?pb=!1m18!1m12!1m3!1d3988.536973909992!2d-48.479891685245875!3d-1.4521315989409584!2m3!1f0!2f0!3f0!3m2!1i1024!2i768!4f13.1!3m3!1m2!1s0x92a48c27e1ddb0430xa4acadac49523555!2sAv.+Gov+Magalhes+Barata+314+-+Nazar+Belm+-+PA+66040-170!5e0!3m2!1spt-BR!2sbr!4v1554794834831!5m2!1spt-BR!2sbr\"><img decoding=\"async\" src=\"http:\/\/www.encontrabelem.com.br\/imgs\/maps-post.png\"><\/a>\n\n<div style=\"font-size: 0px; height: 0px; line-height: 0px; margin: 0; padding: 0; clear: both;\"><\/div>","protected":false},"excerpt":{"rendered":"<p>A NET, que faz parte do grupo Am\u00e9rica M\u00f3vil e \u00e9 a maior operadora de servi\u00e7os convergentes via cabo da Am\u00e9rica Latina. A empresa est\u00e1 presente em mais de 200 das principais cidades e regi\u00f5es metropolitanas do pa\u00eds. A\u00a0Net Bel\u00e9m\u00a0oferece pacotes de servi\u00e7os que re\u00fanem TV por assinatura, banda larga, telefonia fixa e celular de forma verdadeiramente convergente. A NET \u00e9 l\u00edder em\u00a0TV por assinatura e banda larga\u00a0no Brasil. Tamb\u00e9m lidera o crescimento da\u00a0telefonia fixa, sendo a operadora que mais recebe n\u00fameros portados de outras operadoras. Desde sua cria\u00e7\u00e3o, em 1991, a NET se destaca pelo perfil inovador, din\u00e2mico e <\/p>\n","protected":false},"author":1,"featured_media":789,"comment_status":"closed","ping_status":"closed","sticky":false,"template":"","format":"standard","meta":{"footnotes":""},"categories":[27],"tags":[],"class_list":["post-788","post","type-post","status-publish","format-standard","has-post-thumbnail","hentry","category-lugares-em-belem","has_thumb"],"aioseo_notices":[],"_links":{"self":[{"href":"https:\/\/www.encontrabelem.com.br\/sobre\/wp-json\/wp\/v2\/posts\/788","targetHints":{"allow":["GET"]}}],"collection":[{"href":"https:\/\/www.encontrabelem.com.br\/sobre\/wp-json\/wp\/v2\/posts"}],"about":[{"href":"https:\/\/www.encontrabelem.com.br\/sobre\/wp-json\/wp\/v2\/types\/post"}],"author":[{"embeddable":true,"href":"https:\/\/www.encontrabelem.com.br\/sobre\/wp-json\/wp\/v2\/users\/1"}],"replies":[{"embeddable":true,"href":"https:\/\/www.encontrabelem.com.br\/sobre\/wp-json\/wp\/v2\/comments?post=788"}],"version-history":[{"count":0,"href":"https:\/\/www.encontrabelem.com.br\/sobre\/wp-json\/wp\/v2\/posts\/788\/revisions"}],"wp:featuredmedia":[{"embeddable":true,"href":"https:\/\/www.encontrabelem.com.br\/sobre\/wp-json\/wp\/v2\/media\/789"}],"wp:attachment":[{"href":"https:\/\/www.encontrabelem.com.br\/sobre\/wp-json\/wp\/v2\/media?parent=788"}],"wp:term":[{"taxonomy":"category","embeddable":true,"href":"https:\/\/www.encontrabelem.com.br\/sobre\/wp-json\/wp\/v2\/categories?post=788"},{"taxonomy":"post_tag","embeddable":true,"href":"https:\/\/www.encontrabelem.com.br\/sobre\/wp-json\/wp\/v2\/tags?post=788"}],"curies":[{"name":"wp","href":"https:\/\/api.w.org\/{rel}","templated":true}]}}