{"id":774,"date":"2019-04-05T13:30:10","date_gmt":"2019-04-05T16:30:10","guid":{"rendered":"http:\/\/www.encontrabelem.com.br\/sobre\/?p=774"},"modified":"2023-11-13T11:17:04","modified_gmt":"2023-11-13T14:17:04","slug":"celpa-belem","status":"publish","type":"post","link":"https:\/\/www.encontrabelem.com.br\/sobre\/celpa-belem","title":{"rendered":"Celpa Bel\u00e9m"},"content":{"rendered":"<div class=\"b22802487b0d38c4c6d9f34966e16421\" data-index=\"1\" style=\"float: none; margin:0px;\">\n<!-- Anuncio display - global -->\r\n<ins class=\"adsbygoogle\"\r\n     style=\"display:block\"\r\n     data-ad-client=\"ca-pub-8585364105181520\"\r\n     data-ad-slot=\"8789329856\"\r\n     data-ad-format=\"auto\"\r\n     data-full-width-responsive=\"true\"><\/ins>\r\n<script>\r\n     (adsbygoogle = window.adsbygoogle || []).push({});\r\n<\/script>\n<\/div>\n<p>A <strong>Celpa Bel\u00e9m<\/strong> \u2013 Centrais El\u00e9tricas do Par\u00e1, \u00fanica empresa de distribui\u00e7\u00e3o de energia el\u00e9trica autorizada pela ANEEL para atuar em toda a \u00e1rea de concess\u00e3o do estado do Par\u00e1, est\u00e1 distribu\u00edda em cinco Regionais, com sedes em Bel\u00e9m, Castanhal, Marab\u00e1, Santar\u00e9m e Altamira, atendendo todos os 144 munic\u00edpios do estado, o que corresponde a mais de 2 milh\u00f5es de clientes.<\/p>\n<p>Em 1962 a Celpa foi criada com o objetivo de eletrificar o Estado do Par\u00e1 e sete anos mais tarde, associou-se \u00e0 For\u00e7a e Luz do Par\u00e1 S.A &#8211; Forluz, originando uma \u00fanica concession\u00e1ria de energia.\u00a0Em 1981, a Celpa passou a contar com energia do Sistema Interligado Norte-Nordeste e, em 1998, por meio de um leil\u00e3o de privatiza\u00e7\u00e3o realizado no dia 09 de julho, passou a fazer parte da Rede Energia.<\/p>\n<p><img loading=\"lazy\" decoding=\"async\" class=\"alignnone wp-image-775 size-full\" title=\"Celpa Bel\u00e9m\" src=\"http:\/\/www.encontrabelem.com.br\/sobre\/wp-content\/uploads\/2019\/04\/celpa-belem.gif\" alt=\"Celpa Bel\u00e9m\" width=\"680\" height=\"189\" \/><\/p>\n<p>A Celpa passa por um processo pleno de transforma\u00e7\u00f5es. Seu modelo de gest\u00e3o \u00e9 direcionado para aperfei\u00e7oar os processos, melhorar continuamente o fornecimento de energia el\u00e9trica e o atendimento aos clientes, sem deixar de valorizar e reconhecer o empenho dos seus colaboradores.\u00a0\u00a0Esse trabalho faz parte da trajet\u00f3ria de uma empresa que busca promover o desenvolvimento do estado e prestar um servi\u00e7o de qualidade para a popula\u00e7\u00e3o.<\/p>\n<h2>Celpa\u00a0Bel\u00e9m D\u00e9bitos<\/h2>\n<p>Para consultar <em>d\u00e9bitos<\/em> e emitir a segunda via de suas contas basta acessar na p\u00e1gina a aba &#8220;residencial ou comercial&#8221; e clicar no \u00edcone d\u00e9bitos e segundas vias. No primeiro acesso ser\u00e1 necess\u00e1rio vincular uma conta utilizando o CPF do titular ou o n\u00famero do contrato que consta em sua fatura.<\/p>\n<h3>Celpa Bel\u00e9m Liga\u00e7\u00e3o de Energia<\/h3>\n<p>Voc\u00ea pode solicitar a<em> liga\u00e7\u00e3o <\/em>ou religa\u00e7\u00e3o de energia atrav\u00e9s do site da Celpa. Basta clicar em Solicitar nova liga\u00e7\u00e3o ou solicitar religa\u00e7\u00e3o e preencher os formul\u00e1rios.<\/p>\n<h3>Vagas\u00a0Celpa Bel\u00e9m &#8211; Trabalhe Conosco<\/h3>\n<p>A Celpa Bel\u00e9m disponibiliza <em>vagas de trabalho<\/em> durante todo ano. Para se informar sobre os processos seletivos e se candidatar as vagas acompanhe o site da empresa, onde \u00e9 poss\u00edvel se informar sobre vagas abertas, sal\u00e1rios e compet\u00eancias necess\u00e1rias para se candidatar ao processo.<\/p>\n<h3>Hor\u00e1rio de Funcionamento\u00a0Celpa em Bel\u00e9m<\/h3>\n<ul>\n<li>Segunda a Sexta das 08h \u00e0s 17h<\/li>\n<\/ul>\n<h3>Onde Fica, Endere\u00e7o e Telefone\u00a0Celpa em Bel\u00e9m<\/h3>\n<ul>\n<li><strong>Nazar\u00e9:<\/strong> Av. Governador Magalh\u00e3es Barata, 209 &#8211; Telefone: (91) 98091-0196<\/li>\n<li><strong>Pedreira:<\/strong> Travessa Lomas Valentinas, s\/n &#8211; Telefone: 0800 091 0196<\/li>\n<li><strong>Icoaracy:<\/strong> Rua Padre J\u00falio Maria, 500 &#8211; Telefone: 0800 091 0196<\/li>\n<li><strong>Castanheira:<\/strong> Rodovia Augusto Montenegro, 5639 &#8211; Telefone: (91) 3216-1200<\/li>\n<li><strong>Mosqueiro: T<\/strong>ravesssa Rodrigues Pinage, s\/n &#8211; Telefone: (91) 3771-5980<\/li>\n<li><strong>Mangueiras:<\/strong> Rua Rodrigues Pinaj\u00e9, 968 &#8211; Telefone: (91) 3771-5980<\/li>\n<\/ul>\n<h4>Outras informa\u00e7\u00f5es e site<\/h4>\n<ul>\n<li>Mais informa\u00e7\u00f5es:\u00a0<a href=\"http:\/\/www.celpa.com.br\/\" target=\"_blank\" rel=\"noopener noreferrer\">www.celpa.com.br<\/a><\/li>\n<\/ul>\n<h4>Mapa de localiza\u00e7\u00e3o Icoaracy<\/h4>\n<a class=\"wp-colorbox-iframe\" href=\"https:\/\/www.google.com\/maps\/embed?pb=!1m18!1m12!1m3!1d3988.7942156365193!2d-48.487893585245935!3d-1.2982027990531357!2m3!1f0!2f0!3f0!3m2!1i1024!2i768!4f13.1!3m3!1m2!1s0x92a4642265d8fa190x2286383c67c56c64!2sR.+Padre+Jlio+Maria+500+-+Cruzeiro+(Icoraci)+Belm+-+PA+66810-060!5e0!3m2!1spt-BR!2sbr!4v1554481627059!5m2!1spt-BR!2sbr\"><img decoding=\"async\" src=\"http:\/\/www.encontrabelem.com.br\/imgs\/maps-post.png\"><\/a>\n\n<div style=\"font-size: 0px; height: 0px; line-height: 0px; margin: 0; padding: 0; clear: both;\"><\/div>","protected":false},"excerpt":{"rendered":"<p>A Celpa Bel\u00e9m \u2013 Centrais El\u00e9tricas do Par\u00e1, \u00fanica empresa de distribui\u00e7\u00e3o de energia el\u00e9trica autorizada pela ANEEL para atuar em toda a \u00e1rea de concess\u00e3o do estado do Par\u00e1, est\u00e1 distribu\u00edda em cinco Regionais, com sedes em Bel\u00e9m, Castanhal, Marab\u00e1, Santar\u00e9m e Altamira, atendendo todos os 144 munic\u00edpios do estado, o que corresponde a mais de 2 milh\u00f5es de clientes. Em 1962 a Celpa foi criada com o objetivo de eletrificar o Estado do Par\u00e1 e sete anos mais tarde, associou-se \u00e0 For\u00e7a e Luz do Par\u00e1 S.A &#8211; Forluz, originando uma \u00fanica concession\u00e1ria de energia.\u00a0Em 1981, a Celpa <\/p>\n","protected":false},"author":1,"featured_media":775,"comment_status":"closed","ping_status":"closed","sticky":false,"template":"","format":"standard","meta":{"footnotes":""},"categories":[7],"tags":[],"class_list":["post-774","post","type-post","status-publish","format-standard","has-post-thumbnail","hentry","category-servicos-em-belem","has_thumb"],"aioseo_notices":[],"_links":{"self":[{"href":"https:\/\/www.encontrabelem.com.br\/sobre\/wp-json\/wp\/v2\/posts\/774","targetHints":{"allow":["GET"]}}],"collection":[{"href":"https:\/\/www.encontrabelem.com.br\/sobre\/wp-json\/wp\/v2\/posts"}],"about":[{"href":"https:\/\/www.encontrabelem.com.br\/sobre\/wp-json\/wp\/v2\/types\/post"}],"author":[{"embeddable":true,"href":"https:\/\/www.encontrabelem.com.br\/sobre\/wp-json\/wp\/v2\/users\/1"}],"replies":[{"embeddable":true,"href":"https:\/\/www.encontrabelem.com.br\/sobre\/wp-json\/wp\/v2\/comments?post=774"}],"version-history":[{"count":0,"href":"https:\/\/www.encontrabelem.com.br\/sobre\/wp-json\/wp\/v2\/posts\/774\/revisions"}],"wp:featuredmedia":[{"embeddable":true,"href":"https:\/\/www.encontrabelem.com.br\/sobre\/wp-json\/wp\/v2\/media\/775"}],"wp:attachment":[{"href":"https:\/\/www.encontrabelem.com.br\/sobre\/wp-json\/wp\/v2\/media?parent=774"}],"wp:term":[{"taxonomy":"category","embeddable":true,"href":"https:\/\/www.encontrabelem.com.br\/sobre\/wp-json\/wp\/v2\/categories?post=774"},{"taxonomy":"post_tag","embeddable":true,"href":"https:\/\/www.encontrabelem.com.br\/sobre\/wp-json\/wp\/v2\/tags?post=774"}],"curies":[{"name":"wp","href":"https:\/\/api.w.org\/{rel}","templated":true}]}}