{"id":760,"date":"2019-04-05T04:36:42","date_gmt":"2019-04-05T07:36:42","guid":{"rendered":"http:\/\/www.encontrabelem.com.br\/sobre\/?p=760"},"modified":"2023-11-13T11:17:19","modified_gmt":"2023-11-13T14:17:19","slug":"fapan-belem","status":"publish","type":"post","link":"https:\/\/www.encontrabelem.com.br\/sobre\/fapan-belem","title":{"rendered":"Fapan Bel\u00e9m"},"content":{"rendered":"<div class=\"b22802487b0d38c4c6d9f34966e16421\" data-index=\"1\" style=\"float: none; margin:0px;\">\n<!-- Anuncio display - global -->\r\n<ins class=\"adsbygoogle\"\r\n     style=\"display:block\"\r\n     data-ad-client=\"ca-pub-8585364105181520\"\r\n     data-ad-slot=\"8789329856\"\r\n     data-ad-format=\"auto\"\r\n     data-full-width-responsive=\"true\"><\/ins>\r\n<script>\r\n     (adsbygoogle = window.adsbygoogle || []).push({});\r\n<\/script>\n<\/div>\n<p>A\u00a0<strong>FAPAN Bel\u00e9m<\/strong> se prop\u00f5e a forma\u00e7\u00e3o atualizada dos alunos capacitando-os para uma sociedade em constante mudan\u00e7a, por meio de ensino de qualidade que utiliza tecnologias adequadas aos seus projetos, nas \u00e1reas das ci\u00eancias humanas, sociais. A finalidade maior \u00e9 promover o desenvolvimento do potencial dos alunos, estabelecendo condi\u00e7\u00f5es que possibilitem a inser\u00e7\u00e3o no mercado de trabalho em condi\u00e7\u00f5es de competir de modo criativo na solu\u00e7\u00e3o dos problemas com os quais forem confrontados na busca da constru\u00e7\u00e3o de uma sociedade melhor.<\/p>\n<p>A Faculdade Pan Amaz\u00f4nica (FAPAN) tem como miss\u00e3o investir em um processo de ensino e aprendizagem que capacite os seus egressos a atenderem \u00e0s necessidades e expectativas do mercado de trabalho e da sociedade, com compet\u00eancia para formular, sistematizar e socializar conhecimentos em suas \u00e1reas de atua\u00e7\u00e3o.<\/p>\n<p><img loading=\"lazy\" decoding=\"async\" class=\"alignnone wp-image-761 size-full\" title=\"Fapan Bel\u00e9m\" src=\"http:\/\/www.encontrabelem.com.br\/sobre\/wp-content\/uploads\/2019\/04\/fapan-belem.gif\" alt=\"Fapan Bel\u00e9m\" width=\"680\" height=\"189\" \/><\/p>\n<p>Para alcan\u00e7ar este objetivo, a institui\u00e7\u00e3o promove a educa\u00e7\u00e3o superior integrando a pesquisa e a extens\u00e3o, visando a forma\u00e7\u00e3o de sujeitos empreendedores e comprometidos com o autoconhecimento, a transforma\u00e7\u00e3o social, cultural, pol\u00edtica e econ\u00f4mica do Estado e da regi\u00e3o.<\/p>\n<h2>Fapan\u00a0Bel\u00e9m Cursos<\/h2>\n<p>A\u00a0Fapan oferece os seguintes <em>cursos<\/em> de gradua\u00e7\u00e3o:<\/p>\n<ul>\n<li>Administra\u00e7\u00e3o<\/li>\n<li>Ci\u00eancia da Computa\u00e7\u00e3o<\/li>\n<li>Ci\u00eancias Cont\u00e1beis<\/li>\n<li>Com\u00e9rcio Exterior<\/li>\n<li>Comunica\u00e7\u00e3o Social (Publicidade e Propaganda)<\/li>\n<li>Direito<\/li>\n<li>Enfermagem<\/li>\n<li>Engenharia de Produ\u00e7\u00e3o<\/li>\n<li>Est\u00e9tica e Cosm\u00e9tica<\/li>\n<li>Gest\u00e3o Comercial<\/li>\n<li>Gest\u00e3o Hospitalar<\/li>\n<li>Gest\u00e3o de Recursos Humanos<\/li>\n<li>Gest\u00e3o da Tecnologia da Informa\u00e7\u00e3o<\/li>\n<li>Marketing<\/li>\n<li>Processos Gerenciais<\/li>\n<li>Servi\u00e7o Social<\/li>\n<li>Turismo<\/li>\n<\/ul>\n<h3>Fapan\u00a0Bel\u00e9m Vestibular<\/h3>\n<p>A Fapan admite alunos por meio de provas de<em> vestibular<\/em>, fique atento ao site e n\u00e3o perca a data de inscri\u00e7\u00e3o.<em><br \/>\n<\/em><\/p>\n<h3>Fapan Bel\u00e9m Portal do Aluno<\/h3>\n<p>No site da faculdade voc\u00ea tem acesso ao<em> portal do aluno <\/em>por meio de login e senha previamente cadastrados. Nesse espa\u00e7o voc\u00ea tem acesso a notas, provas e todo conte\u00fado das aulas.<\/p>\n<h3>Vagas\u00a0Fapan Bel\u00e9m &#8211; Trabalhe Conosco<\/h3>\n<p>A\u00a0Fapan Bel\u00e9m disponibiliza <em>vagas de trabalho<\/em> durante todo ano. Para se informar sobre os processos seletivos e se candidatar as vagas acompanhe o site da empresa, onde \u00e9 poss\u00edvel se informar sobre vagas abertas, sal\u00e1rios e compet\u00eancias necess\u00e1rias para se candidatar ao processo.<\/p>\n<h3>Hor\u00e1rio de Funcionamento\u00a0Fapan em Bel\u00e9m<\/h3>\n<ul>\n<li>Segunda a Sexta das 08h \u00e0s 19h<\/li>\n<\/ul>\n<h3>Endere\u00e7o e Telefone\u00a0Fapan em Bel\u00e9m<\/h3>\n<ul>\n<li>R. dos Mundurucus, 4.010 &#8211; Crema\u00e7\u00e3o &#8211; Bel\u00e9m &#8211; PA<\/li>\n<li>Telefone: (91) 3039-1000<\/li>\n<\/ul>\n<h4>Outras informa\u00e7\u00f5es e site<\/h4>\n<ul>\n<li>Mais informa\u00e7\u00f5es:\u00a0<a href=\"http:\/\/www.suafaculdade.com.br\/FAPAN\/\" target=\"_blank\" rel=\"noopener noreferrer\">www.suafaculdade.com.br<\/a><\/li>\n<li>CNPJ: 01.711.282\/0001-06<\/li>\n<\/ul>\n<h4>Mapa de localiza\u00e7\u00e3o<\/h4>\n<a class=\"wp-colorbox-iframe\" href=\"https:\/\/www.google.com\/maps\/embed?pb=!1m14!1m8!1m3!1d15954.106564897409!2d-48.4699883!3d-1.4579751!3m2!1i1024!2i768!4f13.1!3m3!1m2!1s0x00x9d6e4bf4f7f5c4c2!2sFAPAN+Faculdade+Pan+Amaznica!5e0!3m2!1spt-BR!2sbr!4v1554449476591!5m2!1spt-BR!2sbr\"><img decoding=\"async\" src=\"http:\/\/www.encontrabelem.com.br\/imgs\/maps-post.png\"><\/a>\n\n<div style=\"font-size: 0px; height: 0px; line-height: 0px; margin: 0; padding: 0; clear: both;\"><\/div>","protected":false},"excerpt":{"rendered":"<p>A\u00a0FAPAN Bel\u00e9m se prop\u00f5e a forma\u00e7\u00e3o atualizada dos alunos capacitando-os para uma sociedade em constante mudan\u00e7a, por meio de ensino de qualidade que utiliza tecnologias adequadas aos seus projetos, nas \u00e1reas das ci\u00eancias humanas, sociais. A finalidade maior \u00e9 promover o desenvolvimento do potencial dos alunos, estabelecendo condi\u00e7\u00f5es que possibilitem a inser\u00e7\u00e3o no mercado de trabalho em condi\u00e7\u00f5es de competir de modo criativo na solu\u00e7\u00e3o dos problemas com os quais forem confrontados na busca da constru\u00e7\u00e3o de uma sociedade melhor. A Faculdade Pan Amaz\u00f4nica (FAPAN) tem como miss\u00e3o investir em um processo de ensino e aprendizagem que capacite os seus <\/p>\n","protected":false},"author":1,"featured_media":761,"comment_status":"closed","ping_status":"closed","sticky":false,"template":"","format":"standard","meta":{"footnotes":""},"categories":[26],"tags":[],"class_list":["post-760","post","type-post","status-publish","format-standard","has-post-thumbnail","hentry","category-educacao-em-belem","has_thumb"],"aioseo_notices":[],"_links":{"self":[{"href":"https:\/\/www.encontrabelem.com.br\/sobre\/wp-json\/wp\/v2\/posts\/760","targetHints":{"allow":["GET"]}}],"collection":[{"href":"https:\/\/www.encontrabelem.com.br\/sobre\/wp-json\/wp\/v2\/posts"}],"about":[{"href":"https:\/\/www.encontrabelem.com.br\/sobre\/wp-json\/wp\/v2\/types\/post"}],"author":[{"embeddable":true,"href":"https:\/\/www.encontrabelem.com.br\/sobre\/wp-json\/wp\/v2\/users\/1"}],"replies":[{"embeddable":true,"href":"https:\/\/www.encontrabelem.com.br\/sobre\/wp-json\/wp\/v2\/comments?post=760"}],"version-history":[{"count":0,"href":"https:\/\/www.encontrabelem.com.br\/sobre\/wp-json\/wp\/v2\/posts\/760\/revisions"}],"wp:featuredmedia":[{"embeddable":true,"href":"https:\/\/www.encontrabelem.com.br\/sobre\/wp-json\/wp\/v2\/media\/761"}],"wp:attachment":[{"href":"https:\/\/www.encontrabelem.com.br\/sobre\/wp-json\/wp\/v2\/media?parent=760"}],"wp:term":[{"taxonomy":"category","embeddable":true,"href":"https:\/\/www.encontrabelem.com.br\/sobre\/wp-json\/wp\/v2\/categories?post=760"},{"taxonomy":"post_tag","embeddable":true,"href":"https:\/\/www.encontrabelem.com.br\/sobre\/wp-json\/wp\/v2\/tags?post=760"}],"curies":[{"name":"wp","href":"https:\/\/api.w.org\/{rel}","templated":true}]}}