{"id":750,"date":"2019-04-01T05:58:00","date_gmt":"2019-04-01T08:58:00","guid":{"rendered":"http:\/\/www.encontrabelem.com.br\/sobre\/?p=750"},"modified":"2023-11-13T11:17:19","modified_gmt":"2023-11-13T14:17:19","slug":"lib-music-belem-90-5","status":"publish","type":"post","link":"https:\/\/www.encontrabelem.com.br\/sobre\/lib-music-belem-90-5","title":{"rendered":"Lib Music Bel\u00e9m 90.5"},"content":{"rendered":"<div class=\"b22802487b0d38c4c6d9f34966e16421\" data-index=\"1\" style=\"float: none; margin:0px;\">\n<!-- Anuncio display - global -->\r\n<ins class=\"adsbygoogle\"\r\n     style=\"display:block\"\r\n     data-ad-client=\"ca-pub-8585364105181520\"\r\n     data-ad-slot=\"8789329856\"\r\n     data-ad-format=\"auto\"\r\n     data-full-width-responsive=\"true\"><\/ins>\r\n<script>\r\n     (adsbygoogle = window.adsbygoogle || []).push({});\r\n<\/script>\n<\/div>\n<p><strong>A Lib Music\u00a0Bel\u00e9m\u00a0 90,5<\/strong> \u00e9 uma emissora de r\u00e1dio brasileira sediada em Bel\u00e9m, capital do estado do Par\u00e1. Opera no dial FM, na frequ\u00eancia 90.5 MHz, e \u00e9 afiliada \u00e0 FM O Dia, sendo propriedade do Grupo Roma.<\/p>\n<p>Seus est\u00fadios est\u00e3o localizados no bairro Nazar\u00e9, e seus transmissores est\u00e3o na torre da TV Liberal Bel\u00e9m, no mesmo quarteir\u00e3o.<\/p>\n<p><img loading=\"lazy\" decoding=\"async\" class=\"alignnone wp-image-751 size-full\" title=\"Lib Music Bel\u00e9m 90.5\" src=\"http:\/\/www.encontrabelem.com.br\/sobre\/wp-content\/uploads\/2019\/04\/libmusic-belem.gif\" alt=\"Lib Music Bel\u00e9m 90.5\" width=\"680\" height=\"189\" \/><\/p>\n<h2>Hist\u00f3ria Lib Music\u00a0Bel\u00e9m 90,5<\/h2>\n<p>Lib Music FM (2011-2018)<br \/>\nDesde 2008, a frequ\u00eancia 90.5 MHz estava no ar em Bel\u00e9m com o projeto da R\u00e1dio O Liberal CBN, que tinha o prop\u00f3sito de ser a primeira emissora de r\u00e1dio do Par\u00e1 com o conceito all news. Em janeiro de 2011, foi anunciado que a O Liberal CBN iria sair do FM e dar espa\u00e7o para uma nova r\u00e1dio de conte\u00fado adulto-contempor\u00e2neo, a Lib Music FM. A estreia da nova r\u00e1dio ocorreu em 9 de fevereiro e contou com uma festa de lan\u00e7amento para clientes da Organiza\u00e7\u00f5es R\u00f4mulo Maiorana, ag\u00eancias de publicidade e personalidades do mercado.<\/p>\n<p>Em mar\u00e7o de 2018, as empresas das ORM foram divididas com o ex-presidente R\u00f4mulo Maiorana Junior, que assumiu a administra\u00e7\u00e3o da Lib Music FM, agora parte do Grupo Roma. Em maio, R\u00f4mulo confirmou em editorial o lan\u00e7amento da Roma FM atrav\u00e9s da frequ\u00eancia 90.5 MHz, sem dar mais detalhes sobre o projeto. A frequ\u00eancia continuou atuando como Lib Music FM at\u00e9 o final do dia 2 de julho. No dia seguinte, passou a adotar uma programa\u00e7\u00e3o popular sem nome definido. Os locutores da Lib Music FM foram dispensados.<\/p>\n<p>FM O Dia (desde 2018)<br \/>\nEm 28 de agosto, contrariando o que havia sido dito pelo grupo, os 90.5 MHz passaram a rodar chamadas de expectativa para a estreia da FM O Dia, rede de r\u00e1dio popular liderada a partir do Rio de Janeiro.[6] Em 12 de setembro, o Grupo Roma confirmou a estreia da rede em Bel\u00e9m para 27 de setembro. A r\u00e1dio tamb\u00e9m ganharia afiliadas em Itaituba e Marab\u00e1, substituindo a Rede Liberal FM, e futuramente em Castanhal, substituindo a R\u00e1dio Liberal com sua migra\u00e7\u00e3o AM-FM. Na data prevista, ao meio-dia, entrou no ar a FM O Dia Bel\u00e9m, em evento que contou com a participa\u00e7\u00e3o de David Brazil e Gominho, locutores da matriz carioca, al\u00e9m de outros convidados.<\/p>\n<p>Por\u00e9m, devido a um acidente de carro, envolvendo Giovanni Maiorana, filho do dono do Grupo Roma, Romulo Maiorana Junior, as afiliadas foram apresentadas para a rede somente no dia 15 de outubro, \u00e0s 13h, no programa Vibes e Tal. No dia 17 de novembro, a FM O Dia estreou em Castanhal pela frequ\u00eancia 1330 KHz em AM, iniciando os preparativos de sua migra\u00e7\u00e3o para os 92.3 MHz em FM.<\/p>\n<h3>Lib Music Bel\u00e9m 90.5\u00a0Ao Vivo<\/h3>\n<p><em><iframe loading=\"lazy\" src=\"https:\/\/www.cxradio.com.br\/incorporar\/fm-o-dia-90-5-fm-belem\" width=\"438\" height=\"280\" frameborder=\"0\" allowfullscreen=\"allowfullscreen\"><\/iframe><\/em><\/p>\n<h3>Vagas\u00a0O Dia Bel\u00e9m &#8211; Trabalhe Conosco<\/h3>\n<p>Atitude, responsabilidade, resili\u00eancia, criatividade, comprometimento para resultado, e saber trabalhar em equipe s\u00e3o algumas compet\u00eancias necess\u00e1rias para fazer parte do time. Se voc\u00ea tem esse perfil e est\u00e1 em busca de oportunidades em uma empresa l\u00edder de mercado envie agora mesmo seu curr\u00edculo para a r\u00e1dio O Dia Bel\u00e9m.<\/p>\n<h3>Hor\u00e1rio de Funcionamento Lib Music 90.5 em Bel\u00e9m<\/h3>\n<ul>\n<li>Programa\u00e7\u00e3o 24 horas<\/li>\n<\/ul>\n<h3>Endere\u00e7o e Telefone Lib Music 90.5 em Bel\u00e9m<\/h3>\n<ul>\n<li>Av. Comandante Br\u00e1s de Aguiar, 333 \u2013 Nazar\u00e9 \u2013 Bel\u00e9m \u2013 PA<\/li>\n<li>Telefone: (91) 98115-0905<\/li>\n<\/ul>\n<h4>Outras informa\u00e7\u00f5es e site<\/h4>\n<ul>\n<li>Mais informa\u00e7\u00f5es:\u00a0<a href=\"http:\/\/www.fmodia.com.br\/belem\/\" target=\"_blank\" rel=\"noopener noreferrer\">www.fmodia.com.br\/belem<\/a><\/li>\n<\/ul>\n<h4>Mapa de localiza\u00e7\u00e3o<\/h4>\n<a class=\"wp-colorbox-iframe\" href=\"https:\/\/www.google.com\/maps\/embed?pb=!1m18!1m12!1m3!1d3988.532276608765!2d-48.4909976852459!3d-1.4547909989390242!2m3!1f0!2f0!3f0!3m2!1i1024!2i768!4f13.1!3m3!1m2!1s0x92a48e8f62f485ff0x92271a5ecc36b13b!2sAv.+Cmte.+Brs+de+guiar+333+-+Nazar+Belm+-+PA+66035-395!5e0!3m2!1spt-BR!2sbr!4v1554108845945!5m2!1spt-BR!2sbr\"><img decoding=\"async\" src=\"http:\/\/www.encontrabelem.com.br\/imgs\/maps-post.png\"><\/a>\n\n<div style=\"font-size: 0px; height: 0px; line-height: 0px; margin: 0; padding: 0; clear: both;\"><\/div>","protected":false},"excerpt":{"rendered":"<p>A Lib Music\u00a0Bel\u00e9m\u00a0 90,5 \u00e9 uma emissora de r\u00e1dio brasileira sediada em Bel\u00e9m, capital do estado do Par\u00e1. Opera no dial FM, na frequ\u00eancia 90.5 MHz, e \u00e9 afiliada \u00e0 FM O Dia, sendo propriedade do Grupo Roma. Seus est\u00fadios est\u00e3o localizados no bairro Nazar\u00e9, e seus transmissores est\u00e3o na torre da TV Liberal Bel\u00e9m, no mesmo quarteir\u00e3o. Hist\u00f3ria Lib Music\u00a0Bel\u00e9m 90,5 Lib Music FM (2011-2018) Desde 2008, a frequ\u00eancia 90.5 MHz estava no ar em Bel\u00e9m com o projeto da R\u00e1dio O Liberal CBN, que tinha o prop\u00f3sito de ser a primeira emissora de r\u00e1dio do Par\u00e1 com o <\/p>\n","protected":false},"author":1,"featured_media":751,"comment_status":"closed","ping_status":"closed","sticky":false,"template":"","format":"standard","meta":{"footnotes":""},"categories":[38],"tags":[],"class_list":["post-750","post","type-post","status-publish","format-standard","has-post-thumbnail","hentry","category-radios-belem","has_thumb"],"aioseo_notices":[],"_links":{"self":[{"href":"https:\/\/www.encontrabelem.com.br\/sobre\/wp-json\/wp\/v2\/posts\/750","targetHints":{"allow":["GET"]}}],"collection":[{"href":"https:\/\/www.encontrabelem.com.br\/sobre\/wp-json\/wp\/v2\/posts"}],"about":[{"href":"https:\/\/www.encontrabelem.com.br\/sobre\/wp-json\/wp\/v2\/types\/post"}],"author":[{"embeddable":true,"href":"https:\/\/www.encontrabelem.com.br\/sobre\/wp-json\/wp\/v2\/users\/1"}],"replies":[{"embeddable":true,"href":"https:\/\/www.encontrabelem.com.br\/sobre\/wp-json\/wp\/v2\/comments?post=750"}],"version-history":[{"count":0,"href":"https:\/\/www.encontrabelem.com.br\/sobre\/wp-json\/wp\/v2\/posts\/750\/revisions"}],"wp:featuredmedia":[{"embeddable":true,"href":"https:\/\/www.encontrabelem.com.br\/sobre\/wp-json\/wp\/v2\/media\/751"}],"wp:attachment":[{"href":"https:\/\/www.encontrabelem.com.br\/sobre\/wp-json\/wp\/v2\/media?parent=750"}],"wp:term":[{"taxonomy":"category","embeddable":true,"href":"https:\/\/www.encontrabelem.com.br\/sobre\/wp-json\/wp\/v2\/categories?post=750"},{"taxonomy":"post_tag","embeddable":true,"href":"https:\/\/www.encontrabelem.com.br\/sobre\/wp-json\/wp\/v2\/tags?post=750"}],"curies":[{"name":"wp","href":"https:\/\/api.w.org\/{rel}","templated":true}]}}