{"id":736,"date":"2019-03-25T14:07:47","date_gmt":"2019-03-25T17:07:47","guid":{"rendered":"http:\/\/www.encontrabelem.com.br\/sobre\/?p=736"},"modified":"2023-11-13T11:17:19","modified_gmt":"2023-11-13T14:17:19","slug":"jovem-aprendiz-belem","status":"publish","type":"post","link":"https:\/\/www.encontrabelem.com.br\/sobre\/jovem-aprendiz-belem","title":{"rendered":"Jovem Aprendiz Bel\u00e9m"},"content":{"rendered":"<div class=\"b22802487b0d38c4c6d9f34966e16421\" data-index=\"1\" style=\"float: none; margin:0px;\">\n<!-- Anuncio display - global -->\r\n<ins class=\"adsbygoogle\"\r\n     style=\"display:block\"\r\n     data-ad-client=\"ca-pub-8585364105181520\"\r\n     data-ad-slot=\"8789329856\"\r\n     data-ad-format=\"auto\"\r\n     data-full-width-responsive=\"true\"><\/ins>\r\n<script>\r\n     (adsbygoogle = window.adsbygoogle || []).push({});\r\n<\/script>\n<\/div>\n<p>A\u00a0Lei 10.097\/2000\u00a0afirma que empresas de m\u00e9dio e grande porte devem contratar jovens com idade entre 14 e 24 anos como aprendizes.\u00a0O contrato de trabalho pode durar at\u00e9 dois anos e, durante esse per\u00edodo, o jovem \u00e9 capacitado na institui\u00e7\u00e3o formadora e na empresa, combinando forma\u00e7\u00e3o te\u00f3rica e pr\u00e1tica.<\/p>\n<p>O Programa <strong>Jovem\u00a0Aprendiz Bel\u00e9m<\/strong>\u00a0oferece a oportunidade de\u00a0inclus\u00e3o social com o primeiro emprego e de desenvolver compet\u00eancias para o mundo do trabalho, enquanto os empres\u00e1rios t\u00eam a oportunidade de contribuir para a forma\u00e7\u00e3o dos futuros profissionais do pa\u00eds, difundindo os valores e cultura de sua empresa.<\/p>\n<p><img loading=\"lazy\" decoding=\"async\" class=\"alignnone wp-image-737 size-full\" title=\"Jovem Aprendiz Bel\u00e9m\" src=\"http:\/\/www.encontrabelem.com.br\/sobre\/wp-content\/uploads\/2019\/03\/jovem-aprendiz-belem.gif\" alt=\"Jovem Aprendiz Bel\u00e9m\" width=\"680\" height=\"189\" \/><\/p>\n<p>Inserir os jovens no mundo do trabalho, combater a evas\u00e3o escolar e\u00a0o trabalho infantil s\u00e3o apenas alguns benef\u00edcios do programa Jovem Aprendiz. \u00c9 por esses e outros fatores que ele n\u00e3o pode ser encarada apenas como uma obriga\u00e7\u00e3o por parte das empresas. Mais do que uma Lei que deve ser cumprida, \u00e9 um instrumento capaz de transformar a realidade de milhares de jovens e impactar de forma positiva a sociedade.<\/p>\n<h2>Jovem Aprendiz Bel\u00e9m Benef\u00edcios<\/h2>\n<p>O jovem aprendiz tem direito a diversos\u00a0<em>benef\u00edcios<\/em>, todos eles regulados pela lei da aprendizagem. Esses benef\u00edcios s\u00e3o oferecidos pelas empresas de grande e m\u00e9dio porte. Portanto, n\u00e3o se engane achando que apenas as empresas grandes s\u00e3o as que tem a obriga\u00e7\u00e3o de pagar todos os benef\u00edcios!<\/p>\n<p>Confira abaixo os direitos do jovem aprendiz:<\/p>\n<ul>\n<li>Sal\u00e1rio m\u00ednimo;<\/li>\n<li>Vale-transporte com o valor gasto pelo jovem para se locomover da sua resid\u00eancia at\u00e9 a empresa e vice-versa;<\/li>\n<li>F\u00e9rias remuneradas e junto com as f\u00e9rias escolares;<\/li>\n<li>FGTS e 13\u00ba sal\u00e1rio;<\/li>\n<li>Carteira de trabalho assinada;<\/li>\n<li>Seguro desemprego.<\/li>\n<\/ul>\n<h2>Jovem Aprendiz Bel\u00e9m Inscri\u00e7\u00e3o<\/h2>\n<p>O processo de\u00a0<em>inscri\u00e7\u00e3o<\/em>\u00a0\u00e9 realizado exclusivamente pela internet, atrav\u00e9s dos sites oficiais das empresas que oferecem este programa aos jovens. Acesse no site das empresas a op\u00e7\u00e3o vagas ou carreira e procure o item Menor Aprendiz ou Jovem Aprendiz e se inscreva.<\/p>\n<h3>Jovem Aprendiz Bel\u00e9m CIEE<\/h3>\n<p>No site do\u00a0<em>CIEE<\/em>\u00a0voc\u00ea deve acessar a aba Menor aprendiz e preencher o\u00a0<a href=\"https:\/\/www.cieepr.org.br\/menu-superior\/estudantes\/cadastre-se-2\/\" target=\"_blank\" rel=\"noopener noreferrer\">formul\u00e1rio<\/a>.\u00a0Deixe sempre seus dados atualizados e compare\u00e7a a todos os processos seletivos a que voc\u00ea for convidado, caso n\u00e3o compare\u00e7a voc\u00ea ser\u00e1 automaticamente descadastrados do programa.<\/p>\n<h3>Jovem Aprendiz Bel\u00e9m Vagas<\/h3>\n<p>As<em>\u00a0vagas<\/em>\u00a0dispon\u00edveis ao programa menor aprendiz est\u00e3o dispon\u00edveis nos sites das empresas que oferecem o programa.<\/p>\n<h3>Menor Aprendiz Bel\u00e9m Caixa Econ\u00f4mica<\/h3>\n<div class=\"elementor-element elementor-element-40045c5 elementor-widget elementor-widget-text-editor\" data-id=\"40045c5\" data-element_type=\"text-editor.default\">\n<div class=\"elementor-widget-container\">\n<div class=\"elementor-text-editor elementor-clearfix\">\n<p>Se voc\u00ea tem interesse em ser um jovem aprendiz, n\u00e3o fique de fora desse programa. O Jovem Aprendiz Caixa Econ\u00f4mica conta com v\u00e1rios benef\u00edcios e oportunidades. O Jovem Aprendiz pode ser ideal para voc\u00ea, fique atento ao site e n\u00e3o perca as inscri\u00e7\u00f5es.<\/p>\n<\/div>\n<\/div>\n<\/div>\n\n<div style=\"font-size: 0px; height: 0px; line-height: 0px; margin: 0; padding: 0; clear: both;\"><\/div>","protected":false},"excerpt":{"rendered":"<p>A\u00a0Lei 10.097\/2000\u00a0afirma que empresas de m\u00e9dio e grande porte devem contratar jovens com idade entre 14 e 24 anos como aprendizes.\u00a0O contrato de trabalho pode durar at\u00e9 dois anos e, durante esse per\u00edodo, o jovem \u00e9 capacitado na institui\u00e7\u00e3o formadora e na empresa, combinando forma\u00e7\u00e3o te\u00f3rica e pr\u00e1tica. O Programa Jovem\u00a0Aprendiz Bel\u00e9m\u00a0oferece a oportunidade de\u00a0inclus\u00e3o social com o primeiro emprego e de desenvolver compet\u00eancias para o mundo do trabalho, enquanto os empres\u00e1rios t\u00eam a oportunidade de contribuir para a forma\u00e7\u00e3o dos futuros profissionais do pa\u00eds, difundindo os valores e cultura de sua empresa. Inserir os jovens no mundo do trabalho, <\/p>\n","protected":false},"author":1,"featured_media":737,"comment_status":"closed","ping_status":"closed","sticky":false,"template":"","format":"standard","meta":{"footnotes":""},"categories":[4],"tags":[],"class_list":["post-736","post","type-post","status-publish","format-standard","has-post-thumbnail","hentry","category-empregos-em-belem","has_thumb"],"aioseo_notices":[],"_links":{"self":[{"href":"https:\/\/www.encontrabelem.com.br\/sobre\/wp-json\/wp\/v2\/posts\/736","targetHints":{"allow":["GET"]}}],"collection":[{"href":"https:\/\/www.encontrabelem.com.br\/sobre\/wp-json\/wp\/v2\/posts"}],"about":[{"href":"https:\/\/www.encontrabelem.com.br\/sobre\/wp-json\/wp\/v2\/types\/post"}],"author":[{"embeddable":true,"href":"https:\/\/www.encontrabelem.com.br\/sobre\/wp-json\/wp\/v2\/users\/1"}],"replies":[{"embeddable":true,"href":"https:\/\/www.encontrabelem.com.br\/sobre\/wp-json\/wp\/v2\/comments?post=736"}],"version-history":[{"count":0,"href":"https:\/\/www.encontrabelem.com.br\/sobre\/wp-json\/wp\/v2\/posts\/736\/revisions"}],"wp:featuredmedia":[{"embeddable":true,"href":"https:\/\/www.encontrabelem.com.br\/sobre\/wp-json\/wp\/v2\/media\/737"}],"wp:attachment":[{"href":"https:\/\/www.encontrabelem.com.br\/sobre\/wp-json\/wp\/v2\/media?parent=736"}],"wp:term":[{"taxonomy":"category","embeddable":true,"href":"https:\/\/www.encontrabelem.com.br\/sobre\/wp-json\/wp\/v2\/categories?post=736"},{"taxonomy":"post_tag","embeddable":true,"href":"https:\/\/www.encontrabelem.com.br\/sobre\/wp-json\/wp\/v2\/tags?post=736"}],"curies":[{"name":"wp","href":"https:\/\/api.w.org\/{rel}","templated":true}]}}