{"id":729,"date":"2019-03-25T06:38:51","date_gmt":"2019-03-25T09:38:51","guid":{"rendered":"http:\/\/www.encontrabelem.com.br\/sobre\/?p=729"},"modified":"2023-11-13T11:17:19","modified_gmt":"2023-11-13T14:17:19","slug":"mercadao-das-pecas-belem","status":"publish","type":"post","link":"https:\/\/www.encontrabelem.com.br\/sobre\/mercadao-das-pecas-belem","title":{"rendered":"Mercad\u00e3o das Pe\u00e7as Bel\u00e9m"},"content":{"rendered":"<div class=\"b22802487b0d38c4c6d9f34966e16421\" data-index=\"1\" style=\"float: none; margin:0px;\">\n<!-- Anuncio display - global -->\r\n<ins class=\"adsbygoogle\"\r\n     style=\"display:block\"\r\n     data-ad-client=\"ca-pub-8585364105181520\"\r\n     data-ad-slot=\"8789329856\"\r\n     data-ad-format=\"auto\"\r\n     data-full-width-responsive=\"true\"><\/ins>\r\n<script>\r\n     (adsbygoogle = window.adsbygoogle || []).push({});\r\n<\/script>\n<\/div>\n<p>No <strong>Mercad\u00e3o das Pe\u00e7as Bel\u00e9m<\/strong> voc\u00ea encontra pe\u00e7as e acess\u00f3rios para seu carro e sua moto, al\u00e9m de servi\u00e7os como alinhamento e balanceamento, troca de \u00f3leo, revis\u00e3o e muito mais.\u00a0\u00a0No Mercad\u00e3o das Pe\u00e7as voc\u00ea encontra os melhores mec\u00e2nicos de carros de Bel\u00e9m. S\u00e3o profissionais treinados e qualificados para consertar seu ve\u00edculo. Conserte seu carro com uma oficina de confian\u00e7a.<\/p>\n<p>Com a miss\u00e3o de gerar servi\u00e7o de qualidade, facilitando a comunica\u00e7\u00e3o entre vendedores e compradores de pe\u00e7as automotivas , otimizando e gerando resultados para ambos.<\/p>\n<h2><img loading=\"lazy\" decoding=\"async\" class=\"alignnone wp-image-730 size-full\" title=\"Mercad\u00e3o das Pe\u00e7as Bel\u00e9m\" src=\"http:\/\/www.encontrabelem.com.br\/sobre\/wp-content\/uploads\/2019\/03\/mercadao-das-pe\u00e7as-belem.gif\" alt=\"Mercad\u00e3o das Pe\u00e7as Bel\u00e9m\" width=\"680\" height=\"189\" \/><\/h2>\n<p>A empresa tem a vis\u00e3o de tornar-se referencia como ferramenta de busca e localiza\u00e7\u00e3o de pe\u00e7as automotivas para todas as marcas de ve\u00edculos do mercado.<\/p>\n<h2>Mercad\u00e3o das Pe\u00e7as Bel\u00e9m Pre\u00e7os<\/h2>\n<p>Os pre\u00e7os variam de acordo com os produtos escolhidos. Voc\u00ea pode consulta-los acessando o Facebook do local ou fazendo contato telef\u00f4nico com o n\u00famero abaixo.<em><br \/>\n<\/em><\/p>\n<h3>Pe\u00e7as e Servi\u00e7os\u00a0Mercad\u00e3o das Pe\u00e7as Bel\u00e9m<\/h3>\n<p>No Mercad\u00e3o das Pe\u00e7as voc\u00ea encontra todas as <em>pe\u00e7as<\/em> necess\u00e1rias para a manuten\u00e7\u00e3o do seu ve\u00edculo. Pelo site ou pelo telefone \u00e9 poss\u00edvel realizar agendamento de revis\u00e3o, consulta e compra de acess\u00f3rios, pe\u00e7as, pneus e realizar trabalhos de micro pintura e funilaria no seu ve\u00edculo.<\/p>\n<h3>Vagas\u00a0Mercad\u00e3o das Pe\u00e7as Bel\u00e9m &#8211; Trabalhe Conosco<\/h3>\n<p>Se voc\u00ea tem paix\u00e3o pelo que faz e garra para alcan\u00e7ar seus objetivos, junte-se ao time do Mercad\u00e3o das Pe\u00e7as Bel\u00e9m.\u00a0 Para alcan\u00e7ar seu objetivo de neg\u00f3cios, a empresa procura os melhores talentos e profissionais que queiram crescer continuamente com a empresa. Voc\u00ea se encaixa neste perfil? Acesse o site da empresa e envie o <em>seu curr\u00edculo<\/em>.<\/p>\n<h3>Hor\u00e1rio de Funcionamento\u00a0Mercad\u00e3o das Pe\u00e7as em Bel\u00e9m<\/h3>\n<ul>\n<li>Segunda a Sexta das 08h \u00e0s 18h30 \/ S\u00e1bado das 08h \u00e0s 13h30<\/li>\n<\/ul>\n<h3>Endere\u00e7o e Telefone\u00a0Mercad\u00e3o das Pe\u00e7as em Bel\u00e9m<\/h3>\n<ul>\n<li><strong>Tel\u00e9grafo:<\/strong> Av. Senador Lemos, 1541 &#8211; Telefone: (91) 4005-0007<\/li>\n<li><strong>Sacramenta:<\/strong> Av. Senador Lemos, 3153 &#8211; Telefone: (91) 3201-2071<\/li>\n<li><strong>Marabaia:<\/strong> Tavares Bastos, 1020-A &#8211; Telefone: (91) 4005-0009<\/li>\n<\/ul>\n<h4>Outras informa\u00e7\u00f5es e site<\/h4>\n<ul>\n<li>Mais informa\u00e7\u00f5es:\u00a0<a href=\"https:\/\/www.facebook.com\/MercadaodasPecas\/\" target=\"_blank\" rel=\"noopener noreferrer\">www.facebook.com\/MercadaodasPecas<\/a><\/li>\n<\/ul>\n<h4>Mapa de localiza\u00e7\u00e3o Tel\u00e9grafo<\/h4>\n<a class=\"wp-colorbox-iframe\" href=\"https:\/\/www.google.com\/maps\/embed?pb=!1m18!1m12!1m3!1d3988.5756934397286!2d-48.48777268524592!3d-1.4300219989570697!2m3!1f0!2f0!3f0!3m2!1i1024!2i768!4f13.1!3m3!1m2!1s0x92a4895331d4c7150x5f3214559c9c30bd!2sAv.+Sen.+Lemos+1541+-+Telgrafo+Belm+-+PA+66113-000!5e0!3m2!1spt-BR!2sbr!4v1553506377659\"><img decoding=\"async\" src=\"http:\/\/www.encontrabelem.com.br\/imgs\/maps-post.png\"><\/a>\n\n<div style=\"font-size: 0px; height: 0px; line-height: 0px; margin: 0; padding: 0; clear: both;\"><\/div>","protected":false},"excerpt":{"rendered":"<p>No Mercad\u00e3o das Pe\u00e7as Bel\u00e9m voc\u00ea encontra pe\u00e7as e acess\u00f3rios para seu carro e sua moto, al\u00e9m de servi\u00e7os como alinhamento e balanceamento, troca de \u00f3leo, revis\u00e3o e muito mais.\u00a0\u00a0No Mercad\u00e3o das Pe\u00e7as voc\u00ea encontra os melhores mec\u00e2nicos de carros de Bel\u00e9m. S\u00e3o profissionais treinados e qualificados para consertar seu ve\u00edculo. Conserte seu carro com uma oficina de confian\u00e7a. Com a miss\u00e3o de gerar servi\u00e7o de qualidade, facilitando a comunica\u00e7\u00e3o entre vendedores e compradores de pe\u00e7as automotivas , otimizando e gerando resultados para ambos. A empresa tem a vis\u00e3o de tornar-se referencia como ferramenta de busca e localiza\u00e7\u00e3o de pe\u00e7as <\/p>\n","protected":false},"author":1,"featured_media":730,"comment_status":"closed","ping_status":"closed","sticky":false,"template":"","format":"standard","meta":{"footnotes":""},"categories":[34],"tags":[],"class_list":["post-729","post","type-post","status-publish","format-standard","has-post-thumbnail","hentry","category-veiculos-em-belem","has_thumb"],"aioseo_notices":[],"_links":{"self":[{"href":"https:\/\/www.encontrabelem.com.br\/sobre\/wp-json\/wp\/v2\/posts\/729","targetHints":{"allow":["GET"]}}],"collection":[{"href":"https:\/\/www.encontrabelem.com.br\/sobre\/wp-json\/wp\/v2\/posts"}],"about":[{"href":"https:\/\/www.encontrabelem.com.br\/sobre\/wp-json\/wp\/v2\/types\/post"}],"author":[{"embeddable":true,"href":"https:\/\/www.encontrabelem.com.br\/sobre\/wp-json\/wp\/v2\/users\/1"}],"replies":[{"embeddable":true,"href":"https:\/\/www.encontrabelem.com.br\/sobre\/wp-json\/wp\/v2\/comments?post=729"}],"version-history":[{"count":0,"href":"https:\/\/www.encontrabelem.com.br\/sobre\/wp-json\/wp\/v2\/posts\/729\/revisions"}],"wp:featuredmedia":[{"embeddable":true,"href":"https:\/\/www.encontrabelem.com.br\/sobre\/wp-json\/wp\/v2\/media\/730"}],"wp:attachment":[{"href":"https:\/\/www.encontrabelem.com.br\/sobre\/wp-json\/wp\/v2\/media?parent=729"}],"wp:term":[{"taxonomy":"category","embeddable":true,"href":"https:\/\/www.encontrabelem.com.br\/sobre\/wp-json\/wp\/v2\/categories?post=729"},{"taxonomy":"post_tag","embeddable":true,"href":"https:\/\/www.encontrabelem.com.br\/sobre\/wp-json\/wp\/v2\/tags?post=729"}],"curies":[{"name":"wp","href":"https:\/\/api.w.org\/{rel}","templated":true}]}}