{"id":684,"date":"2019-03-21T06:21:10","date_gmt":"2019-03-21T09:21:10","guid":{"rendered":"http:\/\/www.encontrabelem.com.br\/sobre\/?p=684"},"modified":"2023-11-13T11:17:19","modified_gmt":"2023-11-13T14:17:19","slug":"radio-mix-belem","status":"publish","type":"post","link":"https:\/\/www.encontrabelem.com.br\/sobre\/radio-mix-belem","title":{"rendered":"R\u00e1dio Mix Bel\u00e9m"},"content":{"rendered":"<div class=\"b22802487b0d38c4c6d9f34966e16421\" data-index=\"1\" style=\"float: none; margin:0px;\">\n<!-- Anuncio display - global -->\r\n<ins class=\"adsbygoogle\"\r\n     style=\"display:block\"\r\n     data-ad-client=\"ca-pub-8585364105181520\"\r\n     data-ad-slot=\"8789329856\"\r\n     data-ad-format=\"auto\"\r\n     data-full-width-responsive=\"true\"><\/ins>\r\n<script>\r\n     (adsbygoogle = window.adsbygoogle || []).push({});\r\n<\/script>\n<\/div>\n<p><strong>A R\u00e1dio Mix FM Bel\u00e9m<\/strong> \u00e9 uma emissora de r\u00e1dio brasileira sediada em Bel\u00e9m, capital do estado do Par\u00e1. Opera no dial FM, na frequ\u00eancia 100.9 MHz, e \u00e9 afiliada \u00e0 Mix FM.<\/p>\n<p>Pertencente ao Grupo Marajoara de Comunica\u00e7\u00e3o, do empres\u00e1rio Carlos Santos, a emissora est\u00e1 no ar desde 2011, sendo que seus trabalhos no dial foram iniciados em 31 de dezembro de 1988, quando se chamava R\u00e1dio Jovem 100. Seus est\u00fadios localizam-se no bairro da Campina, e seu transmissor ficam no Pr\u00e9dio Manoel Pinto da Silva.<\/p>\n<h2><img loading=\"lazy\" decoding=\"async\" class=\"alignnone wp-image-685 size-full\" title=\"R\u00e1dio Mix Bel\u00e9m\" src=\"http:\/\/www.encontrabelem.com.br\/sobre\/wp-content\/uploads\/2019\/03\/radio-mix-belem.gif\" alt=\"R\u00e1dio Mix Bel\u00e9m\" width=\"680\" height=\"189\" \/><\/h2>\n<h2>R\u00e1dio Mix\u00a0Bel\u00e9m\u00a0Hist\u00f3ria<\/h2>\n<p>O comunicador e empres\u00e1rio Carlos Santos, que j\u00e1 era propriet\u00e1rio da Super Marajoara, inicia suas atividades no FM com a estreia da R\u00e1dio Jovem 100, que era focada no p\u00fablico jovem\/pop. Seu auge inicial foi na d\u00e9cada de 1990, quando apresentava em sua programa\u00e7\u00e3o o Hot Mix, programa de dance music apresentado por Carlos Alberto Silva. Posteriormente, muda seu estilo musical e passa a focar na m\u00fasica brega\/popular, sendo renomeada Marajoara FM. Em 1999, passa a repetir a programa\u00e7\u00e3o da Rede SomZoom Sat.<\/p>\n<p>Em 2006, a Rede SomZoom Sat deixa a programa\u00e7\u00e3o da Marajoara FM e a emissora continua com programa\u00e7\u00e3o popular, sendo renomeada para 100 FM. Em seus \u00faltimos meses no ar, a emissora j\u00e1 possu\u00eda formato ecl\u00e9tico. Em novembro de 2011, \u00e9 anunciada a estreia da Mix FM na frequ\u00eancia, marcando o retorno do projeto jovem.[2] A estreia oficial ocorreu em 9 de dezembro de 2011.<\/p>\n<h3>R\u00e1dio Mix\u00a0Bel\u00e9m Promo\u00e7\u00f5es<\/h3>\n<p>Acesse o Facebook da r\u00e1dio e se inscreva nas<em> promo\u00e7\u00f5es<\/em> para ganhar diversos pr\u00eamios.<em><br \/>\n<\/em><\/p>\n<h3>R\u00e1dio Mix\u00a0Bel\u00e9m ao Vivo<\/h3>\n<p><iframe loading=\"lazy\" src=\"https:\/\/www.cxradio.com.br\/incorporar\/mix-100-9-fm\" width=\"438\" height=\"280\" frameborder=\"0\" allowfullscreen=\"allowfullscreen\"><\/iframe><\/p>\n<h3>\u00a0Vagas\u00a0R\u00e1dio Mix Bel\u00e9m &#8211; Trabalhe Conosco<\/h3>\n<p>Atitude, responsabilidade, resili\u00eancia, criatividade, comprometimento para resultado, e saber trabalhar em equipe s\u00e3o algumas compet\u00eancias necess\u00e1rias para fazer parte do time. Se voc\u00ea tem esse perfil e est\u00e1 em busca de oportunidades em uma empresa l\u00edder de mercado envie agora mesmo seu curr\u00edculo para a\u00a0R\u00e1dio Mix Bel\u00e9m.<\/p>\n<h3>Hor\u00e1rio de Funcionamento R\u00e1dio Mix em Bel\u00e9m<\/h3>\n<ul>\n<li>Segunda a Sexta das 08h \u00e0s 16h30<\/li>\n<\/ul>\n<h3>Endere\u00e7o e Telefone R\u00e1dio Mix em Bel\u00e9m<\/h3>\n<ul>\n<li>Travessa Campos Sales, 370 &#8211; Bel\u00e9m &#8211; PA<\/li>\n<li>Telefone: (91) 4005-4400<\/li>\n<\/ul>\n<h4>Outras informa\u00e7\u00f5es e site<\/h4>\n<ul>\n<li>Mais informa\u00e7\u00f5es:\u00a0<a href=\"https:\/\/www.facebook.com\/mixfmbelem\/\" target=\"_blank\" rel=\"noopener noreferrer\">www.facebook.com\/mixfmbelem<\/a><\/li>\n<\/ul>\n<h4>Mapa de localiza\u00e7\u00e3o<\/h4>\n<a class=\"wp-colorbox-iframe\" href=\"https:\/\/www.google.com\/maps\/embed?pb=!1m18!1m12!1m3!1d3988.534940362617!2d-48.50168188524582!3d-1.453283498940122!2m3!1f0!2f0!3f0!3m2!1i1024!2i768!4f13.1!3m3!1m2!1s0x92a48ef2ba3481e30xa7b078cccb3915bd!2sTv.+Campos+Sales+370+-+Campina+Belm+-+PA+66019-050!5e0!3m2!1spt-BR!2sbr!4v1553159843272\"><img decoding=\"async\" src=\"http:\/\/www.encontrabelem.com.br\/imgs\/maps-post.png\"><\/a>\n\n<div style=\"font-size: 0px; height: 0px; line-height: 0px; margin: 0; padding: 0; clear: both;\"><\/div>","protected":false},"excerpt":{"rendered":"<p>A R\u00e1dio Mix FM Bel\u00e9m \u00e9 uma emissora de r\u00e1dio brasileira sediada em Bel\u00e9m, capital do estado do Par\u00e1. Opera no dial FM, na frequ\u00eancia 100.9 MHz, e \u00e9 afiliada \u00e0 Mix FM. Pertencente ao Grupo Marajoara de Comunica\u00e7\u00e3o, do empres\u00e1rio Carlos Santos, a emissora est\u00e1 no ar desde 2011, sendo que seus trabalhos no dial foram iniciados em 31 de dezembro de 1988, quando se chamava R\u00e1dio Jovem 100. Seus est\u00fadios localizam-se no bairro da Campina, e seu transmissor ficam no Pr\u00e9dio Manoel Pinto da Silva. R\u00e1dio Mix\u00a0Bel\u00e9m\u00a0Hist\u00f3ria O comunicador e empres\u00e1rio Carlos Santos, que j\u00e1 era propriet\u00e1rio da <\/p>\n","protected":false},"author":1,"featured_media":685,"comment_status":"closed","ping_status":"closed","sticky":false,"template":"","format":"standard","meta":{"footnotes":""},"categories":[38],"tags":[],"class_list":["post-684","post","type-post","status-publish","format-standard","has-post-thumbnail","hentry","category-radios-belem","has_thumb"],"aioseo_notices":[],"_links":{"self":[{"href":"https:\/\/www.encontrabelem.com.br\/sobre\/wp-json\/wp\/v2\/posts\/684","targetHints":{"allow":["GET"]}}],"collection":[{"href":"https:\/\/www.encontrabelem.com.br\/sobre\/wp-json\/wp\/v2\/posts"}],"about":[{"href":"https:\/\/www.encontrabelem.com.br\/sobre\/wp-json\/wp\/v2\/types\/post"}],"author":[{"embeddable":true,"href":"https:\/\/www.encontrabelem.com.br\/sobre\/wp-json\/wp\/v2\/users\/1"}],"replies":[{"embeddable":true,"href":"https:\/\/www.encontrabelem.com.br\/sobre\/wp-json\/wp\/v2\/comments?post=684"}],"version-history":[{"count":0,"href":"https:\/\/www.encontrabelem.com.br\/sobre\/wp-json\/wp\/v2\/posts\/684\/revisions"}],"wp:featuredmedia":[{"embeddable":true,"href":"https:\/\/www.encontrabelem.com.br\/sobre\/wp-json\/wp\/v2\/media\/685"}],"wp:attachment":[{"href":"https:\/\/www.encontrabelem.com.br\/sobre\/wp-json\/wp\/v2\/media?parent=684"}],"wp:term":[{"taxonomy":"category","embeddable":true,"href":"https:\/\/www.encontrabelem.com.br\/sobre\/wp-json\/wp\/v2\/categories?post=684"},{"taxonomy":"post_tag","embeddable":true,"href":"https:\/\/www.encontrabelem.com.br\/sobre\/wp-json\/wp\/v2\/tags?post=684"}],"curies":[{"name":"wp","href":"https:\/\/api.w.org\/{rel}","templated":true}]}}