{"id":682,"date":"2019-03-21T05:13:27","date_gmt":"2019-03-21T08:13:27","guid":{"rendered":"http:\/\/www.encontrabelem.com.br\/sobre\/?p=682"},"modified":"2023-11-13T11:17:19","modified_gmt":"2023-11-13T14:17:19","slug":"hangar-belem","status":"publish","type":"post","link":"https:\/\/www.encontrabelem.com.br\/sobre\/hangar-belem","title":{"rendered":"Hangar Bel\u00e9m"},"content":{"rendered":"<div class=\"b22802487b0d38c4c6d9f34966e16421\" data-index=\"1\" style=\"float: none; margin:0px;\">\n<!-- Anuncio display - global -->\r\n<ins class=\"adsbygoogle\"\r\n     style=\"display:block\"\r\n     data-ad-client=\"ca-pub-8585364105181520\"\r\n     data-ad-slot=\"8789329856\"\r\n     data-ad-format=\"auto\"\r\n     data-full-width-responsive=\"true\"><\/ins>\r\n<script>\r\n     (adsbygoogle = window.adsbygoogle || []).push({});\r\n<\/script>\n<\/div>\n<p>Parecia um sonho imposs\u00edvel, o de transformar o Par\u00e1 em destino de feiras, congressos, simp\u00f3sios e confer\u00eancias vindos de todos os cantos Brasil e do mundo. Mas, o sonho tornou realidade com a inaugura\u00e7\u00e3o do <strong>Hangar Bel\u00e9m<\/strong> &#8211; Conven\u00e7\u00f5es e Feiras da Amaz\u00f4nia em uma \u00e1rea de 24 mil metros quadrados, distribu\u00eddos em dois pavilh\u00f5es projetados a partir do hangar existente no antigo Parque da Aeron\u00e1utica.<\/p>\n<p>O governador do Par\u00e1, Sim\u00e3o Jatene acreditou neste sonho e investiu na constru\u00e7\u00e3o do Hangar \u2013 Conven\u00e7\u00f5es e Feiras da Amaz\u00f4nia e projetou um espa\u00e7o flex\u00edvel e multifuncional, tornando um dos mais completos e vers\u00e1teis centros de conven\u00e7\u00f5es do pa\u00eds.<\/p>\n<h2><img loading=\"lazy\" decoding=\"async\" class=\"alignnone wp-image-683 size-full\" title=\"Hangar Bel\u00e9m\" src=\"http:\/\/www.encontrabelem.com.br\/sobre\/wp-content\/uploads\/2019\/03\/hangar-belem.gif\" alt=\"Hangar Bel\u00e9m\" width=\"680\" height=\"189\" \/><\/h2>\n<p>Disp\u00f5e de um sistema pr\u00f3prio de gera\u00e7\u00e3o de energia para acionar os circuitos de emerg\u00eancia, escadas rolantes, hall que liga os dois pavilh\u00f5es principais, e tamb\u00e9m acessos para pessoas com necessidades especiais.<\/p>\n<h2>Hangar\u00a0Bel\u00e9m Agenda<\/h2>\n<p>Verifique a <em>agenda<\/em> no site do Hangar e fique por dentro dos eventos que ir\u00e3o acontecer ao longo do m\u00eas.<\/p>\n<h3>Hangar\u00a0Bel\u00e9m Espa\u00e7os para Loca\u00e7\u00e3o<\/h3>\n<p>O Hangar disp\u00f5e de alguns<em> espa\u00e7os para loca\u00e7\u00e3o <\/em>para eventos, s\u00e3o:<em><br \/>\n<\/em><\/p>\n<ul>\n<li><strong>Pavilh\u00e3o de Feiras<\/strong><\/li>\n<\/ul>\n<p>Com uma \u00e1rea de mais de 8.500 m\u00b2 totalmente climatizada, o Pavilh\u00e3o de Feiras, localizado no Hangar 1, \u00e9 o espa\u00e7o ideal para hospedar uma grande feira, que esteja agregada a um congresso, ou mesmo feira de artigos e de neg\u00f3cios. O complexo possui um diferencial: sob o piso de todo pavilh\u00e3o, existem caneletas espec\u00edficas, constru\u00eddas para receberem a rede hidr\u00e1ulica, de esgoto, de ar comprimido, de telefonia, internet e el\u00e9trica. O espa\u00e7o fica mais completo com internet wireless, dois grupos de banheiros: masculino, feminino e para deficientes, telefones p\u00fablicos e quatro salas de apoio, al\u00e9m da sala da enfermaria. O complexo destinado a congressos, feiras e eventos sociais causam admira\u00e7\u00e3o pelo tamanho. \u00c9 poss\u00edvel formatar o pavilh\u00e3o para cinco mil pessoas sentadas confortavelmente, o qual possui dois acessos: um pela Avenida Doutor Freitas e outro pelo amplo estacionamento que d\u00e1 para a Avenida Brigadeiro Prot\u00e1sio<\/p>\n<ul>\n<li><strong>Audit\u00f3rios\u00a0<\/strong><\/li>\n<\/ul>\n<p>Com \u00e1rea total de cerca de 1500 m\u00b2 e espa\u00e7o totalmente climatizado, o Audit\u00f3rio do Hangar \u00e9 vers\u00e1til e moderno, podendo ser adaptado para eventos diversos. Al\u00e9m de ser o maior da capital paraense, o audit\u00f3rio possui um diferencial \u00fanico: ele pode ser modulado e receber v\u00e1rios eventos simultaneamente, sem que um interfira no outro, devido o excelente isolamento ac\u00fastico. O grande espa\u00e7o pode ser dividido em at\u00e9 8 audit\u00f3rios menores, com capacidade para 200 lugares. Ideal para confer\u00eancias e palestras, o audit\u00f3rio conta com cadeiras com pranchetas e sala de tradu\u00e7\u00e3o simult\u00e2nea.<\/p>\n<p>Tudo isso ainda \u00e9 somado \u00e0 estrutura do centro de conven\u00e7\u00f5es. O andar est\u00e1 equipado com internet wireless, banheiros, audit\u00f3rios menores, salas de apoio ao cliente, hall foyer e sala VIP, com acesso atrav\u00e9s de escadas rolantes e elevadores.<\/p>\n<ul>\n<li><strong>Salas Multiuso\u00a0<\/strong><\/li>\n<\/ul>\n<p>O Hangar possui seis salas com capacidade para 60 pessoas, duas salas com capacidade para 80 pessoas e quatro salas para 100 pessoas que s\u00e3o ideais para reuni\u00f5es, palestras e workshops. As salas multiuso s\u00e3o uma \u00f3tima op\u00e7\u00e3o para programa\u00e7\u00f5es com um n\u00famero menor de participantes. Na loca\u00e7\u00e3o de qualquer sala multiuso, que s\u00e3o climatizadas, j\u00e1 est\u00e1 incluso as cadeiras, limpeza, a sonoriza\u00e7\u00e3o e a proje\u00e7\u00e3o. O Hangar oferta ainda \u00e0 loca\u00e7\u00e3o de internet.<\/p>\n<ul>\n<li><strong>Audit\u00f3rio Maraj\u00f3\u00a0<\/strong><\/li>\n<\/ul>\n<p>Localizado no Hangar 2, o Audit\u00f3rio Maraj\u00f3 tem sua capacidade m\u00e1xima de 350 lugares, mas com sua estrutura vers\u00e1til, permite a forma\u00e7\u00e3o de dois m\u00f3dulos, um de 150 lugares e o outro de 200 lugares. Na loca\u00e7\u00e3o no m\u00f3dulo maior ou nos dois menores, o Audit\u00f3rio \u00e9 todo climatizado, j\u00e1 est\u00e1 incluso as cadeiras, limpeza, a sonoriza\u00e7\u00e3o e o tel\u00e3o para proje\u00e7\u00e3o. O Hangar oferta ainda \u00e0 loca\u00e7\u00e3o de internet.<\/p>\n<ul>\n<li><strong>Sala Par\u00e1\u00a0<\/strong><\/li>\n<\/ul>\n<p>A Sala Par\u00e1 localizada no Hangar 2, comporta at\u00e9 200 pessoas sentadas em ambiente climatizado. As cadeiras e a mesa de diretoria j\u00e1 est\u00e3o inclusa na loca\u00e7\u00e3o. Ideal para grandes reuni\u00f5es, fechamento de neg\u00f3cios, palestras entre outros.<\/p>\n<ul>\n<li><strong>Sala Bel\u00e9m\u00a0<\/strong><\/li>\n<\/ul>\n<p>Por ser localizada entre a Sala Par\u00e1 e o Audit\u00f3rio Maraj\u00f3 e ainda estar reservada, por\u00e9m pr\u00f3xima do Audit\u00f3rio principal, pode ser utilizada como m\u00eddia desk. A sua capacidade \u00e9 de at\u00e9 100 pessoas. Na loca\u00e7\u00e3o da sala Bel\u00e9m que \u00e9 climatizada, est\u00e1 incluso o servi\u00e7o de limpeza, as cadeiras e uma mesa de diretoria. Tamb\u00e9m pode receber palestras e cursos.<\/p>\n<ul>\n<li><strong>Sal\u00e3o B \/ Sal\u00e3o de Festas<\/strong><\/li>\n<\/ul>\n<p>Com cerca de 1.200 m\u00b2, o Sal\u00e3o \u201cB\u201d \u00e9 privilegiado pela vista paisag\u00edstica do jardim do Hangar, situado pr\u00f3ximo \u00e0 Pra\u00e7a de Alimenta\u00e7\u00e3o e aos caixas eletr\u00f4nicos. Ele comporta confortavelmente 800 pessoas. Ideal para eventos empresariais e sociais, casamentos, formaturas, coffes breaks, e lan\u00e7amentos de novidades, dentre outros. O Sal\u00e3o \u201cB\u201d \u00e9 um espa\u00e7o vers\u00e1til que pode ser transformado em m\u00f3dulos para 200 lugares ou para 400. Na contrata\u00e7\u00e3o, o Hangar oferece cadeiras e mesas para at\u00e9 800 pessoas. O Sal\u00e3o \u201cB\u201d tem uma estrutura completa para os eventos, oferecendo cozinha de apoio e banheiros exclusivos: masculino, feminino e para deficientes.<\/p>\n<ul>\n<li><strong>Deck<\/strong><\/li>\n<\/ul>\n<p>O deck fica na \u00e1rea externa do Hangar, o seu acesso \u00e9 atrav\u00e9s do Sal\u00e3o B, uma excelente op\u00e7\u00e3o para completar o evento que ir\u00e1 ser feito no Sal\u00e3o. Deck de madeira, sob o lago pode se transformar em um bel\u00edssimo lounge, onde os convidados poder\u00e3o contemplar os Cisnes negros que vivem no lago do Hangar.<\/p>\n<ul>\n<li><strong>Pra\u00e7a de Alimenta\u00e7\u00e3o<\/strong><\/li>\n<\/ul>\n<p>Em 600m\u00b2 de \u00e1rea para alimenta\u00e7\u00e3o, o Hangar disponibiliza 330 lugares. Atualmente dois locat\u00e1rios utilizam o espa\u00e7o, a rede de fast-food Bob\u2019s e o Spazzio Caf\u00e9. Possui banheiros masculinos, femininos e para deficientes, al\u00e9m de ser completamente climatizado. A \u00e1rea que \u00e9 comum entre todos os que visitam o Hangar, possui um grande aqu\u00e1rio repleto de peixes regionais. A Pra\u00e7a \u00e9 uma excelente op\u00e7\u00e3o para servir buffet em grandes eventos como congresso, a vantagem \u00e9 que a cozinha pode ser locada para servir de apoio.<\/p>\n<ul>\n<li><strong>Sala de Apoio ao Cliente<\/strong><\/li>\n<\/ul>\n<p>Localizada no Hangar 1, ao lado das Salas Multiusos, a sala de apoio ao cliente possui uma antessala, mobiliada com mesas e cadeiras, e acesso a outra sala com mesa de reuni\u00e3o capaz de atender at\u00e9 25 pessoas.<\/p>\n<ul>\n<li><strong>Hall Foyer<\/strong><\/li>\n<\/ul>\n<p>O Hall Foyer \u00e9 uma \u00e1rea de circula\u00e7\u00e3o, com aproximadamente 750m\u00b2 localizada ao redor do audit\u00f3rio no Hangar 2. \u00c9 poss\u00edvel ainda locar o espa\u00e7o para a realiza\u00e7\u00e3o de pequenas feiras com at\u00e9 12 estande de 4mX4m, ou, ainda, para montagem de estande de credenciamento para eventos, o qual tem dispon\u00edvel em toda sua extens\u00e3o acesso \u00e0 internet, via wireless.<\/p>\n<ul>\n<li><strong>Sala Vip<\/strong><\/li>\n<\/ul>\n<p>Localizada pr\u00f3ximo ao Audit\u00f3rio principal e ao Audit\u00f3rio Maraj\u00f3, s\u00e3o duas salas vip\u2019s, independentes, equipadas com um banheiro unissex, poltrona, sof\u00e1, frigobar, espelho e totalmente climatizadas. S\u00e3o op\u00e7\u00f5es ideais para camarim, sala de apoio, espa\u00e7o mais reservado para receber autoridades.<\/p>\n<h3>Hor\u00e1rio de Funcionamento\u00a0Hangar em Bel\u00e9m<\/h3>\n<ul>\n<li>Segunda a Sexta das 08h \u00e0s 18h<\/li>\n<\/ul>\n<h3>Endere\u00e7o e Telefone\u00a0Hangar em Bel\u00e9m<\/h3>\n<ul>\n<li>Av. Dr. Freitas s\/n &#8211; Marco &#8211; Bel\u00e9m &#8211; PA<\/li>\n<li>Telefone: (91) 3344-0100<\/li>\n<\/ul>\n<h4>Outras informa\u00e7\u00f5es e site<\/h4>\n<ul>\n<li>Mais informa\u00e7\u00f5es:\u00a0<a href=\"http:\/\/www.hangarcentrodeconvencoes.com.br\/\" target=\"_blank\" rel=\"noopener noreferrer\">www.hangarcentrodeconvencoes.com.br<\/a><\/li>\n<li>E-mail:\u00a0comercial@hangarpa.com.br<\/li>\n<\/ul>\n<h4>Mapa de localiza\u00e7\u00e3o<\/h4>\n<a class=\"wp-colorbox-iframe\" href=\"https:\/\/www.google.com\/maps\/embed?pb=!1m18!1m12!1m3!1d3988.58344729034!2d-48.457583885245946!3d-1.4255531989603238!2m3!1f0!2f0!3f0!3m2!1i1024!2i768!4f13.1!3m3!1m2!1s0x92a48bf25a49710b0xa6a7ba6e2cea6d27!2sAv.+Doutor+Freitas+-+Marco+Belm+-+PA!5e0!3m2!1spt-BR!2sbr!4v1553155709210\"><img decoding=\"async\" src=\"http:\/\/www.encontrabelem.com.br\/imgs\/maps-post.png\"><\/a>\n\n<div style=\"font-size: 0px; height: 0px; line-height: 0px; margin: 0; padding: 0; clear: both;\"><\/div>","protected":false},"excerpt":{"rendered":"<p>Parecia um sonho imposs\u00edvel, o de transformar o Par\u00e1 em destino de feiras, congressos, simp\u00f3sios e confer\u00eancias vindos de todos os cantos Brasil e do mundo. Mas, o sonho tornou realidade com a inaugura\u00e7\u00e3o do Hangar Bel\u00e9m &#8211; Conven\u00e7\u00f5es e Feiras da Amaz\u00f4nia em uma \u00e1rea de 24 mil metros quadrados, distribu\u00eddos em dois pavilh\u00f5es projetados a partir do hangar existente no antigo Parque da Aeron\u00e1utica. O governador do Par\u00e1, Sim\u00e3o Jatene acreditou neste sonho e investiu na constru\u00e7\u00e3o do Hangar \u2013 Conven\u00e7\u00f5es e Feiras da Amaz\u00f4nia e projetou um espa\u00e7o flex\u00edvel e multifuncional, tornando um dos mais completos e <\/p>\n","protected":false},"author":1,"featured_media":683,"comment_status":"closed","ping_status":"closed","sticky":false,"template":"","format":"standard","meta":{"footnotes":""},"categories":[27],"tags":[],"class_list":["post-682","post","type-post","status-publish","format-standard","has-post-thumbnail","hentry","category-lugares-em-belem","has_thumb"],"aioseo_notices":[],"_links":{"self":[{"href":"https:\/\/www.encontrabelem.com.br\/sobre\/wp-json\/wp\/v2\/posts\/682","targetHints":{"allow":["GET"]}}],"collection":[{"href":"https:\/\/www.encontrabelem.com.br\/sobre\/wp-json\/wp\/v2\/posts"}],"about":[{"href":"https:\/\/www.encontrabelem.com.br\/sobre\/wp-json\/wp\/v2\/types\/post"}],"author":[{"embeddable":true,"href":"https:\/\/www.encontrabelem.com.br\/sobre\/wp-json\/wp\/v2\/users\/1"}],"replies":[{"embeddable":true,"href":"https:\/\/www.encontrabelem.com.br\/sobre\/wp-json\/wp\/v2\/comments?post=682"}],"version-history":[{"count":0,"href":"https:\/\/www.encontrabelem.com.br\/sobre\/wp-json\/wp\/v2\/posts\/682\/revisions"}],"wp:featuredmedia":[{"embeddable":true,"href":"https:\/\/www.encontrabelem.com.br\/sobre\/wp-json\/wp\/v2\/media\/683"}],"wp:attachment":[{"href":"https:\/\/www.encontrabelem.com.br\/sobre\/wp-json\/wp\/v2\/media?parent=682"}],"wp:term":[{"taxonomy":"category","embeddable":true,"href":"https:\/\/www.encontrabelem.com.br\/sobre\/wp-json\/wp\/v2\/categories?post=682"},{"taxonomy":"post_tag","embeddable":true,"href":"https:\/\/www.encontrabelem.com.br\/sobre\/wp-json\/wp\/v2\/tags?post=682"}],"curies":[{"name":"wp","href":"https:\/\/api.w.org\/{rel}","templated":true}]}}