{"id":551,"date":"2019-02-18T05:25:08","date_gmt":"2019-02-18T08:25:08","guid":{"rendered":"http:\/\/www.encontrabelem.com.br\/sobre\/?p=551"},"modified":"2023-11-13T11:17:20","modified_gmt":"2023-11-13T14:17:20","slug":"ibis-belem","status":"publish","type":"post","link":"https:\/\/www.encontrabelem.com.br\/sobre\/ibis-belem","title":{"rendered":"Ibis Bel\u00e9m"},"content":{"rendered":"<div class=\"b22802487b0d38c4c6d9f34966e16421\" data-index=\"1\" style=\"float: none; margin:0px;\">\n<!-- Anuncio display - global -->\r\n<ins class=\"adsbygoogle\"\r\n     style=\"display:block\"\r\n     data-ad-client=\"ca-pub-8585364105181520\"\r\n     data-ad-slot=\"8789329856\"\r\n     data-ad-format=\"auto\"\r\n     data-full-width-responsive=\"true\"><\/ins>\r\n<script>\r\n     (adsbygoogle = window.adsbygoogle || []).push({});\r\n<\/script>\n<\/div>\n<p>Cuidadoso e eficiente, o\u00a0<strong>Ibis Bel\u00e9m<\/strong>\u00a0garante o mais alto n\u00edvel de servi\u00e7os de sua categoria: recep\u00e7\u00e3o 24 horas, caf\u00e9 da manh\u00e3 das 4h ao meio-dia, refei\u00e7\u00f5es leves servidas 24h no bar Ibis Kitchen Lounge.<\/p>\n<p>A qualidade dos hot\u00e9is \u00e9 garantida, j\u00e1 que oferecem iniciativas como por exemplo o Contrato 15 Minutos: a solu\u00e7\u00e3o do seu problema em at\u00e9 15 minutos ou a hospedagem \u00e9 por conta do Ibis.<\/p>\n<p><img loading=\"lazy\" decoding=\"async\" class=\"alignnone wp-image-552 size-full\" title=\"Ibis Bel\u00e9m\" src=\"http:\/\/www.encontrabelem.com.br\/sobre\/wp-content\/uploads\/2019\/02\/ibis-belem.jpg\" alt=\"Ibis Bel\u00e9m\" width=\"680\" height=\"189\" srcset=\"https:\/\/www.encontrabelem.com.br\/sobre\/wp-content\/uploads\/2019\/02\/ibis-belem.jpg 680w, https:\/\/www.encontrabelem.com.br\/sobre\/wp-content\/uploads\/2019\/02\/ibis-belem-300x83.jpg 300w\" sizes=\"auto, (max-width: 680px) 100vw, 680px\" \/><\/p>\n<div id=\"summary\" class=\"\">\n<p>Situado em Bel\u00e9m, a 1,4 km da Bas\u00edlica-Santu\u00e1rio de Nossa Senhora de Nazar\u00e9, o Ibis Budget Belem oferece Wi-Fi e estacionamento privativo, ambos gratuitos. Todos os quartos possuem ar-condicionado, mesa de trabalho e banheiro privativo.<\/p>\n<p>O Ibis Budget Bel\u00e9m fica a 3,4 km da Esta\u00e7\u00e3o das Docas e a 3,7 km do Mercado Ver-o-Peso. O Aeroporto Internacional de Bel\u00e9m &#8211; Val de Cans &#8211; J\u00falio Cezar Ribeiro est\u00e1 localizado a 7 km da propriedade.<\/p>\n<h2>Ibis Bel\u00e9m Booking<\/h2>\n<p>\u00c9 poss\u00edvel realizar reservas no Ibis Bel\u00e9m\u00a0tanto pelo site do Booking como diretamente pelo site do hotel. Lembre-se de realizar uma pesquisa de valores pois eles podem variar de um site para o outro.<\/p>\n<h3>Ibis Bel\u00e9m TripAdvisor<\/h3>\n<p>No\u00a0TripAdvisor\u00a0voc\u00ea pode ver as avalia\u00e7\u00f5es mais recentes e comparar os menores pre\u00e7os de hot\u00e9is em mais de 200 sites de reserva e aproveitar ao m\u00e1ximo sua viagem. No\u00a0<em>TripAdvisor<\/em>\u00a0voc\u00ea tamb\u00e9m encontra informa\u00e7\u00f5es e opini\u00f5es sobre o Ibis Bel\u00e9m.<\/p>\n<h3>Ibis Bel\u00e9m\u00a0Acomoda\u00e7\u00f5es<\/h3>\n<p>O Ibis Bel\u00e9m conta com as seguintes <em>acomoda\u00e7\u00f5es:<\/em><\/p>\n<ul>\n<li>Quarto duplo com beliche<\/li>\n<li>Quarto duplo standard<\/li>\n<li>Quarto standard com 2 camas de solteiro<\/li>\n<li>Apartamento com cama de solteiro e cama alta<\/li>\n<\/ul>\n<\/div>\n<h3>Hor\u00e1rio de Funcionamento Ibis em Bel\u00e9m<\/h3>\n<ul>\n<li>Atendimento 24 horas<\/li>\n<\/ul>\n<h3>Endere\u00e7o e Telefone Ibis em Bel\u00e9m<\/h3>\n<ul>\n<li><strong>Ibis:<\/strong> Av. J\u00falio C\u00e9sar, 1675 &#8211; Telefone: (91) 3344-5650<\/li>\n<li><strong>Ibis Budget:<\/strong> Av. Jospe Bonif\u00e1cio, 244 &#8211; Telefone: (91) 3202-7600<\/li>\n<\/ul>\n<h4>Outras informa\u00e7\u00f5es e site<\/h4>\n<ul>\n<li>Mais informa\u00e7\u00f5es:\u00a0<a href=\"https:\/\/www.facebook.com\/pages\/Hotel-Ibis\/791133204232427\" target=\"_blank\" rel=\"noopener noreferrer\">www.facebook.com\/pages\/Hotel-Ibis<\/a><\/li>\n<\/ul>\n<h4>Mapa de localiza\u00e7\u00e3o Ibis<\/h4>\n<a class=\"wp-colorbox-iframe\" href=\"https:\/\/www.google.com\/maps\/embed?pb=!1m18!1m12!1m3!1d3988.6239584916934!2d-48.47408198524592!3d-1.401973698977511!2m3!1f0!2f0!3f0!3m2!1i1024!2i768!4f13.1!3m3!1m2!1s0x92a48bd3174b3f850x17a6e74e882598ce!2sAv.+Jlio+Csar+1675+-+Souza+Belm+-+PA+66617-220!5e0!3m2!1spt-BR!2sbr!4v1550478174836\"><img decoding=\"async\" src=\"http:\/\/www.encontrabelem.com.br\/imgs\/maps-post.png\"><\/a>\n\n<div style=\"font-size: 0px; height: 0px; line-height: 0px; margin: 0; padding: 0; clear: both;\"><\/div>","protected":false},"excerpt":{"rendered":"<p>Cuidadoso e eficiente, o\u00a0Ibis Bel\u00e9m\u00a0garante o mais alto n\u00edvel de servi\u00e7os de sua categoria: recep\u00e7\u00e3o 24 horas, caf\u00e9 da manh\u00e3 das 4h ao meio-dia, refei\u00e7\u00f5es leves servidas 24h no bar Ibis Kitchen Lounge. A qualidade dos hot\u00e9is \u00e9 garantida, j\u00e1 que oferecem iniciativas como por exemplo o Contrato 15 Minutos: a solu\u00e7\u00e3o do seu problema em at\u00e9 15 minutos ou a hospedagem \u00e9 por conta do Ibis. Situado em Bel\u00e9m, a 1,4 km da Bas\u00edlica-Santu\u00e1rio de Nossa Senhora de Nazar\u00e9, o Ibis Budget Belem oferece Wi-Fi e estacionamento privativo, ambos gratuitos. Todos os quartos possuem ar-condicionado, mesa de trabalho e <\/p>\n","protected":false},"author":1,"featured_media":552,"comment_status":"closed","ping_status":"closed","sticky":false,"template":"","format":"standard","meta":{"footnotes":""},"categories":[36],"tags":[],"class_list":["post-551","post","type-post","status-publish","format-standard","has-post-thumbnail","hentry","category-hotel-em-belem","has_thumb"],"aioseo_notices":[],"_links":{"self":[{"href":"https:\/\/www.encontrabelem.com.br\/sobre\/wp-json\/wp\/v2\/posts\/551","targetHints":{"allow":["GET"]}}],"collection":[{"href":"https:\/\/www.encontrabelem.com.br\/sobre\/wp-json\/wp\/v2\/posts"}],"about":[{"href":"https:\/\/www.encontrabelem.com.br\/sobre\/wp-json\/wp\/v2\/types\/post"}],"author":[{"embeddable":true,"href":"https:\/\/www.encontrabelem.com.br\/sobre\/wp-json\/wp\/v2\/users\/1"}],"replies":[{"embeddable":true,"href":"https:\/\/www.encontrabelem.com.br\/sobre\/wp-json\/wp\/v2\/comments?post=551"}],"version-history":[{"count":0,"href":"https:\/\/www.encontrabelem.com.br\/sobre\/wp-json\/wp\/v2\/posts\/551\/revisions"}],"wp:featuredmedia":[{"embeddable":true,"href":"https:\/\/www.encontrabelem.com.br\/sobre\/wp-json\/wp\/v2\/media\/552"}],"wp:attachment":[{"href":"https:\/\/www.encontrabelem.com.br\/sobre\/wp-json\/wp\/v2\/media?parent=551"}],"wp:term":[{"taxonomy":"category","embeddable":true,"href":"https:\/\/www.encontrabelem.com.br\/sobre\/wp-json\/wp\/v2\/categories?post=551"},{"taxonomy":"post_tag","embeddable":true,"href":"https:\/\/www.encontrabelem.com.br\/sobre\/wp-json\/wp\/v2\/tags?post=551"}],"curies":[{"name":"wp","href":"https:\/\/api.w.org\/{rel}","templated":true}]}}