{"id":532,"date":"2019-02-09T13:54:55","date_gmt":"2019-02-09T15:54:55","guid":{"rendered":"http:\/\/www.encontrabelem.com.br\/sobre\/?p=532"},"modified":"2023-11-13T11:17:20","modified_gmt":"2023-11-13T14:17:20","slug":"frigelar-belem","status":"publish","type":"post","link":"https:\/\/www.encontrabelem.com.br\/sobre\/frigelar-belem","title":{"rendered":"Frigelar Bel\u00e9m"},"content":{"rendered":"<div class=\"b22802487b0d38c4c6d9f34966e16421\" data-index=\"1\" style=\"float: none; margin:0px;\">\n<!-- Anuncio display - global -->\r\n<ins class=\"adsbygoogle\"\r\n     style=\"display:block\"\r\n     data-ad-client=\"ca-pub-8585364105181520\"\r\n     data-ad-slot=\"8789329856\"\r\n     data-ad-format=\"auto\"\r\n     data-full-width-responsive=\"true\"><\/ins>\r\n<script>\r\n     (adsbygoogle = window.adsbygoogle || []).push({});\r\n<\/script>\n<\/div>\n<p>A Frigelar iniciou suas atividades em Porto Alegre\/RS, no ano de 1966, atuando como prestadora de servi\u00e7os de assist\u00eancia t\u00e9cnica da marca Frigidaire. Com o crescimento de suas atividades, em 1971, a empresa tamb\u00e9m passou a comercializar pe\u00e7as, componentes e equipamentos para refrigera\u00e7\u00e3o e condicionadores de ar.<\/p>\n<p>A expans\u00e3o dos neg\u00f3cios levou a <strong>Frigelar Bel\u00e9m<\/strong> a dedicar-se exclusivamente \u00e0 revenda de pe\u00e7as, c\u00e2maras frigor\u00edficas e condicionadores de ar, a partir de 1983.<\/p>\n<p><img loading=\"lazy\" decoding=\"async\" class=\"alignnone wp-image-533 size-full\" title=\"Frigelar Bel\u00e9m\" src=\"http:\/\/www.encontrabelem.com.br\/sobre\/wp-content\/uploads\/2019\/02\/frigelar-belem.gif\" alt=\"Frigelar Bel\u00e9m\" width=\"680\" height=\"189\" \/><\/p>\n<h2>Frigelar Bel\u00e9m C\u00e1talogo de Pe\u00e7as<\/h2>\n<p>Voc\u00ea pode conferir todo o\u00a0<em>cat\u00e1logo de pe\u00e7as<\/em>\u00a0da empresa pelo site. Acesse e veja tudo o que a Frigelar pode lhe oferecer.<\/p>\n<h3>Vagas\u00a0Frigelar Bel\u00e9m &#8211; Trabalhe Conosco<\/h3>\n<p>A Frigelar Bel\u00e9m disponibiliza <em>vagas de trabalho<\/em> durante todo ano. Para se informar sobre os processos seletivos e se candidatar as vagas acompanhe o site da empresa, onde \u00e9 poss\u00edvel se informar sobre vagas abertas, sal\u00e1rios e compet\u00eancias necess\u00e1rias para se candidatar ao processo.<\/p>\n<h3>Hor\u00e1rio de Funcionamento\u00a0Frigelar em Bel\u00e9m<\/h3>\n<ul>\n<li>Segunda a Sexta das 08h \u00e0s 18h<\/li>\n<\/ul>\n<h3>Endere\u00e7o e Telefone\u00a0Frigelar em Bel\u00e9m<\/h3>\n<ul>\n<li>Av. Alm. Barroso, 280 &#8211; S\u00e3o Br\u00e1s &#8211; Bel\u00e9m &#8211; PA<\/li>\n<li>Telefone: (91) 3205-8282<\/li>\n<\/ul>\n<h4>Outras informa\u00e7\u00f5es e site<\/h4>\n<ul>\n<li>Mais informa\u00e7\u00f5es:\u00a0<a href=\"https:\/\/www.frigelar.com.br\/hotsite\" target=\"_blank\" rel=\"noopener noreferrer\">www.frigelar.com.br<\/a><\/li>\n<li>CNPJ:\u00a092.660.406\/0037-20<\/li>\n<\/ul>\n<h4>Mapa de localiza\u00e7\u00e3o<\/h4>\n<a class=\"wp-colorbox-iframe\" href=\"https:\/\/www.google.com\/maps\/embed?pb=!1m14!1m8!1m3!1d15954.191288793318!2d-48.4644126!3d-1.4459711!3m2!1i1024!2i768!4f13.1!3m3!1m2!1s0x00xa399d41c2dde1e8d!2sFrigelar+-+Ar+Condicionado+e+Refrigerao!5e0!3m2!1spt-BR!2sbr!4v1549727169255\"><img decoding=\"async\" src=\"http:\/\/www.encontrabelem.com.br\/imgs\/maps-post.png\"><\/a>\n\n<div style=\"font-size: 0px; height: 0px; line-height: 0px; margin: 0; padding: 0; clear: both;\"><\/div>","protected":false},"excerpt":{"rendered":"<p>A Frigelar iniciou suas atividades em Porto Alegre\/RS, no ano de 1966, atuando como prestadora de servi\u00e7os de assist\u00eancia t\u00e9cnica da marca Frigidaire. Com o crescimento de suas atividades, em 1971, a empresa tamb\u00e9m passou a comercializar pe\u00e7as, componentes e equipamentos para refrigera\u00e7\u00e3o e condicionadores de ar. A expans\u00e3o dos neg\u00f3cios levou a Frigelar Bel\u00e9m a dedicar-se exclusivamente \u00e0 revenda de pe\u00e7as, c\u00e2maras frigor\u00edficas e condicionadores de ar, a partir de 1983. Frigelar Bel\u00e9m C\u00e1talogo de Pe\u00e7as Voc\u00ea pode conferir todo o\u00a0cat\u00e1logo de pe\u00e7as\u00a0da empresa pelo site. Acesse e veja tudo o que a Frigelar pode lhe oferecer. Vagas\u00a0Frigelar Bel\u00e9m <\/p>\n","protected":false},"author":1,"featured_media":533,"comment_status":"closed","ping_status":"closed","sticky":false,"template":"","format":"standard","meta":{"footnotes":""},"categories":[27],"tags":[],"class_list":["post-532","post","type-post","status-publish","format-standard","has-post-thumbnail","hentry","category-lugares-em-belem","has_thumb"],"aioseo_notices":[],"_links":{"self":[{"href":"https:\/\/www.encontrabelem.com.br\/sobre\/wp-json\/wp\/v2\/posts\/532","targetHints":{"allow":["GET"]}}],"collection":[{"href":"https:\/\/www.encontrabelem.com.br\/sobre\/wp-json\/wp\/v2\/posts"}],"about":[{"href":"https:\/\/www.encontrabelem.com.br\/sobre\/wp-json\/wp\/v2\/types\/post"}],"author":[{"embeddable":true,"href":"https:\/\/www.encontrabelem.com.br\/sobre\/wp-json\/wp\/v2\/users\/1"}],"replies":[{"embeddable":true,"href":"https:\/\/www.encontrabelem.com.br\/sobre\/wp-json\/wp\/v2\/comments?post=532"}],"version-history":[{"count":0,"href":"https:\/\/www.encontrabelem.com.br\/sobre\/wp-json\/wp\/v2\/posts\/532\/revisions"}],"wp:featuredmedia":[{"embeddable":true,"href":"https:\/\/www.encontrabelem.com.br\/sobre\/wp-json\/wp\/v2\/media\/533"}],"wp:attachment":[{"href":"https:\/\/www.encontrabelem.com.br\/sobre\/wp-json\/wp\/v2\/media?parent=532"}],"wp:term":[{"taxonomy":"category","embeddable":true,"href":"https:\/\/www.encontrabelem.com.br\/sobre\/wp-json\/wp\/v2\/categories?post=532"},{"taxonomy":"post_tag","embeddable":true,"href":"https:\/\/www.encontrabelem.com.br\/sobre\/wp-json\/wp\/v2\/tags?post=532"}],"curies":[{"name":"wp","href":"https:\/\/api.w.org\/{rel}","templated":true}]}}