{"id":515,"date":"2019-02-08T13:54:38","date_gmt":"2019-02-08T15:54:38","guid":{"rendered":"http:\/\/www.encontrabelem.com.br\/sobre\/?p=515"},"modified":"2023-11-13T11:17:20","modified_gmt":"2023-11-13T14:17:20","slug":"os-8-melhorespontos-turisticos-de-belem","status":"publish","type":"post","link":"https:\/\/www.encontrabelem.com.br\/sobre\/os-8-melhorespontos-turisticos-de-belem","title":{"rendered":"Os 8 melhores Pontos Tur\u00edsticos de Bel\u00e9m!"},"content":{"rendered":"<div class=\"b22802487b0d38c4c6d9f34966e16421\" data-index=\"1\" style=\"float: none; margin:0px;\">\n<!-- Anuncio display - global -->\r\n<ins class=\"adsbygoogle\"\r\n     style=\"display:block\"\r\n     data-ad-client=\"ca-pub-8585364105181520\"\r\n     data-ad-slot=\"8789329856\"\r\n     data-ad-format=\"auto\"\r\n     data-full-width-responsive=\"true\"><\/ins>\r\n<script>\r\n     (adsbygoogle = window.adsbygoogle || []).push({});\r\n<\/script>\n<\/div>\n<p>Bel\u00e9m \u00e9 o t\u00edpico destino que muitos brasileiros poderiam visitar num feriado prolongado, mas n\u00e3o v\u00e3o por desconhecerem as maravilhas da cidade. Com tr\u00eas ou quatro dias \u00e9 poss\u00edvel conhecer a capital do Par\u00e1, se apaixonar pela gastronomia paraense, se impressionar com a grandiosidade do Ver-o-Peso e ter uma experi\u00eancia amaz\u00f4nica pela primeira vez.<\/p>\n<p>Conhe\u00e7a os melhores\u00a0<strong>os 8 melhores Pontos Tur\u00edsticos de Bel\u00e9m.<\/strong><\/p>\n<p><img loading=\"lazy\" decoding=\"async\" class=\"alignnone wp-image-516 size-full\" title=\"Pontos Turisticos de Bel\u00e9m\" src=\"http:\/\/www.encontrabelem.com.br\/sobre\/wp-content\/uploads\/2019\/02\/pontos-turisticos-belem.gif\" alt=\"Pontos Turisticos de Bel\u00e9m\" width=\"633\" height=\"500\" \/><\/p>\n<h3>1. Bas\u00edlica Santu\u00e1rio Nossa Senhora de Nazar\u00e9<\/h3>\n<p>A\u00a0<em>Bas\u00edlica Santu\u00e1rio Nossa Senhora de Nazar\u00e9<\/em>, a famosa igreja do C\u00edrio de Nazar\u00e9, uma das maiores tradi\u00e7\u00f5es religiosas do Brasil. Todo m\u00eas de outubro, a cidade de Bel\u00e9m se transforma para celebrar a tradi\u00e7\u00e3o.\u00a0Milhares de devotos acompanham a prociss\u00e3o com a imagem de Nossa Senhora de Nazar\u00e9, que sai da catedral de Nazar\u00e9 (na Cidade Velha) at\u00e9 a Bas\u00edlica Santu\u00e1rio, a maior e mais bonita igreja do Par\u00e1.<\/p>\n<p>A devo\u00e7\u00e3o \u00e9 antiga. L\u00e1 em 1700, a pequena imagem de 28 cm foi encontrada por um caboclo aos p\u00e9s de um igarap\u00e9. No lugar, foi constru\u00edda uma pequena capelinha, que com a explos\u00e3o da devo\u00e7\u00e3o, hoje se transformou na maravilhosa Bas\u00edlica Santu\u00e1rio. Uma igreja cheia de detalhes, vitrais e esculturas. A imagem original, inclusive, est\u00e1 bem em cima do altar, numa c\u00fapula de vidro. Ela fica ali o ano todo, s\u00f3 saindo em dias de C\u00edrio e no anivers\u00e1rio da Santu\u00e1rio.\u00a0Fica a dica de visitar Bel\u00e9m na \u00e9poca do C\u00edrio e viver uma experi\u00eancia \u00fanica de imers\u00e3o cultural e f\u00e9.<\/p>\n<p><img loading=\"lazy\" decoding=\"async\" class=\"alignnone wp-image-517 size-full\" title=\"Bas\u00edlica Santu\u00e1rio Nossa Senhora de Nazar\u00e9\" src=\"http:\/\/www.encontrabelem.com.br\/sobre\/wp-content\/uploads\/2019\/02\/basilica.png\" alt=\"Bas\u00edlica Santu\u00e1rio Nossa Senhora de Nazar\u00e9\" width=\"712\" height=\"482\" srcset=\"https:\/\/www.encontrabelem.com.br\/sobre\/wp-content\/uploads\/2019\/02\/basilica.png 712w, https:\/\/www.encontrabelem.com.br\/sobre\/wp-content\/uploads\/2019\/02\/basilica-300x203.png 300w\" sizes=\"auto, (max-width: 712px) 100vw, 712px\" \/><\/p>\n<h3>2. Pra\u00e7a da Rep\u00fablica, Cinema Olympia e Theatro da Paz<\/h3>\n<p>Caminhando um pouco pela cidade, chega-se na <em>Pra\u00e7a da Rep\u00fablica<\/em>, onde o lindo Theatro da Paz de Bel\u00e9m rouba todos os olhares. Constru\u00eddo na \u00e9poca do auge do ciclo da borracha, o edif\u00edcio foi constru\u00eddo para ostentar toda a riqueza da sociedade paraense nesse per\u00edodo.<\/p>\n<p>Ali na pra\u00e7a, ainda est\u00e1 o <em>Cinema Olympia<\/em>, que \u00e9 considerado o cinema mais antigo funcionando no mesmo lugar aqui no Brasil. Quem me deu a dica foi a Camila do blog Viagem no Detalhe, que tamb\u00e9m aproveitou pra curtir Bel\u00e9m em um final de semana.<\/p>\n<p>O Cine Olympia tem entrada franca e exibe diariamente filmes cl\u00e1ssicos e de cinema mudo, al\u00e9m de valorizar o cinema nacional, fazendo todos os anos a exibi\u00e7\u00e3o dos filmes finalistas do Grande Pr\u00eamio do Cinema Brasileiro. Nas sextas-feiras, ainda acontece visita guiada pelo pr\u00e9dio. Uma atra\u00e7\u00e3o imperd\u00edvel para os amantes da s\u00e9tima arte.<\/p>\n<p><img loading=\"lazy\" decoding=\"async\" class=\"alignnone wp-image-518 size-full\" title=\"Pra\u00e7a da Rep\u00fablica, Cinema Olympia e Theatro da Paz\" src=\"http:\/\/www.encontrabelem.com.br\/sobre\/wp-content\/uploads\/2019\/02\/pra\u00e7a-rep.png\" alt=\"Pra\u00e7a da Rep\u00fablica, Cinema Olympia e Theatro da Paz\" width=\"648\" height=\"450\" srcset=\"https:\/\/www.encontrabelem.com.br\/sobre\/wp-content\/uploads\/2019\/02\/pra\u00e7a-rep.png 648w, https:\/\/www.encontrabelem.com.br\/sobre\/wp-content\/uploads\/2019\/02\/pra\u00e7a-rep-300x208.png 300w\" sizes=\"auto, (max-width: 648px) 100vw, 648px\" \/><\/p>\n<h3>3. Esta\u00e7\u00e3o das Docas e Sorveteria Cairu<\/h3>\n<p>A Esta\u00e7\u00e3o das Docas est\u00e1 para Bel\u00e9m como o Boulevard Ol\u00edmpico est\u00e1 para o Rio de Janeiro e os armaz\u00e9ns do Recife Antigo est\u00e3o para a capital pernambucana.\u00a0Uma \u00e1rea revitalizada que virou ponto de encontro de locais e turistas. Tem restaurantes, cervejarias, lojinhas de artesanato e uma vista linda do rio que banha a capital do Par\u00e1. Adoramos o clima e aproveitamos muito a Esta\u00e7\u00e3o das Docas.<\/p>\n<p>A Esta\u00e7\u00e3o das Docas \u00e9 um lugar para visitar de dia e de noite. De l\u00e1 saem passeios de barco todos os dias, para quem quer ver a cidade de outro \u00e2ngulo. O mais procurado \u00e9 o passeio para ver o por do sol, que segue pelo rio animado por dan\u00e7as t\u00edpicas de Bel\u00e9m.<\/p>\n<p>Outra dica \u00e9 passar na sorveteria Cairu, que tem os melhores sabores de sorvetes preparados com as frutas da Amaz\u00f4nia. Quem gosta de uma cerveja artesanal tamb\u00e9m tem parada obrigat\u00f3ria na Amazon Beer, com cervejas e petiscos com sabores regionais \u2013 que a gente provou e aprovou!<\/p>\n<p><img loading=\"lazy\" decoding=\"async\" class=\"alignnone wp-image-519 size-full\" title=\"Esta\u00e7\u00e3o das Docas e Sorveteria Cairu\" src=\"http:\/\/www.encontrabelem.com.br\/sobre\/wp-content\/uploads\/2019\/02\/docas.png\" alt=\"Esta\u00e7\u00e3o das Docas e Sorveteria Cairu\" width=\"434\" height=\"389\" srcset=\"https:\/\/www.encontrabelem.com.br\/sobre\/wp-content\/uploads\/2019\/02\/docas.png 434w, https:\/\/www.encontrabelem.com.br\/sobre\/wp-content\/uploads\/2019\/02\/docas-300x269.png 300w\" sizes=\"auto, (max-width: 434px) 100vw, 434px\" \/><\/p>\n<h3>4. Cidade velha e Mercado Ver-o-peso<\/h3>\n<p>A maior feira livre da Am\u00e9rica Latina j\u00e1 foi eleita uma das 7 maravilhas do Brasil, e n\u00e3o \u00e9 pra menos.\u00a0Um encontro de cores, sabores, cren\u00e7as. Tem de tudo no Ver-o-peso. Os corredores organizados facilitam a visita e mostram a diversidade: tem espa\u00e7o pros cereais, castanhas, animais, po\u00e7\u00f5es, encantamentos e pros rem\u00e9dios pra todo tipo de mal.\u00a0Nas barraquinhas de comida, voc\u00ea pode experimentar um a\u00e7a\u00ed com peixe frito, como os locais fazem. S\u00f3 tenha cuidado de escolher uma barraca mais organizada, pra comer um a\u00e7a\u00ed com mais qualidade e higiene.<\/p>\n<p>Ali pertinho do Ver-o-peso, voc\u00ea pode visitar os outros mercados que fazem parte do Complexo Ver-o-peso. No Mercado de Carnes Francisco Bolonha, funciona o a\u00e7ougue municipal. Mas o que realmente chama a aten\u00e7\u00e3o \u00e9 a arquitetura de ferro que rende algumas fotos incr\u00edveis \u2013 especialmente l\u00e1 de cima do mirante no topo da escada em caracol, que um dia j\u00e1 abrigou o reservat\u00f3rio de \u00e1gua do mercado.<\/p>\n<p><img loading=\"lazy\" decoding=\"async\" class=\"alignnone wp-image-520 size-full\" title=\"Cidade velha e Mercado Ver-o-peso\" src=\"http:\/\/www.encontrabelem.com.br\/sobre\/wp-content\/uploads\/2019\/02\/mercado-ver-peso.png\" alt=\"Cidade velha e Mercado Ver-o-peso\" width=\"759\" height=\"534\" srcset=\"https:\/\/www.encontrabelem.com.br\/sobre\/wp-content\/uploads\/2019\/02\/mercado-ver-peso.png 759w, https:\/\/www.encontrabelem.com.br\/sobre\/wp-content\/uploads\/2019\/02\/mercado-ver-peso-300x211.png 300w\" sizes=\"auto, (max-width: 759px) 100vw, 759px\" \/><\/p>\n<h3>5. Forte do Pres\u00e9pio<\/h3>\n<p>Atravessando pela Pra\u00e7a do Rel\u00f3gio e subindo a Ladeira do Castelo, uma das primeiras ruas de Bel\u00e9m, para chegar na Pra\u00e7a Dom Frei Caetano Brand\u00e3o, onde a cidade de Bel\u00e9m come\u00e7ou. Toda essa regi\u00e3o \u00e9 chamada de Complexo Feliz Lusit\u00e2nia, nome dado pelos colonizadores portugueses para o povoamento inicial da cidade de Bel\u00e9m.<\/p>\n<p>Ali fica o Forte do Pres\u00e9pio, o marco zero da cidade. Foi com a constru\u00e7\u00e3o dessa fortifica\u00e7\u00e3o que a cidade come\u00e7ou a se estabelecer, primeiro dentro dos muros e depois nos arredores. A visita ao Forte do Pres\u00e9pio tem uma \u00e1rea gratuita e outra paga, mas vale entrar para conferir o museu e ter uma das vistas mais bonitas da Cidade Velha e do Rio Guajar\u00e1.<\/p>\n<p><img loading=\"lazy\" decoding=\"async\" class=\"alignnone wp-image-522 size-full\" title=\"Forte do Pres\u00e9pio \" src=\"http:\/\/www.encontrabelem.com.br\/sobre\/wp-content\/uploads\/2019\/02\/presepio.png\" alt=\"Forte do Pres\u00e9pio \" width=\"759\" height=\"476\" srcset=\"https:\/\/www.encontrabelem.com.br\/sobre\/wp-content\/uploads\/2019\/02\/presepio.png 759w, https:\/\/www.encontrabelem.com.br\/sobre\/wp-content\/uploads\/2019\/02\/presepio-300x188.png 300w\" sizes=\"auto, (max-width: 759px) 100vw, 759px\" \/><\/p>\n<h3>6. Mangal das Gar\u00e7as<\/h3>\n<p>O Mangal das Gar\u00e7as \u00e9 um dos lugares mais incr\u00edveis\u00a0de\u00a0Bel\u00e9m. Uma \u00e1rea verde super preservada, com uma biodiversidade linda de se ver. A ideia foi reproduzir os ecossistemas t\u00edpicos de Bel\u00e9m: \u00e1reas alagadas, terra firme e os campos.<br \/>\nAs verdadeiras donas do lugar s\u00e3o as gar\u00e7as. Muitas, espalhadas por todo lugar do parque. A revoada tamb\u00e9m \u00e9 linda e\u00a0vale a pena se sentar ao lado do lago s\u00f3 pra assistir um pouco da festa animal que acontece todo dia no Mangal.\u00a0A entrada \u00e9 gratuita, mas quem quiser pode pagar para entrar no borbolet\u00e1rio ou no mirante da torre, o Farol de Bel\u00e9m.<\/p>\n<p><img loading=\"lazy\" decoding=\"async\" class=\"alignnone wp-image-523 size-full\" title=\"Mangal das Gar\u00e7as\" src=\"http:\/\/www.encontrabelem.com.br\/sobre\/wp-content\/uploads\/2019\/02\/mangal.png\" alt=\"Mangal das Gar\u00e7as\" width=\"715\" height=\"472\" srcset=\"https:\/\/www.encontrabelem.com.br\/sobre\/wp-content\/uploads\/2019\/02\/mangal.png 715w, https:\/\/www.encontrabelem.com.br\/sobre\/wp-content\/uploads\/2019\/02\/mangal-300x198.png 300w\" sizes=\"auto, (max-width: 715px) 100vw, 715px\" \/><\/p>\n<h3>7. Ilha do Combu<\/h3>\n<p>Para ir at\u00e9 a Ilha do Combu, basta pegar um barco na Pra\u00e7a Santa Isabel, que n\u00e3o \u00e9 l\u00e1 muito organizada. A \u00fanica atra\u00e7\u00e3o por ali \u00e9 mesmo o point de sa\u00edda dos barcos para a ilha.\u00a0 Voc\u00ea precisa avisar na partida qual \u00e9 o seu destino na Ilha do Combu. Isso porque n\u00e3o d\u00e1 pra se deslocar a p\u00e9 na ilha. Para ir de um lugar a outro, s\u00f3 de barco.\u00a0O barco vai entrando nos \u201cfuros\u201d da ilha, pelo meio da floresta. Algumas casinhas pelo caminho, onde moram as poucas centenas de habitantes do Combu. \u00c9 uma experi\u00eancia incr\u00edvel!<\/p>\n<p>Existem\u00a0visitas guiadas, com uma pequena palestrinha para grupos sobre a produ\u00e7\u00e3o e a f\u00e1brica. Mas voc\u00ea tamb\u00e9m pode fazer apenas a visita por conta pr\u00f3pria, sendo muito bem recebido pela equipe de visita\u00e7\u00e3o, que mostra um pouco do processo de produ\u00e7\u00e3o para todo mundo interessado.<\/p>\n<p>A maior atra\u00e7\u00e3o do Combu s\u00e3o os restaurantes locais, especializados nos sabores do Par\u00e1. Existem v\u00e1rios, mas nenhum mais famoso que a Saldosa Maloca. Foi exatamente por causa da Saldosa Maloca que a Ilha do Combu ficou conhecida. Um lugar bacana para almo\u00e7ar, com uma vista incr\u00edvel da cidade de Bel\u00e9m e op\u00e7\u00e3o para tomar banho de rio.<\/p>\n<p><img loading=\"lazy\" decoding=\"async\" class=\"alignnone wp-image-524 size-full\" title=\"Ilha do Combu\" src=\"http:\/\/www.encontrabelem.com.br\/sobre\/wp-content\/uploads\/2019\/02\/ilha-combu.png\" alt=\"Ilha do Combu\" width=\"656\" height=\"433\" srcset=\"https:\/\/www.encontrabelem.com.br\/sobre\/wp-content\/uploads\/2019\/02\/ilha-combu.png 656w, https:\/\/www.encontrabelem.com.br\/sobre\/wp-content\/uploads\/2019\/02\/ilha-combu-300x198.png 300w\" sizes=\"auto, (max-width: 656px) 100vw, 656px\" \/><\/p>\n<h3>8. Saldosa Maloca<\/h3>\n<p>E n\u00e3o estranhe que estou escrevendo saldosa com L. \u00c9 assim mesmo! Uma hist\u00f3ria curiosa de uma placa que foi escrita errado e n\u00e3o foi trocada por falta de dinheiro. Hoje, o erro de portugu\u00eas ajuda a fazer a fama do lugar.\u00a0A Saldosa Maloca tem um deck e chuveir\u00e3o, onde \u00e9 poss\u00edvel passar a tarde relaxando com um banho de rio. Mas o grande destaque fica por conta dos pratos: provamos camar\u00f5es e peixes \u2013 e estava tudo muito saboroso! Voc\u00ea ainda pode provar caipirinhas com frutas amaz\u00f4nicas, imagina que legal!<\/p>\n<p><img loading=\"lazy\" decoding=\"async\" class=\"alignnone wp-image-525 size-full\" title=\" Saldosa Maloca \" src=\"http:\/\/www.encontrabelem.com.br\/sobre\/wp-content\/uploads\/2019\/02\/saldosa-maloca.png\" alt=\" Saldosa Maloca \" width=\"647\" height=\"441\" srcset=\"https:\/\/www.encontrabelem.com.br\/sobre\/wp-content\/uploads\/2019\/02\/saldosa-maloca.png 647w, https:\/\/www.encontrabelem.com.br\/sobre\/wp-content\/uploads\/2019\/02\/saldosa-maloca-300x204.png 300w\" sizes=\"auto, (max-width: 647px) 100vw, 647px\" \/><\/p>\n\n<div style=\"font-size: 0px; height: 0px; line-height: 0px; margin: 0; padding: 0; clear: both;\"><\/div>","protected":false},"excerpt":{"rendered":"<p>Bel\u00e9m \u00e9 o t\u00edpico destino que muitos brasileiros poderiam visitar num feriado prolongado, mas n\u00e3o v\u00e3o por desconhecerem as maravilhas da cidade. Com tr\u00eas ou quatro dias \u00e9 poss\u00edvel conhecer a capital do Par\u00e1, se apaixonar pela gastronomia paraense, se impressionar com a grandiosidade do Ver-o-Peso e ter uma experi\u00eancia amaz\u00f4nica pela primeira vez. Conhe\u00e7a os melhores\u00a0os 8 melhores Pontos Tur\u00edsticos de Bel\u00e9m. 1. Bas\u00edlica Santu\u00e1rio Nossa Senhora de Nazar\u00e9 A\u00a0Bas\u00edlica Santu\u00e1rio Nossa Senhora de Nazar\u00e9, a famosa igreja do C\u00edrio de Nazar\u00e9, uma das maiores tradi\u00e7\u00f5es religiosas do Brasil. Todo m\u00eas de outubro, a cidade de Bel\u00e9m se transforma <\/p>\n","protected":false},"author":1,"featured_media":516,"comment_status":"closed","ping_status":"closed","sticky":false,"template":"","format":"standard","meta":{"footnotes":""},"categories":[27],"tags":[],"class_list":["post-515","post","type-post","status-publish","format-standard","has-post-thumbnail","hentry","category-lugares-em-belem","has_thumb"],"aioseo_notices":[],"_links":{"self":[{"href":"https:\/\/www.encontrabelem.com.br\/sobre\/wp-json\/wp\/v2\/posts\/515","targetHints":{"allow":["GET"]}}],"collection":[{"href":"https:\/\/www.encontrabelem.com.br\/sobre\/wp-json\/wp\/v2\/posts"}],"about":[{"href":"https:\/\/www.encontrabelem.com.br\/sobre\/wp-json\/wp\/v2\/types\/post"}],"author":[{"embeddable":true,"href":"https:\/\/www.encontrabelem.com.br\/sobre\/wp-json\/wp\/v2\/users\/1"}],"replies":[{"embeddable":true,"href":"https:\/\/www.encontrabelem.com.br\/sobre\/wp-json\/wp\/v2\/comments?post=515"}],"version-history":[{"count":0,"href":"https:\/\/www.encontrabelem.com.br\/sobre\/wp-json\/wp\/v2\/posts\/515\/revisions"}],"wp:featuredmedia":[{"embeddable":true,"href":"https:\/\/www.encontrabelem.com.br\/sobre\/wp-json\/wp\/v2\/media\/516"}],"wp:attachment":[{"href":"https:\/\/www.encontrabelem.com.br\/sobre\/wp-json\/wp\/v2\/media?parent=515"}],"wp:term":[{"taxonomy":"category","embeddable":true,"href":"https:\/\/www.encontrabelem.com.br\/sobre\/wp-json\/wp\/v2\/categories?post=515"},{"taxonomy":"post_tag","embeddable":true,"href":"https:\/\/www.encontrabelem.com.br\/sobre\/wp-json\/wp\/v2\/tags?post=515"}],"curies":[{"name":"wp","href":"https:\/\/api.w.org\/{rel}","templated":true}]}}