{"id":454,"date":"2019-01-31T05:24:11","date_gmt":"2019-01-31T07:24:11","guid":{"rendered":"http:\/\/www.encontrabelem.com.br\/sobre\/?p=454"},"modified":"2023-11-13T11:17:20","modified_gmt":"2023-11-13T14:17:20","slug":"mauricio-de-nassau-belem","status":"publish","type":"post","link":"https:\/\/www.encontrabelem.com.br\/sobre\/mauricio-de-nassau-belem","title":{"rendered":"Mauricio de Nassau Bel\u00e9m"},"content":{"rendered":"<div class=\"b22802487b0d38c4c6d9f34966e16421\" data-index=\"1\" style=\"float: none; margin:0px;\">\n<!-- Anuncio display - global -->\r\n<ins class=\"adsbygoogle\"\r\n     style=\"display:block\"\r\n     data-ad-client=\"ca-pub-8585364105181520\"\r\n     data-ad-slot=\"8789329856\"\r\n     data-ad-format=\"auto\"\r\n     data-full-width-responsive=\"true\"><\/ins>\r\n<script>\r\n     (adsbygoogle = window.adsbygoogle || []).push({});\r\n<\/script>\n<\/div>\n<p>A\u00a0<strong>Mauricio de Nassau Bel\u00e9m<\/strong> foi fundada no ano de 2003 no intuito de oferecer uma educa\u00e7\u00e3o de qualidade e, ao mesmo tempo, homenagear o conde alem\u00e3o Johann Moritz of Nassau-Siegen, conhecido como Maur\u00edcio de Nassau, que governou a col\u00f4nia holandesa no Nordeste do Brasil.<\/p>\n<p>Atualmente, a institui\u00e7\u00e3o \u00e9 considerada uma das maiores institui\u00e7\u00f5es de ensino superior do pa\u00eds.<\/p>\n<p><img loading=\"lazy\" decoding=\"async\" class=\"alignnone wp-image-459 size-full\" title=\"Mauricio de Nassau Bel\u00e9m\" src=\"http:\/\/www.encontrabelem.com.br\/sobre\/wp-content\/uploads\/2019\/01\/mauricio-de-nassau-belem.gif\" alt=\"Mauricio de Nassau Bel\u00e9m\" width=\"680\" height=\"189\" \/><\/p>\n<p>Nordestina, a Uninassau j\u00e1 est\u00e1 presente em diversas cidades da regi\u00e3o, tais como: Salvador, Aracaju, Recife, Fortaleza, S\u00e3o Lu\u00eds e Campina Grande. Seu t\u00edtulo de Universidade foi concedido pelo Minist\u00e9rio da Educa\u00e7\u00e3o em 2012, pois atendia a todos os requisitos de ensino e estrutura necess\u00e1rios para a obten\u00e7\u00e3o da certifica\u00e7\u00e3o. Desde ent\u00e3o, ela tamb\u00e9m \u00e9 conhecida como Centro Universit\u00e1rio Maur\u00edcio de Nassau.<\/p>\n<h2>Mauricio de Nassau\u00a0Bel\u00e9m Cursos<\/h2>\n<p>A Uninassau oferece os seguintes cursos de Gradua\u00e7\u00e3o:<\/p>\n<ul>\n<li>Administra\u00e7\u00e3o<\/li>\n<li>An\u00e1lise e Desenvolvimento de Sistemas<\/li>\n<li>Arquitetura e Urbanismo<\/li>\n<li>Assist\u00eancia e Cuidado\u00a0a Sa\u00fade<\/li>\n<li>Biomedicina<\/li>\n<li>Ci\u00eancias Aeron\u00e1uticas,\u00a0Biol\u00f3gicas,\u00a0Cont\u00e1beis,\u00a0Econ\u00f4micas,\u00a0Pol\u00edticas<\/li>\n<li>Coach Digital<\/li>\n<li>Coaching e Mentoring<\/li>\n<li>Coding<\/li>\n<li>Constru\u00e7\u00e3o de Edif\u00edcios<\/li>\n<li>Data Science<\/li>\n<li>Design de Interiores<\/li>\n<li>Digital Security<\/li>\n<li>Direito<\/li>\n<li>Educa\u00e7\u00e3o F\u00edsica<\/li>\n<li>Empreendedorismo Digital<\/li>\n<li>Enfermagem<\/li>\n<li>Engenharia Civil,\u00a0Produ\u00e7\u00e3o,\u00a0El\u00e9trica,\u00a0Mec\u00e2nica,\u00a0Qu\u00edmica,\u00a0Sanit\u00e1ria e Ambiental<\/li>\n<li>Est\u00e9tica e Cosm\u00e9ticos<\/li>\n<li>Farm\u00e1cia<\/li>\n<li>Filmmaker<\/li>\n<li>Fisioterapia<\/li>\n<li>Game Design<\/li>\n<li>Gastronomia<\/li>\n<li>Gest\u00e3o Ambiental<\/li>\n<li>Gest\u00e3o Comercial<\/li>\n<li>Gest\u00e3o da Qualidade<\/li>\n<li>Gest\u00e3o de Recursos Humanos<\/li>\n<li>Gest\u00e3o de Servi\u00e7os Jur\u00eddicos e Notariais<\/li>\n<li>Gest\u00e3o Financeira<\/li>\n<li>Gest\u00e3o Hospitalar<\/li>\n<li>Gest\u00e3o Portu\u00e1ria<\/li>\n<li>Gest\u00e3o P\u00fablica<\/li>\n<li>Jornalismo<\/li>\n<li>Letras<\/li>\n<li>Log\u00edstica<\/li>\n<li>Marketing<\/li>\n<li>Nutri\u00e7\u00e3o<\/li>\n<li>Odontologia<\/li>\n<li>Pedagogia<\/li>\n<li>Podologia<\/li>\n<li>Processos Gerenciais<\/li>\n<li>Psicologia<\/li>\n<li>Publicidade e Propaganda<\/li>\n<li>Radiologia<\/li>\n<li>Redes de Computadores<\/li>\n<li>Seguran\u00e7a no Trabalho<\/li>\n<li>Service Design<\/li>\n<li>Servi\u00e7o Social<\/li>\n<li>Sistemas de Informa\u00e7\u00e3o<\/li>\n<li>Streaming Profissional<\/li>\n<\/ul>\n<p><em>P\u00f3s Gradua\u00e7\u00e3o<\/em><\/p>\n<ul>\n<li>An\u00e1lises Cl\u00ednicas e Diagn\u00f3stico Laboratorial<\/li>\n<li>Auditoria em Sistemas de Sa\u00fade<\/li>\n<li>Direito Ambiental<\/li>\n<li>Direito Civil e Processo Civil<\/li>\n<li>Direito do Consumidor<\/li>\n<li>Direito do Trabalho e Previdenci\u00e1rio<\/li>\n<li>Direito e Gest\u00e3o do Tr\u00e2nsito<\/li>\n<li>Direito Eleitoral<\/li>\n<li>Direito Material e Processual do Trabalho<\/li>\n<li>Direito Penal e Processo Penal<\/li>\n<li>Direito Processual: Constitucional, Civil, Penal e Trabalhista<\/li>\n<li>Doc\u00eancia do Ensino Superior<\/li>\n<li>Educa\u00e7\u00e3o Especial<\/li>\n<li>Educa\u00e7\u00e3o Infantil<\/li>\n<li>Enfermagem Oncol\u00f3gica<\/li>\n<li>Engenharia de Produ\u00e7\u00e3o<\/li>\n<li>Farmacologia Cl\u00ednica<\/li>\n<li>Finan\u00e7as Corporativas<\/li>\n<li>Fisioterapia em Geriatria e Gerontologia<\/li>\n<li>Fisioterapia Traumato-Ortop\u00e9dica e Desportiva<\/li>\n<li>Gest\u00e3o da Educa\u00e7\u00e3o<\/li>\n<li>Gest\u00e3o de Departamento Pessoal e Legisla\u00e7\u00e3o Trabalhista<\/li>\n<li>Gest\u00e3o em Sa\u00fade P\u00fablica<\/li>\n<li>Marketing e Publicidade<\/li>\n<li>MBA em Auditoria e Controladoria<\/li>\n<li>MBA em Gest\u00e3o Comercial e Vendas<\/li>\n<li>MBA em Gest\u00e3o da Qualidade e Gest\u00e3o Ambiental<\/li>\n<li>MBA em Gest\u00e3o da Qualidade em Sa\u00fade<\/li>\n<li>MBA em Gest\u00e3o de Pessoas<\/li>\n<li>MBA em Gest\u00e3o de Projetos<\/li>\n<li>MBA em Gest\u00e3o Empresarial<\/li>\n<li>MBA em Gest\u00e3o Marketing Esportivo<\/li>\n<li>MBA em Gest\u00e3o P\u00fablica<\/li>\n<li>MBA em Gest\u00e3o Tribut\u00e1ria<\/li>\n<li>Metodologia do Ensino a Dist\u00e2ncia<\/li>\n<li>Metodologias Ativas<\/li>\n<li>Nutri\u00e7\u00e3o Cl\u00ednica<\/li>\n<li>Nutri\u00e7\u00e3o Cl\u00ednica Aplicada \u00c0 Est\u00e9tica<\/li>\n<li>Pedagogia Empresarial<\/li>\n<li>Pol\u00edtica de Assist\u00eancia Social, Instrumentalidade e Gest\u00e3o do Suas<\/li>\n<li>Prescri\u00e7\u00e3o de Fitoter\u00e1picos e Suplementa\u00e7\u00e3o Nutricional, Cl\u00ednica e Esportiva<\/li>\n<li>Psicopedagogia Cl\u00ednica, Institucional e Hospitalar<\/li>\n<li>Psicopedagogia Escolar<\/li>\n<li>Sa\u00fade Mental e Terapias Cognitivas<\/li>\n<\/ul>\n<h3>Uninassau\u00a0Bel\u00e9m Pre\u00e7os<\/h3>\n<p>Para maiores informa\u00e7\u00f5es sobre<em> pre\u00e7o <\/em>de mensalidade entre em contato com a secretaria da Universidade.<\/p>\n<h3>Vagas\u00a0Uninassau Bel\u00e9m &#8211; Trabalhe Conosco<\/h3>\n<p>A Uninassau Bel\u00e9m disponibiliza <em>vagas de trabalho<\/em> durante todo ano. Para se informar sobre os processos seletivos e se candidatar as vagas acompanhe o site da empresa, onde \u00e9 poss\u00edvel se informar sobre vagas abertas, sal\u00e1rios e compet\u00eancias necess\u00e1rias para se candidatar ao processo.<\/p>\n<h3>Hor\u00e1rio de Funcionamento\u00a0Uninassau em Bel\u00e9m<\/h3>\n<ul>\n<li>Segunda a Sexta das 08h \u00e0s 19h30<\/li>\n<\/ul>\n<h3>Endere\u00e7o e Telefone\u00a0Uninassau em Bel\u00e9m<\/h3>\n<ul>\n<li>Av. Gov Magalh\u00e3es Barata, 1808 &#8211; S\u00e3o Br\u00e1z &#8211; Bel\u00e9m &#8211; PA<\/li>\n<li>Telefone: (91) 3110-6922<\/li>\n<\/ul>\n<h3>Outras informa\u00e7\u00f5es e site<\/h3>\n<ul>\n<li>Mais informa\u00e7\u00f5es:\u00a0<a href=\"https:\/\/www.uninassau.edu.br\/\" target=\"_blank\" rel=\"noopener noreferrer\">www.uninassau.edu.br<\/a><\/li>\n<\/ul>\n<h4>Mapa de localiza\u00e7\u00e3o<\/h4>\n<a class=\"wp-colorbox-iframe\" href=\"https:\/\/www.google.com\/maps\/embed?pb=!1m14!1m8!1m3!1d15954.149802727257!2d-48.4778425!3d-1.4518614!3m2!1i1024!2i768!4f13.1!3m3!1m2!1s0x00x5aaa8cd9915d581d!2sFaculdade+Maurcio+de+Nassau!5e0!3m2!1spt-BR!2sbr!4v1548919052956\"><img decoding=\"async\" src=\"http:\/\/www.encontrabelem.com.br\/imgs\/maps-post.png\"><\/a>\n\n<div style=\"font-size: 0px; height: 0px; line-height: 0px; margin: 0; padding: 0; clear: both;\"><\/div>","protected":false},"excerpt":{"rendered":"<p>A\u00a0Mauricio de Nassau Bel\u00e9m foi fundada no ano de 2003 no intuito de oferecer uma educa\u00e7\u00e3o de qualidade e, ao mesmo tempo, homenagear o conde alem\u00e3o Johann Moritz of Nassau-Siegen, conhecido como Maur\u00edcio de Nassau, que governou a col\u00f4nia holandesa no Nordeste do Brasil. Atualmente, a institui\u00e7\u00e3o \u00e9 considerada uma das maiores institui\u00e7\u00f5es de ensino superior do pa\u00eds. Nordestina, a Uninassau j\u00e1 est\u00e1 presente em diversas cidades da regi\u00e3o, tais como: Salvador, Aracaju, Recife, Fortaleza, S\u00e3o Lu\u00eds e Campina Grande. Seu t\u00edtulo de Universidade foi concedido pelo Minist\u00e9rio da Educa\u00e7\u00e3o em 2012, pois atendia a todos os requisitos de ensino <\/p>\n","protected":false},"author":1,"featured_media":459,"comment_status":"closed","ping_status":"closed","sticky":false,"template":"","format":"standard","meta":{"footnotes":""},"categories":[26],"tags":[],"class_list":["post-454","post","type-post","status-publish","format-standard","has-post-thumbnail","hentry","category-educacao-em-belem","has_thumb"],"aioseo_notices":[],"_links":{"self":[{"href":"https:\/\/www.encontrabelem.com.br\/sobre\/wp-json\/wp\/v2\/posts\/454","targetHints":{"allow":["GET"]}}],"collection":[{"href":"https:\/\/www.encontrabelem.com.br\/sobre\/wp-json\/wp\/v2\/posts"}],"about":[{"href":"https:\/\/www.encontrabelem.com.br\/sobre\/wp-json\/wp\/v2\/types\/post"}],"author":[{"embeddable":true,"href":"https:\/\/www.encontrabelem.com.br\/sobre\/wp-json\/wp\/v2\/users\/1"}],"replies":[{"embeddable":true,"href":"https:\/\/www.encontrabelem.com.br\/sobre\/wp-json\/wp\/v2\/comments?post=454"}],"version-history":[{"count":0,"href":"https:\/\/www.encontrabelem.com.br\/sobre\/wp-json\/wp\/v2\/posts\/454\/revisions"}],"wp:featuredmedia":[{"embeddable":true,"href":"https:\/\/www.encontrabelem.com.br\/sobre\/wp-json\/wp\/v2\/media\/459"}],"wp:attachment":[{"href":"https:\/\/www.encontrabelem.com.br\/sobre\/wp-json\/wp\/v2\/media?parent=454"}],"wp:term":[{"taxonomy":"category","embeddable":true,"href":"https:\/\/www.encontrabelem.com.br\/sobre\/wp-json\/wp\/v2\/categories?post=454"},{"taxonomy":"post_tag","embeddable":true,"href":"https:\/\/www.encontrabelem.com.br\/sobre\/wp-json\/wp\/v2\/tags?post=454"}],"curies":[{"name":"wp","href":"https:\/\/api.w.org\/{rel}","templated":true}]}}