{"id":315,"date":"2014-02-03T12:05:00","date_gmt":"2014-02-03T14:05:00","guid":{"rendered":"http:\/\/www.encontrabelem.com.br\/noticias\/?p=315"},"modified":"2023-11-13T11:17:20","modified_gmt":"2023-11-13T14:17:20","slug":"campanha-de-vacinacao-antirrabica-percorrera-5-distritos-de-belem-a-partir-de-hoje-3","status":"publish","type":"post","link":"https:\/\/www.encontrabelem.com.br\/sobre\/campanha-de-vacinacao-antirrabica-percorrera-5-distritos-de-belem-a-partir-de-hoje-3","title":{"rendered":"Campanha de vacina\u00e7\u00e3o antirr\u00e1bica percorrer\u00e1 5 distritos de Bel\u00e9m, a partir de hoje (3)"},"content":{"rendered":"<div class=\"b22802487b0d38c4c6d9f34966e16421\" data-index=\"1\" style=\"float: none; margin:0px;\">\n<!-- Anuncio display - global -->\r\n<ins class=\"adsbygoogle\"\r\n     style=\"display:block\"\r\n     data-ad-client=\"ca-pub-8585364105181520\"\r\n     data-ad-slot=\"8789329856\"\r\n     data-ad-format=\"auto\"\r\n     data-full-width-responsive=\"true\"><\/ins>\r\n<script>\r\n     (adsbygoogle = window.adsbygoogle || []).push({});\r\n<\/script>\n<\/div>\n<p>A partir desta segunda-feira, 03, a Secretaria Municipal de Sa\u00fade, atrav\u00e9s do Centro de Zoonoses, intensifica mais uma vez a Campanha de Vacina\u00e7\u00e3o antirr\u00e1bica para c\u00e3es e gatos em Bel\u00e9m.<\/p>\n<p>Como nas a\u00e7\u00f5es anteriores, os t\u00e9cnicos do Departamento de Vigil\u00e2ncia \u00e0 Sa\u00fade a popula\u00e7\u00e3o desses animais em Bel\u00e9m. Desta vez os postos volantes de imuniza\u00e7\u00e3o percorrer\u00e3o cinco distritos da cidade.<\/p>\n<p>Na \u00faltima etapa da campanha a vacina\u00e7\u00e3o contra a raiva animal alcan\u00e7ou 80% dos c\u00e3es e gatos. \u201cO resultado da campanha antirr\u00e1bica foi atingido e a avalia\u00e7\u00e3o do Minist\u00e9rio da Sa\u00fade foi positiva, mas precisamos aumentar a cobertura vacinal e garantir a sa\u00fade da popula\u00e7\u00e3o\u201d, explicou a diretora do Devs, Orliuda Bezerra.<\/p>\n<p>Os donos de c\u00e3es e gatos saud\u00e1veis, com idade a partir de tr\u00eas meses, e que n\u00e3o vacinaram os animais na campanha de novembro de 2013, ter\u00e3o mais esta chance. \u201cA raiva \u00e9 uma doen\u00e7a infecciosa, transmitida pela mordida, arranh\u00e3o, ou lambedura de animal infectado em pele lesada. Nas cidades, os principais transmissores da doen\u00e7a para os humanos s\u00e3o c\u00e3es e gatos e a raiva n\u00e3o tem cura, por isso, o cuidado com a imuniza\u00e7\u00e3o\u201d, advertiu o veterin\u00e1rio do CCZ, Roberto Brito.<\/p>\n<p>Nesta segunda-feira, o distrito que receber\u00e1 a campanha \u00e9 o do Entroncamento (DAENT). Na ter\u00e7a-feira, 04, \u00e9 a vez do distrito do Bengui (DABEN) e na quarta, 5, o do Guam\u00e1 (DAGUA). No dia 6, ser\u00e1 a vez do distrito de Bel\u00e9m (DABEL) receber a a\u00e7\u00e3o e, por \u00faltimo, o da Sacramente (DASAC), na sexta, 07. Em todos os distritos, a campanha ser\u00e1 realizada das 8h \u00e0s 13h.<\/p>\n\n<div style=\"font-size: 0px; height: 0px; line-height: 0px; margin: 0; padding: 0; clear: both;\"><\/div>","protected":false},"excerpt":{"rendered":"<p>A partir desta segunda-feira, 03, a Secretaria Municipal de Sa\u00fade, atrav\u00e9s do Centro de Zoonoses, intensifica mais uma vez a Campanha de Vacina\u00e7\u00e3o antirr\u00e1bica para c\u00e3es e gatos em Bel\u00e9m. Como nas a\u00e7\u00f5es anteriores, os t\u00e9cnicos do Departamento de Vigil\u00e2ncia \u00e0 Sa\u00fade a popula\u00e7\u00e3o desses animais em Bel\u00e9m. Desta vez os postos volantes de imuniza\u00e7\u00e3o percorrer\u00e3o cinco distritos da cidade. Na \u00faltima etapa da campanha a vacina\u00e7\u00e3o contra a raiva animal alcan\u00e7ou 80% dos c\u00e3es e gatos. \u201cO resultado da campanha antirr\u00e1bica foi atingido e a avalia\u00e7\u00e3o do Minist\u00e9rio da Sa\u00fade foi positiva, mas precisamos aumentar a cobertura vacinal e <\/p>\n","protected":false},"author":1,"featured_media":0,"comment_status":"closed","ping_status":"closed","sticky":false,"template":"","format":"standard","meta":{"footnotes":""},"categories":[1],"tags":[],"class_list":["post-315","post","type-post","status-publish","format-standard","hentry","category-noticias-em-belem"],"aioseo_notices":[],"aioseo_head":"\n\t\t<!-- All in One SEO 5.0.0.1 - aioseo.com -->\n\t<meta name=\"description\" content=\"A partir desta segunda-feira, 03, a Secretaria Municipal de Sa\u00fade, atrav\u00e9s do Centro de Zoonoses, intensifica mais uma vez a Campanha de Vacina\u00e7\u00e3o antirr\u00e1bica para c\u00e3es e gatos em Bel\u00e9m. Como nas a\u00e7\u00f5es anteriores, os t\u00e9cnicos do Departamento de Vigil\u00e2ncia \u00e0 Sa\u00fade a popula\u00e7\u00e3o desses animais em Bel\u00e9m. Desta vez os postos volantes de imuniza\u00e7\u00e3o\" \/>\n\t<meta name=\"robots\" content=\"max-image-preview:large\" \/>\n\t<meta name=\"author\" content=\"Encontra Bel\u00e9m\"\/>\n\t<link rel=\"canonical\" href=\"https:\/\/www.encontrabelem.com.br\/sobre\/campanha-de-vacinacao-antirrabica-percorrera-5-distritos-de-belem-a-partir-de-hoje-3\" \/>\n\t<meta name=\"generator\" content=\"All in One SEO (AIOSEO) 5.0.0.1\" \/>\n\t\t<meta property=\"og:locale\" content=\"pt_BR\" \/>\n\t\t<meta property=\"og:site_name\" content=\"Encontra Bel\u00e9m | Not\u00edcias, eventos, informa\u00e7\u00f5es e dicas na cidade Bel\u00e9m e regi\u00e3o.\" \/>\n\t\t<meta property=\"og:type\" content=\"article\" \/>\n\t\t<meta property=\"og:title\" content=\"Campanha de vacina\u00e7\u00e3o antirr\u00e1bica percorrer\u00e1 5 distritos de Bel\u00e9m, a partir de hoje (3) | Encontra Bel\u00e9m\" \/>\n\t\t<meta property=\"og:description\" content=\"A partir desta segunda-feira, 03, a Secretaria Municipal de Sa\u00fade, atrav\u00e9s do Centro de Zoonoses, intensifica mais uma vez a Campanha de Vacina\u00e7\u00e3o antirr\u00e1bica para c\u00e3es e gatos em Bel\u00e9m. Como nas a\u00e7\u00f5es anteriores, os t\u00e9cnicos do Departamento de Vigil\u00e2ncia \u00e0 Sa\u00fade a popula\u00e7\u00e3o desses animais em Bel\u00e9m. Desta vez os postos volantes de imuniza\u00e7\u00e3o\" \/>\n\t\t<meta property=\"og:url\" content=\"https:\/\/www.encontrabelem.com.br\/sobre\/campanha-de-vacinacao-antirrabica-percorrera-5-distritos-de-belem-a-partir-de-hoje-3\" \/>\n\t\t<meta property=\"article:published_time\" content=\"2014-02-03T14:05:00+00:00\" \/>\n\t\t<meta property=\"article:modified_time\" content=\"2023-11-13T14:17:20+00:00\" \/>\n\t\t<meta name=\"twitter:card\" content=\"summary\" \/>\n\t\t<meta name=\"twitter:title\" content=\"Campanha de vacina\u00e7\u00e3o antirr\u00e1bica percorrer\u00e1 5 distritos de Bel\u00e9m, a partir de hoje (3) | Encontra Bel\u00e9m\" \/>\n\t\t<meta name=\"twitter:description\" content=\"A partir desta segunda-feira, 03, a Secretaria Municipal de Sa\u00fade, atrav\u00e9s do Centro de Zoonoses, intensifica mais uma vez a Campanha de Vacina\u00e7\u00e3o antirr\u00e1bica para c\u00e3es e gatos em Bel\u00e9m. Como nas a\u00e7\u00f5es anteriores, os t\u00e9cnicos do Departamento de Vigil\u00e2ncia \u00e0 Sa\u00fade a popula\u00e7\u00e3o desses animais em Bel\u00e9m. Desta vez os postos volantes de imuniza\u00e7\u00e3o\" \/>\n\t\t<script type=\"application\/ld+json\" class=\"aioseo-schema\">\n\t\t\t{\"@context\":\"https:\\\/\\\/schema.org\",\"@graph\":[{\"@type\":\"Article\",\"@id\":\"https:\\\/\\\/www.encontrabelem.com.br\\\/sobre\\\/campanha-de-vacinacao-antirrabica-percorrera-5-distritos-de-belem-a-partir-de-hoje-3#article\",\"name\":\"Campanha de vacina\\u00e7\\u00e3o antirr\\u00e1bica percorrer\\u00e1 5 distritos de Bel\\u00e9m, a partir de hoje (3) | Encontra Bel\\u00e9m\",\"headline\":\"Campanha de vacina\\u00e7\\u00e3o antirr\\u00e1bica percorrer\\u00e1 5 distritos de Bel\\u00e9m, a partir de hoje (3)\",\"author\":{\"@id\":\"https:\\\/\\\/www.encontrabelem.com.br\\\/sobre\\\/author\\\/ebelem#author\"},\"publisher\":{\"@id\":\"https:\\\/\\\/www.encontrabelem.com.br\\\/sobre\\\/#organization\"},\"datePublished\":\"2014-02-03T12:05:00-02:00\",\"dateModified\":\"2023-11-13T11:17:20-03:00\",\"inLanguage\":\"pt-BR\",\"mainEntityOfPage\":{\"@id\":\"https:\\\/\\\/www.encontrabelem.com.br\\\/sobre\\\/campanha-de-vacinacao-antirrabica-percorrera-5-distritos-de-belem-a-partir-de-hoje-3#webpage\"},\"isPartOf\":{\"@id\":\"https:\\\/\\\/www.encontrabelem.com.br\\\/sobre\\\/campanha-de-vacinacao-antirrabica-percorrera-5-distritos-de-belem-a-partir-de-hoje-3#webpage\"},\"articleSection\":\"Not\\u00edcias Bel\\u00e9m\"},{\"@type\":\"BreadcrumbList\",\"@id\":\"https:\\\/\\\/www.encontrabelem.com.br\\\/sobre\\\/campanha-de-vacinacao-antirrabica-percorrera-5-distritos-de-belem-a-partir-de-hoje-3#breadcrumblist\",\"itemListElement\":[{\"@type\":\"ListItem\",\"@id\":\"https:\\\/\\\/www.encontrabelem.com.br\\\/sobre#listItem\",\"position\":1,\"name\":\"In\\u00edcio\",\"item\":\"https:\\\/\\\/www.encontrabelem.com.br\\\/sobre\",\"nextItem\":{\"@type\":\"ListItem\",\"@id\":\"https:\\\/\\\/www.encontrabelem.com.br\\\/sobre\\\/noticias-em-belem#listItem\",\"name\":\"Not\\u00edcias Bel\\u00e9m\"}},{\"@type\":\"ListItem\",\"@id\":\"https:\\\/\\\/www.encontrabelem.com.br\\\/sobre\\\/noticias-em-belem#listItem\",\"position\":2,\"name\":\"Not\\u00edcias Bel\\u00e9m\",\"item\":\"https:\\\/\\\/www.encontrabelem.com.br\\\/sobre\\\/noticias-em-belem\",\"nextItem\":{\"@type\":\"ListItem\",\"@id\":\"https:\\\/\\\/www.encontrabelem.com.br\\\/sobre\\\/campanha-de-vacinacao-antirrabica-percorrera-5-distritos-de-belem-a-partir-de-hoje-3#listItem\",\"name\":\"Campanha de vacina\\u00e7\\u00e3o antirr\\u00e1bica percorrer\\u00e1 5 distritos de Bel\\u00e9m, a partir de hoje (3)\"},\"previousItem\":{\"@type\":\"ListItem\",\"@id\":\"https:\\\/\\\/www.encontrabelem.com.br\\\/sobre#listItem\",\"name\":\"In\\u00edcio\"}},{\"@type\":\"ListItem\",\"@id\":\"https:\\\/\\\/www.encontrabelem.com.br\\\/sobre\\\/campanha-de-vacinacao-antirrabica-percorrera-5-distritos-de-belem-a-partir-de-hoje-3#listItem\",\"position\":3,\"name\":\"Campanha de vacina\\u00e7\\u00e3o antirr\\u00e1bica percorrer\\u00e1 5 distritos de Bel\\u00e9m, a partir de hoje (3)\",\"previousItem\":{\"@type\":\"ListItem\",\"@id\":\"https:\\\/\\\/www.encontrabelem.com.br\\\/sobre\\\/noticias-em-belem#listItem\",\"name\":\"Not\\u00edcias Bel\\u00e9m\"}}]},{\"@type\":\"Organization\",\"@id\":\"https:\\\/\\\/www.encontrabelem.com.br\\\/sobre\\\/#organization\",\"name\":\"Encontra Bel\\u00e9m\",\"description\":\"Not\\u00edcias, eventos, informa\\u00e7\\u00f5es e dicas na cidade Bel\\u00e9m e regi\\u00e3o.\",\"url\":\"https:\\\/\\\/www.encontrabelem.com.br\\\/sobre\\\/\"},{\"@type\":\"Person\",\"@id\":\"https:\\\/\\\/www.encontrabelem.com.br\\\/sobre\\\/author\\\/ebelem#author\",\"url\":\"https:\\\/\\\/www.encontrabelem.com.br\\\/sobre\\\/author\\\/ebelem\",\"name\":\"Encontra Bel\\u00e9m\",\"image\":{\"@type\":\"ImageObject\",\"@id\":\"https:\\\/\\\/www.encontrabelem.com.br\\\/sobre\\\/campanha-de-vacinacao-antirrabica-percorrera-5-distritos-de-belem-a-partir-de-hoje-3#authorImage\",\"url\":\"https:\\\/\\\/secure.gravatar.com\\\/avatar\\\/507340682b8270222e1f208e23198b6ae7e2c6a1033ae84e99bc6bce4f82a387?s=96&d=mm&r=g\",\"width\":96,\"height\":96,\"caption\":\"Encontra Bel\\u00e9m\"}},{\"@type\":\"WebPage\",\"@id\":\"https:\\\/\\\/www.encontrabelem.com.br\\\/sobre\\\/campanha-de-vacinacao-antirrabica-percorrera-5-distritos-de-belem-a-partir-de-hoje-3#webpage\",\"url\":\"https:\\\/\\\/www.encontrabelem.com.br\\\/sobre\\\/campanha-de-vacinacao-antirrabica-percorrera-5-distritos-de-belem-a-partir-de-hoje-3\",\"name\":\"Campanha de vacina\\u00e7\\u00e3o antirr\\u00e1bica percorrer\\u00e1 5 distritos de Bel\\u00e9m, a partir de hoje (3) | Encontra Bel\\u00e9m\",\"description\":\"A partir desta segunda-feira, 03, a Secretaria Municipal de Sa\\u00fade, atrav\\u00e9s do Centro de Zoonoses, intensifica mais uma vez a Campanha de Vacina\\u00e7\\u00e3o antirr\\u00e1bica para c\\u00e3es e gatos em Bel\\u00e9m. Como nas a\\u00e7\\u00f5es anteriores, os t\\u00e9cnicos do Departamento de Vigil\\u00e2ncia \\u00e0 Sa\\u00fade a popula\\u00e7\\u00e3o desses animais em Bel\\u00e9m. Desta vez os postos volantes de imuniza\\u00e7\\u00e3o\",\"inLanguage\":\"pt-BR\",\"isPartOf\":{\"@id\":\"https:\\\/\\\/www.encontrabelem.com.br\\\/sobre\\\/#website\"},\"breadcrumb\":{\"@id\":\"https:\\\/\\\/www.encontrabelem.com.br\\\/sobre\\\/campanha-de-vacinacao-antirrabica-percorrera-5-distritos-de-belem-a-partir-de-hoje-3#breadcrumblist\"},\"author\":{\"@id\":\"https:\\\/\\\/www.encontrabelem.com.br\\\/sobre\\\/author\\\/ebelem#author\"},\"creator\":{\"@id\":\"https:\\\/\\\/www.encontrabelem.com.br\\\/sobre\\\/author\\\/ebelem#author\"},\"datePublished\":\"2014-02-03T12:05:00-02:00\",\"dateModified\":\"2023-11-13T11:17:20-03:00\"},{\"@type\":\"WebSite\",\"@id\":\"https:\\\/\\\/www.encontrabelem.com.br\\\/sobre\\\/#website\",\"url\":\"https:\\\/\\\/www.encontrabelem.com.br\\\/sobre\\\/\",\"name\":\"Encontra Bel\\u00e9m\",\"description\":\"Not\\u00edcias, eventos, informa\\u00e7\\u00f5es e dicas na cidade Bel\\u00e9m e regi\\u00e3o.\",\"inLanguage\":\"pt-BR\",\"publisher\":{\"@id\":\"https:\\\/\\\/www.encontrabelem.com.br\\\/sobre\\\/#organization\"}}]}\n\t\t<\/script>\n\t\t<!-- All in One SEO -->\n\n","aioseo_head_json":{"title":"Campanha de vacina\u00e7\u00e3o antirr\u00e1bica percorrer\u00e1 5 distritos de Bel\u00e9m, a partir de hoje (3) | Encontra Bel\u00e9m","description":"A partir desta segunda-feira, 03, a Secretaria Municipal de Sa\u00fade, atrav\u00e9s do Centro de Zoonoses, intensifica mais uma vez a Campanha de Vacina\u00e7\u00e3o antirr\u00e1bica para c\u00e3es e gatos em Bel\u00e9m. Como nas a\u00e7\u00f5es anteriores, os t\u00e9cnicos do Departamento de Vigil\u00e2ncia \u00e0 Sa\u00fade a popula\u00e7\u00e3o desses animais em Bel\u00e9m. Desta vez os postos volantes de imuniza\u00e7\u00e3o","canonical_url":"https:\/\/www.encontrabelem.com.br\/sobre\/campanha-de-vacinacao-antirrabica-percorrera-5-distritos-de-belem-a-partir-de-hoje-3","robots":"max-image-preview:large","keywords":"","webmasterTools":{"miscellaneous":""},"schema":{"@context":"https:\/\/schema.org","@graph":[{"@type":"Article","@id":"https:\/\/www.encontrabelem.com.br\/sobre\/campanha-de-vacinacao-antirrabica-percorrera-5-distritos-de-belem-a-partir-de-hoje-3#article","name":"Campanha de vacina\u00e7\u00e3o antirr\u00e1bica percorrer\u00e1 5 distritos de Bel\u00e9m, a partir de hoje (3) | Encontra Bel\u00e9m","headline":"Campanha de vacina\u00e7\u00e3o antirr\u00e1bica percorrer\u00e1 5 distritos de Bel\u00e9m, a partir de hoje (3)","author":{"@id":"https:\/\/www.encontrabelem.com.br\/sobre\/author\/ebelem#author"},"publisher":{"@id":"https:\/\/www.encontrabelem.com.br\/sobre\/#organization"},"datePublished":"2014-02-03T12:05:00-02:00","dateModified":"2023-11-13T11:17:20-03:00","inLanguage":"pt-BR","mainEntityOfPage":{"@id":"https:\/\/www.encontrabelem.com.br\/sobre\/campanha-de-vacinacao-antirrabica-percorrera-5-distritos-de-belem-a-partir-de-hoje-3#webpage"},"isPartOf":{"@id":"https:\/\/www.encontrabelem.com.br\/sobre\/campanha-de-vacinacao-antirrabica-percorrera-5-distritos-de-belem-a-partir-de-hoje-3#webpage"},"articleSection":"Not\u00edcias Bel\u00e9m"},{"@type":"BreadcrumbList","@id":"https:\/\/www.encontrabelem.com.br\/sobre\/campanha-de-vacinacao-antirrabica-percorrera-5-distritos-de-belem-a-partir-de-hoje-3#breadcrumblist","itemListElement":[{"@type":"ListItem","@id":"https:\/\/www.encontrabelem.com.br\/sobre#listItem","position":1,"name":"In\u00edcio","item":"https:\/\/www.encontrabelem.com.br\/sobre","nextItem":{"@type":"ListItem","@id":"https:\/\/www.encontrabelem.com.br\/sobre\/noticias-em-belem#listItem","name":"Not\u00edcias Bel\u00e9m"}},{"@type":"ListItem","@id":"https:\/\/www.encontrabelem.com.br\/sobre\/noticias-em-belem#listItem","position":2,"name":"Not\u00edcias Bel\u00e9m","item":"https:\/\/www.encontrabelem.com.br\/sobre\/noticias-em-belem","nextItem":{"@type":"ListItem","@id":"https:\/\/www.encontrabelem.com.br\/sobre\/campanha-de-vacinacao-antirrabica-percorrera-5-distritos-de-belem-a-partir-de-hoje-3#listItem","name":"Campanha de vacina\u00e7\u00e3o antirr\u00e1bica percorrer\u00e1 5 distritos de Bel\u00e9m, a partir de hoje (3)"},"previousItem":{"@type":"ListItem","@id":"https:\/\/www.encontrabelem.com.br\/sobre#listItem","name":"In\u00edcio"}},{"@type":"ListItem","@id":"https:\/\/www.encontrabelem.com.br\/sobre\/campanha-de-vacinacao-antirrabica-percorrera-5-distritos-de-belem-a-partir-de-hoje-3#listItem","position":3,"name":"Campanha de vacina\u00e7\u00e3o antirr\u00e1bica percorrer\u00e1 5 distritos de Bel\u00e9m, a partir de hoje (3)","previousItem":{"@type":"ListItem","@id":"https:\/\/www.encontrabelem.com.br\/sobre\/noticias-em-belem#listItem","name":"Not\u00edcias Bel\u00e9m"}}]},{"@type":"Organization","@id":"https:\/\/www.encontrabelem.com.br\/sobre\/#organization","name":"Encontra Bel\u00e9m","description":"Not\u00edcias, eventos, informa\u00e7\u00f5es e dicas na cidade Bel\u00e9m e regi\u00e3o.","url":"https:\/\/www.encontrabelem.com.br\/sobre\/"},{"@type":"Person","@id":"https:\/\/www.encontrabelem.com.br\/sobre\/author\/ebelem#author","url":"https:\/\/www.encontrabelem.com.br\/sobre\/author\/ebelem","name":"Encontra Bel\u00e9m","image":{"@type":"ImageObject","@id":"https:\/\/www.encontrabelem.com.br\/sobre\/campanha-de-vacinacao-antirrabica-percorrera-5-distritos-de-belem-a-partir-de-hoje-3#authorImage","url":"https:\/\/secure.gravatar.com\/avatar\/507340682b8270222e1f208e23198b6ae7e2c6a1033ae84e99bc6bce4f82a387?s=96&d=mm&r=g","width":96,"height":96,"caption":"Encontra Bel\u00e9m"}},{"@type":"WebPage","@id":"https:\/\/www.encontrabelem.com.br\/sobre\/campanha-de-vacinacao-antirrabica-percorrera-5-distritos-de-belem-a-partir-de-hoje-3#webpage","url":"https:\/\/www.encontrabelem.com.br\/sobre\/campanha-de-vacinacao-antirrabica-percorrera-5-distritos-de-belem-a-partir-de-hoje-3","name":"Campanha de vacina\u00e7\u00e3o antirr\u00e1bica percorrer\u00e1 5 distritos de Bel\u00e9m, a partir de hoje (3) | Encontra Bel\u00e9m","description":"A partir desta segunda-feira, 03, a Secretaria Municipal de Sa\u00fade, atrav\u00e9s do Centro de Zoonoses, intensifica mais uma vez a Campanha de Vacina\u00e7\u00e3o antirr\u00e1bica para c\u00e3es e gatos em Bel\u00e9m. Como nas a\u00e7\u00f5es anteriores, os t\u00e9cnicos do Departamento de Vigil\u00e2ncia \u00e0 Sa\u00fade a popula\u00e7\u00e3o desses animais em Bel\u00e9m. Desta vez os postos volantes de imuniza\u00e7\u00e3o","inLanguage":"pt-BR","isPartOf":{"@id":"https:\/\/www.encontrabelem.com.br\/sobre\/#website"},"breadcrumb":{"@id":"https:\/\/www.encontrabelem.com.br\/sobre\/campanha-de-vacinacao-antirrabica-percorrera-5-distritos-de-belem-a-partir-de-hoje-3#breadcrumblist"},"author":{"@id":"https:\/\/www.encontrabelem.com.br\/sobre\/author\/ebelem#author"},"creator":{"@id":"https:\/\/www.encontrabelem.com.br\/sobre\/author\/ebelem#author"},"datePublished":"2014-02-03T12:05:00-02:00","dateModified":"2023-11-13T11:17:20-03:00"},{"@type":"WebSite","@id":"https:\/\/www.encontrabelem.com.br\/sobre\/#website","url":"https:\/\/www.encontrabelem.com.br\/sobre\/","name":"Encontra Bel\u00e9m","description":"Not\u00edcias, eventos, informa\u00e7\u00f5es e dicas na cidade Bel\u00e9m e regi\u00e3o.","inLanguage":"pt-BR","publisher":{"@id":"https:\/\/www.encontrabelem.com.br\/sobre\/#organization"}}]},"og:locale":"pt_BR","og:site_name":"Encontra Bel\u00e9m | Not\u00edcias, eventos, informa\u00e7\u00f5es e dicas na cidade Bel\u00e9m e regi\u00e3o.","og:type":"article","og:title":"Campanha de vacina\u00e7\u00e3o antirr\u00e1bica percorrer\u00e1 5 distritos de Bel\u00e9m, a partir de hoje (3) | Encontra Bel\u00e9m","og:description":"A partir desta segunda-feira, 03, a Secretaria Municipal de Sa\u00fade, atrav\u00e9s do Centro de Zoonoses, intensifica mais uma vez a Campanha de Vacina\u00e7\u00e3o antirr\u00e1bica para c\u00e3es e gatos em Bel\u00e9m. Como nas a\u00e7\u00f5es anteriores, os t\u00e9cnicos do Departamento de Vigil\u00e2ncia \u00e0 Sa\u00fade a popula\u00e7\u00e3o desses animais em Bel\u00e9m. Desta vez os postos volantes de imuniza\u00e7\u00e3o","og:url":"https:\/\/www.encontrabelem.com.br\/sobre\/campanha-de-vacinacao-antirrabica-percorrera-5-distritos-de-belem-a-partir-de-hoje-3","article:published_time":"2014-02-03T14:05:00+00:00","article:modified_time":"2023-11-13T14:17:20+00:00","twitter:card":"summary","twitter:title":"Campanha de vacina\u00e7\u00e3o antirr\u00e1bica percorrer\u00e1 5 distritos de Bel\u00e9m, a partir de hoje (3) | Encontra Bel\u00e9m","twitter:description":"A partir desta segunda-feira, 03, a Secretaria Municipal de Sa\u00fade, atrav\u00e9s do Centro de Zoonoses, intensifica mais uma vez a Campanha de Vacina\u00e7\u00e3o antirr\u00e1bica para c\u00e3es e gatos em Bel\u00e9m. Como nas a\u00e7\u00f5es anteriores, os t\u00e9cnicos do Departamento de Vigil\u00e2ncia \u00e0 Sa\u00fade a popula\u00e7\u00e3o desses animais em Bel\u00e9m. Desta vez os postos volantes de imuniza\u00e7\u00e3o"},"aioseo_meta_data":{"post_id":"315","title":null,"description":null,"keywords":null,"keyphrases":null,"primary_term":null,"canonical_url":null,"og_title":null,"og_description":null,"og_object_type":"default","og_image_type":"default","og_image_url":null,"og_image_width":null,"og_image_height":null,"og_image_custom_url":null,"og_image_custom_fields":null,"og_video":null,"og_custom_url":null,"og_article_section":null,"og_article_tags":null,"twitter_use_og":false,"twitter_card":"default","twitter_image_type":"default","twitter_image_url":null,"twitter_image_custom_url":null,"twitter_image_custom_fields":null,"twitter_title":null,"twitter_description":null,"schema":{"blockGraphs":[],"customGraphs":[],"default":{"data":{"Article":[],"Course":[],"Dataset":[],"FAQPage":[],"Movie":[],"Person":[],"Product":[],"ProductReview":[],"Car":[],"Recipe":[],"Service":[],"SoftwareApplication":[],"WebPage":[]},"graphName":"Article","isEnabled":true},"graphs":[]},"schema_type":null,"schema_type_options":null,"pillar_content":false,"robots_default":true,"robots_noindex":false,"robots_noarchive":false,"robots_nosnippet":false,"robots_nofollow":false,"robots_noimageindex":false,"robots_noodp":false,"robots_notranslate":false,"robots_max_snippet":null,"robots_max_videopreview":null,"robots_max_imagepreview":"large","priority":null,"frequency":null,"local_seo":null,"breadcrumb_settings":null,"limit_modified_date":false,"ai":null,"created":"2021-08-12 21:24:41","updated":"2025-11-25 13:48:17","focus_keyword":null,"additional_keywords":null,"truseo_locale":null,"seo_analyzer_scan_date":null},"aioseo_breadcrumb":"<div class=\"aioseo-breadcrumbs\"><span class=\"aioseo-breadcrumb\">\n\t\t\t<a href=\"https:\/\/www.encontrabelem.com.br\/sobre\" title=\"In\u00edcio\">In\u00edcio<\/a>\n\t\t<\/span><span class=\"aioseo-breadcrumb-separator\">&raquo;<\/span><span class=\"aioseo-breadcrumb\">\n\t\t\t<a href=\"https:\/\/www.encontrabelem.com.br\/sobre\/noticias-em-belem\" title=\"Not\u00edcias Bel\u00e9m\">Not\u00edcias Bel\u00e9m<\/a>\n\t\t<\/span><span class=\"aioseo-breadcrumb-separator\">&raquo;<\/span><span class=\"aioseo-breadcrumb\">\n\t\t\tCampanha de vacina\u00e7\u00e3o antirr\u00e1bica percorrer\u00e1 5 distritos de Bel\u00e9m, a partir de hoje (3)\n\t\t<\/span><\/div>","aioseo_breadcrumb_json":[{"label":"In\u00edcio","link":"https:\/\/www.encontrabelem.com.br\/sobre"},{"label":"Not\u00edcias Bel\u00e9m","link":"https:\/\/www.encontrabelem.com.br\/sobre\/noticias-em-belem"},{"label":"Campanha de vacina\u00e7\u00e3o antirr\u00e1bica percorrer\u00e1 5 distritos de Bel\u00e9m, a partir de hoje (3)","link":"https:\/\/www.encontrabelem.com.br\/sobre\/campanha-de-vacinacao-antirrabica-percorrera-5-distritos-de-belem-a-partir-de-hoje-3"}],"_links":{"self":[{"href":"https:\/\/www.encontrabelem.com.br\/sobre\/wp-json\/wp\/v2\/posts\/315","targetHints":{"allow":["GET"]}}],"collection":[{"href":"https:\/\/www.encontrabelem.com.br\/sobre\/wp-json\/wp\/v2\/posts"}],"about":[{"href":"https:\/\/www.encontrabelem.com.br\/sobre\/wp-json\/wp\/v2\/types\/post"}],"author":[{"embeddable":true,"href":"https:\/\/www.encontrabelem.com.br\/sobre\/wp-json\/wp\/v2\/users\/1"}],"replies":[{"embeddable":true,"href":"https:\/\/www.encontrabelem.com.br\/sobre\/wp-json\/wp\/v2\/comments?post=315"}],"version-history":[{"count":0,"href":"https:\/\/www.encontrabelem.com.br\/sobre\/wp-json\/wp\/v2\/posts\/315\/revisions"}],"wp:attachment":[{"href":"https:\/\/www.encontrabelem.com.br\/sobre\/wp-json\/wp\/v2\/media?parent=315"}],"wp:term":[{"taxonomy":"category","embeddable":true,"href":"https:\/\/www.encontrabelem.com.br\/sobre\/wp-json\/wp\/v2\/categories?post=315"},{"taxonomy":"post_tag","embeddable":true,"href":"https:\/\/www.encontrabelem.com.br\/sobre\/wp-json\/wp\/v2\/tags?post=315"}],"curies":[{"name":"wp","href":"https:\/\/api.w.org\/{rel}","templated":true}]}}