{"id":293,"date":"2013-11-08T09:57:58","date_gmt":"2013-11-08T11:57:58","guid":{"rendered":"http:\/\/www.encontrabelem.com.br\/noticias\/?p=293"},"modified":"2023-11-13T11:17:36","modified_gmt":"2023-11-13T14:17:36","slug":"sesc-promove-cafe-literario-em-belem","status":"publish","type":"post","link":"https:\/\/www.encontrabelem.com.br\/sobre\/sesc-promove-cafe-literario-em-belem","title":{"rendered":"Sesc promove Caf\u00e9 Liter\u00e1rio em Bel\u00e9m"},"content":{"rendered":"<div class=\"b22802487b0d38c4c6d9f34966e16421\" data-index=\"1\" style=\"float: none; margin:0px;\">\n<!-- Anuncio display - global -->\r\n<ins class=\"adsbygoogle\"\r\n     style=\"display:block\"\r\n     data-ad-client=\"ca-pub-8585364105181520\"\r\n     data-ad-slot=\"8789329856\"\r\n     data-ad-format=\"auto\"\r\n     data-full-width-responsive=\"true\"><\/ins>\r\n<script>\r\n     (adsbygoogle = window.adsbygoogle || []).push({});\r\n<\/script>\n<\/div>\n<p>Para valorizar a produ\u00e7\u00e3o liter\u00e1ria local, o Sesc promove a partir desta sexta-feira (8) at\u00e9 o pr\u00f3ximo dia 13 o Caf\u00e9 Liter\u00e1rio, nas bibliotecas do \u00f3rg\u00e3o, em Bel\u00e9m e Santar\u00e9m. O evento tem o objetivo de criar um espa\u00e7o para encontros entre escritores, poetas, m\u00fasicos e o p\u00fablico em geral. Os escritores Vin\u00edcius de Moraes e Waldemar Hernrique ser\u00e3o homenageados.<\/p>\n<p>A programa\u00e7\u00e3o inclui bate-papos sobre leituras para o vestibular, al\u00e9m de mostra fotogr\u00e1fica, mostra do acervo do pr\u00eamio Sesc de Literatura, e leitura livre.<\/p>\n<p>O programa pretende atender jovens e adultos contribuindo para despertar ou aumentar o gosto pela leitura nos participantes, trazendo uma programa\u00e7\u00e3o recheada de boas leituras, muita poesia, m\u00fasica e bate papo.<\/p>\n<p>O diferencial do projeto ser\u00e1 a participa\u00e7\u00e3o dos autores das quatro melhores poesias, duas de cada etapa do projeto Proseando com a Poesias, que aconteceu ao longo do ano nas bibliotecas do Sesc.<\/p>\n<p>O projeto proporciona o interc\u00e2mbio entre educa\u00e7\u00e3o e biblioteca, valorizando a produ\u00e7\u00e3o liter\u00e1ria despertando o interesse da comunidade pelos espa\u00e7os da leitura, contribuindo para a forma\u00e7\u00e3o de cidad\u00e3os leitores.<\/p>\n<p><strong>Servi\u00e7o<\/strong><br \/>\nO que: Projeto Caf\u00e9 Liter\u00e1rio<br \/>\nQuando: 8 a 13 de novembro, de 17h \u00e0s 20h<br \/>\nLocal: Unidade Sesc Doca Bel\u00e9m<br \/>\nEndere\u00e7o: rua Senador Manoel Barata, 1873<br \/>\nValor: A participa\u00e7\u00e3o \u00e9 gratuita.<\/p>\n\n<div style=\"font-size: 0px; height: 0px; line-height: 0px; margin: 0; padding: 0; clear: both;\"><\/div>","protected":false},"excerpt":{"rendered":"<p>Para valorizar a produ\u00e7\u00e3o liter\u00e1ria local, o Sesc promove a partir desta sexta-feira (8) at\u00e9 o pr\u00f3ximo dia 13 o Caf\u00e9 Liter\u00e1rio, nas bibliotecas do \u00f3rg\u00e3o, em Bel\u00e9m e Santar\u00e9m. O evento tem o objetivo de criar um espa\u00e7o para encontros entre escritores, poetas, m\u00fasicos e o p\u00fablico em geral. Os escritores Vin\u00edcius de Moraes e Waldemar Hernrique ser\u00e3o homenageados. A programa\u00e7\u00e3o inclui bate-papos sobre leituras para o vestibular, al\u00e9m de mostra fotogr\u00e1fica, mostra do acervo do pr\u00eamio Sesc de Literatura, e leitura livre. O programa pretende atender jovens e adultos contribuindo para despertar ou aumentar o gosto pela leitura <\/p>\n","protected":false},"author":1,"featured_media":0,"comment_status":"closed","ping_status":"closed","sticky":false,"template":"","format":"standard","meta":{"footnotes":""},"categories":[1],"tags":[],"class_list":["post-293","post","type-post","status-publish","format-standard","hentry","category-noticias-em-belem"],"aioseo_notices":[],"aioseo_head":"\n\t\t<!-- All in One SEO 5.0.0.1 - aioseo.com -->\n\t<meta name=\"description\" content=\"Para valorizar a produ\u00e7\u00e3o liter\u00e1ria local, o Sesc promove a partir desta sexta-feira (8) at\u00e9 o pr\u00f3ximo dia 13 o Caf\u00e9 Liter\u00e1rio, nas bibliotecas do \u00f3rg\u00e3o, em Bel\u00e9m e Santar\u00e9m. O evento tem o objetivo de criar um espa\u00e7o para encontros entre escritores, poetas, m\u00fasicos e o p\u00fablico em geral. Os escritores Vin\u00edcius de Moraes\" \/>\n\t<meta name=\"robots\" content=\"max-image-preview:large\" \/>\n\t<meta name=\"author\" content=\"Encontra Bel\u00e9m\"\/>\n\t<link rel=\"canonical\" href=\"https:\/\/www.encontrabelem.com.br\/sobre\/sesc-promove-cafe-literario-em-belem\" \/>\n\t<meta name=\"generator\" content=\"All in One SEO (AIOSEO) 5.0.0.1\" \/>\n\t\t<meta property=\"og:locale\" content=\"pt_BR\" \/>\n\t\t<meta property=\"og:site_name\" content=\"Encontra Bel\u00e9m | Not\u00edcias, eventos, informa\u00e7\u00f5es e dicas na cidade Bel\u00e9m e regi\u00e3o.\" \/>\n\t\t<meta property=\"og:type\" content=\"article\" \/>\n\t\t<meta property=\"og:title\" content=\"Sesc promove Caf\u00e9 Liter\u00e1rio em Bel\u00e9m | Encontra Bel\u00e9m\" \/>\n\t\t<meta property=\"og:description\" content=\"Para valorizar a produ\u00e7\u00e3o liter\u00e1ria local, o Sesc promove a partir desta sexta-feira (8) at\u00e9 o pr\u00f3ximo dia 13 o Caf\u00e9 Liter\u00e1rio, nas bibliotecas do \u00f3rg\u00e3o, em Bel\u00e9m e Santar\u00e9m. O evento tem o objetivo de criar um espa\u00e7o para encontros entre escritores, poetas, m\u00fasicos e o p\u00fablico em geral. Os escritores Vin\u00edcius de Moraes\" \/>\n\t\t<meta property=\"og:url\" content=\"https:\/\/www.encontrabelem.com.br\/sobre\/sesc-promove-cafe-literario-em-belem\" \/>\n\t\t<meta property=\"article:published_time\" content=\"2013-11-08T11:57:58+00:00\" \/>\n\t\t<meta property=\"article:modified_time\" content=\"2023-11-13T14:17:36+00:00\" \/>\n\t\t<meta name=\"twitter:card\" content=\"summary\" \/>\n\t\t<meta name=\"twitter:title\" content=\"Sesc promove Caf\u00e9 Liter\u00e1rio em Bel\u00e9m | Encontra Bel\u00e9m\" \/>\n\t\t<meta name=\"twitter:description\" content=\"Para valorizar a produ\u00e7\u00e3o liter\u00e1ria local, o Sesc promove a partir desta sexta-feira (8) at\u00e9 o pr\u00f3ximo dia 13 o Caf\u00e9 Liter\u00e1rio, nas bibliotecas do \u00f3rg\u00e3o, em Bel\u00e9m e Santar\u00e9m. O evento tem o objetivo de criar um espa\u00e7o para encontros entre escritores, poetas, m\u00fasicos e o p\u00fablico em geral. Os escritores Vin\u00edcius de Moraes\" \/>\n\t\t<script type=\"application\/ld+json\" class=\"aioseo-schema\">\n\t\t\t{\"@context\":\"https:\\\/\\\/schema.org\",\"@graph\":[{\"@type\":\"Article\",\"@id\":\"https:\\\/\\\/www.encontrabelem.com.br\\\/sobre\\\/sesc-promove-cafe-literario-em-belem#article\",\"name\":\"Sesc promove Caf\\u00e9 Liter\\u00e1rio em Bel\\u00e9m | Encontra Bel\\u00e9m\",\"headline\":\"Sesc promove Caf\\u00e9 Liter\\u00e1rio em Bel\\u00e9m\",\"author\":{\"@id\":\"https:\\\/\\\/www.encontrabelem.com.br\\\/sobre\\\/author\\\/ebelem#author\"},\"publisher\":{\"@id\":\"https:\\\/\\\/www.encontrabelem.com.br\\\/sobre\\\/#organization\"},\"datePublished\":\"2013-11-08T09:57:58-02:00\",\"dateModified\":\"2023-11-13T11:17:36-03:00\",\"inLanguage\":\"pt-BR\",\"mainEntityOfPage\":{\"@id\":\"https:\\\/\\\/www.encontrabelem.com.br\\\/sobre\\\/sesc-promove-cafe-literario-em-belem#webpage\"},\"isPartOf\":{\"@id\":\"https:\\\/\\\/www.encontrabelem.com.br\\\/sobre\\\/sesc-promove-cafe-literario-em-belem#webpage\"},\"articleSection\":\"Not\\u00edcias Bel\\u00e9m\"},{\"@type\":\"BreadcrumbList\",\"@id\":\"https:\\\/\\\/www.encontrabelem.com.br\\\/sobre\\\/sesc-promove-cafe-literario-em-belem#breadcrumblist\",\"itemListElement\":[{\"@type\":\"ListItem\",\"@id\":\"https:\\\/\\\/www.encontrabelem.com.br\\\/sobre#listItem\",\"position\":1,\"name\":\"In\\u00edcio\",\"item\":\"https:\\\/\\\/www.encontrabelem.com.br\\\/sobre\",\"nextItem\":{\"@type\":\"ListItem\",\"@id\":\"https:\\\/\\\/www.encontrabelem.com.br\\\/sobre\\\/noticias-em-belem#listItem\",\"name\":\"Not\\u00edcias Bel\\u00e9m\"}},{\"@type\":\"ListItem\",\"@id\":\"https:\\\/\\\/www.encontrabelem.com.br\\\/sobre\\\/noticias-em-belem#listItem\",\"position\":2,\"name\":\"Not\\u00edcias Bel\\u00e9m\",\"item\":\"https:\\\/\\\/www.encontrabelem.com.br\\\/sobre\\\/noticias-em-belem\",\"nextItem\":{\"@type\":\"ListItem\",\"@id\":\"https:\\\/\\\/www.encontrabelem.com.br\\\/sobre\\\/sesc-promove-cafe-literario-em-belem#listItem\",\"name\":\"Sesc promove Caf\\u00e9 Liter\\u00e1rio em Bel\\u00e9m\"},\"previousItem\":{\"@type\":\"ListItem\",\"@id\":\"https:\\\/\\\/www.encontrabelem.com.br\\\/sobre#listItem\",\"name\":\"In\\u00edcio\"}},{\"@type\":\"ListItem\",\"@id\":\"https:\\\/\\\/www.encontrabelem.com.br\\\/sobre\\\/sesc-promove-cafe-literario-em-belem#listItem\",\"position\":3,\"name\":\"Sesc promove Caf\\u00e9 Liter\\u00e1rio em Bel\\u00e9m\",\"previousItem\":{\"@type\":\"ListItem\",\"@id\":\"https:\\\/\\\/www.encontrabelem.com.br\\\/sobre\\\/noticias-em-belem#listItem\",\"name\":\"Not\\u00edcias Bel\\u00e9m\"}}]},{\"@type\":\"Organization\",\"@id\":\"https:\\\/\\\/www.encontrabelem.com.br\\\/sobre\\\/#organization\",\"name\":\"Encontra Bel\\u00e9m\",\"description\":\"Not\\u00edcias, eventos, informa\\u00e7\\u00f5es e dicas na cidade Bel\\u00e9m e regi\\u00e3o.\",\"url\":\"https:\\\/\\\/www.encontrabelem.com.br\\\/sobre\\\/\"},{\"@type\":\"Person\",\"@id\":\"https:\\\/\\\/www.encontrabelem.com.br\\\/sobre\\\/author\\\/ebelem#author\",\"url\":\"https:\\\/\\\/www.encontrabelem.com.br\\\/sobre\\\/author\\\/ebelem\",\"name\":\"Encontra Bel\\u00e9m\",\"image\":{\"@type\":\"ImageObject\",\"@id\":\"https:\\\/\\\/www.encontrabelem.com.br\\\/sobre\\\/sesc-promove-cafe-literario-em-belem#authorImage\",\"url\":\"https:\\\/\\\/secure.gravatar.com\\\/avatar\\\/507340682b8270222e1f208e23198b6ae7e2c6a1033ae84e99bc6bce4f82a387?s=96&d=mm&r=g\",\"width\":96,\"height\":96,\"caption\":\"Encontra Bel\\u00e9m\"}},{\"@type\":\"WebPage\",\"@id\":\"https:\\\/\\\/www.encontrabelem.com.br\\\/sobre\\\/sesc-promove-cafe-literario-em-belem#webpage\",\"url\":\"https:\\\/\\\/www.encontrabelem.com.br\\\/sobre\\\/sesc-promove-cafe-literario-em-belem\",\"name\":\"Sesc promove Caf\\u00e9 Liter\\u00e1rio em Bel\\u00e9m | Encontra Bel\\u00e9m\",\"description\":\"Para valorizar a produ\\u00e7\\u00e3o liter\\u00e1ria local, o Sesc promove a partir desta sexta-feira (8) at\\u00e9 o pr\\u00f3ximo dia 13 o Caf\\u00e9 Liter\\u00e1rio, nas bibliotecas do \\u00f3rg\\u00e3o, em Bel\\u00e9m e Santar\\u00e9m. O evento tem o objetivo de criar um espa\\u00e7o para encontros entre escritores, poetas, m\\u00fasicos e o p\\u00fablico em geral. Os escritores Vin\\u00edcius de Moraes\",\"inLanguage\":\"pt-BR\",\"isPartOf\":{\"@id\":\"https:\\\/\\\/www.encontrabelem.com.br\\\/sobre\\\/#website\"},\"breadcrumb\":{\"@id\":\"https:\\\/\\\/www.encontrabelem.com.br\\\/sobre\\\/sesc-promove-cafe-literario-em-belem#breadcrumblist\"},\"author\":{\"@id\":\"https:\\\/\\\/www.encontrabelem.com.br\\\/sobre\\\/author\\\/ebelem#author\"},\"creator\":{\"@id\":\"https:\\\/\\\/www.encontrabelem.com.br\\\/sobre\\\/author\\\/ebelem#author\"},\"datePublished\":\"2013-11-08T09:57:58-02:00\",\"dateModified\":\"2023-11-13T11:17:36-03:00\"},{\"@type\":\"WebSite\",\"@id\":\"https:\\\/\\\/www.encontrabelem.com.br\\\/sobre\\\/#website\",\"url\":\"https:\\\/\\\/www.encontrabelem.com.br\\\/sobre\\\/\",\"name\":\"Encontra Bel\\u00e9m\",\"description\":\"Not\\u00edcias, eventos, informa\\u00e7\\u00f5es e dicas na cidade Bel\\u00e9m e regi\\u00e3o.\",\"inLanguage\":\"pt-BR\",\"publisher\":{\"@id\":\"https:\\\/\\\/www.encontrabelem.com.br\\\/sobre\\\/#organization\"}}]}\n\t\t<\/script>\n\t\t<!-- All in One SEO -->\n\n","aioseo_head_json":{"title":"Sesc promove Caf\u00e9 Liter\u00e1rio em Bel\u00e9m | Encontra Bel\u00e9m","description":"Para valorizar a produ\u00e7\u00e3o liter\u00e1ria local, o Sesc promove a partir desta sexta-feira (8) at\u00e9 o pr\u00f3ximo dia 13 o Caf\u00e9 Liter\u00e1rio, nas bibliotecas do \u00f3rg\u00e3o, em Bel\u00e9m e Santar\u00e9m. O evento tem o objetivo de criar um espa\u00e7o para encontros entre escritores, poetas, m\u00fasicos e o p\u00fablico em geral. Os escritores Vin\u00edcius de Moraes","canonical_url":"https:\/\/www.encontrabelem.com.br\/sobre\/sesc-promove-cafe-literario-em-belem","robots":"max-image-preview:large","keywords":"","webmasterTools":{"miscellaneous":""},"schema":{"@context":"https:\/\/schema.org","@graph":[{"@type":"Article","@id":"https:\/\/www.encontrabelem.com.br\/sobre\/sesc-promove-cafe-literario-em-belem#article","name":"Sesc promove Caf\u00e9 Liter\u00e1rio em Bel\u00e9m | Encontra Bel\u00e9m","headline":"Sesc promove Caf\u00e9 Liter\u00e1rio em Bel\u00e9m","author":{"@id":"https:\/\/www.encontrabelem.com.br\/sobre\/author\/ebelem#author"},"publisher":{"@id":"https:\/\/www.encontrabelem.com.br\/sobre\/#organization"},"datePublished":"2013-11-08T09:57:58-02:00","dateModified":"2023-11-13T11:17:36-03:00","inLanguage":"pt-BR","mainEntityOfPage":{"@id":"https:\/\/www.encontrabelem.com.br\/sobre\/sesc-promove-cafe-literario-em-belem#webpage"},"isPartOf":{"@id":"https:\/\/www.encontrabelem.com.br\/sobre\/sesc-promove-cafe-literario-em-belem#webpage"},"articleSection":"Not\u00edcias Bel\u00e9m"},{"@type":"BreadcrumbList","@id":"https:\/\/www.encontrabelem.com.br\/sobre\/sesc-promove-cafe-literario-em-belem#breadcrumblist","itemListElement":[{"@type":"ListItem","@id":"https:\/\/www.encontrabelem.com.br\/sobre#listItem","position":1,"name":"In\u00edcio","item":"https:\/\/www.encontrabelem.com.br\/sobre","nextItem":{"@type":"ListItem","@id":"https:\/\/www.encontrabelem.com.br\/sobre\/noticias-em-belem#listItem","name":"Not\u00edcias Bel\u00e9m"}},{"@type":"ListItem","@id":"https:\/\/www.encontrabelem.com.br\/sobre\/noticias-em-belem#listItem","position":2,"name":"Not\u00edcias Bel\u00e9m","item":"https:\/\/www.encontrabelem.com.br\/sobre\/noticias-em-belem","nextItem":{"@type":"ListItem","@id":"https:\/\/www.encontrabelem.com.br\/sobre\/sesc-promove-cafe-literario-em-belem#listItem","name":"Sesc promove Caf\u00e9 Liter\u00e1rio em Bel\u00e9m"},"previousItem":{"@type":"ListItem","@id":"https:\/\/www.encontrabelem.com.br\/sobre#listItem","name":"In\u00edcio"}},{"@type":"ListItem","@id":"https:\/\/www.encontrabelem.com.br\/sobre\/sesc-promove-cafe-literario-em-belem#listItem","position":3,"name":"Sesc promove Caf\u00e9 Liter\u00e1rio em Bel\u00e9m","previousItem":{"@type":"ListItem","@id":"https:\/\/www.encontrabelem.com.br\/sobre\/noticias-em-belem#listItem","name":"Not\u00edcias Bel\u00e9m"}}]},{"@type":"Organization","@id":"https:\/\/www.encontrabelem.com.br\/sobre\/#organization","name":"Encontra Bel\u00e9m","description":"Not\u00edcias, eventos, informa\u00e7\u00f5es e dicas na cidade Bel\u00e9m e regi\u00e3o.","url":"https:\/\/www.encontrabelem.com.br\/sobre\/"},{"@type":"Person","@id":"https:\/\/www.encontrabelem.com.br\/sobre\/author\/ebelem#author","url":"https:\/\/www.encontrabelem.com.br\/sobre\/author\/ebelem","name":"Encontra Bel\u00e9m","image":{"@type":"ImageObject","@id":"https:\/\/www.encontrabelem.com.br\/sobre\/sesc-promove-cafe-literario-em-belem#authorImage","url":"https:\/\/secure.gravatar.com\/avatar\/507340682b8270222e1f208e23198b6ae7e2c6a1033ae84e99bc6bce4f82a387?s=96&d=mm&r=g","width":96,"height":96,"caption":"Encontra Bel\u00e9m"}},{"@type":"WebPage","@id":"https:\/\/www.encontrabelem.com.br\/sobre\/sesc-promove-cafe-literario-em-belem#webpage","url":"https:\/\/www.encontrabelem.com.br\/sobre\/sesc-promove-cafe-literario-em-belem","name":"Sesc promove Caf\u00e9 Liter\u00e1rio em Bel\u00e9m | Encontra Bel\u00e9m","description":"Para valorizar a produ\u00e7\u00e3o liter\u00e1ria local, o Sesc promove a partir desta sexta-feira (8) at\u00e9 o pr\u00f3ximo dia 13 o Caf\u00e9 Liter\u00e1rio, nas bibliotecas do \u00f3rg\u00e3o, em Bel\u00e9m e Santar\u00e9m. O evento tem o objetivo de criar um espa\u00e7o para encontros entre escritores, poetas, m\u00fasicos e o p\u00fablico em geral. Os escritores Vin\u00edcius de Moraes","inLanguage":"pt-BR","isPartOf":{"@id":"https:\/\/www.encontrabelem.com.br\/sobre\/#website"},"breadcrumb":{"@id":"https:\/\/www.encontrabelem.com.br\/sobre\/sesc-promove-cafe-literario-em-belem#breadcrumblist"},"author":{"@id":"https:\/\/www.encontrabelem.com.br\/sobre\/author\/ebelem#author"},"creator":{"@id":"https:\/\/www.encontrabelem.com.br\/sobre\/author\/ebelem#author"},"datePublished":"2013-11-08T09:57:58-02:00","dateModified":"2023-11-13T11:17:36-03:00"},{"@type":"WebSite","@id":"https:\/\/www.encontrabelem.com.br\/sobre\/#website","url":"https:\/\/www.encontrabelem.com.br\/sobre\/","name":"Encontra Bel\u00e9m","description":"Not\u00edcias, eventos, informa\u00e7\u00f5es e dicas na cidade Bel\u00e9m e regi\u00e3o.","inLanguage":"pt-BR","publisher":{"@id":"https:\/\/www.encontrabelem.com.br\/sobre\/#organization"}}]},"og:locale":"pt_BR","og:site_name":"Encontra Bel\u00e9m | Not\u00edcias, eventos, informa\u00e7\u00f5es e dicas na cidade Bel\u00e9m e regi\u00e3o.","og:type":"article","og:title":"Sesc promove Caf\u00e9 Liter\u00e1rio em Bel\u00e9m | Encontra Bel\u00e9m","og:description":"Para valorizar a produ\u00e7\u00e3o liter\u00e1ria local, o Sesc promove a partir desta sexta-feira (8) at\u00e9 o pr\u00f3ximo dia 13 o Caf\u00e9 Liter\u00e1rio, nas bibliotecas do \u00f3rg\u00e3o, em Bel\u00e9m e Santar\u00e9m. O evento tem o objetivo de criar um espa\u00e7o para encontros entre escritores, poetas, m\u00fasicos e o p\u00fablico em geral. Os escritores Vin\u00edcius de Moraes","og:url":"https:\/\/www.encontrabelem.com.br\/sobre\/sesc-promove-cafe-literario-em-belem","article:published_time":"2013-11-08T11:57:58+00:00","article:modified_time":"2023-11-13T14:17:36+00:00","twitter:card":"summary","twitter:title":"Sesc promove Caf\u00e9 Liter\u00e1rio em Bel\u00e9m | Encontra Bel\u00e9m","twitter:description":"Para valorizar a produ\u00e7\u00e3o liter\u00e1ria local, o Sesc promove a partir desta sexta-feira (8) at\u00e9 o pr\u00f3ximo dia 13 o Caf\u00e9 Liter\u00e1rio, nas bibliotecas do \u00f3rg\u00e3o, em Bel\u00e9m e Santar\u00e9m. O evento tem o objetivo de criar um espa\u00e7o para encontros entre escritores, poetas, m\u00fasicos e o p\u00fablico em geral. Os escritores Vin\u00edcius de Moraes"},"aioseo_meta_data":{"post_id":"293","title":null,"description":null,"keywords":null,"keyphrases":null,"primary_term":null,"canonical_url":null,"og_title":null,"og_description":null,"og_object_type":"default","og_image_type":"default","og_image_url":null,"og_image_width":null,"og_image_height":null,"og_image_custom_url":null,"og_image_custom_fields":null,"og_video":null,"og_custom_url":null,"og_article_section":null,"og_article_tags":null,"twitter_use_og":false,"twitter_card":"default","twitter_image_type":"default","twitter_image_url":null,"twitter_image_custom_url":null,"twitter_image_custom_fields":null,"twitter_title":null,"twitter_description":null,"schema":{"blockGraphs":[],"customGraphs":[],"default":{"data":{"Article":[],"Course":[],"Dataset":[],"FAQPage":[],"Movie":[],"Person":[],"Product":[],"ProductReview":[],"Car":[],"Recipe":[],"Service":[],"SoftwareApplication":[],"WebPage":[]},"graphName":"Article","isEnabled":true},"graphs":[]},"schema_type":null,"schema_type_options":null,"pillar_content":false,"robots_default":true,"robots_noindex":false,"robots_noarchive":false,"robots_nosnippet":false,"robots_nofollow":false,"robots_noimageindex":false,"robots_noodp":false,"robots_notranslate":false,"robots_max_snippet":null,"robots_max_videopreview":null,"robots_max_imagepreview":"large","priority":null,"frequency":null,"local_seo":null,"breadcrumb_settings":null,"limit_modified_date":false,"ai":null,"created":"2021-08-12 21:24:41","updated":"2025-11-25 13:05:12","focus_keyword":null,"additional_keywords":null,"truseo_locale":null,"seo_analyzer_scan_date":null},"aioseo_breadcrumb":"<div class=\"aioseo-breadcrumbs\"><span class=\"aioseo-breadcrumb\">\n\t\t\t<a href=\"https:\/\/www.encontrabelem.com.br\/sobre\" title=\"In\u00edcio\">In\u00edcio<\/a>\n\t\t<\/span><span class=\"aioseo-breadcrumb-separator\">&raquo;<\/span><span class=\"aioseo-breadcrumb\">\n\t\t\t<a href=\"https:\/\/www.encontrabelem.com.br\/sobre\/noticias-em-belem\" title=\"Not\u00edcias Bel\u00e9m\">Not\u00edcias Bel\u00e9m<\/a>\n\t\t<\/span><span class=\"aioseo-breadcrumb-separator\">&raquo;<\/span><span class=\"aioseo-breadcrumb\">\n\t\t\tSesc promove Caf\u00e9 Liter\u00e1rio em Bel\u00e9m\n\t\t<\/span><\/div>","aioseo_breadcrumb_json":[{"label":"In\u00edcio","link":"https:\/\/www.encontrabelem.com.br\/sobre"},{"label":"Not\u00edcias Bel\u00e9m","link":"https:\/\/www.encontrabelem.com.br\/sobre\/noticias-em-belem"},{"label":"Sesc promove Caf\u00e9 Liter\u00e1rio em Bel\u00e9m","link":"https:\/\/www.encontrabelem.com.br\/sobre\/sesc-promove-cafe-literario-em-belem"}],"_links":{"self":[{"href":"https:\/\/www.encontrabelem.com.br\/sobre\/wp-json\/wp\/v2\/posts\/293","targetHints":{"allow":["GET"]}}],"collection":[{"href":"https:\/\/www.encontrabelem.com.br\/sobre\/wp-json\/wp\/v2\/posts"}],"about":[{"href":"https:\/\/www.encontrabelem.com.br\/sobre\/wp-json\/wp\/v2\/types\/post"}],"author":[{"embeddable":true,"href":"https:\/\/www.encontrabelem.com.br\/sobre\/wp-json\/wp\/v2\/users\/1"}],"replies":[{"embeddable":true,"href":"https:\/\/www.encontrabelem.com.br\/sobre\/wp-json\/wp\/v2\/comments?post=293"}],"version-history":[{"count":0,"href":"https:\/\/www.encontrabelem.com.br\/sobre\/wp-json\/wp\/v2\/posts\/293\/revisions"}],"wp:attachment":[{"href":"https:\/\/www.encontrabelem.com.br\/sobre\/wp-json\/wp\/v2\/media?parent=293"}],"wp:term":[{"taxonomy":"category","embeddable":true,"href":"https:\/\/www.encontrabelem.com.br\/sobre\/wp-json\/wp\/v2\/categories?post=293"},{"taxonomy":"post_tag","embeddable":true,"href":"https:\/\/www.encontrabelem.com.br\/sobre\/wp-json\/wp\/v2\/tags?post=293"}],"curies":[{"name":"wp","href":"https:\/\/api.w.org\/{rel}","templated":true}]}}