{"id":274,"date":"2013-09-26T13:23:47","date_gmt":"2013-09-26T16:23:47","guid":{"rendered":"http:\/\/www.encontrabelem.com.br\/noticias\/?p=274"},"modified":"2023-11-13T11:17:36","modified_gmt":"2023-11-13T14:17:36","slug":"ufpa-implanta-internet-gratis-na-praca-da-republica-em-belem","status":"publish","type":"post","link":"https:\/\/www.encontrabelem.com.br\/sobre\/ufpa-implanta-internet-gratis-na-praca-da-republica-em-belem","title":{"rendered":"UFPA implanta internet gr\u00e1tis na Pra\u00e7a da Rep\u00fablica, em Bel\u00e9m"},"content":{"rendered":"<div class=\"b22802487b0d38c4c6d9f34966e16421\" data-index=\"1\" style=\"float: none; margin:0px;\">\n<!-- Anuncio display - global -->\r\n<ins class=\"adsbygoogle\"\r\n     style=\"display:block\"\r\n     data-ad-client=\"ca-pub-8585364105181520\"\r\n     data-ad-slot=\"8789329856\"\r\n     data-ad-format=\"auto\"\r\n     data-full-width-responsive=\"true\"><\/ins>\r\n<script>\r\n     (adsbygoogle = window.adsbygoogle || []).push({});\r\n<\/script>\n<\/div>\n<p>Visitantes que passearem pela Pra\u00e7a da Rep\u00fablica, no centro de <a href=\"http:\/\/g1.globo.com\/pa\/para\/cidade\/belem.html\">Bel\u00e9m<\/a>, ter\u00e3o livre acesso \u00e0 rede de internet. A Universidade Federal do Par\u00e1 (UFPA), por meio do projeto UFPA 2.0, implantou no local dois r\u00e1dios de Wi-Fi, em frente ao Theatro da Paz, no pr\u00e9dio do Instituto de Ci\u00eancias da Arte (ICA), que oferecer\u00e3o acesso 24 horas por dia.<\/p>\n<p>O projeto, gerenciado pela Pr\u00f3-reitoria de Rela\u00e7\u00f5es Internacionais (Prointer), em parceria com a Secretaria de Estado de Cultura (Secult) e do Projeto F\u00f3rum Landi da UFPA, tem o objetivo n\u00e3o s\u00f3 de promover a inclus\u00e3o digital, por meio do acesso livre e f\u00e1cil, de alunos e servidores da UFPA, mas de toda a comunidade e usu\u00e1rios do entorno do teatro, especificamente num raio de 100 metros do pr\u00e9dio do ICA.<\/p>\n<p>Outro objetivo \u00e9 a viabilidade de implementa\u00e7\u00e3o de mais um projeto de Realidade Aumentada para o local, baseado em software livre, com acesso via smartphones, \u00e0 informa\u00e7\u00f5es da hist\u00f3ria dos pr\u00e9dios mais pr\u00f3ximos, como \u00e9 o caso do Theatro da Paz, Museu do Com\u00e9rcio, Teatro Waldemar Henrique, Cinema Olympia e o Arco Triunfal de Landi instalado na Pra\u00e7a\u00a0 em homenagem aos 300 anos do arquiteto, o qual utiliza um aplicativo de localiza\u00e7\u00e3o e uma biblioteca virtual relacionados \u00e0 obra.<\/p>\n<p>Segundo informa\u00e7\u00f5es do Centro de Tecnologia da Informa\u00e7\u00e3o e Comunica\u00e7\u00e3o da UFPA (CTIC), cada r\u00e1dio suporta em m\u00e9dia 70 usu\u00e1rios. S\u00e3o dois r\u00e1dios instalados justamente para proporcionar mais conex\u00f5es simult\u00e2neas, logo 140 usu\u00e1rios. Os r\u00e1dios est\u00e3o conectados ao backbone da Metrobel, gra\u00e7as a presen\u00e7a f\u00edsica e l\u00f3gica da Rede Nacional de Pesquisa (RNP\/CNPq) no pr\u00e9dio, com liga\u00e7\u00e3o por fibra \u00f3ptica a 1,0 Gbps ao CTIC da UFPA, que possui sa\u00edda para internet na velocidade de 6,0 Gbps.<\/p>\n<p><strong>UFPA 2.0<\/strong><br \/>\nO projeto UFPA 2.0 \u00e9 amplo e foi idealizado pela Pr\u00f3-Reitor Fl\u00e1vio Nassar da Prointer que,diante da constata\u00e7\u00e3o da necessidade e do desejo proativo de contribuir para a moderniza\u00e7\u00e3o da UFPA, investiu mais efetivamente nas tecnologias de informa\u00e7\u00e3o e comunica\u00e7\u00e3o existentes, a servi\u00e7o da pr\u00f3pria institui\u00e7\u00e3o e de seu entorno.<\/p>\n\n<div style=\"font-size: 0px; height: 0px; line-height: 0px; margin: 0; padding: 0; clear: both;\"><\/div>","protected":false},"excerpt":{"rendered":"<p>Visitantes que passearem pela Pra\u00e7a da Rep\u00fablica, no centro de Bel\u00e9m, ter\u00e3o livre acesso \u00e0 rede de internet. A Universidade Federal do Par\u00e1 (UFPA), por meio do projeto UFPA 2.0, implantou no local dois r\u00e1dios de Wi-Fi, em frente ao Theatro da Paz, no pr\u00e9dio do Instituto de Ci\u00eancias da Arte (ICA), que oferecer\u00e3o acesso 24 horas por dia. O projeto, gerenciado pela Pr\u00f3-reitoria de Rela\u00e7\u00f5es Internacionais (Prointer), em parceria com a Secretaria de Estado de Cultura (Secult) e do Projeto F\u00f3rum Landi da UFPA, tem o objetivo n\u00e3o s\u00f3 de promover a inclus\u00e3o digital, por meio do acesso livre <\/p>\n","protected":false},"author":1,"featured_media":0,"comment_status":"closed","ping_status":"closed","sticky":false,"template":"","format":"standard","meta":{"footnotes":""},"categories":[1],"tags":[],"class_list":["post-274","post","type-post","status-publish","format-standard","hentry","category-noticias-em-belem"],"aioseo_notices":[],"_links":{"self":[{"href":"https:\/\/www.encontrabelem.com.br\/sobre\/wp-json\/wp\/v2\/posts\/274","targetHints":{"allow":["GET"]}}],"collection":[{"href":"https:\/\/www.encontrabelem.com.br\/sobre\/wp-json\/wp\/v2\/posts"}],"about":[{"href":"https:\/\/www.encontrabelem.com.br\/sobre\/wp-json\/wp\/v2\/types\/post"}],"author":[{"embeddable":true,"href":"https:\/\/www.encontrabelem.com.br\/sobre\/wp-json\/wp\/v2\/users\/1"}],"replies":[{"embeddable":true,"href":"https:\/\/www.encontrabelem.com.br\/sobre\/wp-json\/wp\/v2\/comments?post=274"}],"version-history":[{"count":0,"href":"https:\/\/www.encontrabelem.com.br\/sobre\/wp-json\/wp\/v2\/posts\/274\/revisions"}],"wp:attachment":[{"href":"https:\/\/www.encontrabelem.com.br\/sobre\/wp-json\/wp\/v2\/media?parent=274"}],"wp:term":[{"taxonomy":"category","embeddable":true,"href":"https:\/\/www.encontrabelem.com.br\/sobre\/wp-json\/wp\/v2\/categories?post=274"},{"taxonomy":"post_tag","embeddable":true,"href":"https:\/\/www.encontrabelem.com.br\/sobre\/wp-json\/wp\/v2\/tags?post=274"}],"curies":[{"name":"wp","href":"https:\/\/api.w.org\/{rel}","templated":true}]}}