{"id":2435,"date":"2026-09-05T03:29:41","date_gmt":"2026-09-05T06:29:41","guid":{"rendered":"https:\/\/www.encontrabelem.com.br\/sobre\/avenida-pedro-alvares-cabral-passa-a-ter-sentido-unico-em-belem-veja-o-que-muda"},"modified":"2026-09-05T03:29:41","modified_gmt":"2026-09-05T06:29:41","slug":"avenida-pedro-alvares-cabral-passa-a-ter-sentido-unico-em-belem-veja-o-que-muda","status":"publish","type":"post","link":"https:\/\/www.encontrabelem.com.br\/sobre\/avenida-pedro-alvares-cabral-passa-a-ter-sentido-unico-em-belem-veja-o-que-muda","title":{"rendered":"Avenida Pedro \u00c1lvares Cabral passa a ter sentido \u00fanico em Bel\u00e9m; veja o que muda"},"content":{"rendered":"<div class=\"b22802487b0d38c4c6d9f34966e16421\" data-index=\"1\" style=\"float: none; margin:0px;\">\n<!-- Anuncio display - global -->\r\n<ins class=\"adsbygoogle\"\r\n     style=\"display:block\"\r\n     data-ad-client=\"ca-pub-8585364105181520\"\r\n     data-ad-slot=\"8789329856\"\r\n     data-ad-format=\"auto\"\r\n     data-full-width-responsive=\"true\"><\/ins>\r\n<script>\r\n     (adsbygoogle = window.adsbygoogle || []).push({});\r\n<\/script>\n<\/div>\n<h2>Mudan\u00e7as no Tr\u00e2nsito da Avenida Pedro \u00c1lvares Cabral<\/h2>\n<p>A Avenida Pedro \u00c1lvares Cabral, uma das principais vias de Bel\u00e9m, est\u00e1 passando por significativas altera\u00e7\u00f5es em seu fluxo de tr\u00e2nsito. Estas mudan\u00e7as t\u00eam o objetivo de melhorar a mobilidade urbana na regi\u00e3o e facilitar a circula\u00e7\u00e3o de ve\u00edculos e pedestres. A partir de agora, a avenida ter\u00e1 um sentido \u00fanico, uma medida que visa reduzir congestionamentos e otimizar o tr\u00e2nsito.<\/p>\n<p>Essas altera\u00e7\u00f5es ocorrem em um trecho espec\u00edfico, entre as avenidas Arthur Bernardes e Visconde de Souza Franco. Esta transforma\u00e7\u00e3o foi planejada pela Prefeitura de Bel\u00e9m, que busca implementar um sistema vi\u00e1rio mais eficaz, que favore\u00e7a a din\u00e2mica do tr\u00e1fego na \u00e1rea.<\/p>\n<h2>Sentido \u00danico: O Que Isso Significa?<\/h2>\n<p>A mudan\u00e7a para sentido \u00fanico na Avenida Pedro \u00c1lvares Cabral significa que a via apenas permitir\u00e1 a circula\u00e7\u00e3o de ve\u00edculos em uma dire\u00e7\u00e3o espec\u00edfica, visando a redu\u00e7\u00e3o de pontos de reten\u00e7\u00e3o e, consequentemente, a melhoria da fluidez no tr\u00e1fego. Essa decis\u00e3o foi estrat\u00e9gica, levando em considera\u00e7\u00e3o a quantidade de ve\u00edculos que transitam diariamente pela regi\u00e3o.<\/p>\n<p><img decoding=\"async\" src=\"https:\/\/www.encontrabelem.com.br\/sobre\/wp-content\/uploads\/2026\/09\/avenida-pedro-alvares-cabral-passa-a-ter-sentido-unico-em-belem-veja-o-que-muda.webp\" alt=\"Avenida Pedro \u00c1lvares Cabral\" loading=\"lazy\" \/><\/p>\n<p>Com o novo formato, espera-se uma diminui\u00e7\u00e3o nos congestionamentos aos hor\u00e1rios de pico, al\u00e9m de uma melhor organiza\u00e7\u00e3o do fluxo de ve\u00edculos. A via agora concentrar\u00e1 o tr\u00e2nsito no sentido bairro-centro, enquanto a Rua Municipalidade, que foi adaptada para receber o fluxo oposto, ir\u00e1 auxiliar na redistribui\u00e7\u00e3o do tr\u00e1fego.<\/p>\n<h2>Impactos na Circula\u00e7\u00e3o e Reten\u00e7\u00f5es<\/h2>\n<p>As novas mudan\u00e7as prometem ter um impacto positivo na circula\u00e7\u00e3o de ve\u00edculos, reduzindo as reten\u00e7\u00f5es que eram frequentes devido ao tr\u00e1fego intenso em ambos os sentidos. A reorganiza\u00e7\u00e3o do tr\u00e2nsito tamb\u00e9m proporcionar\u00e1 seguran\u00e7a extra para os pedestres e ciclistas que utilizam a regi\u00e3o.<\/p>\n<p>Al\u00e9m disso, as obras de melhoria que aconteceram na Rua Municipalidade possibilitar\u00e3o que o tr\u00e1fego na Pedro \u00c1lvares Cabral flua sem interrup\u00e7\u00f5es, uma vez que os motoristas poder\u00e3o acessar a nova via de velocidades mais altas, aumentando assim a efici\u00eancia da circula\u00e7\u00e3o geral.<\/p>\n<h2>Novo Sistema Bin\u00e1rio em Bel\u00e9m<\/h2>\n<p>Com a implementa\u00e7\u00e3o do sistema bin\u00e1rio, a cidade de Bel\u00e9m est\u00e1 introduzindo um projeto que visa balan\u00e7ar o fluxo de ve\u00edculos em diferentes avenidas e ruas adjacentes. A combina\u00e7\u00e3o do sentido \u00fanico na Avenida Pedro \u00c1lvares Cabral com a Rua Municipalidade conecta diretamente a efici\u00eancia do tr\u00e2nsito.<\/p>\n<p>O sistema bin\u00e1rio \u00e9 uma estrat\u00e9gia que transforma vias que anteriormente tinham circula\u00e7\u00e3o em ambas as dire\u00e7\u00f5es para uma estrutura mais organizada de ruas que operam em sentidos opostos. Essa interven\u00e7\u00e3o \u00e9 um passo importante para uma cidade mais moderna e com melhor planejamento urbano.<\/p>\n<h2>Ciclofaixa e Faixa Azul: Vantagens Para Todos<\/h2>\n<p>Entre as inova\u00e7\u00f5es trazidas pela nova configura\u00e7\u00e3o da Avenida Pedro \u00c1lvares Cabral est\u00e1 a introdu\u00e7\u00e3o de 1,7 quil\u00f4metro de ciclofaixa e uma faixa azul destinada aos motociclistas. Essa medida n\u00e3o apenas assegura a seguran\u00e7a desse modo de transporte, mas tamb\u00e9m promove uma alternativa sustent\u00e1vel de mobilidade urbana.<\/p>\n<p>A ciclofaixa permitir\u00e1 que os ciclistas tenham um espa\u00e7o exclusivo e mais seguro para a pr\u00e1tica de ciclismo, incentivando o uso de bicicletas como meio de locomo\u00e7\u00e3o. J\u00e1 a faixa azul proporciona maior visibilidade e seguran\u00e7a para os motociclistas, que s\u00e3o frequentemente vulner\u00e1veis no tr\u00e2nsito.<\/p>\n<p>Estas implementa\u00e7\u00f5es s\u00e3o ben\u00e9ficas para todos os usu\u00e1rios das vias, j\u00e1 que reduzem o risco de acidentes e incentivam modos de transporte alternativos, contribuindo assim para um tr\u00e2nsito mais leve e sustent\u00e1vel.<\/p>\n<h2>Altera\u00e7\u00f5es nas Linhas de \u00d4nibus<\/h2>\n<p>Com as mudan\u00e7as no sentido de tr\u00e1fego e a nova configura\u00e7\u00e3o da via, haver\u00e1 tamb\u00e9m implica\u00e7\u00f5es nas rotas de 12 linhas de \u00f4nibus que operam na \u00e1rea. A ado\u00e7\u00e3o do novo sistema de tr\u00e2nsito obrigar\u00e1 a adapta\u00e7\u00e3o dos itiner\u00e1rios dispon\u00edveis para garantir que o transporte coletivo continue a atender a popula\u00e7\u00e3o de maneira eficaz.<\/p>\n<p>As linhas que ter\u00e3o seus itiner\u00e1rios alterados incluem, mas n\u00e3o se limitam \u00e0s seguintes:<\/p>\n<ul>\n<li>642 &#8211; BENGUI\/MAREX &#8211; CENTRO;<\/li>\n<li>785 &#8211; TENON\u00c9 &#8211; VER-O-PESO;<\/li>\n<li>869 &#8211; TAPAN\u00c3 &#8211; PRES. VARGAS\/CENTEN\u00c1RIO;<\/li>\n<li>906 &#8211; GUAJAR\u00c1 &#8211; VER-O-PESO;<\/li>\n<li>911 &#8211; ICU\u00cd &#8211; VER-O-PESO;<\/li>\n<li>916 &#8211; \u00c1GUAS LINDAS &#8211; VER-O-PESO\/SEN. LEMOS;<\/li>\n<li>917 &#8211; DISTRITO INDUSTRIAL &#8211; VER-O-PESO;<\/li>\n<li>918 &#8211; MARITUBA &#8211; VER-O-PESO\/M\u00c1RIO COUTO;<\/li>\n<li>920 &#8211; CURU\u00c7AMB\u00c1 &#8211; VER-O-PESO;<\/li>\n<li>924 &#8211; DR. ALMIR GABRIEL &#8211; PRES. VARGAS;<\/li>\n<li>964 &#8211; JADERL\u00c2NDIA &#8211; VER-O-PESO;<\/li>\n<li>988-B &#8211; ANANINDEUA &#8211; PRES. VARGAS\/AUR\u00c1.<\/li>\n<\/ul>\n<p>As mudan\u00e7as nos itiner\u00e1rios buscam alinhar o transporte coletivo ao novo tra\u00e7ado vi\u00e1rio, assegurando que a popula\u00e7\u00e3o continue a ter acesso ao transporte de forma eficiente, evitando maiores transtornos durante o per\u00edodo de adapta\u00e7\u00e3o.<\/p>\n<h2>Avenida Pedro \u00c1lvares Cabral na Pr\u00e1tica<\/h2>\n<p>Na pr\u00e1tica, a Avenida Pedro \u00c1lvares Cabral se tornar\u00e1 uma via com tr\u00e2nsito unidirecional entre as avenidas Arthur Bernardes e Visconde de Souza Franco. Essa adapta\u00e7\u00e3o servir\u00e1 para regular a circula\u00e7\u00e3o dos ve\u00edculos, permitindo um tr\u00e1fego mais ordenado e reduzindo o tempo que os motoristas levam para percorrer a regi\u00e3o.<\/p>\n<p>A mudan\u00e7a implementada \u00e9 parte de um esfor\u00e7o cont\u00ednuo da administra\u00e7\u00e3o p\u00fablica para melhorar a infraestrutura urbana e a qualidade de vida dos cidad\u00e3os, garantindo maior conforto e seguran\u00e7a a todos os usu\u00e1rios.<\/p>\n<h2>Vis\u00e3o Geral da Nova Sinaliza\u00e7\u00e3o<\/h2>\n<p>Com as alterar\u00e7\u00f5es no tr\u00e1fego, a Prefeitura tamb\u00e9m est\u00e1 introduzindo uma nova sinaliza\u00e7\u00e3o em toda a regi\u00e3o. Placas de tr\u00e2nsito, linhas de demarca\u00e7\u00e3o e indica\u00e7\u00f5es claras est\u00e3o sendo instaladas para assegurar que motoristas e pedestres compreendam as novas regras de circula\u00e7\u00e3o e se adaptem rapidamente.<\/p>\n<p>A nova sinaliza\u00e7\u00e3o incluir\u00e1 direcionamentos visuais que ajudar\u00e3o a evitar confus\u00f5es e reduzir\u00e3o os acidentes. O investimento em sinaliza\u00e7\u00e3o \u00e9 um componente vital para o sucesso das mudan\u00e7as de tr\u00e1fego, pois facilita a transi\u00e7\u00e3o para o novo sistema.<\/p>\n<h2>Desafios da Implementa\u00e7\u00e3o<\/h2>\n<p>Embora as mudan\u00e7as na Avenida Pedro \u00c1lvares Cabral sejam esperadas para trazer benef\u00edcios significativos, a implementa\u00e7\u00e3o tamb\u00e9m apresenta desafios. O per\u00edodo inicial pode ser confuso para motoristas que n\u00e3o est\u00e3o acostumados com o novo fluxo de tr\u00e2nsito, resultando em um potencial aumento de acidentes.<\/p>\n<p>A comunica\u00e7\u00e3o clara e a disponibiliza\u00e7\u00e3o de informa\u00e7\u00f5es sobre as novas regras de tr\u00e1fego s\u00e3o essenciais para minimizar os problemas durante essa fase de transi\u00e7\u00e3o. Al\u00e9m disso, a coopera\u00e7\u00e3o da popula\u00e7\u00e3o e a compreens\u00e3o das mudan\u00e7as s\u00e3o fundamentais para o sucesso da iniciativa.<\/p>\n<h2>O que Esperar Ap\u00f3s as Mudan\u00e7as<\/h2>\n<p>Ap\u00f3s a implementa\u00e7\u00e3o das mudan\u00e7as, espera-se que o fluxo de tr\u00e1fego na Avenida Pedro \u00c1lvares Cabral melhore significativamente. Motoristas poder\u00e3o se beneficiar de uma experi\u00eancia de dire\u00e7\u00e3o mais tranquila e eficiente, o que, a longo prazo, poder\u00e1 reduzir os n\u00edveis de estresse e a polui\u00e7\u00e3o na cidade.<\/p>\n<p>O novo sistema vi\u00e1rio, que inclui o sentido \u00fanico da Avenida Pedro \u00c1lvares Cabral, est\u00e1 posicionado para transformar a forma como os cidad\u00e3os se movem atrav\u00e9s de Bel\u00e9m, contribuindo para uma cidade mais organizada e com melhor mobilidade urbana.<\/p>\n<p>Assim, ao adotar pr\u00e1ticas de transporte mais sustent\u00e1veis e seguras, Bel\u00e9m d\u00e1 um passo significativo rumo a um futuro mais consciente e eficiente em termos de mobilidade urbana.<\/p>\n\n<div style=\"font-size: 0px; height: 0px; line-height: 0px; margin: 0; padding: 0; clear: both;\"><\/div>","protected":false},"excerpt":{"rendered":"<p>A Avenida Pedro \u00c1lvares Cabral agora tem sentido \u00fanico; descubra as mudan\u00e7as.<\/p>\n","protected":false},"author":1,"featured_media":2434,"comment_status":"open","ping_status":"closed","sticky":false,"template":"","format":"standard","meta":{"footnotes":""},"categories":[1],"tags":[],"class_list":["post-2435","post","type-post","status-publish","format-standard","has-post-thumbnail","hentry","category-noticias-em-belem","has_thumb"],"aioseo_notices":[],"aioseo_head":"\n\t\t<!-- All in One SEO 5.0.0.1 - aioseo.com -->\n\t<meta name=\"description\" content=\"A Avenida Pedro \u00c1lvares Cabral agora tem sentido \u00fanico; descubra as mudan\u00e7as.\" \/>\n\t<meta name=\"robots\" content=\"max-image-preview:large\" \/>\n\t<meta name=\"author\" content=\"Encontra Bel\u00e9m\"\/>\n\t<link rel=\"canonical\" href=\"https:\/\/www.encontrabelem.com.br\/sobre\/avenida-pedro-alvares-cabral-passa-a-ter-sentido-unico-em-belem-veja-o-que-muda\" \/>\n\t<meta name=\"generator\" content=\"All in One SEO (AIOSEO) 5.0.0.1\" \/>\n\t\t<meta property=\"og:locale\" content=\"pt_BR\" \/>\n\t\t<meta property=\"og:site_name\" content=\"Encontra Bel\u00e9m | Not\u00edcias, eventos, informa\u00e7\u00f5es e dicas na cidade Bel\u00e9m e regi\u00e3o.\" \/>\n\t\t<meta property=\"og:type\" content=\"article\" \/>\n\t\t<meta property=\"og:title\" content=\"Avenida Pedro \u00c1lvares Cabral passa a ter sentido \u00fanico em Bel\u00e9m; veja o que muda | Encontra Bel\u00e9m\" \/>\n\t\t<meta property=\"og:description\" content=\"A Avenida Pedro \u00c1lvares Cabral agora tem sentido \u00fanico; descubra as mudan\u00e7as.\" \/>\n\t\t<meta property=\"og:url\" content=\"https:\/\/www.encontrabelem.com.br\/sobre\/avenida-pedro-alvares-cabral-passa-a-ter-sentido-unico-em-belem-veja-o-que-muda\" \/>\n\t\t<meta property=\"article:published_time\" content=\"2026-09-05T06:29:41+00:00\" \/>\n\t\t<meta property=\"article:modified_time\" content=\"2026-09-05T06:29:41+00:00\" \/>\n\t\t<meta name=\"twitter:card\" content=\"summary\" \/>\n\t\t<meta name=\"twitter:title\" content=\"Avenida Pedro \u00c1lvares Cabral passa a ter sentido \u00fanico em Bel\u00e9m; veja o que muda | Encontra Bel\u00e9m\" \/>\n\t\t<meta name=\"twitter:description\" content=\"A Avenida Pedro \u00c1lvares Cabral agora tem sentido \u00fanico; descubra as mudan\u00e7as.\" \/>\n\t\t<script type=\"application\/ld+json\" class=\"aioseo-schema\">\n\t\t\t{\"@context\":\"https:\\\/\\\/schema.org\",\"@graph\":[{\"@type\":\"Article\",\"@id\":\"https:\\\/\\\/www.encontrabelem.com.br\\\/sobre\\\/avenida-pedro-alvares-cabral-passa-a-ter-sentido-unico-em-belem-veja-o-que-muda#article\",\"name\":\"Avenida Pedro \\u00c1lvares Cabral passa a ter sentido \\u00fanico em Bel\\u00e9m; veja o que muda | Encontra Bel\\u00e9m\",\"headline\":\"Avenida Pedro \\u00c1lvares Cabral passa a ter sentido \\u00fanico em Bel\\u00e9m; veja o que muda\",\"author\":{\"@id\":\"https:\\\/\\\/www.encontrabelem.com.br\\\/sobre\\\/author\\\/ebelem#author\"},\"publisher\":{\"@id\":\"https:\\\/\\\/www.encontrabelem.com.br\\\/sobre\\\/#organization\"},\"image\":{\"@type\":\"ImageObject\",\"url\":\"https:\\\/\\\/www.encontrabelem.com.br\\\/sobre\\\/wp-content\\\/uploads\\\/2026\\\/09\\\/avenida-pedro-alvares-cabral-passa-a-ter-sentido-unico-em-belem-veja-o-que-muda.webp\",\"width\":280,\"height\":280,\"caption\":\"Avenida Pedro \\u00c1lvares Cabral\"},\"datePublished\":\"2026-09-05T03:29:41-03:00\",\"dateModified\":\"2026-09-05T03:29:41-03:00\",\"inLanguage\":\"pt-BR\",\"mainEntityOfPage\":{\"@id\":\"https:\\\/\\\/www.encontrabelem.com.br\\\/sobre\\\/avenida-pedro-alvares-cabral-passa-a-ter-sentido-unico-em-belem-veja-o-que-muda#webpage\"},\"isPartOf\":{\"@id\":\"https:\\\/\\\/www.encontrabelem.com.br\\\/sobre\\\/avenida-pedro-alvares-cabral-passa-a-ter-sentido-unico-em-belem-veja-o-que-muda#webpage\"},\"articleSection\":\"Not\\u00edcias Bel\\u00e9m\"},{\"@type\":\"BreadcrumbList\",\"@id\":\"https:\\\/\\\/www.encontrabelem.com.br\\\/sobre\\\/avenida-pedro-alvares-cabral-passa-a-ter-sentido-unico-em-belem-veja-o-que-muda#breadcrumblist\",\"itemListElement\":[{\"@type\":\"ListItem\",\"@id\":\"https:\\\/\\\/www.encontrabelem.com.br\\\/sobre#listItem\",\"position\":1,\"name\":\"In\\u00edcio\",\"item\":\"https:\\\/\\\/www.encontrabelem.com.br\\\/sobre\",\"nextItem\":{\"@type\":\"ListItem\",\"@id\":\"https:\\\/\\\/www.encontrabelem.com.br\\\/sobre\\\/noticias-em-belem#listItem\",\"name\":\"Not\\u00edcias Bel\\u00e9m\"}},{\"@type\":\"ListItem\",\"@id\":\"https:\\\/\\\/www.encontrabelem.com.br\\\/sobre\\\/noticias-em-belem#listItem\",\"position\":2,\"name\":\"Not\\u00edcias Bel\\u00e9m\",\"item\":\"https:\\\/\\\/www.encontrabelem.com.br\\\/sobre\\\/noticias-em-belem\",\"nextItem\":{\"@type\":\"ListItem\",\"@id\":\"https:\\\/\\\/www.encontrabelem.com.br\\\/sobre\\\/avenida-pedro-alvares-cabral-passa-a-ter-sentido-unico-em-belem-veja-o-que-muda#listItem\",\"name\":\"Avenida Pedro \\u00c1lvares Cabral passa a ter sentido \\u00fanico em Bel\\u00e9m; veja o que muda\"},\"previousItem\":{\"@type\":\"ListItem\",\"@id\":\"https:\\\/\\\/www.encontrabelem.com.br\\\/sobre#listItem\",\"name\":\"In\\u00edcio\"}},{\"@type\":\"ListItem\",\"@id\":\"https:\\\/\\\/www.encontrabelem.com.br\\\/sobre\\\/avenida-pedro-alvares-cabral-passa-a-ter-sentido-unico-em-belem-veja-o-que-muda#listItem\",\"position\":3,\"name\":\"Avenida Pedro \\u00c1lvares Cabral passa a ter sentido \\u00fanico em Bel\\u00e9m; veja o que muda\",\"previousItem\":{\"@type\":\"ListItem\",\"@id\":\"https:\\\/\\\/www.encontrabelem.com.br\\\/sobre\\\/noticias-em-belem#listItem\",\"name\":\"Not\\u00edcias Bel\\u00e9m\"}}]},{\"@type\":\"Organization\",\"@id\":\"https:\\\/\\\/www.encontrabelem.com.br\\\/sobre\\\/#organization\",\"name\":\"Encontra Bel\\u00e9m\",\"description\":\"Not\\u00edcias, eventos, informa\\u00e7\\u00f5es e dicas na cidade Bel\\u00e9m e regi\\u00e3o.\",\"url\":\"https:\\\/\\\/www.encontrabelem.com.br\\\/sobre\\\/\"},{\"@type\":\"Person\",\"@id\":\"https:\\\/\\\/www.encontrabelem.com.br\\\/sobre\\\/author\\\/ebelem#author\",\"url\":\"https:\\\/\\\/www.encontrabelem.com.br\\\/sobre\\\/author\\\/ebelem\",\"name\":\"Encontra Bel\\u00e9m\",\"image\":{\"@type\":\"ImageObject\",\"@id\":\"https:\\\/\\\/www.encontrabelem.com.br\\\/sobre\\\/avenida-pedro-alvares-cabral-passa-a-ter-sentido-unico-em-belem-veja-o-que-muda#authorImage\",\"url\":\"https:\\\/\\\/secure.gravatar.com\\\/avatar\\\/507340682b8270222e1f208e23198b6ae7e2c6a1033ae84e99bc6bce4f82a387?s=96&d=mm&r=g\",\"width\":96,\"height\":96,\"caption\":\"Encontra Bel\\u00e9m\"}},{\"@type\":\"WebPage\",\"@id\":\"https:\\\/\\\/www.encontrabelem.com.br\\\/sobre\\\/avenida-pedro-alvares-cabral-passa-a-ter-sentido-unico-em-belem-veja-o-que-muda#webpage\",\"url\":\"https:\\\/\\\/www.encontrabelem.com.br\\\/sobre\\\/avenida-pedro-alvares-cabral-passa-a-ter-sentido-unico-em-belem-veja-o-que-muda\",\"name\":\"Avenida Pedro \\u00c1lvares Cabral passa a ter sentido \\u00fanico em Bel\\u00e9m; veja o que muda | Encontra Bel\\u00e9m\",\"description\":\"A Avenida Pedro \\u00c1lvares Cabral agora tem sentido \\u00fanico; descubra as mudan\\u00e7as.\",\"inLanguage\":\"pt-BR\",\"isPartOf\":{\"@id\":\"https:\\\/\\\/www.encontrabelem.com.br\\\/sobre\\\/#website\"},\"breadcrumb\":{\"@id\":\"https:\\\/\\\/www.encontrabelem.com.br\\\/sobre\\\/avenida-pedro-alvares-cabral-passa-a-ter-sentido-unico-em-belem-veja-o-que-muda#breadcrumblist\"},\"author\":{\"@id\":\"https:\\\/\\\/www.encontrabelem.com.br\\\/sobre\\\/author\\\/ebelem#author\"},\"creator\":{\"@id\":\"https:\\\/\\\/www.encontrabelem.com.br\\\/sobre\\\/author\\\/ebelem#author\"},\"image\":{\"@type\":\"ImageObject\",\"url\":\"https:\\\/\\\/www.encontrabelem.com.br\\\/sobre\\\/wp-content\\\/uploads\\\/2026\\\/09\\\/avenida-pedro-alvares-cabral-passa-a-ter-sentido-unico-em-belem-veja-o-que-muda.webp\",\"@id\":\"https:\\\/\\\/www.encontrabelem.com.br\\\/sobre\\\/avenida-pedro-alvares-cabral-passa-a-ter-sentido-unico-em-belem-veja-o-que-muda\\\/#mainImage\",\"width\":280,\"height\":280,\"caption\":\"Avenida Pedro \\u00c1lvares Cabral\"},\"primaryImageOfPage\":{\"@id\":\"https:\\\/\\\/www.encontrabelem.com.br\\\/sobre\\\/avenida-pedro-alvares-cabral-passa-a-ter-sentido-unico-em-belem-veja-o-que-muda#mainImage\"},\"datePublished\":\"2026-09-05T03:29:41-03:00\",\"dateModified\":\"2026-09-05T03:29:41-03:00\"},{\"@type\":\"WebSite\",\"@id\":\"https:\\\/\\\/www.encontrabelem.com.br\\\/sobre\\\/#website\",\"url\":\"https:\\\/\\\/www.encontrabelem.com.br\\\/sobre\\\/\",\"name\":\"Encontra Bel\\u00e9m\",\"description\":\"Not\\u00edcias, eventos, informa\\u00e7\\u00f5es e dicas na cidade Bel\\u00e9m e regi\\u00e3o.\",\"inLanguage\":\"pt-BR\",\"publisher\":{\"@id\":\"https:\\\/\\\/www.encontrabelem.com.br\\\/sobre\\\/#organization\"}}]}\n\t\t<\/script>\n\t\t<!-- All in One SEO -->\n\n","aioseo_head_json":{"title":"Avenida Pedro \u00c1lvares Cabral passa a ter sentido \u00fanico em Bel\u00e9m; veja o que muda | Encontra Bel\u00e9m","description":"A Avenida Pedro \u00c1lvares Cabral agora tem sentido \u00fanico; descubra as mudan\u00e7as.","canonical_url":"https:\/\/www.encontrabelem.com.br\/sobre\/avenida-pedro-alvares-cabral-passa-a-ter-sentido-unico-em-belem-veja-o-que-muda","robots":"max-image-preview:large","keywords":"","webmasterTools":{"miscellaneous":""},"schema":{"@context":"https:\/\/schema.org","@graph":[{"@type":"Article","@id":"https:\/\/www.encontrabelem.com.br\/sobre\/avenida-pedro-alvares-cabral-passa-a-ter-sentido-unico-em-belem-veja-o-que-muda#article","name":"Avenida Pedro \u00c1lvares Cabral passa a ter sentido \u00fanico em Bel\u00e9m; veja o que muda | Encontra Bel\u00e9m","headline":"Avenida Pedro \u00c1lvares Cabral passa a ter sentido \u00fanico em Bel\u00e9m; veja o que muda","author":{"@id":"https:\/\/www.encontrabelem.com.br\/sobre\/author\/ebelem#author"},"publisher":{"@id":"https:\/\/www.encontrabelem.com.br\/sobre\/#organization"},"image":{"@type":"ImageObject","url":"https:\/\/www.encontrabelem.com.br\/sobre\/wp-content\/uploads\/2026\/09\/avenida-pedro-alvares-cabral-passa-a-ter-sentido-unico-em-belem-veja-o-que-muda.webp","width":280,"height":280,"caption":"Avenida Pedro \u00c1lvares Cabral"},"datePublished":"2026-09-05T03:29:41-03:00","dateModified":"2026-09-05T03:29:41-03:00","inLanguage":"pt-BR","mainEntityOfPage":{"@id":"https:\/\/www.encontrabelem.com.br\/sobre\/avenida-pedro-alvares-cabral-passa-a-ter-sentido-unico-em-belem-veja-o-que-muda#webpage"},"isPartOf":{"@id":"https:\/\/www.encontrabelem.com.br\/sobre\/avenida-pedro-alvares-cabral-passa-a-ter-sentido-unico-em-belem-veja-o-que-muda#webpage"},"articleSection":"Not\u00edcias Bel\u00e9m"},{"@type":"BreadcrumbList","@id":"https:\/\/www.encontrabelem.com.br\/sobre\/avenida-pedro-alvares-cabral-passa-a-ter-sentido-unico-em-belem-veja-o-que-muda#breadcrumblist","itemListElement":[{"@type":"ListItem","@id":"https:\/\/www.encontrabelem.com.br\/sobre#listItem","position":1,"name":"In\u00edcio","item":"https:\/\/www.encontrabelem.com.br\/sobre","nextItem":{"@type":"ListItem","@id":"https:\/\/www.encontrabelem.com.br\/sobre\/noticias-em-belem#listItem","name":"Not\u00edcias Bel\u00e9m"}},{"@type":"ListItem","@id":"https:\/\/www.encontrabelem.com.br\/sobre\/noticias-em-belem#listItem","position":2,"name":"Not\u00edcias Bel\u00e9m","item":"https:\/\/www.encontrabelem.com.br\/sobre\/noticias-em-belem","nextItem":{"@type":"ListItem","@id":"https:\/\/www.encontrabelem.com.br\/sobre\/avenida-pedro-alvares-cabral-passa-a-ter-sentido-unico-em-belem-veja-o-que-muda#listItem","name":"Avenida Pedro \u00c1lvares Cabral passa a ter sentido \u00fanico em Bel\u00e9m; veja o que muda"},"previousItem":{"@type":"ListItem","@id":"https:\/\/www.encontrabelem.com.br\/sobre#listItem","name":"In\u00edcio"}},{"@type":"ListItem","@id":"https:\/\/www.encontrabelem.com.br\/sobre\/avenida-pedro-alvares-cabral-passa-a-ter-sentido-unico-em-belem-veja-o-que-muda#listItem","position":3,"name":"Avenida Pedro \u00c1lvares Cabral passa a ter sentido \u00fanico em Bel\u00e9m; veja o que muda","previousItem":{"@type":"ListItem","@id":"https:\/\/www.encontrabelem.com.br\/sobre\/noticias-em-belem#listItem","name":"Not\u00edcias Bel\u00e9m"}}]},{"@type":"Organization","@id":"https:\/\/www.encontrabelem.com.br\/sobre\/#organization","name":"Encontra Bel\u00e9m","description":"Not\u00edcias, eventos, informa\u00e7\u00f5es e dicas na cidade Bel\u00e9m e regi\u00e3o.","url":"https:\/\/www.encontrabelem.com.br\/sobre\/"},{"@type":"Person","@id":"https:\/\/www.encontrabelem.com.br\/sobre\/author\/ebelem#author","url":"https:\/\/www.encontrabelem.com.br\/sobre\/author\/ebelem","name":"Encontra Bel\u00e9m","image":{"@type":"ImageObject","@id":"https:\/\/www.encontrabelem.com.br\/sobre\/avenida-pedro-alvares-cabral-passa-a-ter-sentido-unico-em-belem-veja-o-que-muda#authorImage","url":"https:\/\/secure.gravatar.com\/avatar\/507340682b8270222e1f208e23198b6ae7e2c6a1033ae84e99bc6bce4f82a387?s=96&d=mm&r=g","width":96,"height":96,"caption":"Encontra Bel\u00e9m"}},{"@type":"WebPage","@id":"https:\/\/www.encontrabelem.com.br\/sobre\/avenida-pedro-alvares-cabral-passa-a-ter-sentido-unico-em-belem-veja-o-que-muda#webpage","url":"https:\/\/www.encontrabelem.com.br\/sobre\/avenida-pedro-alvares-cabral-passa-a-ter-sentido-unico-em-belem-veja-o-que-muda","name":"Avenida Pedro \u00c1lvares Cabral passa a ter sentido \u00fanico em Bel\u00e9m; veja o que muda | Encontra Bel\u00e9m","description":"A Avenida Pedro \u00c1lvares Cabral agora tem sentido \u00fanico; descubra as mudan\u00e7as.","inLanguage":"pt-BR","isPartOf":{"@id":"https:\/\/www.encontrabelem.com.br\/sobre\/#website"},"breadcrumb":{"@id":"https:\/\/www.encontrabelem.com.br\/sobre\/avenida-pedro-alvares-cabral-passa-a-ter-sentido-unico-em-belem-veja-o-que-muda#breadcrumblist"},"author":{"@id":"https:\/\/www.encontrabelem.com.br\/sobre\/author\/ebelem#author"},"creator":{"@id":"https:\/\/www.encontrabelem.com.br\/sobre\/author\/ebelem#author"},"image":{"@type":"ImageObject","url":"https:\/\/www.encontrabelem.com.br\/sobre\/wp-content\/uploads\/2026\/09\/avenida-pedro-alvares-cabral-passa-a-ter-sentido-unico-em-belem-veja-o-que-muda.webp","@id":"https:\/\/www.encontrabelem.com.br\/sobre\/avenida-pedro-alvares-cabral-passa-a-ter-sentido-unico-em-belem-veja-o-que-muda\/#mainImage","width":280,"height":280,"caption":"Avenida Pedro \u00c1lvares Cabral"},"primaryImageOfPage":{"@id":"https:\/\/www.encontrabelem.com.br\/sobre\/avenida-pedro-alvares-cabral-passa-a-ter-sentido-unico-em-belem-veja-o-que-muda#mainImage"},"datePublished":"2026-09-05T03:29:41-03:00","dateModified":"2026-09-05T03:29:41-03:00"},{"@type":"WebSite","@id":"https:\/\/www.encontrabelem.com.br\/sobre\/#website","url":"https:\/\/www.encontrabelem.com.br\/sobre\/","name":"Encontra Bel\u00e9m","description":"Not\u00edcias, eventos, informa\u00e7\u00f5es e dicas na cidade Bel\u00e9m e regi\u00e3o.","inLanguage":"pt-BR","publisher":{"@id":"https:\/\/www.encontrabelem.com.br\/sobre\/#organization"}}]},"og:locale":"pt_BR","og:site_name":"Encontra Bel\u00e9m | Not\u00edcias, eventos, informa\u00e7\u00f5es e dicas na cidade Bel\u00e9m e regi\u00e3o.","og:type":"article","og:title":"Avenida Pedro \u00c1lvares Cabral passa a ter sentido \u00fanico em Bel\u00e9m; veja o que muda | Encontra Bel\u00e9m","og:description":"A Avenida Pedro \u00c1lvares Cabral agora tem sentido \u00fanico; descubra as mudan\u00e7as.","og:url":"https:\/\/www.encontrabelem.com.br\/sobre\/avenida-pedro-alvares-cabral-passa-a-ter-sentido-unico-em-belem-veja-o-que-muda","article:published_time":"2026-09-05T06:29:41+00:00","article:modified_time":"2026-09-05T06:29:41+00:00","twitter:card":"summary","twitter:title":"Avenida Pedro \u00c1lvares Cabral passa a ter sentido \u00fanico em Bel\u00e9m; veja o que muda | Encontra Bel\u00e9m","twitter:description":"A Avenida Pedro \u00c1lvares Cabral agora tem sentido \u00fanico; descubra as mudan\u00e7as."},"aioseo_meta_data":{"post_id":"2435","title":null,"description":null,"keywords":null,"keyphrases":null,"primary_term":null,"canonical_url":null,"og_title":null,"og_description":null,"og_object_type":"default","og_image_type":"default","og_image_url":null,"og_image_width":null,"og_image_height":null,"og_image_custom_url":null,"og_image_custom_fields":null,"og_video":null,"og_custom_url":null,"og_article_section":null,"og_article_tags":null,"twitter_use_og":false,"twitter_card":"default","twitter_image_type":"default","twitter_image_url":null,"twitter_image_custom_url":null,"twitter_image_custom_fields":null,"twitter_title":null,"twitter_description":null,"schema":{"blockGraphs":[],"customGraphs":[],"default":{"data":{"Article":[],"Course":[],"Dataset":[],"FAQPage":[],"Movie":[],"Person":[],"Product":[],"ProductReview":[],"Car":[],"Recipe":[],"Service":[],"SoftwareApplication":[],"WebPage":[]},"graphName":"Article","isEnabled":true},"graphs":[]},"schema_type":"default","schema_type_options":null,"pillar_content":false,"robots_default":true,"robots_noindex":false,"robots_noarchive":false,"robots_nosnippet":false,"robots_nofollow":false,"robots_noimageindex":false,"robots_noodp":false,"robots_notranslate":false,"robots_max_snippet":null,"robots_max_videopreview":null,"robots_max_imagepreview":"large","priority":null,"frequency":null,"local_seo":null,"breadcrumb_settings":null,"limit_modified_date":false,"ai":null,"created":"2026-09-05 06:29:41","updated":"2026-09-05 06:29:41","focus_keyword":null,"additional_keywords":null,"truseo_locale":null,"seo_analyzer_scan_date":null},"aioseo_breadcrumb":"<div class=\"aioseo-breadcrumbs\"><span class=\"aioseo-breadcrumb\">\n\t\t\t<a href=\"https:\/\/www.encontrabelem.com.br\/sobre\" title=\"In\u00edcio\">In\u00edcio<\/a>\n\t\t<\/span><span class=\"aioseo-breadcrumb-separator\">&raquo;<\/span><span class=\"aioseo-breadcrumb\">\n\t\t\t<a href=\"https:\/\/www.encontrabelem.com.br\/sobre\/noticias-em-belem\" title=\"Not\u00edcias Bel\u00e9m\">Not\u00edcias Bel\u00e9m<\/a>\n\t\t<\/span><span class=\"aioseo-breadcrumb-separator\">&raquo;<\/span><span class=\"aioseo-breadcrumb\">\n\t\t\tAvenida Pedro \u00c1lvares Cabral passa a ter sentido \u00fanico em Bel\u00e9m; veja o que muda\n\t\t<\/span><\/div>","aioseo_breadcrumb_json":[{"label":"In\u00edcio","link":"https:\/\/www.encontrabelem.com.br\/sobre"},{"label":"Not\u00edcias Bel\u00e9m","link":"https:\/\/www.encontrabelem.com.br\/sobre\/noticias-em-belem"},{"label":"Avenida Pedro \u00c1lvares Cabral passa a ter sentido \u00fanico em Bel\u00e9m; veja o que muda","link":"https:\/\/www.encontrabelem.com.br\/sobre\/avenida-pedro-alvares-cabral-passa-a-ter-sentido-unico-em-belem-veja-o-que-muda"}],"_links":{"self":[{"href":"https:\/\/www.encontrabelem.com.br\/sobre\/wp-json\/wp\/v2\/posts\/2435","targetHints":{"allow":["GET"]}}],"collection":[{"href":"https:\/\/www.encontrabelem.com.br\/sobre\/wp-json\/wp\/v2\/posts"}],"about":[{"href":"https:\/\/www.encontrabelem.com.br\/sobre\/wp-json\/wp\/v2\/types\/post"}],"author":[{"embeddable":true,"href":"https:\/\/www.encontrabelem.com.br\/sobre\/wp-json\/wp\/v2\/users\/1"}],"replies":[{"embeddable":true,"href":"https:\/\/www.encontrabelem.com.br\/sobre\/wp-json\/wp\/v2\/comments?post=2435"}],"version-history":[{"count":0,"href":"https:\/\/www.encontrabelem.com.br\/sobre\/wp-json\/wp\/v2\/posts\/2435\/revisions"}],"wp:featuredmedia":[{"embeddable":true,"href":"https:\/\/www.encontrabelem.com.br\/sobre\/wp-json\/wp\/v2\/media\/2434"}],"wp:attachment":[{"href":"https:\/\/www.encontrabelem.com.br\/sobre\/wp-json\/wp\/v2\/media?parent=2435"}],"wp:term":[{"taxonomy":"category","embeddable":true,"href":"https:\/\/www.encontrabelem.com.br\/sobre\/wp-json\/wp\/v2\/categories?post=2435"},{"taxonomy":"post_tag","embeddable":true,"href":"https:\/\/www.encontrabelem.com.br\/sobre\/wp-json\/wp\/v2\/tags?post=2435"}],"curies":[{"name":"wp","href":"https:\/\/api.w.org\/{rel}","templated":true}]}}