{"id":2433,"date":"2026-09-05T03:28:31","date_gmt":"2026-09-05T06:28:31","guid":{"rendered":"https:\/\/www.encontrabelem.com.br\/sobre\/conarci-2026-27-a-29-agosto"},"modified":"2026-09-05T03:28:31","modified_gmt":"2026-09-05T06:28:31","slug":"conarci-2026-27-a-29-agosto","status":"publish","type":"post","link":"https:\/\/www.encontrabelem.com.br\/sobre\/conarci-2026-27-a-29-agosto","title":{"rendered":"CONARCI 2026 27 a 29\/Agosto"},"content":{"rendered":"<div class=\"b22802487b0d38c4c6d9f34966e16421\" data-index=\"1\" style=\"float: none; margin:0px;\">\n<!-- Anuncio display - global -->\r\n<ins class=\"adsbygoogle\"\r\n     style=\"display:block\"\r\n     data-ad-client=\"ca-pub-8585364105181520\"\r\n     data-ad-slot=\"8789329856\"\r\n     data-ad-format=\"auto\"\r\n     data-full-width-responsive=\"true\"><\/ins>\r\n<script>\r\n     (adsbygoogle = window.adsbygoogle || []).push({});\r\n<\/script>\n<\/div>\n<h2>O que esperar do CONARCI 2026<\/h2>\n<p>O <strong>CONARCI 2026<\/strong>, a Confer\u00eancia Nacional de Registro Civil, ocorrer\u00e1 de <strong>27 a 29 de agosto de 2026<\/strong> em <strong>Bel\u00e9m, PA<\/strong>. Este evento promete ser uma grande oportunidade para profissionais da \u00e1rea de registro civil, oferecendo discuss\u00f5es sobre inova\u00e7\u00f5es, legisla\u00e7\u00e3o e pr\u00e1ticas recomendadas. Os participantes ter\u00e3o a chance de se atualizar sobre as \u00faltimas tend\u00eancias e desafios enfrentados no setor.<\/p>\n<h2>Principais palestrantes do evento<\/h2>\n<p>A programa\u00e7\u00e3o contar\u00e1 com renomados palestrantes, especialistas e l\u00edderes do setor, que compartilhar\u00e3o suas experi\u00eancias e conhecimentos sobre o registro civil. Essa \u00e9 uma excelente chance para aprender com os melhores e buscar inspira\u00e7\u00e3o para melhorias nas pr\u00e1ticas di\u00e1rias.<\/p>\n<h2>Atividades programadas para os participantes<\/h2>\n<p>Os participantes do CONARCI 2026 poder\u00e3o participar de uma variedade de atividades, incluindo:<\/p>\n<p><img decoding=\"async\" src=\"https:\/\/www.encontrabelem.com.br\/sobre\/wp-content\/uploads\/2026\/09\/conarci-2026-27-a-29-agosto.webp\" alt=\"CONARCI 2026\" loading=\"lazy\" \/><\/p>\n<ul>\n<li><strong>Palestras:<\/strong> Apresenta\u00e7\u00f5es sobre temas relevantes do mundo do registro civil.<\/li>\n<li><strong>Workshops:<\/strong> Sess\u00f5es pr\u00e1ticas que permitir\u00e3o aos participantes desenvolver habilidades e conhecimentos espec\u00edficos.<\/li>\n<li><strong>Networking:<\/strong> Oportunidades para fazer contatos e trocar experi\u00eancias com outros profissionais da \u00e1rea.<\/li>\n<li><strong>Exposi\u00e7\u00f5es:<\/strong> Espa\u00e7os dedicados a exibir as \u00faltimas inova\u00e7\u00f5es e produtos dispon\u00edveis no mercado.<\/li>\n<\/ul>\n<h2>Como se inscrever no CONARCI 2026<\/h2>\n<p>A inscri\u00e7\u00e3o para o CONARCI 2026 \u00e9 simples e pode ser feita atrav\u00e9s do site oficial do evento. \u00c9 importante ficar atento \u00e0s datas e prazos de inscri\u00e7\u00e3o, al\u00e9m de aproveitar as oportunidades de descontos para grupos ou early birds.<\/p>\n<h2>Vantagens de participar do evento<\/h2>\n<p>Participar do CONARCI 2026 trar\u00e1 v\u00e1rias vantagens, tais como:<\/p>\n<ul>\n<li><strong>Atualiza\u00e7\u00e3o profissional:<\/strong> Conhecimento sobre as novidades legais e pr\u00e1ticas do setor.<\/li>\n<li><strong>Networking:<\/strong> Conex\u00f5es valiosas que podem levar a colabora\u00e7\u00f5es futuras.<\/li>\n<li><strong>Aprendizado:<\/strong> Workshops e palestras que promovem o desenvolvimento profissional.<\/li>\n<li><strong>Vis\u00e3o abrangente:<\/strong> Um panorama completo sobre os desafios e oportunidades do registro civil no Brasil.<\/li>\n<\/ul>\n<h2>O que acontece em Bel\u00e9m durante o evento<\/h2>\n<p>Bel\u00e9m, a capital do estado do Par\u00e1, oferece uma rica cultura e gastronomia, tornando-se um destino atraente para os participantes do CONARCI 2026. Durante o evento, os participantes poder\u00e3o explorar as tradi\u00e7\u00f5es locais, experimentar a culin\u00e1ria amaz\u00f4nica e visitar pontos tur\u00edsticos, como o Mercado Ver-o-Peso e a religi\u00e3o, que refletem a hist\u00f3ria da regi\u00e3o.<\/p>\n<h2>Impacto do CONARCI na ind\u00fastria<\/h2>\n<p>O CONARCI \u00e9 uma plataforma que pode impactar significativamente a ind\u00fastria de registros civis no Brasil. Por meio de discuss\u00f5es e workshops, os participantes ter\u00e3o a oportunidade de implementar melhores pr\u00e1ticas e promover mudan\u00e7as que beneficiam o setor como um todo. A troca de ideias e experi\u00eancias pode ajudar a resolver problemas comuns enfrentados por profissionais da \u00e1rea.<\/p>\n<h2>Experi\u00eancias de participantes anteriores<\/h2>\n<p>Os participantes de edi\u00e7\u00f5es anteriores do CONARCI destacaram a relev\u00e2ncia do evento para suas carreiras. Muitos apontaram que as palestras e workshops os ajudaram a aplicar novas estrat\u00e9gias em suas atividades di\u00e1rias e que o networking proporcionou a forma\u00e7\u00e3o de parcerias valiosas. A troca de conhecimentos e experi\u00eancias \u00e9 um dos principais atrativos do encontro.<\/p>\n<h2>Dicas para aproveitar ao m\u00e1ximo o CONARCI<\/h2>\n<p>Para garantir que voc\u00ea tire o m\u00e1ximo proveito do CONARCI 2026, considere as seguintes dicas:<\/p>\n<ul>\n<li><strong>Planeje sua agenda:<\/strong> Escolha as palestras e workshops que mais lhe interessam com anteced\u00eancia.<\/li>\n<li><strong>Esteja aberto a novas ideias:<\/strong> Participar de debates e discuss\u00f5es enriquecer\u00e1 sua experi\u00eancia.<\/li>\n<li><strong>Fa\u00e7a networking:<\/strong> Aproveite para conhecer outros profissionais e compartilhar experi\u00eancias.<\/li>\n<li><strong>Leve materiais:<\/strong> Anote informa\u00e7\u00f5es importantes para revisitar posteriormente.<\/li>\n<\/ul>\n<h2>Perspectivas futuras ap\u00f3s o evento<\/h2>\n<p>Ap\u00f3s o CONARCI 2026, os participantes estar\u00e3o mais preparados para enfrentar os desafios do registro civil. As informa\u00e7\u00f5es adquiridas e as conex\u00f5es feitas durante o evento t\u00eam o potencial de impulsionar inova\u00e7\u00f5es e efici\u00eancia nas pr\u00e1ticas registr\u00e1rias. Al\u00e9m disso, o evento estabelece um espa\u00e7o de discuss\u00e3o cont\u00ednua que pode fomentar avan\u00e7os no setor.<\/p>\n\n<div style=\"font-size: 0px; height: 0px; line-height: 0px; margin: 0; padding: 0; clear: both;\"><\/div>","protected":false},"excerpt":{"rendered":"<p>CONARCI 2026 est\u00e1 chegando! Saiba tudo sobre o evento em Bel\u00e9m\/PA.<\/p>\n","protected":false},"author":1,"featured_media":2432,"comment_status":"open","ping_status":"closed","sticky":false,"template":"","format":"standard","meta":{"footnotes":""},"categories":[25],"tags":[],"class_list":["post-2433","post","type-post","status-publish","format-standard","has-post-thumbnail","hentry","category-cultura-em-belem","has_thumb"],"aioseo_notices":[],"aioseo_head":"\n\t\t<!-- All in One SEO 5.0.0.1 - aioseo.com -->\n\t<meta name=\"description\" content=\"CONARCI 2026 est\u00e1 chegando! Saiba tudo sobre o evento em Bel\u00e9m\/PA.\" \/>\n\t<meta name=\"robots\" content=\"max-image-preview:large\" \/>\n\t<meta name=\"author\" content=\"Encontra Bel\u00e9m\"\/>\n\t<link rel=\"canonical\" href=\"https:\/\/www.encontrabelem.com.br\/sobre\/conarci-2026-27-a-29-agosto\" \/>\n\t<meta name=\"generator\" content=\"All in One SEO (AIOSEO) 5.0.0.1\" \/>\n\t\t<meta property=\"og:locale\" content=\"pt_BR\" \/>\n\t\t<meta property=\"og:site_name\" content=\"Encontra Bel\u00e9m | Not\u00edcias, eventos, informa\u00e7\u00f5es e dicas na cidade Bel\u00e9m e regi\u00e3o.\" \/>\n\t\t<meta property=\"og:type\" content=\"article\" \/>\n\t\t<meta property=\"og:title\" content=\"CONARCI 2026 27 a 29\/Agosto | Encontra Bel\u00e9m\" \/>\n\t\t<meta property=\"og:description\" content=\"CONARCI 2026 est\u00e1 chegando! Saiba tudo sobre o evento em Bel\u00e9m\/PA.\" \/>\n\t\t<meta property=\"og:url\" content=\"https:\/\/www.encontrabelem.com.br\/sobre\/conarci-2026-27-a-29-agosto\" \/>\n\t\t<meta property=\"article:published_time\" content=\"2026-09-05T06:28:31+00:00\" \/>\n\t\t<meta property=\"article:modified_time\" content=\"2026-09-05T06:28:31+00:00\" \/>\n\t\t<meta name=\"twitter:card\" content=\"summary\" \/>\n\t\t<meta name=\"twitter:title\" content=\"CONARCI 2026 27 a 29\/Agosto | Encontra Bel\u00e9m\" \/>\n\t\t<meta name=\"twitter:description\" content=\"CONARCI 2026 est\u00e1 chegando! Saiba tudo sobre o evento em Bel\u00e9m\/PA.\" \/>\n\t\t<script type=\"application\/ld+json\" class=\"aioseo-schema\">\n\t\t\t{\"@context\":\"https:\\\/\\\/schema.org\",\"@graph\":[{\"@type\":\"Article\",\"@id\":\"https:\\\/\\\/www.encontrabelem.com.br\\\/sobre\\\/conarci-2026-27-a-29-agosto#article\",\"name\":\"CONARCI 2026 27 a 29\\\/Agosto | Encontra Bel\\u00e9m\",\"headline\":\"CONARCI 2026 27 a 29\\\/Agosto\",\"author\":{\"@id\":\"https:\\\/\\\/www.encontrabelem.com.br\\\/sobre\\\/author\\\/ebelem#author\"},\"publisher\":{\"@id\":\"https:\\\/\\\/www.encontrabelem.com.br\\\/sobre\\\/#organization\"},\"image\":{\"@type\":\"ImageObject\",\"url\":\"https:\\\/\\\/www.encontrabelem.com.br\\\/sobre\\\/wp-content\\\/uploads\\\/2026\\\/09\\\/conarci-2026-27-a-29-agosto.webp\",\"width\":280,\"height\":280,\"caption\":\"CONARCI 2026\"},\"datePublished\":\"2026-09-05T03:28:31-03:00\",\"dateModified\":\"2026-09-05T03:28:31-03:00\",\"inLanguage\":\"pt-BR\",\"mainEntityOfPage\":{\"@id\":\"https:\\\/\\\/www.encontrabelem.com.br\\\/sobre\\\/conarci-2026-27-a-29-agosto#webpage\"},\"isPartOf\":{\"@id\":\"https:\\\/\\\/www.encontrabelem.com.br\\\/sobre\\\/conarci-2026-27-a-29-agosto#webpage\"},\"articleSection\":\"Cultura Bel\\u00e9m\"},{\"@type\":\"BreadcrumbList\",\"@id\":\"https:\\\/\\\/www.encontrabelem.com.br\\\/sobre\\\/conarci-2026-27-a-29-agosto#breadcrumblist\",\"itemListElement\":[{\"@type\":\"ListItem\",\"@id\":\"https:\\\/\\\/www.encontrabelem.com.br\\\/sobre#listItem\",\"position\":1,\"name\":\"In\\u00edcio\",\"item\":\"https:\\\/\\\/www.encontrabelem.com.br\\\/sobre\",\"nextItem\":{\"@type\":\"ListItem\",\"@id\":\"https:\\\/\\\/www.encontrabelem.com.br\\\/sobre\\\/cultura-em-belem#listItem\",\"name\":\"Cultura Bel\\u00e9m\"}},{\"@type\":\"ListItem\",\"@id\":\"https:\\\/\\\/www.encontrabelem.com.br\\\/sobre\\\/cultura-em-belem#listItem\",\"position\":2,\"name\":\"Cultura Bel\\u00e9m\",\"item\":\"https:\\\/\\\/www.encontrabelem.com.br\\\/sobre\\\/cultura-em-belem\",\"nextItem\":{\"@type\":\"ListItem\",\"@id\":\"https:\\\/\\\/www.encontrabelem.com.br\\\/sobre\\\/conarci-2026-27-a-29-agosto#listItem\",\"name\":\"CONARCI 2026 27 a 29\\\/Agosto\"},\"previousItem\":{\"@type\":\"ListItem\",\"@id\":\"https:\\\/\\\/www.encontrabelem.com.br\\\/sobre#listItem\",\"name\":\"In\\u00edcio\"}},{\"@type\":\"ListItem\",\"@id\":\"https:\\\/\\\/www.encontrabelem.com.br\\\/sobre\\\/conarci-2026-27-a-29-agosto#listItem\",\"position\":3,\"name\":\"CONARCI 2026 27 a 29\\\/Agosto\",\"previousItem\":{\"@type\":\"ListItem\",\"@id\":\"https:\\\/\\\/www.encontrabelem.com.br\\\/sobre\\\/cultura-em-belem#listItem\",\"name\":\"Cultura Bel\\u00e9m\"}}]},{\"@type\":\"Organization\",\"@id\":\"https:\\\/\\\/www.encontrabelem.com.br\\\/sobre\\\/#organization\",\"name\":\"Encontra Bel\\u00e9m\",\"description\":\"Not\\u00edcias, eventos, informa\\u00e7\\u00f5es e dicas na cidade Bel\\u00e9m e regi\\u00e3o.\",\"url\":\"https:\\\/\\\/www.encontrabelem.com.br\\\/sobre\\\/\"},{\"@type\":\"Person\",\"@id\":\"https:\\\/\\\/www.encontrabelem.com.br\\\/sobre\\\/author\\\/ebelem#author\",\"url\":\"https:\\\/\\\/www.encontrabelem.com.br\\\/sobre\\\/author\\\/ebelem\",\"name\":\"Encontra Bel\\u00e9m\",\"image\":{\"@type\":\"ImageObject\",\"@id\":\"https:\\\/\\\/www.encontrabelem.com.br\\\/sobre\\\/conarci-2026-27-a-29-agosto#authorImage\",\"url\":\"https:\\\/\\\/secure.gravatar.com\\\/avatar\\\/507340682b8270222e1f208e23198b6ae7e2c6a1033ae84e99bc6bce4f82a387?s=96&d=mm&r=g\",\"width\":96,\"height\":96,\"caption\":\"Encontra Bel\\u00e9m\"}},{\"@type\":\"WebPage\",\"@id\":\"https:\\\/\\\/www.encontrabelem.com.br\\\/sobre\\\/conarci-2026-27-a-29-agosto#webpage\",\"url\":\"https:\\\/\\\/www.encontrabelem.com.br\\\/sobre\\\/conarci-2026-27-a-29-agosto\",\"name\":\"CONARCI 2026 27 a 29\\\/Agosto | Encontra Bel\\u00e9m\",\"description\":\"CONARCI 2026 est\\u00e1 chegando! Saiba tudo sobre o evento em Bel\\u00e9m\\\/PA.\",\"inLanguage\":\"pt-BR\",\"isPartOf\":{\"@id\":\"https:\\\/\\\/www.encontrabelem.com.br\\\/sobre\\\/#website\"},\"breadcrumb\":{\"@id\":\"https:\\\/\\\/www.encontrabelem.com.br\\\/sobre\\\/conarci-2026-27-a-29-agosto#breadcrumblist\"},\"author\":{\"@id\":\"https:\\\/\\\/www.encontrabelem.com.br\\\/sobre\\\/author\\\/ebelem#author\"},\"creator\":{\"@id\":\"https:\\\/\\\/www.encontrabelem.com.br\\\/sobre\\\/author\\\/ebelem#author\"},\"image\":{\"@type\":\"ImageObject\",\"url\":\"https:\\\/\\\/www.encontrabelem.com.br\\\/sobre\\\/wp-content\\\/uploads\\\/2026\\\/09\\\/conarci-2026-27-a-29-agosto.webp\",\"@id\":\"https:\\\/\\\/www.encontrabelem.com.br\\\/sobre\\\/conarci-2026-27-a-29-agosto\\\/#mainImage\",\"width\":280,\"height\":280,\"caption\":\"CONARCI 2026\"},\"primaryImageOfPage\":{\"@id\":\"https:\\\/\\\/www.encontrabelem.com.br\\\/sobre\\\/conarci-2026-27-a-29-agosto#mainImage\"},\"datePublished\":\"2026-09-05T03:28:31-03:00\",\"dateModified\":\"2026-09-05T03:28:31-03:00\"},{\"@type\":\"WebSite\",\"@id\":\"https:\\\/\\\/www.encontrabelem.com.br\\\/sobre\\\/#website\",\"url\":\"https:\\\/\\\/www.encontrabelem.com.br\\\/sobre\\\/\",\"name\":\"Encontra Bel\\u00e9m\",\"description\":\"Not\\u00edcias, eventos, informa\\u00e7\\u00f5es e dicas na cidade Bel\\u00e9m e regi\\u00e3o.\",\"inLanguage\":\"pt-BR\",\"publisher\":{\"@id\":\"https:\\\/\\\/www.encontrabelem.com.br\\\/sobre\\\/#organization\"}}]}\n\t\t<\/script>\n\t\t<!-- All in One SEO -->\n\n","aioseo_head_json":{"title":"CONARCI 2026 27 a 29\/Agosto | Encontra Bel\u00e9m","description":"CONARCI 2026 est\u00e1 chegando! Saiba tudo sobre o evento em Bel\u00e9m\/PA.","canonical_url":"https:\/\/www.encontrabelem.com.br\/sobre\/conarci-2026-27-a-29-agosto","robots":"max-image-preview:large","keywords":"","webmasterTools":{"miscellaneous":""},"schema":{"@context":"https:\/\/schema.org","@graph":[{"@type":"Article","@id":"https:\/\/www.encontrabelem.com.br\/sobre\/conarci-2026-27-a-29-agosto#article","name":"CONARCI 2026 27 a 29\/Agosto | Encontra Bel\u00e9m","headline":"CONARCI 2026 27 a 29\/Agosto","author":{"@id":"https:\/\/www.encontrabelem.com.br\/sobre\/author\/ebelem#author"},"publisher":{"@id":"https:\/\/www.encontrabelem.com.br\/sobre\/#organization"},"image":{"@type":"ImageObject","url":"https:\/\/www.encontrabelem.com.br\/sobre\/wp-content\/uploads\/2026\/09\/conarci-2026-27-a-29-agosto.webp","width":280,"height":280,"caption":"CONARCI 2026"},"datePublished":"2026-09-05T03:28:31-03:00","dateModified":"2026-09-05T03:28:31-03:00","inLanguage":"pt-BR","mainEntityOfPage":{"@id":"https:\/\/www.encontrabelem.com.br\/sobre\/conarci-2026-27-a-29-agosto#webpage"},"isPartOf":{"@id":"https:\/\/www.encontrabelem.com.br\/sobre\/conarci-2026-27-a-29-agosto#webpage"},"articleSection":"Cultura Bel\u00e9m"},{"@type":"BreadcrumbList","@id":"https:\/\/www.encontrabelem.com.br\/sobre\/conarci-2026-27-a-29-agosto#breadcrumblist","itemListElement":[{"@type":"ListItem","@id":"https:\/\/www.encontrabelem.com.br\/sobre#listItem","position":1,"name":"In\u00edcio","item":"https:\/\/www.encontrabelem.com.br\/sobre","nextItem":{"@type":"ListItem","@id":"https:\/\/www.encontrabelem.com.br\/sobre\/cultura-em-belem#listItem","name":"Cultura Bel\u00e9m"}},{"@type":"ListItem","@id":"https:\/\/www.encontrabelem.com.br\/sobre\/cultura-em-belem#listItem","position":2,"name":"Cultura Bel\u00e9m","item":"https:\/\/www.encontrabelem.com.br\/sobre\/cultura-em-belem","nextItem":{"@type":"ListItem","@id":"https:\/\/www.encontrabelem.com.br\/sobre\/conarci-2026-27-a-29-agosto#listItem","name":"CONARCI 2026 27 a 29\/Agosto"},"previousItem":{"@type":"ListItem","@id":"https:\/\/www.encontrabelem.com.br\/sobre#listItem","name":"In\u00edcio"}},{"@type":"ListItem","@id":"https:\/\/www.encontrabelem.com.br\/sobre\/conarci-2026-27-a-29-agosto#listItem","position":3,"name":"CONARCI 2026 27 a 29\/Agosto","previousItem":{"@type":"ListItem","@id":"https:\/\/www.encontrabelem.com.br\/sobre\/cultura-em-belem#listItem","name":"Cultura Bel\u00e9m"}}]},{"@type":"Organization","@id":"https:\/\/www.encontrabelem.com.br\/sobre\/#organization","name":"Encontra Bel\u00e9m","description":"Not\u00edcias, eventos, informa\u00e7\u00f5es e dicas na cidade Bel\u00e9m e regi\u00e3o.","url":"https:\/\/www.encontrabelem.com.br\/sobre\/"},{"@type":"Person","@id":"https:\/\/www.encontrabelem.com.br\/sobre\/author\/ebelem#author","url":"https:\/\/www.encontrabelem.com.br\/sobre\/author\/ebelem","name":"Encontra Bel\u00e9m","image":{"@type":"ImageObject","@id":"https:\/\/www.encontrabelem.com.br\/sobre\/conarci-2026-27-a-29-agosto#authorImage","url":"https:\/\/secure.gravatar.com\/avatar\/507340682b8270222e1f208e23198b6ae7e2c6a1033ae84e99bc6bce4f82a387?s=96&d=mm&r=g","width":96,"height":96,"caption":"Encontra Bel\u00e9m"}},{"@type":"WebPage","@id":"https:\/\/www.encontrabelem.com.br\/sobre\/conarci-2026-27-a-29-agosto#webpage","url":"https:\/\/www.encontrabelem.com.br\/sobre\/conarci-2026-27-a-29-agosto","name":"CONARCI 2026 27 a 29\/Agosto | Encontra Bel\u00e9m","description":"CONARCI 2026 est\u00e1 chegando! Saiba tudo sobre o evento em Bel\u00e9m\/PA.","inLanguage":"pt-BR","isPartOf":{"@id":"https:\/\/www.encontrabelem.com.br\/sobre\/#website"},"breadcrumb":{"@id":"https:\/\/www.encontrabelem.com.br\/sobre\/conarci-2026-27-a-29-agosto#breadcrumblist"},"author":{"@id":"https:\/\/www.encontrabelem.com.br\/sobre\/author\/ebelem#author"},"creator":{"@id":"https:\/\/www.encontrabelem.com.br\/sobre\/author\/ebelem#author"},"image":{"@type":"ImageObject","url":"https:\/\/www.encontrabelem.com.br\/sobre\/wp-content\/uploads\/2026\/09\/conarci-2026-27-a-29-agosto.webp","@id":"https:\/\/www.encontrabelem.com.br\/sobre\/conarci-2026-27-a-29-agosto\/#mainImage","width":280,"height":280,"caption":"CONARCI 2026"},"primaryImageOfPage":{"@id":"https:\/\/www.encontrabelem.com.br\/sobre\/conarci-2026-27-a-29-agosto#mainImage"},"datePublished":"2026-09-05T03:28:31-03:00","dateModified":"2026-09-05T03:28:31-03:00"},{"@type":"WebSite","@id":"https:\/\/www.encontrabelem.com.br\/sobre\/#website","url":"https:\/\/www.encontrabelem.com.br\/sobre\/","name":"Encontra Bel\u00e9m","description":"Not\u00edcias, eventos, informa\u00e7\u00f5es e dicas na cidade Bel\u00e9m e regi\u00e3o.","inLanguage":"pt-BR","publisher":{"@id":"https:\/\/www.encontrabelem.com.br\/sobre\/#organization"}}]},"og:locale":"pt_BR","og:site_name":"Encontra Bel\u00e9m | Not\u00edcias, eventos, informa\u00e7\u00f5es e dicas na cidade Bel\u00e9m e regi\u00e3o.","og:type":"article","og:title":"CONARCI 2026 27 a 29\/Agosto | Encontra Bel\u00e9m","og:description":"CONARCI 2026 est\u00e1 chegando! Saiba tudo sobre o evento em Bel\u00e9m\/PA.","og:url":"https:\/\/www.encontrabelem.com.br\/sobre\/conarci-2026-27-a-29-agosto","article:published_time":"2026-09-05T06:28:31+00:00","article:modified_time":"2026-09-05T06:28:31+00:00","twitter:card":"summary","twitter:title":"CONARCI 2026 27 a 29\/Agosto | Encontra Bel\u00e9m","twitter:description":"CONARCI 2026 est\u00e1 chegando! Saiba tudo sobre o evento em Bel\u00e9m\/PA."},"aioseo_meta_data":{"post_id":"2433","title":null,"description":null,"keywords":null,"keyphrases":null,"primary_term":null,"canonical_url":null,"og_title":null,"og_description":null,"og_object_type":"default","og_image_type":"default","og_image_url":null,"og_image_width":null,"og_image_height":null,"og_image_custom_url":null,"og_image_custom_fields":null,"og_video":null,"og_custom_url":null,"og_article_section":null,"og_article_tags":null,"twitter_use_og":false,"twitter_card":"default","twitter_image_type":"default","twitter_image_url":null,"twitter_image_custom_url":null,"twitter_image_custom_fields":null,"twitter_title":null,"twitter_description":null,"schema":{"blockGraphs":[],"customGraphs":[],"default":{"data":{"Article":[],"Course":[],"Dataset":[],"FAQPage":[],"Movie":[],"Person":[],"Product":[],"ProductReview":[],"Car":[],"Recipe":[],"Service":[],"SoftwareApplication":[],"WebPage":[]},"graphName":"Article","isEnabled":true},"graphs":[]},"schema_type":"default","schema_type_options":null,"pillar_content":false,"robots_default":true,"robots_noindex":false,"robots_noarchive":false,"robots_nosnippet":false,"robots_nofollow":false,"robots_noimageindex":false,"robots_noodp":false,"robots_notranslate":false,"robots_max_snippet":null,"robots_max_videopreview":null,"robots_max_imagepreview":"large","priority":null,"frequency":null,"local_seo":null,"breadcrumb_settings":null,"limit_modified_date":false,"ai":null,"created":"2026-09-05 06:28:31","updated":"2026-09-05 06:28:31","focus_keyword":null,"additional_keywords":null,"truseo_locale":null,"seo_analyzer_scan_date":null},"aioseo_breadcrumb":"<div class=\"aioseo-breadcrumbs\"><span class=\"aioseo-breadcrumb\">\n\t\t\t<a href=\"https:\/\/www.encontrabelem.com.br\/sobre\" title=\"In\u00edcio\">In\u00edcio<\/a>\n\t\t<\/span><span class=\"aioseo-breadcrumb-separator\">&raquo;<\/span><span class=\"aioseo-breadcrumb\">\n\t\t\t<a href=\"https:\/\/www.encontrabelem.com.br\/sobre\/cultura-em-belem\" title=\"Cultura Bel\u00e9m\">Cultura Bel\u00e9m<\/a>\n\t\t<\/span><span class=\"aioseo-breadcrumb-separator\">&raquo;<\/span><span class=\"aioseo-breadcrumb\">\n\t\t\tCONARCI 2026 27 a 29\/Agosto\n\t\t<\/span><\/div>","aioseo_breadcrumb_json":[{"label":"In\u00edcio","link":"https:\/\/www.encontrabelem.com.br\/sobre"},{"label":"Cultura Bel\u00e9m","link":"https:\/\/www.encontrabelem.com.br\/sobre\/cultura-em-belem"},{"label":"CONARCI 2026 27 a 29\/Agosto","link":"https:\/\/www.encontrabelem.com.br\/sobre\/conarci-2026-27-a-29-agosto"}],"_links":{"self":[{"href":"https:\/\/www.encontrabelem.com.br\/sobre\/wp-json\/wp\/v2\/posts\/2433","targetHints":{"allow":["GET"]}}],"collection":[{"href":"https:\/\/www.encontrabelem.com.br\/sobre\/wp-json\/wp\/v2\/posts"}],"about":[{"href":"https:\/\/www.encontrabelem.com.br\/sobre\/wp-json\/wp\/v2\/types\/post"}],"author":[{"embeddable":true,"href":"https:\/\/www.encontrabelem.com.br\/sobre\/wp-json\/wp\/v2\/users\/1"}],"replies":[{"embeddable":true,"href":"https:\/\/www.encontrabelem.com.br\/sobre\/wp-json\/wp\/v2\/comments?post=2433"}],"version-history":[{"count":0,"href":"https:\/\/www.encontrabelem.com.br\/sobre\/wp-json\/wp\/v2\/posts\/2433\/revisions"}],"wp:featuredmedia":[{"embeddable":true,"href":"https:\/\/www.encontrabelem.com.br\/sobre\/wp-json\/wp\/v2\/media\/2432"}],"wp:attachment":[{"href":"https:\/\/www.encontrabelem.com.br\/sobre\/wp-json\/wp\/v2\/media?parent=2433"}],"wp:term":[{"taxonomy":"category","embeddable":true,"href":"https:\/\/www.encontrabelem.com.br\/sobre\/wp-json\/wp\/v2\/categories?post=2433"},{"taxonomy":"post_tag","embeddable":true,"href":"https:\/\/www.encontrabelem.com.br\/sobre\/wp-json\/wp\/v2\/tags?post=2433"}],"curies":[{"name":"wp","href":"https:\/\/api.w.org\/{rel}","templated":true}]}}