{"id":2431,"date":"2026-09-04T03:30:27","date_gmt":"2026-09-04T06:30:27","guid":{"rendered":"https:\/\/www.encontrabelem.com.br\/sobre\/veja-o-que-fazer-em-belem-e-interior-do-pa-festival-do-abacaxi-jaloo-papo-em-off-e-feira-do-livro"},"modified":"2026-09-04T03:30:27","modified_gmt":"2026-09-04T06:30:27","slug":"veja-o-que-fazer-em-belem-e-interior-do-pa-festival-do-abacaxi-jaloo-papo-em-off-e-feira-do-livro","status":"publish","type":"post","link":"https:\/\/www.encontrabelem.com.br\/sobre\/veja-o-que-fazer-em-belem-e-interior-do-pa-festival-do-abacaxi-jaloo-papo-em-off-e-feira-do-livro","title":{"rendered":"Veja o que fazer em Bel\u00e9m e interior do PA: Festival do Abacaxi, Jaloo, Papo em OFF e Feira do Livro"},"content":{"rendered":"<div class=\"b22802487b0d38c4c6d9f34966e16421\" data-index=\"1\" style=\"float: none; margin:0px;\">\n<!-- Anuncio display - global -->\r\n<ins class=\"adsbygoogle\"\r\n     style=\"display:block\"\r\n     data-ad-client=\"ca-pub-8585364105181520\"\r\n     data-ad-slot=\"8789329856\"\r\n     data-ad-format=\"auto\"\r\n     data-full-width-responsive=\"true\"><\/ins>\r\n<script>\r\n     (adsbygoogle = window.adsbygoogle || []).push({});\r\n<\/script>\n<\/div>\n<h2>Festival do Abacaxi: Atra\u00e7\u00f5es Imperd\u00edveis<\/h2>\n<p>O <strong>44\u00ba Festival do Abacaxi<\/strong>, um dos eventos mais esperados do ano em Castanhal, est\u00e1 programado para encantar os visitantes com atra\u00e7\u00f5es que prometem emocion\u00e1-los. Um ponto alto do festival \u00e9 a <strong>apresenta\u00e7\u00e3o de artistas renomados<\/strong>, atraindo uma multid\u00e3o. O show de <strong>Jaloo<\/strong> \u00e9 um dos destaques, trazendo uma mistura envolvente de ritmos e melodias que representam a cultura paraense.<\/p>\n<p>Al\u00e9m de Jaloo, o p\u00fablico poder\u00e1 desfrutar das apresenta\u00e7\u00f5es de diversos artistas de renome, como <strong>Wesley Safad\u00e3o<\/strong>, <strong>Ana Castela<\/strong> e <strong>Ludmilla<\/strong>, que far\u00e3o parte da grade de shows gratuita. A diversidade musical do festival agrega um valor cultural inestim\u00e1vel, reunindo as ra\u00edzes da m\u00fasica local.<\/p>\n<h2>Jaloo em Castanhal: Um Show Gratuito<\/h2>\n<p>No dia 5 de setembro, o cantor <strong>Jaloo<\/strong> se apresenta de forma gratuita em Castanhal, atraindo f\u00e3s e admiradores da sua arte. O evento tamb\u00e9m conta com o projeto <strong>Trilogia<\/strong>, onde artistas como <strong>Nilson Chaves<\/strong>, <strong>Lucinnha Bastos<\/strong> e <strong>Mahrco Monteiro<\/strong> compartilhar\u00e3o o palco, prometendo uma noite memor\u00e1vel.<\/p>\n<p><img decoding=\"async\" src=\"https:\/\/www.encontrabelem.com.br\/sobre\/wp-content\/uploads\/2026\/09\/veja-o-que-fazer-em-belem-e-interior-do-pa-festival-do-abacaxi-jaloo-papo-em-off-e-feira-do-livro.webp\" alt=\"\" loading=\"lazy\" \/><\/p>\n<p>A programa\u00e7\u00e3o do festival \u00e9 completa, incluindo n\u00e3o apenas m\u00fasica, mas tamb\u00e9m uma feira criativa e atividades formativas, como palestras e mentorias para novos talentos e artistas independentes que buscam se destacar. A entrada \u00e9 totalmente gratuita, permitindo que todos possam prestigiar essa rica oferta cultural.<\/p>\n<h2>Feira do Livro de Bel\u00e9m: Literatura e Cultura<\/h2>\n<p>A <strong>29\u00aa Feira Pan-Amaz\u00f4nica do Livro<\/strong> em Bel\u00e9m \u00e9 um evento imperd\u00edvel para os amantes da literatura. De 29 de agosto a 6 de setembro, o Hangar Centro de Conven\u00e7\u00f5es e Feiras da Amaz\u00f4nia ser\u00e1 o palco de uma programa\u00e7\u00e3o repleta de atividades voltadas para livros e a troca de saberes.<\/p>\n<p>Al\u00e9m de lan\u00e7amentos e debates com escritores, a feira ter\u00e1 uma programa\u00e7\u00e3o musical di\u00e1ria que contar\u00e1 com a apresenta\u00e7\u00e3o da <strong>banda Tr\u00edmanos<\/strong> e outros artistas locais, como <strong>El\u00f3i Iglesias<\/strong> e <strong>Willy Lima<\/strong>. A Feira do Livro n\u00e3o \u00e9 apenas sobre a compra e venda de textos, mas um importante ponto de encontro para discuss\u00f5es sobre cultura e inclus\u00e3o, vital para a constru\u00e7\u00e3o da identidade amaz\u00f4nica.<\/p>\n<h2>Papo em OFF: Pagode em Bel\u00e9m<\/h2>\n<p>O grupo de pagode <strong>Papo em OFF<\/strong> tamb\u00e9m estar\u00e1 presente em Bel\u00e9m, trazendo tr\u00eas dias de shows vibrantes. Com seu novo projeto, <strong>\u201cBrasil Feliz no Simples\u201d<\/strong>, a banda apresentar\u00e1 um repert\u00f3rio que mixa o pagode tradicional com letras que dialogam com o cotidiano do brasileiro. <strong>DJ Assayag<\/strong>, <strong>Saint Tropez<\/strong> e outros convidados se juntar\u00e3o a eles, prometendo noites de muita divers\u00e3o e descontra\u00e7\u00e3o.<\/p>\n<h2>Com\u00e9dia e M\u00fasica: Eventos Diversos<\/h2>\n<p>A agenda cultural do <strong>g1 Par\u00e1<\/strong> n\u00e3o para por a\u00ed. Toda a programa\u00e7\u00e3o inclui shows de com\u00e9dia que prometem fazer o p\u00fablico rir. <strong>Arthur Esp\u00edndola<\/strong> \u00e9 o anfitri\u00e3o do <strong>Samba das Mangueiras<\/strong>, um projeto que combina m\u00fasica e divers\u00e3o em um ambiente intimista, promovendo um contato direto entre os artistas e o p\u00fablico. O evento ocorre no Shopping Metr\u00f3pole, oferecendo uma experi\u00eancia \u00fanica.<\/p>\n<h2>Artes Visuais: Exposi\u00e7\u00e3o do Seriado Chaves<\/h2>\n<p>A <strong>exposi\u00e7\u00e3o do seriado Chaves<\/strong>, situada no Boulevard Shopping Bel\u00e9m, celebra os 40 anos de exibi\u00e7\u00e3o do programa no Brasil. Os visitantes ter\u00e3o a oportunidade de interagir com ambientes ic\u00f4nicos da s\u00e9rie, explorando um acervo com itens originais, roteiros e fotografias que contam a hist\u00f3ria de Roberto G\u00f3mez Bola\u00f1os e seu impactante legado no mundo da televis\u00e3o.<\/p>\n<h2>Programa\u00e7\u00e3o Cultural para Todos os P\u00fablicos<\/h2>\n<p>Os eventos programados em Bel\u00e9m e no interior do Par\u00e1 s\u00e3o abrangentes e oferecem algo para todos. Os amantes da cultura pop e os apreciadores de saberes ancestrais encontrar\u00e3o no <strong>Projeto Musicando pelo Par\u00e1<\/strong> uma \u00f3tima oportunidade de desfrutar de m\u00fasica ao vivo em um cen\u00e1rio descontra\u00eddo, com artistas locais se apresentando nos finais de semana.<\/p>\n<h2>Festival Ocupa\u00e7\u00e3o Amazonicidades: M\u00fasica e Palestras<\/h2>\n<p>O <strong>Festival Ocupa\u00e7\u00e3o Amazonicidades<\/strong>, que ocorrer\u00e1 em Castanhal, ir\u00e1 oferecer apresenta\u00e7\u00f5es art\u00edsticas e palestras que visam refletir sobre a identidade amaz\u00f4nica. O evento visa integrar a m\u00fasica com momentos de aprendizado e interc\u00e2mbio cultural, formando uma rede de artistas e pensadores que compartilham suas experi\u00eancias e saberes.<\/p>\n<h2>Atividades Ambientais e Educativas<\/h2>\n<p>Al\u00e9m dos shows e discuss\u00f5es, a programa\u00e7\u00e3o cultural tamb\u00e9m abrange atividades ambientais voltadas para a conscientiza\u00e7\u00e3o. Os projetos, como a <strong>Sankofa Amaz\u00f4nica<\/strong>, promovem uma reflex\u00e3o sobre agroecologia e trazem atividades educativas para as comunidades, destacando a import\u00e2ncia da preserva\u00e7\u00e3o ambiental e do conhecimento hist\u00f3rico.<\/p>\n<h2>Feiras e Passeios por Bel\u00e9m e Interior<\/h2>\n<p>Com muitas feiras e passeios sendo realizados em Bel\u00e9m, o local se transforma em um grande centro cultural. As feiras criativas oferecem a compra de produtos locais e artesanatos \u00fanicos, permitindo a troca entre produtores e consumidores, enquanto diversos passeios ao ar livre convidam os visitantes a explorar a rica natureza da regi\u00e3o.<\/p>\n<p>A programa\u00e7\u00e3o do final de semana em Bel\u00e9m e em outras localidades do Par\u00e1 promete ser intensa e repleta de atividades que envolvem m\u00fasica, literatura, debates e experi\u00eancias culturais. \u00c9 um momento prop\u00edcio para aqueles que desejam mergulhar na cultura paraense, desfrutando da diversidade que o estado oferece e contribuindo para a valoriza\u00e7\u00e3o da arte local.<\/p>\n\n<div style=\"font-size: 0px; height: 0px; line-height: 0px; margin: 0; padding: 0; clear: both;\"><\/div>","protected":false},"excerpt":{"rendered":"<p>Descubra a vibrante agenda cultural em Bel\u00e9m com eventos incr\u00edveis!<\/p>\n","protected":false},"author":1,"featured_media":2430,"comment_status":"open","ping_status":"closed","sticky":false,"template":"","format":"standard","meta":{"footnotes":""},"categories":[],"tags":[],"class_list":["post-2431","post","type-post","status-publish","format-standard","has-post-thumbnail","hentry","has_thumb"],"aioseo_notices":[],"aioseo_head":"\n\t\t<!-- All in One SEO 5.0.0.1 - aioseo.com -->\n\t<meta name=\"description\" content=\"Descubra a vibrante agenda cultural em Bel\u00e9m com eventos incr\u00edveis!\" \/>\n\t<meta name=\"robots\" content=\"max-image-preview:large\" \/>\n\t<meta name=\"author\" content=\"Encontra Bel\u00e9m\"\/>\n\t<link rel=\"canonical\" href=\"https:\/\/www.encontrabelem.com.br\/sobre\/veja-o-que-fazer-em-belem-e-interior-do-pa-festival-do-abacaxi-jaloo-papo-em-off-e-feira-do-livro\" \/>\n\t<meta name=\"generator\" content=\"All in One SEO (AIOSEO) 5.0.0.1\" \/>\n\t\t<meta property=\"og:locale\" content=\"pt_BR\" \/>\n\t\t<meta property=\"og:site_name\" content=\"Encontra Bel\u00e9m | Not\u00edcias, eventos, informa\u00e7\u00f5es e dicas na cidade Bel\u00e9m e regi\u00e3o.\" \/>\n\t\t<meta property=\"og:type\" content=\"article\" \/>\n\t\t<meta property=\"og:title\" content=\"Veja o que fazer em Bel\u00e9m e interior do PA: Festival do Abacaxi, Jaloo, Papo em OFF e Feira do Livro | Encontra Bel\u00e9m\" \/>\n\t\t<meta property=\"og:description\" content=\"Descubra a vibrante agenda cultural em Bel\u00e9m com eventos incr\u00edveis!\" \/>\n\t\t<meta property=\"og:url\" content=\"https:\/\/www.encontrabelem.com.br\/sobre\/veja-o-que-fazer-em-belem-e-interior-do-pa-festival-do-abacaxi-jaloo-papo-em-off-e-feira-do-livro\" \/>\n\t\t<meta property=\"article:published_time\" content=\"2026-09-04T06:30:27+00:00\" \/>\n\t\t<meta property=\"article:modified_time\" content=\"2026-09-04T06:30:27+00:00\" \/>\n\t\t<meta name=\"twitter:card\" content=\"summary\" \/>\n\t\t<meta name=\"twitter:title\" content=\"Veja o que fazer em Bel\u00e9m e interior do PA: Festival do Abacaxi, Jaloo, Papo em OFF e Feira do Livro | Encontra Bel\u00e9m\" \/>\n\t\t<meta name=\"twitter:description\" content=\"Descubra a vibrante agenda cultural em Bel\u00e9m com eventos incr\u00edveis!\" \/>\n\t\t<script type=\"application\/ld+json\" class=\"aioseo-schema\">\n\t\t\t{\"@context\":\"https:\\\/\\\/schema.org\",\"@graph\":[{\"@type\":\"Article\",\"@id\":\"https:\\\/\\\/www.encontrabelem.com.br\\\/sobre\\\/veja-o-que-fazer-em-belem-e-interior-do-pa-festival-do-abacaxi-jaloo-papo-em-off-e-feira-do-livro#article\",\"name\":\"Veja o que fazer em Bel\\u00e9m e interior do PA: Festival do Abacaxi, Jaloo, Papo em OFF e Feira do Livro | Encontra Bel\\u00e9m\",\"headline\":\"Veja o que fazer em Bel\\u00e9m e interior do PA: Festival do Abacaxi, Jaloo, Papo em OFF e Feira do Livro\",\"author\":{\"@id\":\"https:\\\/\\\/www.encontrabelem.com.br\\\/sobre\\\/author\\\/ebelem#author\"},\"publisher\":{\"@id\":\"https:\\\/\\\/www.encontrabelem.com.br\\\/sobre\\\/#organization\"},\"image\":{\"@type\":\"ImageObject\",\"url\":\"https:\\\/\\\/www.encontrabelem.com.br\\\/sobre\\\/wp-content\\\/uploads\\\/2026\\\/09\\\/veja-o-que-fazer-em-belem-e-interior-do-pa-festival-do-abacaxi-jaloo-papo-em-off-e-feira-do-livro.webp\",\"width\":280,\"height\":280},\"datePublished\":\"2026-09-04T03:30:27-03:00\",\"dateModified\":\"2026-09-04T03:30:27-03:00\",\"inLanguage\":\"pt-BR\",\"mainEntityOfPage\":{\"@id\":\"https:\\\/\\\/www.encontrabelem.com.br\\\/sobre\\\/veja-o-que-fazer-em-belem-e-interior-do-pa-festival-do-abacaxi-jaloo-papo-em-off-e-feira-do-livro#webpage\"},\"isPartOf\":{\"@id\":\"https:\\\/\\\/www.encontrabelem.com.br\\\/sobre\\\/veja-o-que-fazer-em-belem-e-interior-do-pa-festival-do-abacaxi-jaloo-papo-em-off-e-feira-do-livro#webpage\"}},{\"@type\":\"BreadcrumbList\",\"@id\":\"https:\\\/\\\/www.encontrabelem.com.br\\\/sobre\\\/veja-o-que-fazer-em-belem-e-interior-do-pa-festival-do-abacaxi-jaloo-papo-em-off-e-feira-do-livro#breadcrumblist\",\"itemListElement\":[{\"@type\":\"ListItem\",\"@id\":\"https:\\\/\\\/www.encontrabelem.com.br\\\/sobre#listItem\",\"position\":1,\"name\":\"In\\u00edcio\",\"item\":\"https:\\\/\\\/www.encontrabelem.com.br\\\/sobre\",\"nextItem\":{\"@type\":\"ListItem\",\"@id\":\"https:\\\/\\\/www.encontrabelem.com.br\\\/sobre\\\/veja-o-que-fazer-em-belem-e-interior-do-pa-festival-do-abacaxi-jaloo-papo-em-off-e-feira-do-livro#listItem\",\"name\":\"Veja o que fazer em Bel\\u00e9m e interior do PA: Festival do Abacaxi, Jaloo, Papo em OFF e Feira do Livro\"}},{\"@type\":\"ListItem\",\"@id\":\"https:\\\/\\\/www.encontrabelem.com.br\\\/sobre\\\/veja-o-que-fazer-em-belem-e-interior-do-pa-festival-do-abacaxi-jaloo-papo-em-off-e-feira-do-livro#listItem\",\"position\":2,\"name\":\"Veja o que fazer em Bel\\u00e9m e interior do PA: Festival do Abacaxi, Jaloo, Papo em OFF e Feira do Livro\",\"previousItem\":{\"@type\":\"ListItem\",\"@id\":\"https:\\\/\\\/www.encontrabelem.com.br\\\/sobre#listItem\",\"name\":\"In\\u00edcio\"}}]},{\"@type\":\"Organization\",\"@id\":\"https:\\\/\\\/www.encontrabelem.com.br\\\/sobre\\\/#organization\",\"name\":\"Encontra Bel\\u00e9m\",\"description\":\"Not\\u00edcias, eventos, informa\\u00e7\\u00f5es e dicas na cidade Bel\\u00e9m e regi\\u00e3o.\",\"url\":\"https:\\\/\\\/www.encontrabelem.com.br\\\/sobre\\\/\"},{\"@type\":\"Person\",\"@id\":\"https:\\\/\\\/www.encontrabelem.com.br\\\/sobre\\\/author\\\/ebelem#author\",\"url\":\"https:\\\/\\\/www.encontrabelem.com.br\\\/sobre\\\/author\\\/ebelem\",\"name\":\"Encontra Bel\\u00e9m\",\"image\":{\"@type\":\"ImageObject\",\"@id\":\"https:\\\/\\\/www.encontrabelem.com.br\\\/sobre\\\/veja-o-que-fazer-em-belem-e-interior-do-pa-festival-do-abacaxi-jaloo-papo-em-off-e-feira-do-livro#authorImage\",\"url\":\"https:\\\/\\\/secure.gravatar.com\\\/avatar\\\/507340682b8270222e1f208e23198b6ae7e2c6a1033ae84e99bc6bce4f82a387?s=96&d=mm&r=g\",\"width\":96,\"height\":96,\"caption\":\"Encontra Bel\\u00e9m\"}},{\"@type\":\"WebPage\",\"@id\":\"https:\\\/\\\/www.encontrabelem.com.br\\\/sobre\\\/veja-o-que-fazer-em-belem-e-interior-do-pa-festival-do-abacaxi-jaloo-papo-em-off-e-feira-do-livro#webpage\",\"url\":\"https:\\\/\\\/www.encontrabelem.com.br\\\/sobre\\\/veja-o-que-fazer-em-belem-e-interior-do-pa-festival-do-abacaxi-jaloo-papo-em-off-e-feira-do-livro\",\"name\":\"Veja o que fazer em Bel\\u00e9m e interior do PA: Festival do Abacaxi, Jaloo, Papo em OFF e Feira do Livro | Encontra Bel\\u00e9m\",\"description\":\"Descubra a vibrante agenda cultural em Bel\\u00e9m com eventos incr\\u00edveis!\",\"inLanguage\":\"pt-BR\",\"isPartOf\":{\"@id\":\"https:\\\/\\\/www.encontrabelem.com.br\\\/sobre\\\/#website\"},\"breadcrumb\":{\"@id\":\"https:\\\/\\\/www.encontrabelem.com.br\\\/sobre\\\/veja-o-que-fazer-em-belem-e-interior-do-pa-festival-do-abacaxi-jaloo-papo-em-off-e-feira-do-livro#breadcrumblist\"},\"author\":{\"@id\":\"https:\\\/\\\/www.encontrabelem.com.br\\\/sobre\\\/author\\\/ebelem#author\"},\"creator\":{\"@id\":\"https:\\\/\\\/www.encontrabelem.com.br\\\/sobre\\\/author\\\/ebelem#author\"},\"image\":{\"@type\":\"ImageObject\",\"url\":\"https:\\\/\\\/www.encontrabelem.com.br\\\/sobre\\\/wp-content\\\/uploads\\\/2026\\\/09\\\/veja-o-que-fazer-em-belem-e-interior-do-pa-festival-do-abacaxi-jaloo-papo-em-off-e-feira-do-livro.webp\",\"@id\":\"https:\\\/\\\/www.encontrabelem.com.br\\\/sobre\\\/veja-o-que-fazer-em-belem-e-interior-do-pa-festival-do-abacaxi-jaloo-papo-em-off-e-feira-do-livro\\\/#mainImage\",\"width\":280,\"height\":280},\"primaryImageOfPage\":{\"@id\":\"https:\\\/\\\/www.encontrabelem.com.br\\\/sobre\\\/veja-o-que-fazer-em-belem-e-interior-do-pa-festival-do-abacaxi-jaloo-papo-em-off-e-feira-do-livro#mainImage\"},\"datePublished\":\"2026-09-04T03:30:27-03:00\",\"dateModified\":\"2026-09-04T03:30:27-03:00\"},{\"@type\":\"WebSite\",\"@id\":\"https:\\\/\\\/www.encontrabelem.com.br\\\/sobre\\\/#website\",\"url\":\"https:\\\/\\\/www.encontrabelem.com.br\\\/sobre\\\/\",\"name\":\"Encontra Bel\\u00e9m\",\"description\":\"Not\\u00edcias, eventos, informa\\u00e7\\u00f5es e dicas na cidade Bel\\u00e9m e regi\\u00e3o.\",\"inLanguage\":\"pt-BR\",\"publisher\":{\"@id\":\"https:\\\/\\\/www.encontrabelem.com.br\\\/sobre\\\/#organization\"}}]}\n\t\t<\/script>\n\t\t<!-- All in One SEO -->\n\n","aioseo_head_json":{"title":"Veja o que fazer em Bel\u00e9m e interior do PA: Festival do Abacaxi, Jaloo, Papo em OFF e Feira do Livro | Encontra Bel\u00e9m","description":"Descubra a vibrante agenda cultural em Bel\u00e9m com eventos incr\u00edveis!","canonical_url":"https:\/\/www.encontrabelem.com.br\/sobre\/veja-o-que-fazer-em-belem-e-interior-do-pa-festival-do-abacaxi-jaloo-papo-em-off-e-feira-do-livro","robots":"max-image-preview:large","keywords":"","webmasterTools":{"miscellaneous":""},"schema":{"@context":"https:\/\/schema.org","@graph":[{"@type":"Article","@id":"https:\/\/www.encontrabelem.com.br\/sobre\/veja-o-que-fazer-em-belem-e-interior-do-pa-festival-do-abacaxi-jaloo-papo-em-off-e-feira-do-livro#article","name":"Veja o que fazer em Bel\u00e9m e interior do PA: Festival do Abacaxi, Jaloo, Papo em OFF e Feira do Livro | Encontra Bel\u00e9m","headline":"Veja o que fazer em Bel\u00e9m e interior do PA: Festival do Abacaxi, Jaloo, Papo em OFF e Feira do Livro","author":{"@id":"https:\/\/www.encontrabelem.com.br\/sobre\/author\/ebelem#author"},"publisher":{"@id":"https:\/\/www.encontrabelem.com.br\/sobre\/#organization"},"image":{"@type":"ImageObject","url":"https:\/\/www.encontrabelem.com.br\/sobre\/wp-content\/uploads\/2026\/09\/veja-o-que-fazer-em-belem-e-interior-do-pa-festival-do-abacaxi-jaloo-papo-em-off-e-feira-do-livro.webp","width":280,"height":280},"datePublished":"2026-09-04T03:30:27-03:00","dateModified":"2026-09-04T03:30:27-03:00","inLanguage":"pt-BR","mainEntityOfPage":{"@id":"https:\/\/www.encontrabelem.com.br\/sobre\/veja-o-que-fazer-em-belem-e-interior-do-pa-festival-do-abacaxi-jaloo-papo-em-off-e-feira-do-livro#webpage"},"isPartOf":{"@id":"https:\/\/www.encontrabelem.com.br\/sobre\/veja-o-que-fazer-em-belem-e-interior-do-pa-festival-do-abacaxi-jaloo-papo-em-off-e-feira-do-livro#webpage"}},{"@type":"BreadcrumbList","@id":"https:\/\/www.encontrabelem.com.br\/sobre\/veja-o-que-fazer-em-belem-e-interior-do-pa-festival-do-abacaxi-jaloo-papo-em-off-e-feira-do-livro#breadcrumblist","itemListElement":[{"@type":"ListItem","@id":"https:\/\/www.encontrabelem.com.br\/sobre#listItem","position":1,"name":"In\u00edcio","item":"https:\/\/www.encontrabelem.com.br\/sobre","nextItem":{"@type":"ListItem","@id":"https:\/\/www.encontrabelem.com.br\/sobre\/veja-o-que-fazer-em-belem-e-interior-do-pa-festival-do-abacaxi-jaloo-papo-em-off-e-feira-do-livro#listItem","name":"Veja o que fazer em Bel\u00e9m e interior do PA: Festival do Abacaxi, Jaloo, Papo em OFF e Feira do Livro"}},{"@type":"ListItem","@id":"https:\/\/www.encontrabelem.com.br\/sobre\/veja-o-que-fazer-em-belem-e-interior-do-pa-festival-do-abacaxi-jaloo-papo-em-off-e-feira-do-livro#listItem","position":2,"name":"Veja o que fazer em Bel\u00e9m e interior do PA: Festival do Abacaxi, Jaloo, Papo em OFF e Feira do Livro","previousItem":{"@type":"ListItem","@id":"https:\/\/www.encontrabelem.com.br\/sobre#listItem","name":"In\u00edcio"}}]},{"@type":"Organization","@id":"https:\/\/www.encontrabelem.com.br\/sobre\/#organization","name":"Encontra Bel\u00e9m","description":"Not\u00edcias, eventos, informa\u00e7\u00f5es e dicas na cidade Bel\u00e9m e regi\u00e3o.","url":"https:\/\/www.encontrabelem.com.br\/sobre\/"},{"@type":"Person","@id":"https:\/\/www.encontrabelem.com.br\/sobre\/author\/ebelem#author","url":"https:\/\/www.encontrabelem.com.br\/sobre\/author\/ebelem","name":"Encontra Bel\u00e9m","image":{"@type":"ImageObject","@id":"https:\/\/www.encontrabelem.com.br\/sobre\/veja-o-que-fazer-em-belem-e-interior-do-pa-festival-do-abacaxi-jaloo-papo-em-off-e-feira-do-livro#authorImage","url":"https:\/\/secure.gravatar.com\/avatar\/507340682b8270222e1f208e23198b6ae7e2c6a1033ae84e99bc6bce4f82a387?s=96&d=mm&r=g","width":96,"height":96,"caption":"Encontra Bel\u00e9m"}},{"@type":"WebPage","@id":"https:\/\/www.encontrabelem.com.br\/sobre\/veja-o-que-fazer-em-belem-e-interior-do-pa-festival-do-abacaxi-jaloo-papo-em-off-e-feira-do-livro#webpage","url":"https:\/\/www.encontrabelem.com.br\/sobre\/veja-o-que-fazer-em-belem-e-interior-do-pa-festival-do-abacaxi-jaloo-papo-em-off-e-feira-do-livro","name":"Veja o que fazer em Bel\u00e9m e interior do PA: Festival do Abacaxi, Jaloo, Papo em OFF e Feira do Livro | Encontra Bel\u00e9m","description":"Descubra a vibrante agenda cultural em Bel\u00e9m com eventos incr\u00edveis!","inLanguage":"pt-BR","isPartOf":{"@id":"https:\/\/www.encontrabelem.com.br\/sobre\/#website"},"breadcrumb":{"@id":"https:\/\/www.encontrabelem.com.br\/sobre\/veja-o-que-fazer-em-belem-e-interior-do-pa-festival-do-abacaxi-jaloo-papo-em-off-e-feira-do-livro#breadcrumblist"},"author":{"@id":"https:\/\/www.encontrabelem.com.br\/sobre\/author\/ebelem#author"},"creator":{"@id":"https:\/\/www.encontrabelem.com.br\/sobre\/author\/ebelem#author"},"image":{"@type":"ImageObject","url":"https:\/\/www.encontrabelem.com.br\/sobre\/wp-content\/uploads\/2026\/09\/veja-o-que-fazer-em-belem-e-interior-do-pa-festival-do-abacaxi-jaloo-papo-em-off-e-feira-do-livro.webp","@id":"https:\/\/www.encontrabelem.com.br\/sobre\/veja-o-que-fazer-em-belem-e-interior-do-pa-festival-do-abacaxi-jaloo-papo-em-off-e-feira-do-livro\/#mainImage","width":280,"height":280},"primaryImageOfPage":{"@id":"https:\/\/www.encontrabelem.com.br\/sobre\/veja-o-que-fazer-em-belem-e-interior-do-pa-festival-do-abacaxi-jaloo-papo-em-off-e-feira-do-livro#mainImage"},"datePublished":"2026-09-04T03:30:27-03:00","dateModified":"2026-09-04T03:30:27-03:00"},{"@type":"WebSite","@id":"https:\/\/www.encontrabelem.com.br\/sobre\/#website","url":"https:\/\/www.encontrabelem.com.br\/sobre\/","name":"Encontra Bel\u00e9m","description":"Not\u00edcias, eventos, informa\u00e7\u00f5es e dicas na cidade Bel\u00e9m e regi\u00e3o.","inLanguage":"pt-BR","publisher":{"@id":"https:\/\/www.encontrabelem.com.br\/sobre\/#organization"}}]},"og:locale":"pt_BR","og:site_name":"Encontra Bel\u00e9m | Not\u00edcias, eventos, informa\u00e7\u00f5es e dicas na cidade Bel\u00e9m e regi\u00e3o.","og:type":"article","og:title":"Veja o que fazer em Bel\u00e9m e interior do PA: Festival do Abacaxi, Jaloo, Papo em OFF e Feira do Livro | Encontra Bel\u00e9m","og:description":"Descubra a vibrante agenda cultural em Bel\u00e9m com eventos incr\u00edveis!","og:url":"https:\/\/www.encontrabelem.com.br\/sobre\/veja-o-que-fazer-em-belem-e-interior-do-pa-festival-do-abacaxi-jaloo-papo-em-off-e-feira-do-livro","article:published_time":"2026-09-04T06:30:27+00:00","article:modified_time":"2026-09-04T06:30:27+00:00","twitter:card":"summary","twitter:title":"Veja o que fazer em Bel\u00e9m e interior do PA: Festival do Abacaxi, Jaloo, Papo em OFF e Feira do Livro | Encontra Bel\u00e9m","twitter:description":"Descubra a vibrante agenda cultural em Bel\u00e9m com eventos incr\u00edveis!"},"aioseo_meta_data":{"post_id":"2431","title":null,"description":null,"keywords":null,"keyphrases":null,"primary_term":null,"canonical_url":null,"og_title":null,"og_description":null,"og_object_type":"default","og_image_type":"default","og_image_url":null,"og_image_width":null,"og_image_height":null,"og_image_custom_url":null,"og_image_custom_fields":null,"og_video":null,"og_custom_url":null,"og_article_section":null,"og_article_tags":null,"twitter_use_og":false,"twitter_card":"default","twitter_image_type":"default","twitter_image_url":null,"twitter_image_custom_url":null,"twitter_image_custom_fields":null,"twitter_title":null,"twitter_description":null,"schema":{"blockGraphs":[],"customGraphs":[],"default":{"data":{"Article":[],"Course":[],"Dataset":[],"FAQPage":[],"Movie":[],"Person":[],"Product":[],"ProductReview":[],"Car":[],"Recipe":[],"Service":[],"SoftwareApplication":[],"WebPage":[]},"graphName":"Article","isEnabled":true},"graphs":[]},"schema_type":"default","schema_type_options":null,"pillar_content":false,"robots_default":true,"robots_noindex":false,"robots_noarchive":false,"robots_nosnippet":false,"robots_nofollow":false,"robots_noimageindex":false,"robots_noodp":false,"robots_notranslate":false,"robots_max_snippet":null,"robots_max_videopreview":null,"robots_max_imagepreview":"large","priority":null,"frequency":null,"local_seo":null,"breadcrumb_settings":null,"limit_modified_date":false,"ai":null,"created":"2026-09-04 06:30:27","updated":"2026-09-04 06:30:27","focus_keyword":null,"additional_keywords":null,"truseo_locale":null,"seo_analyzer_scan_date":null},"aioseo_breadcrumb":"<div class=\"aioseo-breadcrumbs\"><span class=\"aioseo-breadcrumb\">\n\t\t\t<a href=\"https:\/\/www.encontrabelem.com.br\/sobre\" title=\"In\u00edcio\">In\u00edcio<\/a>\n\t\t<\/span><span class=\"aioseo-breadcrumb-separator\">&raquo;<\/span><span class=\"aioseo-breadcrumb\">\n\t\t\tVeja o que fazer em Bel\u00e9m e interior do PA: Festival do Abacaxi, Jaloo, Papo em OFF e Feira do Livro\n\t\t<\/span><\/div>","aioseo_breadcrumb_json":[{"label":"In\u00edcio","link":"https:\/\/www.encontrabelem.com.br\/sobre"},{"label":"Veja o que fazer em Bel\u00e9m e interior do PA: Festival do Abacaxi, Jaloo, Papo em OFF e Feira do Livro","link":"https:\/\/www.encontrabelem.com.br\/sobre\/veja-o-que-fazer-em-belem-e-interior-do-pa-festival-do-abacaxi-jaloo-papo-em-off-e-feira-do-livro"}],"_links":{"self":[{"href":"https:\/\/www.encontrabelem.com.br\/sobre\/wp-json\/wp\/v2\/posts\/2431","targetHints":{"allow":["GET"]}}],"collection":[{"href":"https:\/\/www.encontrabelem.com.br\/sobre\/wp-json\/wp\/v2\/posts"}],"about":[{"href":"https:\/\/www.encontrabelem.com.br\/sobre\/wp-json\/wp\/v2\/types\/post"}],"author":[{"embeddable":true,"href":"https:\/\/www.encontrabelem.com.br\/sobre\/wp-json\/wp\/v2\/users\/1"}],"replies":[{"embeddable":true,"href":"https:\/\/www.encontrabelem.com.br\/sobre\/wp-json\/wp\/v2\/comments?post=2431"}],"version-history":[{"count":0,"href":"https:\/\/www.encontrabelem.com.br\/sobre\/wp-json\/wp\/v2\/posts\/2431\/revisions"}],"wp:featuredmedia":[{"embeddable":true,"href":"https:\/\/www.encontrabelem.com.br\/sobre\/wp-json\/wp\/v2\/media\/2430"}],"wp:attachment":[{"href":"https:\/\/www.encontrabelem.com.br\/sobre\/wp-json\/wp\/v2\/media?parent=2431"}],"wp:term":[{"taxonomy":"category","embeddable":true,"href":"https:\/\/www.encontrabelem.com.br\/sobre\/wp-json\/wp\/v2\/categories?post=2431"},{"taxonomy":"post_tag","embeddable":true,"href":"https:\/\/www.encontrabelem.com.br\/sobre\/wp-json\/wp\/v2\/tags?post=2431"}],"curies":[{"name":"wp","href":"https:\/\/api.w.org\/{rel}","templated":true}]}}