{"id":2427,"date":"2026-09-04T03:28:23","date_gmt":"2026-09-04T06:28:23","guid":{"rendered":"https:\/\/www.encontrabelem.com.br\/sobre\/mesarios-de-belem-recebem-treinamento-personalizado-para-as-eleicoes-2026"},"modified":"2026-09-04T03:28:23","modified_gmt":"2026-09-04T06:28:23","slug":"mesarios-de-belem-recebem-treinamento-personalizado-para-as-eleicoes-2026","status":"publish","type":"post","link":"https:\/\/www.encontrabelem.com.br\/sobre\/mesarios-de-belem-recebem-treinamento-personalizado-para-as-eleicoes-2026","title":{"rendered":"Mes\u00e1rios de Bel\u00e9m recebem treinamento personalizado para as Elei\u00e7\u00f5es 2026"},"content":{"rendered":"<div class=\"b22802487b0d38c4c6d9f34966e16421\" data-index=\"1\" style=\"float: none; margin:0px;\">\n<!-- Anuncio display - global -->\r\n<ins class=\"adsbygoogle\"\r\n     style=\"display:block\"\r\n     data-ad-client=\"ca-pub-8585364105181520\"\r\n     data-ad-slot=\"8789329856\"\r\n     data-ad-format=\"auto\"\r\n     data-full-width-responsive=\"true\"><\/ins>\r\n<script>\r\n     (adsbygoogle = window.adsbygoogle || []).push({});\r\n<\/script>\n<\/div>\n<h2>Objetivos do Treinamento<\/h2>\n<p>A capacita\u00e7\u00e3o dos mes\u00e1rios \u00e9 fundamental para assegurar a efici\u00eancia e o bom funcionamento das Elei\u00e7\u00f5es Gerais de 2026. O treinamento busca aprimorar as habilidades dos convocados, preparando-os tanto para o desempenho de suas fun\u00e7\u00f5es, quanto para a utiliza\u00e7\u00e3o correta e eficaz dos equipamentos de vota\u00e7\u00e3o, especialmente as urnas eletr\u00f4nicas. A inten\u00e7\u00e3o \u00e9 garantir que todos os mes\u00e1rios compreendam as normas e procedimentos necess\u00e1rios, contribuindo para um processo eleitoral mais \u00e1gil e organizado.<\/p>\n<h2>Local e Dura\u00e7\u00e3o do Evento<\/h2>\n<p>O evento ocorre no <strong>Pavilh\u00e3o da Economia Criativa<\/strong>, localizado no <strong>Parque da Cidade<\/strong>, em Bel\u00e9m. A programa\u00e7\u00e3o teve in\u00edcio no dia 31 de agosto e se estender\u00e1 at\u00e9 4 de setembro de 2026. Durante esse per\u00edodo, os mes\u00e1rios t\u00eam acesso a um calend\u00e1rio repleto de atividades pr\u00e1ticas e te\u00f3ricas altamente relevantes.<\/p>\n<h2>Atividades Pr\u00e1ticas Programadas<\/h2>\n<p>Durante o treinamento, os mes\u00e1rios participar\u00e3o de diversas atividades pr\u00e1ticas, incluindo:<\/p>\n<p><img decoding=\"async\" src=\"https:\/\/www.encontrabelem.com.br\/sobre\/wp-content\/uploads\/2026\/09\/mesarios-de-belem-recebem-treinamento-personalizado-para-as-eleicoes-2026.webp\" alt=\"\" loading=\"lazy\" \/><\/p>\n<ul>\n<li><strong>Treinamento com Urna Eletr\u00f4nica:<\/strong> Os participantes ter\u00e3o a oportunidade de operar as urnas, simulando os procedimentos que ocorrer\u00e3o no dia da elei\u00e7\u00e3o.<\/li>\n<li><strong>Verifica\u00e7\u00e3o de Lacres:<\/strong> Aprender\u00e3o a checar os lacres e os dispositivos de seguran\u00e7a das urnas antes da vota\u00e7\u00e3o.<\/li>\n<li><strong>Emiss\u00e3o da Zer\u00e9sima:<\/strong> Simula\u00e7\u00e3o da emiss\u00e3o do relat\u00f3rio que confirma a aus\u00eancia de votos registrados antes do in\u00edcio do pleito.<\/li>\n<\/ul>\n<h2>Atividades Te\u00f3ricas Abrangidas<\/h2>\n<p>Al\u00e9m das atividades pr\u00e1ticas, o treinamento contempla v\u00e1rias sess\u00f5es te\u00f3ricas que s\u00e3o essenciais para a compreens\u00e3o do processo eleitoral, incluindo:<\/p>\n<ul>\n<li><strong>Legisla\u00e7\u00e3o Eleitoral:<\/strong> Estudo das normas que regem o processo eleitoral e os deveres dos mes\u00e1rios.<\/li>\n<li><strong>Pontos Cr\u00edticos de Vota\u00e7\u00e3o:<\/strong> Discuss\u00e3o sobre os principais desafios que podem surgir durante o pleito e como lidar com eles.<\/li>\n<li><strong>Novidades das Elei\u00e7\u00f5es 2026:<\/strong> Informa\u00e7\u00f5es sobre altera\u00e7\u00f5es e inova\u00e7\u00f5es que impactar\u00e3o o processo eleitoral deste ano.<\/li>\n<\/ul>\n<h2>Impacto na Performance dos Mes\u00e1rios<\/h2>\n<p>O treinamento personalizado tem um impacto significativo no desempenho dos mes\u00e1rios. A capacita\u00e7\u00e3o permite que eles se sintam mais seguros e preparados para enfrentar os desafios do dia da elei\u00e7\u00e3o. A metodologia escolhida, que combina teoria e pr\u00e1tica, ajuda a fortalecer as habilidades de opera\u00e7\u00e3o dos equipamentos de vota\u00e7\u00e3o e a compreens\u00e3o de procedimentos eleitorais. Isso, consequentemente, aumenta a efici\u00eancia dos processos em se\u00e7\u00e3o eleitoral, resultando em um atendimento de qualidade ao eleitor.<\/p>\n<h2>Como o Treinamento \u00e9 Estruturado<\/h2>\n<p>A estrutura do treinamento \u00e9 meticulosamente planejada para atender \u00e0s diferentes necessidades dos mes\u00e1rios. Os convocados que est\u00e3o em sua primeira experi\u00eancia recebem um conjunto robusto de orienta\u00e7\u00f5es que inclui:<\/p>\n<ul>\n<li><strong>Oficinas Interativas:<\/strong> Onde podem esclarecer d\u00favidas e aprender fazendo.<\/li>\n<li><strong>Simula\u00e7\u00f5es Pr\u00e1ticas:<\/strong> Para que se familiarizem com a opera\u00e7\u00e3o das urnas eletr\u00f4nicas antes do dia da elei\u00e7\u00e3o.<\/li>\n<\/ul>\n<p>Por outro lado, os mes\u00e1rios mais experientes s\u00e3o direcionados para sess\u00f5es que abordam:<\/p>\n<ul>\n<li><strong>Pontos Cr\u00edticos:<\/strong> Focados em situa\u00e7\u00f5es que podem ocorrer durante a vota\u00e7\u00e3o e como evit\u00e1-las.<\/li>\n<li><strong>Novidades da Elei\u00e7\u00e3o:<\/strong> Informa\u00e7\u00f5es sobre o que h\u00e1 de novo para o pleito deste ano, garantindo que est\u00e9n atualizados sobre o processo eleitoral.<\/li>\n<\/ul>\n<h2>Feedback dos Participantes<\/h2>\n<p>O retorno dos mes\u00e1rios em rela\u00e7\u00e3o ao treinamento \u00e9 extremamente positivo. Os participantes t\u00eam destacado a clareza e a relev\u00e2ncia das orienta\u00e7\u00f5es fornecidas. Por exemplo, Fernanda Valente Cardoso, mes\u00e1ria pela segunda vez, mencionou a transpar\u00eancia das informa\u00e7\u00f5es e a organiza\u00e7\u00e3o. &#8220;O treinamento foi muito tranquilo e claro, com todas as d\u00favidas sendo prontamente esclarecidas,&#8221; disse ela.<\/p>\n<p>George Pachman, que atuou como primeiro mes\u00e1rio, elogiou a did\u00e1tica do instrutor: &#8220;O conte\u00fado foi f\u00e1cil de entender, e o local para o treinamento \u00e9 muito acess\u00edvel.&#8221; Esse feedback positivo demonstra que a combina\u00e7\u00e3o de teoria e pr\u00e1tica \u00e9 altamente valorizada pelos mes\u00e1rios.<\/p>\n<h2>Diferen\u00e7as entre Mes\u00e1rios Novos e Experientes<\/h2>\n<p>O curso de treinamento \u00e9 adaptado para atender \u00e0s diferentes experi\u00eancias dos mes\u00e1rios. Enquanto os novos recebem uma forma\u00e7\u00e3o mais abrangente, aqueles que j\u00e1 atuaram nas elei\u00e7\u00f5es t\u00eam acesso a Sess\u00f5es Espec\u00edficas que abordam aspectos mais t\u00e9cnicos e sutilezas que s\u00f3 s\u00e3o percebidas com a experi\u00eancia. Essa diferencia\u00e7\u00e3o \u00e9 fundamental para a forma\u00e7\u00e3o de um time eficiente e articulado na hora das elei\u00e7\u00f5es.<\/p>\n<h2>Import\u00e2ncia da Simula\u00e7\u00e3o Pr\u00e1tica<\/h2>\n<p>A simula\u00e7\u00e3o pr\u00e1tica \u00e9 uma das partes mais importantes do treinamento. Ao manusear as urnas eletr\u00f4nicas e passar por cen\u00e1rios que podem ocorrer na vota\u00e7\u00e3o, os mes\u00e1rios ganham confian\u00e7a e desenvolvem habilidades que ser\u00e3o cruciais no dia do pleito. A pr\u00e1tica n\u00e3o s\u00f3 melhora a performance individual, mas tamb\u00e9m contribui para a efici\u00eancia coletiva, reduzindo problemas que possam surgir durante a vota\u00e7\u00e3o.<\/p>\n<h2>Colabora\u00e7\u00e3o entre Institui\u00e7\u00f5es<\/h2>\n<p>O treinamento \u00e9 resultado de uma colabora\u00e7\u00e3o eficaz entre v\u00e1rias institui\u00e7\u00f5es e \u00f3rg\u00e3os envolvidos no processo eleitoral. O TRE-PA trabalha em conjunto com as Zonas Eleitorais da capital, Secretaria de Planejamento e outras entidades para garantir que os mes\u00e1rios tenham a melhor forma\u00e7\u00e3o poss\u00edvel. Essa articula\u00e7\u00e3o \u00e9 vital para criar um ambiente de apoio e solidariedade entre todos os envolvidos no processo eleitoral.<\/p>\n\n<div style=\"font-size: 0px; height: 0px; line-height: 0px; margin: 0; padding: 0; clear: both;\"><\/div>","protected":false},"excerpt":{"rendered":"<p>Mes\u00e1rios de Bel\u00e9m recebem treinamento personalizado para as Elei\u00e7\u00f5es 2026 com foco em atividades pr\u00e1ticas e te\u00f3ricas.<\/p>\n","protected":false},"author":1,"featured_media":2426,"comment_status":"open","ping_status":"closed","sticky":false,"template":"","format":"standard","meta":{"footnotes":""},"categories":[23],"tags":[],"class_list":["post-2427","post","type-post","status-publish","format-standard","has-post-thumbnail","hentry","category-concursos-em-belem","has_thumb"],"aioseo_notices":[],"aioseo_head":"\n\t\t<!-- All in One SEO 5.0.0.1 - aioseo.com -->\n\t<meta name=\"description\" content=\"Mes\u00e1rios de Bel\u00e9m recebem treinamento personalizado para as Elei\u00e7\u00f5es 2026 com foco em atividades pr\u00e1ticas e te\u00f3ricas.\" \/>\n\t<meta name=\"robots\" content=\"max-image-preview:large\" \/>\n\t<meta name=\"author\" content=\"Encontra Bel\u00e9m\"\/>\n\t<link rel=\"canonical\" href=\"https:\/\/www.encontrabelem.com.br\/sobre\/mesarios-de-belem-recebem-treinamento-personalizado-para-as-eleicoes-2026\" \/>\n\t<meta name=\"generator\" content=\"All in One SEO (AIOSEO) 5.0.0.1\" \/>\n\t\t<meta property=\"og:locale\" content=\"pt_BR\" \/>\n\t\t<meta property=\"og:site_name\" content=\"Encontra Bel\u00e9m | Not\u00edcias, eventos, informa\u00e7\u00f5es e dicas na cidade Bel\u00e9m e regi\u00e3o.\" \/>\n\t\t<meta property=\"og:type\" content=\"article\" \/>\n\t\t<meta property=\"og:title\" content=\"Mes\u00e1rios de Bel\u00e9m recebem treinamento personalizado para as Elei\u00e7\u00f5es 2026 | Encontra Bel\u00e9m\" \/>\n\t\t<meta property=\"og:description\" content=\"Mes\u00e1rios de Bel\u00e9m recebem treinamento personalizado para as Elei\u00e7\u00f5es 2026 com foco em atividades pr\u00e1ticas e te\u00f3ricas.\" \/>\n\t\t<meta property=\"og:url\" content=\"https:\/\/www.encontrabelem.com.br\/sobre\/mesarios-de-belem-recebem-treinamento-personalizado-para-as-eleicoes-2026\" \/>\n\t\t<meta property=\"article:published_time\" content=\"2026-09-04T06:28:23+00:00\" \/>\n\t\t<meta property=\"article:modified_time\" content=\"2026-09-04T06:28:23+00:00\" \/>\n\t\t<meta name=\"twitter:card\" content=\"summary\" \/>\n\t\t<meta name=\"twitter:title\" content=\"Mes\u00e1rios de Bel\u00e9m recebem treinamento personalizado para as Elei\u00e7\u00f5es 2026 | Encontra Bel\u00e9m\" \/>\n\t\t<meta name=\"twitter:description\" content=\"Mes\u00e1rios de Bel\u00e9m recebem treinamento personalizado para as Elei\u00e7\u00f5es 2026 com foco em atividades pr\u00e1ticas e te\u00f3ricas.\" \/>\n\t\t<script type=\"application\/ld+json\" class=\"aioseo-schema\">\n\t\t\t{\"@context\":\"https:\\\/\\\/schema.org\",\"@graph\":[{\"@type\":\"Article\",\"@id\":\"https:\\\/\\\/www.encontrabelem.com.br\\\/sobre\\\/mesarios-de-belem-recebem-treinamento-personalizado-para-as-eleicoes-2026#article\",\"name\":\"Mes\\u00e1rios de Bel\\u00e9m recebem treinamento personalizado para as Elei\\u00e7\\u00f5es 2026 | Encontra Bel\\u00e9m\",\"headline\":\"Mes\\u00e1rios de Bel\\u00e9m recebem treinamento personalizado para as Elei\\u00e7\\u00f5es 2026\",\"author\":{\"@id\":\"https:\\\/\\\/www.encontrabelem.com.br\\\/sobre\\\/author\\\/ebelem#author\"},\"publisher\":{\"@id\":\"https:\\\/\\\/www.encontrabelem.com.br\\\/sobre\\\/#organization\"},\"image\":{\"@type\":\"ImageObject\",\"url\":\"https:\\\/\\\/www.encontrabelem.com.br\\\/sobre\\\/wp-content\\\/uploads\\\/2026\\\/09\\\/mesarios-de-belem-recebem-treinamento-personalizado-para-as-eleicoes-2026.webp\",\"width\":280,\"height\":280},\"datePublished\":\"2026-09-04T03:28:23-03:00\",\"dateModified\":\"2026-09-04T03:28:23-03:00\",\"inLanguage\":\"pt-BR\",\"mainEntityOfPage\":{\"@id\":\"https:\\\/\\\/www.encontrabelem.com.br\\\/sobre\\\/mesarios-de-belem-recebem-treinamento-personalizado-para-as-eleicoes-2026#webpage\"},\"isPartOf\":{\"@id\":\"https:\\\/\\\/www.encontrabelem.com.br\\\/sobre\\\/mesarios-de-belem-recebem-treinamento-personalizado-para-as-eleicoes-2026#webpage\"},\"articleSection\":\"Concursos Bel\\u00e9m\"},{\"@type\":\"BreadcrumbList\",\"@id\":\"https:\\\/\\\/www.encontrabelem.com.br\\\/sobre\\\/mesarios-de-belem-recebem-treinamento-personalizado-para-as-eleicoes-2026#breadcrumblist\",\"itemListElement\":[{\"@type\":\"ListItem\",\"@id\":\"https:\\\/\\\/www.encontrabelem.com.br\\\/sobre#listItem\",\"position\":1,\"name\":\"In\\u00edcio\",\"item\":\"https:\\\/\\\/www.encontrabelem.com.br\\\/sobre\",\"nextItem\":{\"@type\":\"ListItem\",\"@id\":\"https:\\\/\\\/www.encontrabelem.com.br\\\/sobre\\\/concursos-em-belem#listItem\",\"name\":\"Concursos Bel\\u00e9m\"}},{\"@type\":\"ListItem\",\"@id\":\"https:\\\/\\\/www.encontrabelem.com.br\\\/sobre\\\/concursos-em-belem#listItem\",\"position\":2,\"name\":\"Concursos Bel\\u00e9m\",\"item\":\"https:\\\/\\\/www.encontrabelem.com.br\\\/sobre\\\/concursos-em-belem\",\"nextItem\":{\"@type\":\"ListItem\",\"@id\":\"https:\\\/\\\/www.encontrabelem.com.br\\\/sobre\\\/mesarios-de-belem-recebem-treinamento-personalizado-para-as-eleicoes-2026#listItem\",\"name\":\"Mes\\u00e1rios de Bel\\u00e9m recebem treinamento personalizado para as Elei\\u00e7\\u00f5es 2026\"},\"previousItem\":{\"@type\":\"ListItem\",\"@id\":\"https:\\\/\\\/www.encontrabelem.com.br\\\/sobre#listItem\",\"name\":\"In\\u00edcio\"}},{\"@type\":\"ListItem\",\"@id\":\"https:\\\/\\\/www.encontrabelem.com.br\\\/sobre\\\/mesarios-de-belem-recebem-treinamento-personalizado-para-as-eleicoes-2026#listItem\",\"position\":3,\"name\":\"Mes\\u00e1rios de Bel\\u00e9m recebem treinamento personalizado para as Elei\\u00e7\\u00f5es 2026\",\"previousItem\":{\"@type\":\"ListItem\",\"@id\":\"https:\\\/\\\/www.encontrabelem.com.br\\\/sobre\\\/concursos-em-belem#listItem\",\"name\":\"Concursos Bel\\u00e9m\"}}]},{\"@type\":\"Organization\",\"@id\":\"https:\\\/\\\/www.encontrabelem.com.br\\\/sobre\\\/#organization\",\"name\":\"Encontra Bel\\u00e9m\",\"description\":\"Not\\u00edcias, eventos, informa\\u00e7\\u00f5es e dicas na cidade Bel\\u00e9m e regi\\u00e3o.\",\"url\":\"https:\\\/\\\/www.encontrabelem.com.br\\\/sobre\\\/\"},{\"@type\":\"Person\",\"@id\":\"https:\\\/\\\/www.encontrabelem.com.br\\\/sobre\\\/author\\\/ebelem#author\",\"url\":\"https:\\\/\\\/www.encontrabelem.com.br\\\/sobre\\\/author\\\/ebelem\",\"name\":\"Encontra Bel\\u00e9m\",\"image\":{\"@type\":\"ImageObject\",\"@id\":\"https:\\\/\\\/www.encontrabelem.com.br\\\/sobre\\\/mesarios-de-belem-recebem-treinamento-personalizado-para-as-eleicoes-2026#authorImage\",\"url\":\"https:\\\/\\\/secure.gravatar.com\\\/avatar\\\/507340682b8270222e1f208e23198b6ae7e2c6a1033ae84e99bc6bce4f82a387?s=96&d=mm&r=g\",\"width\":96,\"height\":96,\"caption\":\"Encontra Bel\\u00e9m\"}},{\"@type\":\"WebPage\",\"@id\":\"https:\\\/\\\/www.encontrabelem.com.br\\\/sobre\\\/mesarios-de-belem-recebem-treinamento-personalizado-para-as-eleicoes-2026#webpage\",\"url\":\"https:\\\/\\\/www.encontrabelem.com.br\\\/sobre\\\/mesarios-de-belem-recebem-treinamento-personalizado-para-as-eleicoes-2026\",\"name\":\"Mes\\u00e1rios de Bel\\u00e9m recebem treinamento personalizado para as Elei\\u00e7\\u00f5es 2026 | Encontra Bel\\u00e9m\",\"description\":\"Mes\\u00e1rios de Bel\\u00e9m recebem treinamento personalizado para as Elei\\u00e7\\u00f5es 2026 com foco em atividades pr\\u00e1ticas e te\\u00f3ricas.\",\"inLanguage\":\"pt-BR\",\"isPartOf\":{\"@id\":\"https:\\\/\\\/www.encontrabelem.com.br\\\/sobre\\\/#website\"},\"breadcrumb\":{\"@id\":\"https:\\\/\\\/www.encontrabelem.com.br\\\/sobre\\\/mesarios-de-belem-recebem-treinamento-personalizado-para-as-eleicoes-2026#breadcrumblist\"},\"author\":{\"@id\":\"https:\\\/\\\/www.encontrabelem.com.br\\\/sobre\\\/author\\\/ebelem#author\"},\"creator\":{\"@id\":\"https:\\\/\\\/www.encontrabelem.com.br\\\/sobre\\\/author\\\/ebelem#author\"},\"image\":{\"@type\":\"ImageObject\",\"url\":\"https:\\\/\\\/www.encontrabelem.com.br\\\/sobre\\\/wp-content\\\/uploads\\\/2026\\\/09\\\/mesarios-de-belem-recebem-treinamento-personalizado-para-as-eleicoes-2026.webp\",\"@id\":\"https:\\\/\\\/www.encontrabelem.com.br\\\/sobre\\\/mesarios-de-belem-recebem-treinamento-personalizado-para-as-eleicoes-2026\\\/#mainImage\",\"width\":280,\"height\":280},\"primaryImageOfPage\":{\"@id\":\"https:\\\/\\\/www.encontrabelem.com.br\\\/sobre\\\/mesarios-de-belem-recebem-treinamento-personalizado-para-as-eleicoes-2026#mainImage\"},\"datePublished\":\"2026-09-04T03:28:23-03:00\",\"dateModified\":\"2026-09-04T03:28:23-03:00\"},{\"@type\":\"WebSite\",\"@id\":\"https:\\\/\\\/www.encontrabelem.com.br\\\/sobre\\\/#website\",\"url\":\"https:\\\/\\\/www.encontrabelem.com.br\\\/sobre\\\/\",\"name\":\"Encontra Bel\\u00e9m\",\"description\":\"Not\\u00edcias, eventos, informa\\u00e7\\u00f5es e dicas na cidade Bel\\u00e9m e regi\\u00e3o.\",\"inLanguage\":\"pt-BR\",\"publisher\":{\"@id\":\"https:\\\/\\\/www.encontrabelem.com.br\\\/sobre\\\/#organization\"}}]}\n\t\t<\/script>\n\t\t<!-- All in One SEO -->\n\n","aioseo_head_json":{"title":"Mes\u00e1rios de Bel\u00e9m recebem treinamento personalizado para as Elei\u00e7\u00f5es 2026 | Encontra Bel\u00e9m","description":"Mes\u00e1rios de Bel\u00e9m recebem treinamento personalizado para as Elei\u00e7\u00f5es 2026 com foco em atividades pr\u00e1ticas e te\u00f3ricas.","canonical_url":"https:\/\/www.encontrabelem.com.br\/sobre\/mesarios-de-belem-recebem-treinamento-personalizado-para-as-eleicoes-2026","robots":"max-image-preview:large","keywords":"","webmasterTools":{"miscellaneous":""},"schema":{"@context":"https:\/\/schema.org","@graph":[{"@type":"Article","@id":"https:\/\/www.encontrabelem.com.br\/sobre\/mesarios-de-belem-recebem-treinamento-personalizado-para-as-eleicoes-2026#article","name":"Mes\u00e1rios de Bel\u00e9m recebem treinamento personalizado para as Elei\u00e7\u00f5es 2026 | Encontra Bel\u00e9m","headline":"Mes\u00e1rios de Bel\u00e9m recebem treinamento personalizado para as Elei\u00e7\u00f5es 2026","author":{"@id":"https:\/\/www.encontrabelem.com.br\/sobre\/author\/ebelem#author"},"publisher":{"@id":"https:\/\/www.encontrabelem.com.br\/sobre\/#organization"},"image":{"@type":"ImageObject","url":"https:\/\/www.encontrabelem.com.br\/sobre\/wp-content\/uploads\/2026\/09\/mesarios-de-belem-recebem-treinamento-personalizado-para-as-eleicoes-2026.webp","width":280,"height":280},"datePublished":"2026-09-04T03:28:23-03:00","dateModified":"2026-09-04T03:28:23-03:00","inLanguage":"pt-BR","mainEntityOfPage":{"@id":"https:\/\/www.encontrabelem.com.br\/sobre\/mesarios-de-belem-recebem-treinamento-personalizado-para-as-eleicoes-2026#webpage"},"isPartOf":{"@id":"https:\/\/www.encontrabelem.com.br\/sobre\/mesarios-de-belem-recebem-treinamento-personalizado-para-as-eleicoes-2026#webpage"},"articleSection":"Concursos Bel\u00e9m"},{"@type":"BreadcrumbList","@id":"https:\/\/www.encontrabelem.com.br\/sobre\/mesarios-de-belem-recebem-treinamento-personalizado-para-as-eleicoes-2026#breadcrumblist","itemListElement":[{"@type":"ListItem","@id":"https:\/\/www.encontrabelem.com.br\/sobre#listItem","position":1,"name":"In\u00edcio","item":"https:\/\/www.encontrabelem.com.br\/sobre","nextItem":{"@type":"ListItem","@id":"https:\/\/www.encontrabelem.com.br\/sobre\/concursos-em-belem#listItem","name":"Concursos Bel\u00e9m"}},{"@type":"ListItem","@id":"https:\/\/www.encontrabelem.com.br\/sobre\/concursos-em-belem#listItem","position":2,"name":"Concursos Bel\u00e9m","item":"https:\/\/www.encontrabelem.com.br\/sobre\/concursos-em-belem","nextItem":{"@type":"ListItem","@id":"https:\/\/www.encontrabelem.com.br\/sobre\/mesarios-de-belem-recebem-treinamento-personalizado-para-as-eleicoes-2026#listItem","name":"Mes\u00e1rios de Bel\u00e9m recebem treinamento personalizado para as Elei\u00e7\u00f5es 2026"},"previousItem":{"@type":"ListItem","@id":"https:\/\/www.encontrabelem.com.br\/sobre#listItem","name":"In\u00edcio"}},{"@type":"ListItem","@id":"https:\/\/www.encontrabelem.com.br\/sobre\/mesarios-de-belem-recebem-treinamento-personalizado-para-as-eleicoes-2026#listItem","position":3,"name":"Mes\u00e1rios de Bel\u00e9m recebem treinamento personalizado para as Elei\u00e7\u00f5es 2026","previousItem":{"@type":"ListItem","@id":"https:\/\/www.encontrabelem.com.br\/sobre\/concursos-em-belem#listItem","name":"Concursos Bel\u00e9m"}}]},{"@type":"Organization","@id":"https:\/\/www.encontrabelem.com.br\/sobre\/#organization","name":"Encontra Bel\u00e9m","description":"Not\u00edcias, eventos, informa\u00e7\u00f5es e dicas na cidade Bel\u00e9m e regi\u00e3o.","url":"https:\/\/www.encontrabelem.com.br\/sobre\/"},{"@type":"Person","@id":"https:\/\/www.encontrabelem.com.br\/sobre\/author\/ebelem#author","url":"https:\/\/www.encontrabelem.com.br\/sobre\/author\/ebelem","name":"Encontra Bel\u00e9m","image":{"@type":"ImageObject","@id":"https:\/\/www.encontrabelem.com.br\/sobre\/mesarios-de-belem-recebem-treinamento-personalizado-para-as-eleicoes-2026#authorImage","url":"https:\/\/secure.gravatar.com\/avatar\/507340682b8270222e1f208e23198b6ae7e2c6a1033ae84e99bc6bce4f82a387?s=96&d=mm&r=g","width":96,"height":96,"caption":"Encontra Bel\u00e9m"}},{"@type":"WebPage","@id":"https:\/\/www.encontrabelem.com.br\/sobre\/mesarios-de-belem-recebem-treinamento-personalizado-para-as-eleicoes-2026#webpage","url":"https:\/\/www.encontrabelem.com.br\/sobre\/mesarios-de-belem-recebem-treinamento-personalizado-para-as-eleicoes-2026","name":"Mes\u00e1rios de Bel\u00e9m recebem treinamento personalizado para as Elei\u00e7\u00f5es 2026 | Encontra Bel\u00e9m","description":"Mes\u00e1rios de Bel\u00e9m recebem treinamento personalizado para as Elei\u00e7\u00f5es 2026 com foco em atividades pr\u00e1ticas e te\u00f3ricas.","inLanguage":"pt-BR","isPartOf":{"@id":"https:\/\/www.encontrabelem.com.br\/sobre\/#website"},"breadcrumb":{"@id":"https:\/\/www.encontrabelem.com.br\/sobre\/mesarios-de-belem-recebem-treinamento-personalizado-para-as-eleicoes-2026#breadcrumblist"},"author":{"@id":"https:\/\/www.encontrabelem.com.br\/sobre\/author\/ebelem#author"},"creator":{"@id":"https:\/\/www.encontrabelem.com.br\/sobre\/author\/ebelem#author"},"image":{"@type":"ImageObject","url":"https:\/\/www.encontrabelem.com.br\/sobre\/wp-content\/uploads\/2026\/09\/mesarios-de-belem-recebem-treinamento-personalizado-para-as-eleicoes-2026.webp","@id":"https:\/\/www.encontrabelem.com.br\/sobre\/mesarios-de-belem-recebem-treinamento-personalizado-para-as-eleicoes-2026\/#mainImage","width":280,"height":280},"primaryImageOfPage":{"@id":"https:\/\/www.encontrabelem.com.br\/sobre\/mesarios-de-belem-recebem-treinamento-personalizado-para-as-eleicoes-2026#mainImage"},"datePublished":"2026-09-04T03:28:23-03:00","dateModified":"2026-09-04T03:28:23-03:00"},{"@type":"WebSite","@id":"https:\/\/www.encontrabelem.com.br\/sobre\/#website","url":"https:\/\/www.encontrabelem.com.br\/sobre\/","name":"Encontra Bel\u00e9m","description":"Not\u00edcias, eventos, informa\u00e7\u00f5es e dicas na cidade Bel\u00e9m e regi\u00e3o.","inLanguage":"pt-BR","publisher":{"@id":"https:\/\/www.encontrabelem.com.br\/sobre\/#organization"}}]},"og:locale":"pt_BR","og:site_name":"Encontra Bel\u00e9m | Not\u00edcias, eventos, informa\u00e7\u00f5es e dicas na cidade Bel\u00e9m e regi\u00e3o.","og:type":"article","og:title":"Mes\u00e1rios de Bel\u00e9m recebem treinamento personalizado para as Elei\u00e7\u00f5es 2026 | Encontra Bel\u00e9m","og:description":"Mes\u00e1rios de Bel\u00e9m recebem treinamento personalizado para as Elei\u00e7\u00f5es 2026 com foco em atividades pr\u00e1ticas e te\u00f3ricas.","og:url":"https:\/\/www.encontrabelem.com.br\/sobre\/mesarios-de-belem-recebem-treinamento-personalizado-para-as-eleicoes-2026","article:published_time":"2026-09-04T06:28:23+00:00","article:modified_time":"2026-09-04T06:28:23+00:00","twitter:card":"summary","twitter:title":"Mes\u00e1rios de Bel\u00e9m recebem treinamento personalizado para as Elei\u00e7\u00f5es 2026 | Encontra Bel\u00e9m","twitter:description":"Mes\u00e1rios de Bel\u00e9m recebem treinamento personalizado para as Elei\u00e7\u00f5es 2026 com foco em atividades pr\u00e1ticas e te\u00f3ricas."},"aioseo_meta_data":{"post_id":"2427","title":null,"description":null,"keywords":null,"keyphrases":null,"primary_term":null,"canonical_url":null,"og_title":null,"og_description":null,"og_object_type":"default","og_image_type":"default","og_image_url":null,"og_image_width":null,"og_image_height":null,"og_image_custom_url":null,"og_image_custom_fields":null,"og_video":null,"og_custom_url":null,"og_article_section":null,"og_article_tags":null,"twitter_use_og":false,"twitter_card":"default","twitter_image_type":"default","twitter_image_url":null,"twitter_image_custom_url":null,"twitter_image_custom_fields":null,"twitter_title":null,"twitter_description":null,"schema":{"blockGraphs":[],"customGraphs":[],"default":{"data":{"Article":[],"Course":[],"Dataset":[],"FAQPage":[],"Movie":[],"Person":[],"Product":[],"ProductReview":[],"Car":[],"Recipe":[],"Service":[],"SoftwareApplication":[],"WebPage":[]},"graphName":"Article","isEnabled":true},"graphs":[]},"schema_type":"default","schema_type_options":null,"pillar_content":false,"robots_default":true,"robots_noindex":false,"robots_noarchive":false,"robots_nosnippet":false,"robots_nofollow":false,"robots_noimageindex":false,"robots_noodp":false,"robots_notranslate":false,"robots_max_snippet":null,"robots_max_videopreview":null,"robots_max_imagepreview":"large","priority":null,"frequency":null,"local_seo":null,"breadcrumb_settings":null,"limit_modified_date":false,"ai":null,"created":"2026-09-04 06:28:23","updated":"2026-09-04 06:28:23","focus_keyword":null,"additional_keywords":null,"truseo_locale":null,"seo_analyzer_scan_date":null},"aioseo_breadcrumb":"<div class=\"aioseo-breadcrumbs\"><span class=\"aioseo-breadcrumb\">\n\t\t\t<a href=\"https:\/\/www.encontrabelem.com.br\/sobre\" title=\"In\u00edcio\">In\u00edcio<\/a>\n\t\t<\/span><span class=\"aioseo-breadcrumb-separator\">&raquo;<\/span><span class=\"aioseo-breadcrumb\">\n\t\t\t<a href=\"https:\/\/www.encontrabelem.com.br\/sobre\/concursos-em-belem\" title=\"Concursos Bel\u00e9m\">Concursos Bel\u00e9m<\/a>\n\t\t<\/span><span class=\"aioseo-breadcrumb-separator\">&raquo;<\/span><span class=\"aioseo-breadcrumb\">\n\t\t\tMes\u00e1rios de Bel\u00e9m recebem treinamento personalizado para as Elei\u00e7\u00f5es 2026\n\t\t<\/span><\/div>","aioseo_breadcrumb_json":[{"label":"In\u00edcio","link":"https:\/\/www.encontrabelem.com.br\/sobre"},{"label":"Concursos Bel\u00e9m","link":"https:\/\/www.encontrabelem.com.br\/sobre\/concursos-em-belem"},{"label":"Mes\u00e1rios de Bel\u00e9m recebem treinamento personalizado para as Elei\u00e7\u00f5es 2026","link":"https:\/\/www.encontrabelem.com.br\/sobre\/mesarios-de-belem-recebem-treinamento-personalizado-para-as-eleicoes-2026"}],"_links":{"self":[{"href":"https:\/\/www.encontrabelem.com.br\/sobre\/wp-json\/wp\/v2\/posts\/2427","targetHints":{"allow":["GET"]}}],"collection":[{"href":"https:\/\/www.encontrabelem.com.br\/sobre\/wp-json\/wp\/v2\/posts"}],"about":[{"href":"https:\/\/www.encontrabelem.com.br\/sobre\/wp-json\/wp\/v2\/types\/post"}],"author":[{"embeddable":true,"href":"https:\/\/www.encontrabelem.com.br\/sobre\/wp-json\/wp\/v2\/users\/1"}],"replies":[{"embeddable":true,"href":"https:\/\/www.encontrabelem.com.br\/sobre\/wp-json\/wp\/v2\/comments?post=2427"}],"version-history":[{"count":0,"href":"https:\/\/www.encontrabelem.com.br\/sobre\/wp-json\/wp\/v2\/posts\/2427\/revisions"}],"wp:featuredmedia":[{"embeddable":true,"href":"https:\/\/www.encontrabelem.com.br\/sobre\/wp-json\/wp\/v2\/media\/2426"}],"wp:attachment":[{"href":"https:\/\/www.encontrabelem.com.br\/sobre\/wp-json\/wp\/v2\/media?parent=2427"}],"wp:term":[{"taxonomy":"category","embeddable":true,"href":"https:\/\/www.encontrabelem.com.br\/sobre\/wp-json\/wp\/v2\/categories?post=2427"},{"taxonomy":"post_tag","embeddable":true,"href":"https:\/\/www.encontrabelem.com.br\/sobre\/wp-json\/wp\/v2\/tags?post=2427"}],"curies":[{"name":"wp","href":"https:\/\/api.w.org\/{rel}","templated":true}]}}