{"id":2425,"date":"2026-09-03T03:30:36","date_gmt":"2026-09-03T06:30:36","guid":{"rendered":"https:\/\/www.encontrabelem.com.br\/sobre\/fafa-de-belem-chega-aos-70-anos-como-uma-personalidade-do-brasil-que-vive-e-canta-com-a-intensidade-das-pororocas"},"modified":"2026-09-03T03:30:36","modified_gmt":"2026-09-03T06:30:36","slug":"fafa-de-belem-chega-aos-70-anos-como-uma-personalidade-do-brasil-que-vive-e-canta-com-a-intensidade-das-pororocas","status":"publish","type":"post","link":"https:\/\/www.encontrabelem.com.br\/sobre\/fafa-de-belem-chega-aos-70-anos-como-uma-personalidade-do-brasil-que-vive-e-canta-com-a-intensidade-das-pororocas","title":{"rendered":"Faf\u00e1 de Bel\u00e9m chega aos 70 anos como uma personalidade do Brasil que vive e canta com a intensidade das pororocas"},"content":{"rendered":"<div class=\"b22802487b0d38c4c6d9f34966e16421\" data-index=\"1\" style=\"float: none; margin:0px;\">\n<!-- Anuncio display - global -->\r\n<ins class=\"adsbygoogle\"\r\n     style=\"display:block\"\r\n     data-ad-client=\"ca-pub-8585364105181520\"\r\n     data-ad-slot=\"8789329856\"\r\n     data-ad-format=\"auto\"\r\n     data-full-width-responsive=\"true\"><\/ins>\r\n<script>\r\n     (adsbygoogle = window.adsbygoogle || []).push({});\r\n<\/script>\n<\/div>\n<h2>Uma Voz que Ecoa na MPB<\/h2>\n<p>Faf\u00e1 de Bel\u00e9m \u00e9 uma das vozes mais emblem\u00e1ticas da m\u00fasica popular brasileira (MPB). Sua tonalidade grave e expressiva a torna imediatamente reconhec\u00edvel no cen\u00e1rio musical. Desde o in\u00edcio de sua carreira, ela cativou o p\u00fablico com sua interpreta\u00e7\u00e3o intensa e apaixonada. Ao longo dos anos, a cantora se consolidou como uma figura ic\u00f4nica que representa n\u00e3o apenas a m\u00fasica, mas tamb\u00e9m a cultura e a identidade regional do Brasil.<\/p>\n<h2>Os In\u00edcios de Faf\u00e1 de Bel\u00e9m<\/h2>\n<p>A artista, nascida em Bel\u00e9m, Par\u00e1, iniciou sua trajet\u00f3ria musical ainda jovem, ganhando notoriedade na d\u00e9cada de 1970. Sua primeira apari\u00e7\u00e3o marcante foi na novela &#8220;Gabriela&#8221;, em 1975, onde cantou &#8220;Filho da Bahia&#8221;, que rapidamente se tornou um cl\u00e1ssico. Desde ent\u00e3o, Faf\u00e1 tem sido uma presen\u00e7a constante nas paradas musicais e nas casas de show, atraindo um p\u00fablico diversificado e fiel.<\/p>\n<h2>Como Faf\u00e1 se Tornou um \u00cdcone Nacional<\/h2>\n<p>O sucesso de Faf\u00e1 de Bel\u00e9m pode ser atribu\u00eddo a diversos fatores. Em primeiro lugar, seu jeito \u00fanico de interpretar can\u00e7\u00f5es populares a destacava. Al\u00e9m disso, sua conex\u00e3o com suas ra\u00edzes amaz\u00f4nicas e sua habilidade em incorporar ritmos regionais, como o carimb\u00f3 e o brega, trouxe uma autenticidade que ressoou com o p\u00fablico. Faf\u00e1 transformou-se em um s\u00edmbolo de resist\u00eancia cultural, representando a for\u00e7a feminina na m\u00fasica brasileira.<\/p>\n<p><img decoding=\"async\" src=\"https:\/\/www.encontrabelem.com.br\/sobre\/wp-content\/uploads\/2026\/09\/fafa-de-belem-chega-aos-70-anos-como-uma-personalidade-do-brasil-que-vive-e-canta-com-a-intensidade-.webp\" alt=\"Faf\u00e1 de Bel\u00e9m\" loading=\"lazy\" \/><\/p>\n<h2>As Influ\u00eancias da Cultura Amaz\u00f4nica<\/h2>\n<p>Faf\u00e1 \u00e9 profundamente influenciada pela cultura da regi\u00e3o amaz\u00f4nica. Seus shows frequentemente incorporam elementos da cultura paraense, desde dan\u00e7as at\u00e9 vestimentas t\u00edpicas. Essa conex\u00e3o com suas ra\u00edzes \u00e9 um dos pilares de sua identidade como artista. Sua m\u00fasica n\u00e3o s\u00f3 entret\u00e9m, mas tamb\u00e9m educa, apresentando ao Brasil e ao mundo a rica cultura da Amaz\u00f4nia.<\/p>\n<h2>As Can\u00e7\u00f5es que Marcaram sua Carreira<\/h2>\n<p>Algumas das can\u00e7\u00f5es mais marcantes de Faf\u00e1 incluem sucessos como &#8220;Vermelho&#8221; e &#8220;Cai a Noite&#8221;. Estas m\u00fasicas s\u00e3o verdadeiros hinos que evocam emo\u00e7\u00f5es profundas e conectam o p\u00fablico com suas experi\u00eancias pessoais. Ao longo de sua carreira, Faf\u00e1 gravou diversos \u00e1lbuns que abarcam uma variedade de estilos, garantindo que sempre haja algo novo e relevante para seus f\u00e3s.<\/p>\n<h2>A Contribui\u00e7\u00e3o de Faf\u00e1 \u00e0 M\u00fasica Brasileira<\/h2>\n<p>A presen\u00e7a de Faf\u00e1 de Bel\u00e9m na m\u00fasica brasileira vai al\u00e9m de seu estilo pessoal. Ela ajudou a abrir portas para artistas de regi\u00f5es mais afastadas, mostrando que h\u00e1 valor na diversidade musical e cultural do pa\u00eds. Faf\u00e1 tamb\u00e9m \u00e9 uma defensora ativa de quest\u00f5es sociais, utilizando sua plataforma para falar sobre temas que afetam a Amaz\u00f4nia e a sociedade brasileira como um todo.<\/p>\n<h2>Celebra\u00e7\u00f5es dos 70 Anos de Faf\u00e1<\/h2>\n<p>Comemorar os 70 anos de Faf\u00e1 de Bel\u00e9m \u00e9 celebrar n\u00e3o apenas sua vida, mas tamb\u00e9m seu legado duradouro na m\u00fasica brasileira. Festividades em sua homenagem s\u00e3o comuns, reunindo f\u00e3s de diversas gera\u00e7\u00f5es para prestar tributo a esta artista ic\u00f4nica. Esses eventos s\u00e3o uma oportunidade para relembrar sua trajet\u00f3ria e o impacto que teve na cultura musical do Brasil.<\/p>\n<h2>A Produ\u00e7\u00e3o Musical ao Longo da Vida<\/h2>\n<p>Faf\u00e1 de Bel\u00e9m n\u00e3o parou ao longo da sua carreira; ela continua lan\u00e7ando novas m\u00fasicas e realizando shows. Sua produ\u00e7\u00e3o musical \u00e9 um reflexo de seu crescimento pessoal e art\u00edstico. Seus lan\u00e7amentos mais recentes tamb\u00e9m abordam temas atuais, fazendo com que sua m\u00fasica permane\u00e7a relevante no cen\u00e1rio contempor\u00e2neo.<\/p>\n<h2>Os Legados de Faf\u00e1 na Nova Gera\u00e7\u00e3o<\/h2>\n<p>Os jovens artistas brasileiros frequentemente citam Faf\u00e1 de Bel\u00e9m como uma de suas influ\u00eancias. Sua coragem art\u00edstica e autenticidade a tornaram um modelo a ser seguido. Faf\u00e1 n\u00e3o s\u00f3 deixou uma marca indeleble na m\u00fasica popular brasileira, como tamb\u00e9m inspirou uma nova gera\u00e7\u00e3o a explorar e celebrar suas pr\u00f3prias ra\u00edzes culturais.<\/p>\n<h2>Reflex\u00f5es sobre o Impacto de Faf\u00e1 na Sociedade<\/h2>\n<p>O impacto de Faf\u00e1 de Bel\u00e9m vai al\u00e9m da m\u00fasica. Ela se tornou uma refer\u00eancia de for\u00e7a e resili\u00eancia, especialmente para as mulheres no Brasil. Seu trabalho inclui esfor\u00e7os comunit\u00e1rios e sociais, tornando sua figura uma inspira\u00e7\u00e3o para aqueles que buscam mudan\u00e7as positivas. Ao abordar quest\u00f5es sociais em suas m\u00fasicas e em sua vida p\u00fablica, Faf\u00e1 se apresenta como uma artista comprometida com sua comunidade e seu pa\u00eds.<\/p>\n\n<div style=\"font-size: 0px; height: 0px; line-height: 0px; margin: 0; padding: 0; clear: both;\"><\/div>","protected":false},"excerpt":{"rendered":"<p>Faf\u00e1 de Bel\u00e9m celebra 70 anos de carreira e emo\u00e7\u00f5es na m\u00fasica brasileira.<\/p>\n","protected":false},"author":1,"featured_media":2424,"comment_status":"open","ping_status":"closed","sticky":false,"template":"","format":"standard","meta":{"footnotes":""},"categories":[25],"tags":[],"class_list":["post-2425","post","type-post","status-publish","format-standard","has-post-thumbnail","hentry","category-cultura-em-belem","has_thumb"],"aioseo_notices":[],"aioseo_head":"\n\t\t<!-- All in One SEO 5.0.0.1 - aioseo.com -->\n\t<meta name=\"description\" content=\"Faf\u00e1 de Bel\u00e9m celebra 70 anos de carreira e emo\u00e7\u00f5es na m\u00fasica brasileira.\" \/>\n\t<meta name=\"robots\" content=\"max-image-preview:large\" \/>\n\t<meta name=\"author\" content=\"Encontra Bel\u00e9m\"\/>\n\t<link rel=\"canonical\" href=\"https:\/\/www.encontrabelem.com.br\/sobre\/fafa-de-belem-chega-aos-70-anos-como-uma-personalidade-do-brasil-que-vive-e-canta-com-a-intensidade-das-pororocas\" \/>\n\t<meta name=\"generator\" content=\"All in One SEO (AIOSEO) 5.0.0.1\" \/>\n\t\t<meta property=\"og:locale\" content=\"pt_BR\" \/>\n\t\t<meta property=\"og:site_name\" content=\"Encontra Bel\u00e9m | Not\u00edcias, eventos, informa\u00e7\u00f5es e dicas na cidade Bel\u00e9m e regi\u00e3o.\" \/>\n\t\t<meta property=\"og:type\" content=\"article\" \/>\n\t\t<meta property=\"og:title\" content=\"Faf\u00e1 de Bel\u00e9m chega aos 70 anos como uma personalidade do Brasil que vive e canta com a intensidade das pororocas | Encontra Bel\u00e9m\" \/>\n\t\t<meta property=\"og:description\" content=\"Faf\u00e1 de Bel\u00e9m celebra 70 anos de carreira e emo\u00e7\u00f5es na m\u00fasica brasileira.\" \/>\n\t\t<meta property=\"og:url\" content=\"https:\/\/www.encontrabelem.com.br\/sobre\/fafa-de-belem-chega-aos-70-anos-como-uma-personalidade-do-brasil-que-vive-e-canta-com-a-intensidade-das-pororocas\" \/>\n\t\t<meta property=\"article:published_time\" content=\"2026-09-03T06:30:36+00:00\" \/>\n\t\t<meta property=\"article:modified_time\" content=\"2026-09-03T06:30:36+00:00\" \/>\n\t\t<meta name=\"twitter:card\" content=\"summary\" \/>\n\t\t<meta name=\"twitter:title\" content=\"Faf\u00e1 de Bel\u00e9m chega aos 70 anos como uma personalidade do Brasil que vive e canta com a intensidade das pororocas | Encontra Bel\u00e9m\" \/>\n\t\t<meta name=\"twitter:description\" content=\"Faf\u00e1 de Bel\u00e9m celebra 70 anos de carreira e emo\u00e7\u00f5es na m\u00fasica brasileira.\" \/>\n\t\t<script type=\"application\/ld+json\" class=\"aioseo-schema\">\n\t\t\t{\"@context\":\"https:\\\/\\\/schema.org\",\"@graph\":[{\"@type\":\"Article\",\"@id\":\"https:\\\/\\\/www.encontrabelem.com.br\\\/sobre\\\/fafa-de-belem-chega-aos-70-anos-como-uma-personalidade-do-brasil-que-vive-e-canta-com-a-intensidade-das-pororocas#article\",\"name\":\"Faf\\u00e1 de Bel\\u00e9m chega aos 70 anos como uma personalidade do Brasil que vive e canta com a intensidade das pororocas | Encontra Bel\\u00e9m\",\"headline\":\"Faf\\u00e1 de Bel\\u00e9m chega aos 70 anos como uma personalidade do Brasil que vive e canta com a intensidade das pororocas\",\"author\":{\"@id\":\"https:\\\/\\\/www.encontrabelem.com.br\\\/sobre\\\/author\\\/ebelem#author\"},\"publisher\":{\"@id\":\"https:\\\/\\\/www.encontrabelem.com.br\\\/sobre\\\/#organization\"},\"image\":{\"@type\":\"ImageObject\",\"url\":\"https:\\\/\\\/www.encontrabelem.com.br\\\/sobre\\\/wp-content\\\/uploads\\\/2026\\\/09\\\/fafa-de-belem-chega-aos-70-anos-como-uma-personalidade-do-brasil-que-vive-e-canta-com-a-intensidade-.webp\",\"width\":280,\"height\":280,\"caption\":\"Faf\\u00e1 de Bel\\u00e9m\"},\"datePublished\":\"2026-09-03T03:30:36-03:00\",\"dateModified\":\"2026-09-03T03:30:36-03:00\",\"inLanguage\":\"pt-BR\",\"mainEntityOfPage\":{\"@id\":\"https:\\\/\\\/www.encontrabelem.com.br\\\/sobre\\\/fafa-de-belem-chega-aos-70-anos-como-uma-personalidade-do-brasil-que-vive-e-canta-com-a-intensidade-das-pororocas#webpage\"},\"isPartOf\":{\"@id\":\"https:\\\/\\\/www.encontrabelem.com.br\\\/sobre\\\/fafa-de-belem-chega-aos-70-anos-como-uma-personalidade-do-brasil-que-vive-e-canta-com-a-intensidade-das-pororocas#webpage\"},\"articleSection\":\"Cultura Bel\\u00e9m\"},{\"@type\":\"BreadcrumbList\",\"@id\":\"https:\\\/\\\/www.encontrabelem.com.br\\\/sobre\\\/fafa-de-belem-chega-aos-70-anos-como-uma-personalidade-do-brasil-que-vive-e-canta-com-a-intensidade-das-pororocas#breadcrumblist\",\"itemListElement\":[{\"@type\":\"ListItem\",\"@id\":\"https:\\\/\\\/www.encontrabelem.com.br\\\/sobre#listItem\",\"position\":1,\"name\":\"In\\u00edcio\",\"item\":\"https:\\\/\\\/www.encontrabelem.com.br\\\/sobre\",\"nextItem\":{\"@type\":\"ListItem\",\"@id\":\"https:\\\/\\\/www.encontrabelem.com.br\\\/sobre\\\/cultura-em-belem#listItem\",\"name\":\"Cultura Bel\\u00e9m\"}},{\"@type\":\"ListItem\",\"@id\":\"https:\\\/\\\/www.encontrabelem.com.br\\\/sobre\\\/cultura-em-belem#listItem\",\"position\":2,\"name\":\"Cultura Bel\\u00e9m\",\"item\":\"https:\\\/\\\/www.encontrabelem.com.br\\\/sobre\\\/cultura-em-belem\",\"nextItem\":{\"@type\":\"ListItem\",\"@id\":\"https:\\\/\\\/www.encontrabelem.com.br\\\/sobre\\\/fafa-de-belem-chega-aos-70-anos-como-uma-personalidade-do-brasil-que-vive-e-canta-com-a-intensidade-das-pororocas#listItem\",\"name\":\"Faf\\u00e1 de Bel\\u00e9m chega aos 70 anos como uma personalidade do Brasil que vive e canta com a intensidade das pororocas\"},\"previousItem\":{\"@type\":\"ListItem\",\"@id\":\"https:\\\/\\\/www.encontrabelem.com.br\\\/sobre#listItem\",\"name\":\"In\\u00edcio\"}},{\"@type\":\"ListItem\",\"@id\":\"https:\\\/\\\/www.encontrabelem.com.br\\\/sobre\\\/fafa-de-belem-chega-aos-70-anos-como-uma-personalidade-do-brasil-que-vive-e-canta-com-a-intensidade-das-pororocas#listItem\",\"position\":3,\"name\":\"Faf\\u00e1 de Bel\\u00e9m chega aos 70 anos como uma personalidade do Brasil que vive e canta com a intensidade das pororocas\",\"previousItem\":{\"@type\":\"ListItem\",\"@id\":\"https:\\\/\\\/www.encontrabelem.com.br\\\/sobre\\\/cultura-em-belem#listItem\",\"name\":\"Cultura Bel\\u00e9m\"}}]},{\"@type\":\"Organization\",\"@id\":\"https:\\\/\\\/www.encontrabelem.com.br\\\/sobre\\\/#organization\",\"name\":\"Encontra Bel\\u00e9m\",\"description\":\"Not\\u00edcias, eventos, informa\\u00e7\\u00f5es e dicas na cidade Bel\\u00e9m e regi\\u00e3o.\",\"url\":\"https:\\\/\\\/www.encontrabelem.com.br\\\/sobre\\\/\"},{\"@type\":\"Person\",\"@id\":\"https:\\\/\\\/www.encontrabelem.com.br\\\/sobre\\\/author\\\/ebelem#author\",\"url\":\"https:\\\/\\\/www.encontrabelem.com.br\\\/sobre\\\/author\\\/ebelem\",\"name\":\"Encontra Bel\\u00e9m\",\"image\":{\"@type\":\"ImageObject\",\"@id\":\"https:\\\/\\\/www.encontrabelem.com.br\\\/sobre\\\/fafa-de-belem-chega-aos-70-anos-como-uma-personalidade-do-brasil-que-vive-e-canta-com-a-intensidade-das-pororocas#authorImage\",\"url\":\"https:\\\/\\\/secure.gravatar.com\\\/avatar\\\/507340682b8270222e1f208e23198b6ae7e2c6a1033ae84e99bc6bce4f82a387?s=96&d=mm&r=g\",\"width\":96,\"height\":96,\"caption\":\"Encontra Bel\\u00e9m\"}},{\"@type\":\"WebPage\",\"@id\":\"https:\\\/\\\/www.encontrabelem.com.br\\\/sobre\\\/fafa-de-belem-chega-aos-70-anos-como-uma-personalidade-do-brasil-que-vive-e-canta-com-a-intensidade-das-pororocas#webpage\",\"url\":\"https:\\\/\\\/www.encontrabelem.com.br\\\/sobre\\\/fafa-de-belem-chega-aos-70-anos-como-uma-personalidade-do-brasil-que-vive-e-canta-com-a-intensidade-das-pororocas\",\"name\":\"Faf\\u00e1 de Bel\\u00e9m chega aos 70 anos como uma personalidade do Brasil que vive e canta com a intensidade das pororocas | Encontra Bel\\u00e9m\",\"description\":\"Faf\\u00e1 de Bel\\u00e9m celebra 70 anos de carreira e emo\\u00e7\\u00f5es na m\\u00fasica brasileira.\",\"inLanguage\":\"pt-BR\",\"isPartOf\":{\"@id\":\"https:\\\/\\\/www.encontrabelem.com.br\\\/sobre\\\/#website\"},\"breadcrumb\":{\"@id\":\"https:\\\/\\\/www.encontrabelem.com.br\\\/sobre\\\/fafa-de-belem-chega-aos-70-anos-como-uma-personalidade-do-brasil-que-vive-e-canta-com-a-intensidade-das-pororocas#breadcrumblist\"},\"author\":{\"@id\":\"https:\\\/\\\/www.encontrabelem.com.br\\\/sobre\\\/author\\\/ebelem#author\"},\"creator\":{\"@id\":\"https:\\\/\\\/www.encontrabelem.com.br\\\/sobre\\\/author\\\/ebelem#author\"},\"image\":{\"@type\":\"ImageObject\",\"url\":\"https:\\\/\\\/www.encontrabelem.com.br\\\/sobre\\\/wp-content\\\/uploads\\\/2026\\\/09\\\/fafa-de-belem-chega-aos-70-anos-como-uma-personalidade-do-brasil-que-vive-e-canta-com-a-intensidade-.webp\",\"@id\":\"https:\\\/\\\/www.encontrabelem.com.br\\\/sobre\\\/fafa-de-belem-chega-aos-70-anos-como-uma-personalidade-do-brasil-que-vive-e-canta-com-a-intensidade-das-pororocas\\\/#mainImage\",\"width\":280,\"height\":280,\"caption\":\"Faf\\u00e1 de Bel\\u00e9m\"},\"primaryImageOfPage\":{\"@id\":\"https:\\\/\\\/www.encontrabelem.com.br\\\/sobre\\\/fafa-de-belem-chega-aos-70-anos-como-uma-personalidade-do-brasil-que-vive-e-canta-com-a-intensidade-das-pororocas#mainImage\"},\"datePublished\":\"2026-09-03T03:30:36-03:00\",\"dateModified\":\"2026-09-03T03:30:36-03:00\"},{\"@type\":\"WebSite\",\"@id\":\"https:\\\/\\\/www.encontrabelem.com.br\\\/sobre\\\/#website\",\"url\":\"https:\\\/\\\/www.encontrabelem.com.br\\\/sobre\\\/\",\"name\":\"Encontra Bel\\u00e9m\",\"description\":\"Not\\u00edcias, eventos, informa\\u00e7\\u00f5es e dicas na cidade Bel\\u00e9m e regi\\u00e3o.\",\"inLanguage\":\"pt-BR\",\"publisher\":{\"@id\":\"https:\\\/\\\/www.encontrabelem.com.br\\\/sobre\\\/#organization\"}}]}\n\t\t<\/script>\n\t\t<!-- All in One SEO -->\n\n","aioseo_head_json":{"title":"Faf\u00e1 de Bel\u00e9m chega aos 70 anos como uma personalidade do Brasil que vive e canta com a intensidade das pororocas | Encontra Bel\u00e9m","description":"Faf\u00e1 de Bel\u00e9m celebra 70 anos de carreira e emo\u00e7\u00f5es na m\u00fasica brasileira.","canonical_url":"https:\/\/www.encontrabelem.com.br\/sobre\/fafa-de-belem-chega-aos-70-anos-como-uma-personalidade-do-brasil-que-vive-e-canta-com-a-intensidade-das-pororocas","robots":"max-image-preview:large","keywords":"","webmasterTools":{"miscellaneous":""},"schema":{"@context":"https:\/\/schema.org","@graph":[{"@type":"Article","@id":"https:\/\/www.encontrabelem.com.br\/sobre\/fafa-de-belem-chega-aos-70-anos-como-uma-personalidade-do-brasil-que-vive-e-canta-com-a-intensidade-das-pororocas#article","name":"Faf\u00e1 de Bel\u00e9m chega aos 70 anos como uma personalidade do Brasil que vive e canta com a intensidade das pororocas | Encontra Bel\u00e9m","headline":"Faf\u00e1 de Bel\u00e9m chega aos 70 anos como uma personalidade do Brasil que vive e canta com a intensidade das pororocas","author":{"@id":"https:\/\/www.encontrabelem.com.br\/sobre\/author\/ebelem#author"},"publisher":{"@id":"https:\/\/www.encontrabelem.com.br\/sobre\/#organization"},"image":{"@type":"ImageObject","url":"https:\/\/www.encontrabelem.com.br\/sobre\/wp-content\/uploads\/2026\/09\/fafa-de-belem-chega-aos-70-anos-como-uma-personalidade-do-brasil-que-vive-e-canta-com-a-intensidade-.webp","width":280,"height":280,"caption":"Faf\u00e1 de Bel\u00e9m"},"datePublished":"2026-09-03T03:30:36-03:00","dateModified":"2026-09-03T03:30:36-03:00","inLanguage":"pt-BR","mainEntityOfPage":{"@id":"https:\/\/www.encontrabelem.com.br\/sobre\/fafa-de-belem-chega-aos-70-anos-como-uma-personalidade-do-brasil-que-vive-e-canta-com-a-intensidade-das-pororocas#webpage"},"isPartOf":{"@id":"https:\/\/www.encontrabelem.com.br\/sobre\/fafa-de-belem-chega-aos-70-anos-como-uma-personalidade-do-brasil-que-vive-e-canta-com-a-intensidade-das-pororocas#webpage"},"articleSection":"Cultura Bel\u00e9m"},{"@type":"BreadcrumbList","@id":"https:\/\/www.encontrabelem.com.br\/sobre\/fafa-de-belem-chega-aos-70-anos-como-uma-personalidade-do-brasil-que-vive-e-canta-com-a-intensidade-das-pororocas#breadcrumblist","itemListElement":[{"@type":"ListItem","@id":"https:\/\/www.encontrabelem.com.br\/sobre#listItem","position":1,"name":"In\u00edcio","item":"https:\/\/www.encontrabelem.com.br\/sobre","nextItem":{"@type":"ListItem","@id":"https:\/\/www.encontrabelem.com.br\/sobre\/cultura-em-belem#listItem","name":"Cultura Bel\u00e9m"}},{"@type":"ListItem","@id":"https:\/\/www.encontrabelem.com.br\/sobre\/cultura-em-belem#listItem","position":2,"name":"Cultura Bel\u00e9m","item":"https:\/\/www.encontrabelem.com.br\/sobre\/cultura-em-belem","nextItem":{"@type":"ListItem","@id":"https:\/\/www.encontrabelem.com.br\/sobre\/fafa-de-belem-chega-aos-70-anos-como-uma-personalidade-do-brasil-que-vive-e-canta-com-a-intensidade-das-pororocas#listItem","name":"Faf\u00e1 de Bel\u00e9m chega aos 70 anos como uma personalidade do Brasil que vive e canta com a intensidade das pororocas"},"previousItem":{"@type":"ListItem","@id":"https:\/\/www.encontrabelem.com.br\/sobre#listItem","name":"In\u00edcio"}},{"@type":"ListItem","@id":"https:\/\/www.encontrabelem.com.br\/sobre\/fafa-de-belem-chega-aos-70-anos-como-uma-personalidade-do-brasil-que-vive-e-canta-com-a-intensidade-das-pororocas#listItem","position":3,"name":"Faf\u00e1 de Bel\u00e9m chega aos 70 anos como uma personalidade do Brasil que vive e canta com a intensidade das pororocas","previousItem":{"@type":"ListItem","@id":"https:\/\/www.encontrabelem.com.br\/sobre\/cultura-em-belem#listItem","name":"Cultura Bel\u00e9m"}}]},{"@type":"Organization","@id":"https:\/\/www.encontrabelem.com.br\/sobre\/#organization","name":"Encontra Bel\u00e9m","description":"Not\u00edcias, eventos, informa\u00e7\u00f5es e dicas na cidade Bel\u00e9m e regi\u00e3o.","url":"https:\/\/www.encontrabelem.com.br\/sobre\/"},{"@type":"Person","@id":"https:\/\/www.encontrabelem.com.br\/sobre\/author\/ebelem#author","url":"https:\/\/www.encontrabelem.com.br\/sobre\/author\/ebelem","name":"Encontra Bel\u00e9m","image":{"@type":"ImageObject","@id":"https:\/\/www.encontrabelem.com.br\/sobre\/fafa-de-belem-chega-aos-70-anos-como-uma-personalidade-do-brasil-que-vive-e-canta-com-a-intensidade-das-pororocas#authorImage","url":"https:\/\/secure.gravatar.com\/avatar\/507340682b8270222e1f208e23198b6ae7e2c6a1033ae84e99bc6bce4f82a387?s=96&d=mm&r=g","width":96,"height":96,"caption":"Encontra Bel\u00e9m"}},{"@type":"WebPage","@id":"https:\/\/www.encontrabelem.com.br\/sobre\/fafa-de-belem-chega-aos-70-anos-como-uma-personalidade-do-brasil-que-vive-e-canta-com-a-intensidade-das-pororocas#webpage","url":"https:\/\/www.encontrabelem.com.br\/sobre\/fafa-de-belem-chega-aos-70-anos-como-uma-personalidade-do-brasil-que-vive-e-canta-com-a-intensidade-das-pororocas","name":"Faf\u00e1 de Bel\u00e9m chega aos 70 anos como uma personalidade do Brasil que vive e canta com a intensidade das pororocas | Encontra Bel\u00e9m","description":"Faf\u00e1 de Bel\u00e9m celebra 70 anos de carreira e emo\u00e7\u00f5es na m\u00fasica brasileira.","inLanguage":"pt-BR","isPartOf":{"@id":"https:\/\/www.encontrabelem.com.br\/sobre\/#website"},"breadcrumb":{"@id":"https:\/\/www.encontrabelem.com.br\/sobre\/fafa-de-belem-chega-aos-70-anos-como-uma-personalidade-do-brasil-que-vive-e-canta-com-a-intensidade-das-pororocas#breadcrumblist"},"author":{"@id":"https:\/\/www.encontrabelem.com.br\/sobre\/author\/ebelem#author"},"creator":{"@id":"https:\/\/www.encontrabelem.com.br\/sobre\/author\/ebelem#author"},"image":{"@type":"ImageObject","url":"https:\/\/www.encontrabelem.com.br\/sobre\/wp-content\/uploads\/2026\/09\/fafa-de-belem-chega-aos-70-anos-como-uma-personalidade-do-brasil-que-vive-e-canta-com-a-intensidade-.webp","@id":"https:\/\/www.encontrabelem.com.br\/sobre\/fafa-de-belem-chega-aos-70-anos-como-uma-personalidade-do-brasil-que-vive-e-canta-com-a-intensidade-das-pororocas\/#mainImage","width":280,"height":280,"caption":"Faf\u00e1 de Bel\u00e9m"},"primaryImageOfPage":{"@id":"https:\/\/www.encontrabelem.com.br\/sobre\/fafa-de-belem-chega-aos-70-anos-como-uma-personalidade-do-brasil-que-vive-e-canta-com-a-intensidade-das-pororocas#mainImage"},"datePublished":"2026-09-03T03:30:36-03:00","dateModified":"2026-09-03T03:30:36-03:00"},{"@type":"WebSite","@id":"https:\/\/www.encontrabelem.com.br\/sobre\/#website","url":"https:\/\/www.encontrabelem.com.br\/sobre\/","name":"Encontra Bel\u00e9m","description":"Not\u00edcias, eventos, informa\u00e7\u00f5es e dicas na cidade Bel\u00e9m e regi\u00e3o.","inLanguage":"pt-BR","publisher":{"@id":"https:\/\/www.encontrabelem.com.br\/sobre\/#organization"}}]},"og:locale":"pt_BR","og:site_name":"Encontra Bel\u00e9m | Not\u00edcias, eventos, informa\u00e7\u00f5es e dicas na cidade Bel\u00e9m e regi\u00e3o.","og:type":"article","og:title":"Faf\u00e1 de Bel\u00e9m chega aos 70 anos como uma personalidade do Brasil que vive e canta com a intensidade das pororocas | Encontra Bel\u00e9m","og:description":"Faf\u00e1 de Bel\u00e9m celebra 70 anos de carreira e emo\u00e7\u00f5es na m\u00fasica brasileira.","og:url":"https:\/\/www.encontrabelem.com.br\/sobre\/fafa-de-belem-chega-aos-70-anos-como-uma-personalidade-do-brasil-que-vive-e-canta-com-a-intensidade-das-pororocas","article:published_time":"2026-09-03T06:30:36+00:00","article:modified_time":"2026-09-03T06:30:36+00:00","twitter:card":"summary","twitter:title":"Faf\u00e1 de Bel\u00e9m chega aos 70 anos como uma personalidade do Brasil que vive e canta com a intensidade das pororocas | Encontra Bel\u00e9m","twitter:description":"Faf\u00e1 de Bel\u00e9m celebra 70 anos de carreira e emo\u00e7\u00f5es na m\u00fasica brasileira."},"aioseo_meta_data":{"post_id":"2425","title":null,"description":null,"keywords":null,"keyphrases":null,"primary_term":null,"canonical_url":null,"og_title":null,"og_description":null,"og_object_type":"default","og_image_type":"default","og_image_url":null,"og_image_width":null,"og_image_height":null,"og_image_custom_url":null,"og_image_custom_fields":null,"og_video":null,"og_custom_url":null,"og_article_section":null,"og_article_tags":null,"twitter_use_og":false,"twitter_card":"default","twitter_image_type":"default","twitter_image_url":null,"twitter_image_custom_url":null,"twitter_image_custom_fields":null,"twitter_title":null,"twitter_description":null,"schema":{"blockGraphs":[],"customGraphs":[],"default":{"data":{"Article":[],"Course":[],"Dataset":[],"FAQPage":[],"Movie":[],"Person":[],"Product":[],"ProductReview":[],"Car":[],"Recipe":[],"Service":[],"SoftwareApplication":[],"WebPage":[]},"graphName":"Article","isEnabled":true},"graphs":[]},"schema_type":"default","schema_type_options":null,"pillar_content":false,"robots_default":true,"robots_noindex":false,"robots_noarchive":false,"robots_nosnippet":false,"robots_nofollow":false,"robots_noimageindex":false,"robots_noodp":false,"robots_notranslate":false,"robots_max_snippet":null,"robots_max_videopreview":null,"robots_max_imagepreview":"large","priority":null,"frequency":null,"local_seo":null,"breadcrumb_settings":null,"limit_modified_date":false,"ai":null,"created":"2026-09-03 06:30:36","updated":"2026-09-03 06:30:36","focus_keyword":null,"additional_keywords":null,"truseo_locale":null,"seo_analyzer_scan_date":null},"aioseo_breadcrumb":"<div class=\"aioseo-breadcrumbs\"><span class=\"aioseo-breadcrumb\">\n\t\t\t<a href=\"https:\/\/www.encontrabelem.com.br\/sobre\" title=\"In\u00edcio\">In\u00edcio<\/a>\n\t\t<\/span><span class=\"aioseo-breadcrumb-separator\">&raquo;<\/span><span class=\"aioseo-breadcrumb\">\n\t\t\t<a href=\"https:\/\/www.encontrabelem.com.br\/sobre\/cultura-em-belem\" title=\"Cultura Bel\u00e9m\">Cultura Bel\u00e9m<\/a>\n\t\t<\/span><span class=\"aioseo-breadcrumb-separator\">&raquo;<\/span><span class=\"aioseo-breadcrumb\">\n\t\t\tFaf\u00e1 de Bel\u00e9m chega aos 70 anos como uma personalidade do Brasil que vive e canta com a intensidade das pororocas\n\t\t<\/span><\/div>","aioseo_breadcrumb_json":[{"label":"In\u00edcio","link":"https:\/\/www.encontrabelem.com.br\/sobre"},{"label":"Cultura Bel\u00e9m","link":"https:\/\/www.encontrabelem.com.br\/sobre\/cultura-em-belem"},{"label":"Faf\u00e1 de Bel\u00e9m chega aos 70 anos como uma personalidade do Brasil que vive e canta com a intensidade das pororocas","link":"https:\/\/www.encontrabelem.com.br\/sobre\/fafa-de-belem-chega-aos-70-anos-como-uma-personalidade-do-brasil-que-vive-e-canta-com-a-intensidade-das-pororocas"}],"_links":{"self":[{"href":"https:\/\/www.encontrabelem.com.br\/sobre\/wp-json\/wp\/v2\/posts\/2425","targetHints":{"allow":["GET"]}}],"collection":[{"href":"https:\/\/www.encontrabelem.com.br\/sobre\/wp-json\/wp\/v2\/posts"}],"about":[{"href":"https:\/\/www.encontrabelem.com.br\/sobre\/wp-json\/wp\/v2\/types\/post"}],"author":[{"embeddable":true,"href":"https:\/\/www.encontrabelem.com.br\/sobre\/wp-json\/wp\/v2\/users\/1"}],"replies":[{"embeddable":true,"href":"https:\/\/www.encontrabelem.com.br\/sobre\/wp-json\/wp\/v2\/comments?post=2425"}],"version-history":[{"count":0,"href":"https:\/\/www.encontrabelem.com.br\/sobre\/wp-json\/wp\/v2\/posts\/2425\/revisions"}],"wp:featuredmedia":[{"embeddable":true,"href":"https:\/\/www.encontrabelem.com.br\/sobre\/wp-json\/wp\/v2\/media\/2424"}],"wp:attachment":[{"href":"https:\/\/www.encontrabelem.com.br\/sobre\/wp-json\/wp\/v2\/media?parent=2425"}],"wp:term":[{"taxonomy":"category","embeddable":true,"href":"https:\/\/www.encontrabelem.com.br\/sobre\/wp-json\/wp\/v2\/categories?post=2425"},{"taxonomy":"post_tag","embeddable":true,"href":"https:\/\/www.encontrabelem.com.br\/sobre\/wp-json\/wp\/v2\/tags?post=2425"}],"curies":[{"name":"wp","href":"https:\/\/api.w.org\/{rel}","templated":true}]}}