{"id":2423,"date":"2026-09-03T03:29:35","date_gmt":"2026-09-03T06:29:35","guid":{"rendered":"https:\/\/www.encontrabelem.com.br\/sobre\/belem-tera-mudancas-no-transito-a-partir-desta-quinta"},"modified":"2026-09-03T03:29:35","modified_gmt":"2026-09-03T06:29:35","slug":"belem-tera-mudancas-no-transito-a-partir-desta-quinta","status":"publish","type":"post","link":"https:\/\/www.encontrabelem.com.br\/sobre\/belem-tera-mudancas-no-transito-a-partir-desta-quinta","title":{"rendered":"Bel\u00e9m ter\u00e1 mudan\u00e7as no tr\u00e2nsito a partir desta quinta"},"content":{"rendered":"<div class=\"b22802487b0d38c4c6d9f34966e16421\" data-index=\"1\" style=\"float: none; margin:0px;\">\n<!-- Anuncio display - global -->\r\n<ins class=\"adsbygoogle\"\r\n     style=\"display:block\"\r\n     data-ad-client=\"ca-pub-8585364105181520\"\r\n     data-ad-slot=\"8789329856\"\r\n     data-ad-format=\"auto\"\r\n     data-full-width-responsive=\"true\"><\/ins>\r\n<script>\r\n     (adsbygoogle = window.adsbygoogle || []).push({});\r\n<\/script>\n<\/div>\n<h2>Entenda as Mudan\u00e7as no Tr\u00e2nsito de Bel\u00e9m<\/h2>\n<p>A partir da quinta-feira, 3 de setembro de 2026, Bel\u00e9m implementar\u00e1 diversas altera\u00e7\u00f5es em seu tr\u00e1fego. Essas mudan\u00e7as visam aumentar a fluidez nas vias da cidade, promovendo um tr\u00e2nsito mais organizado e eficiente.<\/p>\n<h2>Vias com Novos Sentidos de Circula\u00e7\u00e3o<\/h2>\n<p>As modifica\u00e7\u00f5es afetam v\u00e1rias ruas, avenidas e travessas. Principais pontos incluem:<\/p>\n<ul>\n<li><strong>Avenida Pedro \u00c1lvares Cabral:<\/strong> Passar\u00e1 a ter sentido \u00fanico em dire\u00e7\u00e3o \u00e0 Avenida Visconde de Souza Franco.<\/li>\n<li><strong>Rua do Una:<\/strong> Tamb\u00e9m adotar\u00e1 um sentido de circula\u00e7\u00e3o \u00fanico.<\/li>\n<li><strong>Pra\u00e7a Centen\u00e1rio:<\/strong> O trecho que se conecta \u00e0 Rodovia Arthur Bernardes ser\u00e1 s\u00f3 em uma dire\u00e7\u00e3o, a partir da Rua do Una at\u00e9 a Avenida Pedro \u00c1lvares Cabral.<\/li>\n<li><strong>Travessa Coronel Luiz Bentes:<\/strong> Este trecho entre a Avenida Pedro \u00c1lvares Cabral e a Rua do Una ter\u00e1 apenas m\u00e3o \u00fanica.<\/li>\n<li><strong>Travessa Manoel Evaristo:<\/strong> Passar\u00e1 a ser m\u00e3o \u00fanica a partir da Rua Municipalidade em dire\u00e7\u00e3o \u00e0 Avenida Senador Lemos.<\/li>\n<\/ul>\n<h2>Altera\u00e7\u00f5es nas Linhas de \u00d4nibus<\/h2>\n<p>Cerca de doze linhas de \u00f4nibus da regi\u00e3o ter\u00e3o suas rotas modificadas para melhor atender \u00e0 nova din\u00e2mica de tr\u00e2nsito. As linhas afetadas incluem:<\/p>\n<p><img decoding=\"async\" src=\"https:\/\/www.encontrabelem.com.br\/sobre\/wp-content\/uploads\/2026\/09\/belem-tera-mudancas-no-transito-a-partir-desta-quinta.webp\" alt=\"mudan\u00e7as no tr\u00e2nsito de Bel\u00e9m\" loading=\"lazy\" \/><\/p>\n<ul>\n<li>642 &#8211; BENGUI\/MAREX &#8211; CENTRO<\/li>\n<li>785 &#8211; TENON\u00c9 &#8211; VER-O-PESO<\/li>\n<li>869 &#8211; TAPAN\u00c3 &#8211; PRES. VARGAS\/CENTEN\u00c1RIO<\/li>\n<li>906 &#8211; GUAJAR\u00c1 &#8211; VER-O-PESO<\/li>\n<li>911 &#8211; ICU\u00cd &#8211; VER-O-PESO<\/li>\n<li>916 &#8211; \u00c1GUAS LINDAS &#8211; VER-O-PESO\/SEN. LEMOS<\/li>\n<li>917 &#8211; DISTRITO INDUSTRIAL &#8211; VER-O-PESO<\/li>\n<li>918 &#8211; MARITUBA &#8211; VER-O-PESO\/M\u00c1RIO COUTO<\/li>\n<li>920 &#8211; CURU\u00c7AMB\u00c1 &#8211; VER-O-PESO<\/li>\n<li>924 &#8211; DR. ALMIR GABRIEL &#8211; PRES. VARGAS<\/li>\n<li>964 &#8211; JADERL\u00c2NDIA &#8211; VER-O-PESO<\/li>\n<li>988-B &#8211; ANANINDEUA &#8211; PRES. VARGAS\/AUR\u00c1<\/li>\n<\/ul>\n<h2>Objetivos das Mudan\u00e7as no Tr\u00e2nsito<\/h2>\n<p>A administra\u00e7\u00e3o municipal justifica essas altera\u00e7\u00f5es com o intuito de proporcionar uma melhor circula\u00e7\u00e3o de ve\u00edculos, reduzindo congestionamentos e melhorando o tempo de deslocamento. A expectativa \u00e9 que as novas medidas contribuam para um tr\u00e1fego mais fluido, beneficiando tanto motoristas quanto pedestres.<\/p>\n<h2>Avenida Pedro \u00c1lvares Cabral: O que Muda?<\/h2>\n<p>A Avenida Pedro \u00c1lvares Cabral, uma das principais art\u00e9rias de Bel\u00e9m, ter\u00e1 seu fluxo alterado para um sentido \u00fanico. Esta mudan\u00e7a \u00e9 pensada para facilitar o acesso \u00e0 Doca, um ponto estrat\u00e9gico na cidade, onde h\u00e1 um intenso movimento comercial e de servi\u00e7os.<\/p>\n<h2>Rua do Una: Novo Sentido \u00danico<\/h2>\n<p>A Rua do Una tamb\u00e9m entrar\u00e1 em um novo esquema de circula\u00e7\u00e3o, passando a ter apenas um sentido. Essa medida visa proporcionar maior seguran\u00e7a e previsibilidade aos motoristas que transitam pela \u00e1rea, al\u00e9m de facilitar o tr\u00e2nsito nas ruas adjacentes.<\/p>\n<h2>Mudan\u00e7as na Pra\u00e7a Centen\u00e1rio<\/h2>\n<p>As adapta\u00e7\u00f5es na Pra\u00e7a Centen\u00e1rio incluem a transforma\u00e7\u00e3o de um trecho do fluxo vi\u00e1rio, que agora seguir\u00e1 em m\u00e3o \u00fanica at\u00e9 a Avenida Pedro \u00c1lvares Cabral. Essa a\u00e7\u00e3o busca otimizar a movimenta\u00e7\u00e3o de ve\u00edculos nas proximidades de um dos pontos de interesse da cidade.<\/p>\n<h2>O que Fica Inalterado nas Vias?<\/h2>\n<p>Embora muitas vias estejam passando por altera\u00e7\u00f5es, algumas permanecer\u00e3o com seus sentidos de tr\u00e1fego inalterados. As vias que continuam com o fluxo de tr\u00e2nsito atual incluem:<\/p>\n<ul>\n<li>Rua Municipalidade<\/li>\n<li>Avenida Senador Lemos<\/li>\n<li>Travessa Magno de Ara\u00fajo<\/li>\n<li>Travessa Djalma Dutra<\/li>\n<li>Travessa Jos\u00e9 Pio<\/li>\n<li>Travessa Soares Carneiro<\/li>\n<li>Travessa Dom Pedro I<\/li>\n<li>Travessa Dom Romualdo de Seixas<\/li>\n<li>Travessa Almirante Wandenkolk<\/li>\n<li>Travessa Dom Romualdo Coelho (m\u00e3o dupla)<\/li>\n<\/ul>\n<h2>Como se Preparar para as Novas Dire\u00e7\u00f5es<\/h2>\n<p>Para facilitar a adapta\u00e7\u00e3o a esse novo cen\u00e1rio, motoristas devem estar atentos \u00e0s altera\u00e7\u00f5es na sinaliza\u00e7\u00e3o que ser\u00e1 colocada ao longo das vias afetadas. Redobrar a aten\u00e7\u00e3o \u00e9 crucial para evitar contratempos e garantir a seguran\u00e7a no tr\u00e2nsito.<\/p>\n<h2>Dicas para Evitar Congestionamentos<\/h2>\n<p>Com as mudan\u00e7as, haver\u00e1 um impacto no fluxo de ve\u00edculos nas \u00e1reas afetadas. Para reduzir a ocorr\u00eancia de congestionamentos, considere as seguintes dicas:<\/p>\n<ul>\n<li>Planeje sua rota com anteced\u00eancia, utilizando aplicativos de navega\u00e7\u00e3o.<\/li>\n<li>Considere alternativas de transporte p\u00fablico onde poss\u00edvel.<\/li>\n<li>Evite hor\u00e1rios de pico para realizar seus deslocamentos, se poss\u00edvel.<\/li>\n<li>Preste aten\u00e7\u00e3o \u00e0s novas sinaliza\u00e7\u00f5es e respeite as regras de tr\u00e2nsito.<\/li>\n<li>Mantenha a calma e a paci\u00eancia, pois a adapta\u00e7\u00e3o pode levar tempo.<\/li>\n<\/ul>\n<p>Essas mudan\u00e7as no tr\u00e2nsito visam n\u00e3o apenas melhorar a circula\u00e7\u00e3o, mas tamb\u00e9m trazer um impacto positivo na qualidade de vida dos cidad\u00e3os de Bel\u00e9m.<\/p>\n\n<div style=\"font-size: 0px; height: 0px; line-height: 0px; margin: 0; padding: 0; clear: both;\"><\/div>","protected":false},"excerpt":{"rendered":"<p>Mudan\u00e7as no tr\u00e2nsito de Bel\u00e9m come\u00e7am dia 3 com altera\u00e7\u00f5es importantes \u00e0s vias e linhas de \u00f4nibus.<\/p>\n","protected":false},"author":1,"featured_media":2422,"comment_status":"open","ping_status":"closed","sticky":false,"template":"","format":"standard","meta":{"footnotes":""},"categories":[1],"tags":[],"class_list":["post-2423","post","type-post","status-publish","format-standard","has-post-thumbnail","hentry","category-noticias-em-belem","has_thumb"],"aioseo_notices":[],"aioseo_head":"\n\t\t<!-- All in One SEO 5.0.0.1 - aioseo.com -->\n\t<meta name=\"description\" content=\"Mudan\u00e7as no tr\u00e2nsito de Bel\u00e9m come\u00e7am dia 3 com altera\u00e7\u00f5es importantes \u00e0s vias e linhas de \u00f4nibus.\" \/>\n\t<meta name=\"robots\" content=\"max-image-preview:large\" \/>\n\t<meta name=\"author\" content=\"Encontra Bel\u00e9m\"\/>\n\t<link rel=\"canonical\" href=\"https:\/\/www.encontrabelem.com.br\/sobre\/belem-tera-mudancas-no-transito-a-partir-desta-quinta\" \/>\n\t<meta name=\"generator\" content=\"All in One SEO (AIOSEO) 5.0.0.1\" \/>\n\t\t<meta property=\"og:locale\" content=\"pt_BR\" \/>\n\t\t<meta property=\"og:site_name\" content=\"Encontra Bel\u00e9m | Not\u00edcias, eventos, informa\u00e7\u00f5es e dicas na cidade Bel\u00e9m e regi\u00e3o.\" \/>\n\t\t<meta property=\"og:type\" content=\"article\" \/>\n\t\t<meta property=\"og:title\" content=\"Bel\u00e9m ter\u00e1 mudan\u00e7as no tr\u00e2nsito a partir desta quinta | Encontra Bel\u00e9m\" \/>\n\t\t<meta property=\"og:description\" content=\"Mudan\u00e7as no tr\u00e2nsito de Bel\u00e9m come\u00e7am dia 3 com altera\u00e7\u00f5es importantes \u00e0s vias e linhas de \u00f4nibus.\" \/>\n\t\t<meta property=\"og:url\" content=\"https:\/\/www.encontrabelem.com.br\/sobre\/belem-tera-mudancas-no-transito-a-partir-desta-quinta\" \/>\n\t\t<meta property=\"article:published_time\" content=\"2026-09-03T06:29:35+00:00\" \/>\n\t\t<meta property=\"article:modified_time\" content=\"2026-09-03T06:29:35+00:00\" \/>\n\t\t<meta name=\"twitter:card\" content=\"summary\" \/>\n\t\t<meta name=\"twitter:title\" content=\"Bel\u00e9m ter\u00e1 mudan\u00e7as no tr\u00e2nsito a partir desta quinta | Encontra Bel\u00e9m\" \/>\n\t\t<meta name=\"twitter:description\" content=\"Mudan\u00e7as no tr\u00e2nsito de Bel\u00e9m come\u00e7am dia 3 com altera\u00e7\u00f5es importantes \u00e0s vias e linhas de \u00f4nibus.\" \/>\n\t\t<script type=\"application\/ld+json\" class=\"aioseo-schema\">\n\t\t\t{\"@context\":\"https:\\\/\\\/schema.org\",\"@graph\":[{\"@type\":\"Article\",\"@id\":\"https:\\\/\\\/www.encontrabelem.com.br\\\/sobre\\\/belem-tera-mudancas-no-transito-a-partir-desta-quinta#article\",\"name\":\"Bel\\u00e9m ter\\u00e1 mudan\\u00e7as no tr\\u00e2nsito a partir desta quinta | Encontra Bel\\u00e9m\",\"headline\":\"Bel\\u00e9m ter\\u00e1 mudan\\u00e7as no tr\\u00e2nsito a partir desta quinta\",\"author\":{\"@id\":\"https:\\\/\\\/www.encontrabelem.com.br\\\/sobre\\\/author\\\/ebelem#author\"},\"publisher\":{\"@id\":\"https:\\\/\\\/www.encontrabelem.com.br\\\/sobre\\\/#organization\"},\"image\":{\"@type\":\"ImageObject\",\"url\":\"https:\\\/\\\/www.encontrabelem.com.br\\\/sobre\\\/wp-content\\\/uploads\\\/2026\\\/09\\\/belem-tera-mudancas-no-transito-a-partir-desta-quinta.webp\",\"width\":280,\"height\":280,\"caption\":\"mudan\\u00e7as no tr\\u00e2nsito de Bel\\u00e9m\"},\"datePublished\":\"2026-09-03T03:29:35-03:00\",\"dateModified\":\"2026-09-03T03:29:35-03:00\",\"inLanguage\":\"pt-BR\",\"mainEntityOfPage\":{\"@id\":\"https:\\\/\\\/www.encontrabelem.com.br\\\/sobre\\\/belem-tera-mudancas-no-transito-a-partir-desta-quinta#webpage\"},\"isPartOf\":{\"@id\":\"https:\\\/\\\/www.encontrabelem.com.br\\\/sobre\\\/belem-tera-mudancas-no-transito-a-partir-desta-quinta#webpage\"},\"articleSection\":\"Not\\u00edcias Bel\\u00e9m\"},{\"@type\":\"BreadcrumbList\",\"@id\":\"https:\\\/\\\/www.encontrabelem.com.br\\\/sobre\\\/belem-tera-mudancas-no-transito-a-partir-desta-quinta#breadcrumblist\",\"itemListElement\":[{\"@type\":\"ListItem\",\"@id\":\"https:\\\/\\\/www.encontrabelem.com.br\\\/sobre#listItem\",\"position\":1,\"name\":\"In\\u00edcio\",\"item\":\"https:\\\/\\\/www.encontrabelem.com.br\\\/sobre\",\"nextItem\":{\"@type\":\"ListItem\",\"@id\":\"https:\\\/\\\/www.encontrabelem.com.br\\\/sobre\\\/noticias-em-belem#listItem\",\"name\":\"Not\\u00edcias Bel\\u00e9m\"}},{\"@type\":\"ListItem\",\"@id\":\"https:\\\/\\\/www.encontrabelem.com.br\\\/sobre\\\/noticias-em-belem#listItem\",\"position\":2,\"name\":\"Not\\u00edcias Bel\\u00e9m\",\"item\":\"https:\\\/\\\/www.encontrabelem.com.br\\\/sobre\\\/noticias-em-belem\",\"nextItem\":{\"@type\":\"ListItem\",\"@id\":\"https:\\\/\\\/www.encontrabelem.com.br\\\/sobre\\\/belem-tera-mudancas-no-transito-a-partir-desta-quinta#listItem\",\"name\":\"Bel\\u00e9m ter\\u00e1 mudan\\u00e7as no tr\\u00e2nsito a partir desta quinta\"},\"previousItem\":{\"@type\":\"ListItem\",\"@id\":\"https:\\\/\\\/www.encontrabelem.com.br\\\/sobre#listItem\",\"name\":\"In\\u00edcio\"}},{\"@type\":\"ListItem\",\"@id\":\"https:\\\/\\\/www.encontrabelem.com.br\\\/sobre\\\/belem-tera-mudancas-no-transito-a-partir-desta-quinta#listItem\",\"position\":3,\"name\":\"Bel\\u00e9m ter\\u00e1 mudan\\u00e7as no tr\\u00e2nsito a partir desta quinta\",\"previousItem\":{\"@type\":\"ListItem\",\"@id\":\"https:\\\/\\\/www.encontrabelem.com.br\\\/sobre\\\/noticias-em-belem#listItem\",\"name\":\"Not\\u00edcias Bel\\u00e9m\"}}]},{\"@type\":\"Organization\",\"@id\":\"https:\\\/\\\/www.encontrabelem.com.br\\\/sobre\\\/#organization\",\"name\":\"Encontra Bel\\u00e9m\",\"description\":\"Not\\u00edcias, eventos, informa\\u00e7\\u00f5es e dicas na cidade Bel\\u00e9m e regi\\u00e3o.\",\"url\":\"https:\\\/\\\/www.encontrabelem.com.br\\\/sobre\\\/\"},{\"@type\":\"Person\",\"@id\":\"https:\\\/\\\/www.encontrabelem.com.br\\\/sobre\\\/author\\\/ebelem#author\",\"url\":\"https:\\\/\\\/www.encontrabelem.com.br\\\/sobre\\\/author\\\/ebelem\",\"name\":\"Encontra Bel\\u00e9m\",\"image\":{\"@type\":\"ImageObject\",\"@id\":\"https:\\\/\\\/www.encontrabelem.com.br\\\/sobre\\\/belem-tera-mudancas-no-transito-a-partir-desta-quinta#authorImage\",\"url\":\"https:\\\/\\\/secure.gravatar.com\\\/avatar\\\/507340682b8270222e1f208e23198b6ae7e2c6a1033ae84e99bc6bce4f82a387?s=96&d=mm&r=g\",\"width\":96,\"height\":96,\"caption\":\"Encontra Bel\\u00e9m\"}},{\"@type\":\"WebPage\",\"@id\":\"https:\\\/\\\/www.encontrabelem.com.br\\\/sobre\\\/belem-tera-mudancas-no-transito-a-partir-desta-quinta#webpage\",\"url\":\"https:\\\/\\\/www.encontrabelem.com.br\\\/sobre\\\/belem-tera-mudancas-no-transito-a-partir-desta-quinta\",\"name\":\"Bel\\u00e9m ter\\u00e1 mudan\\u00e7as no tr\\u00e2nsito a partir desta quinta | Encontra Bel\\u00e9m\",\"description\":\"Mudan\\u00e7as no tr\\u00e2nsito de Bel\\u00e9m come\\u00e7am dia 3 com altera\\u00e7\\u00f5es importantes \\u00e0s vias e linhas de \\u00f4nibus.\",\"inLanguage\":\"pt-BR\",\"isPartOf\":{\"@id\":\"https:\\\/\\\/www.encontrabelem.com.br\\\/sobre\\\/#website\"},\"breadcrumb\":{\"@id\":\"https:\\\/\\\/www.encontrabelem.com.br\\\/sobre\\\/belem-tera-mudancas-no-transito-a-partir-desta-quinta#breadcrumblist\"},\"author\":{\"@id\":\"https:\\\/\\\/www.encontrabelem.com.br\\\/sobre\\\/author\\\/ebelem#author\"},\"creator\":{\"@id\":\"https:\\\/\\\/www.encontrabelem.com.br\\\/sobre\\\/author\\\/ebelem#author\"},\"image\":{\"@type\":\"ImageObject\",\"url\":\"https:\\\/\\\/www.encontrabelem.com.br\\\/sobre\\\/wp-content\\\/uploads\\\/2026\\\/09\\\/belem-tera-mudancas-no-transito-a-partir-desta-quinta.webp\",\"@id\":\"https:\\\/\\\/www.encontrabelem.com.br\\\/sobre\\\/belem-tera-mudancas-no-transito-a-partir-desta-quinta\\\/#mainImage\",\"width\":280,\"height\":280,\"caption\":\"mudan\\u00e7as no tr\\u00e2nsito de Bel\\u00e9m\"},\"primaryImageOfPage\":{\"@id\":\"https:\\\/\\\/www.encontrabelem.com.br\\\/sobre\\\/belem-tera-mudancas-no-transito-a-partir-desta-quinta#mainImage\"},\"datePublished\":\"2026-09-03T03:29:35-03:00\",\"dateModified\":\"2026-09-03T03:29:35-03:00\"},{\"@type\":\"WebSite\",\"@id\":\"https:\\\/\\\/www.encontrabelem.com.br\\\/sobre\\\/#website\",\"url\":\"https:\\\/\\\/www.encontrabelem.com.br\\\/sobre\\\/\",\"name\":\"Encontra Bel\\u00e9m\",\"description\":\"Not\\u00edcias, eventos, informa\\u00e7\\u00f5es e dicas na cidade Bel\\u00e9m e regi\\u00e3o.\",\"inLanguage\":\"pt-BR\",\"publisher\":{\"@id\":\"https:\\\/\\\/www.encontrabelem.com.br\\\/sobre\\\/#organization\"}}]}\n\t\t<\/script>\n\t\t<!-- All in One SEO -->\n\n","aioseo_head_json":{"title":"Bel\u00e9m ter\u00e1 mudan\u00e7as no tr\u00e2nsito a partir desta quinta | Encontra Bel\u00e9m","description":"Mudan\u00e7as no tr\u00e2nsito de Bel\u00e9m come\u00e7am dia 3 com altera\u00e7\u00f5es importantes \u00e0s vias e linhas de \u00f4nibus.","canonical_url":"https:\/\/www.encontrabelem.com.br\/sobre\/belem-tera-mudancas-no-transito-a-partir-desta-quinta","robots":"max-image-preview:large","keywords":"","webmasterTools":{"miscellaneous":""},"schema":{"@context":"https:\/\/schema.org","@graph":[{"@type":"Article","@id":"https:\/\/www.encontrabelem.com.br\/sobre\/belem-tera-mudancas-no-transito-a-partir-desta-quinta#article","name":"Bel\u00e9m ter\u00e1 mudan\u00e7as no tr\u00e2nsito a partir desta quinta | Encontra Bel\u00e9m","headline":"Bel\u00e9m ter\u00e1 mudan\u00e7as no tr\u00e2nsito a partir desta quinta","author":{"@id":"https:\/\/www.encontrabelem.com.br\/sobre\/author\/ebelem#author"},"publisher":{"@id":"https:\/\/www.encontrabelem.com.br\/sobre\/#organization"},"image":{"@type":"ImageObject","url":"https:\/\/www.encontrabelem.com.br\/sobre\/wp-content\/uploads\/2026\/09\/belem-tera-mudancas-no-transito-a-partir-desta-quinta.webp","width":280,"height":280,"caption":"mudan\u00e7as no tr\u00e2nsito de Bel\u00e9m"},"datePublished":"2026-09-03T03:29:35-03:00","dateModified":"2026-09-03T03:29:35-03:00","inLanguage":"pt-BR","mainEntityOfPage":{"@id":"https:\/\/www.encontrabelem.com.br\/sobre\/belem-tera-mudancas-no-transito-a-partir-desta-quinta#webpage"},"isPartOf":{"@id":"https:\/\/www.encontrabelem.com.br\/sobre\/belem-tera-mudancas-no-transito-a-partir-desta-quinta#webpage"},"articleSection":"Not\u00edcias Bel\u00e9m"},{"@type":"BreadcrumbList","@id":"https:\/\/www.encontrabelem.com.br\/sobre\/belem-tera-mudancas-no-transito-a-partir-desta-quinta#breadcrumblist","itemListElement":[{"@type":"ListItem","@id":"https:\/\/www.encontrabelem.com.br\/sobre#listItem","position":1,"name":"In\u00edcio","item":"https:\/\/www.encontrabelem.com.br\/sobre","nextItem":{"@type":"ListItem","@id":"https:\/\/www.encontrabelem.com.br\/sobre\/noticias-em-belem#listItem","name":"Not\u00edcias Bel\u00e9m"}},{"@type":"ListItem","@id":"https:\/\/www.encontrabelem.com.br\/sobre\/noticias-em-belem#listItem","position":2,"name":"Not\u00edcias Bel\u00e9m","item":"https:\/\/www.encontrabelem.com.br\/sobre\/noticias-em-belem","nextItem":{"@type":"ListItem","@id":"https:\/\/www.encontrabelem.com.br\/sobre\/belem-tera-mudancas-no-transito-a-partir-desta-quinta#listItem","name":"Bel\u00e9m ter\u00e1 mudan\u00e7as no tr\u00e2nsito a partir desta quinta"},"previousItem":{"@type":"ListItem","@id":"https:\/\/www.encontrabelem.com.br\/sobre#listItem","name":"In\u00edcio"}},{"@type":"ListItem","@id":"https:\/\/www.encontrabelem.com.br\/sobre\/belem-tera-mudancas-no-transito-a-partir-desta-quinta#listItem","position":3,"name":"Bel\u00e9m ter\u00e1 mudan\u00e7as no tr\u00e2nsito a partir desta quinta","previousItem":{"@type":"ListItem","@id":"https:\/\/www.encontrabelem.com.br\/sobre\/noticias-em-belem#listItem","name":"Not\u00edcias Bel\u00e9m"}}]},{"@type":"Organization","@id":"https:\/\/www.encontrabelem.com.br\/sobre\/#organization","name":"Encontra Bel\u00e9m","description":"Not\u00edcias, eventos, informa\u00e7\u00f5es e dicas na cidade Bel\u00e9m e regi\u00e3o.","url":"https:\/\/www.encontrabelem.com.br\/sobre\/"},{"@type":"Person","@id":"https:\/\/www.encontrabelem.com.br\/sobre\/author\/ebelem#author","url":"https:\/\/www.encontrabelem.com.br\/sobre\/author\/ebelem","name":"Encontra Bel\u00e9m","image":{"@type":"ImageObject","@id":"https:\/\/www.encontrabelem.com.br\/sobre\/belem-tera-mudancas-no-transito-a-partir-desta-quinta#authorImage","url":"https:\/\/secure.gravatar.com\/avatar\/507340682b8270222e1f208e23198b6ae7e2c6a1033ae84e99bc6bce4f82a387?s=96&d=mm&r=g","width":96,"height":96,"caption":"Encontra Bel\u00e9m"}},{"@type":"WebPage","@id":"https:\/\/www.encontrabelem.com.br\/sobre\/belem-tera-mudancas-no-transito-a-partir-desta-quinta#webpage","url":"https:\/\/www.encontrabelem.com.br\/sobre\/belem-tera-mudancas-no-transito-a-partir-desta-quinta","name":"Bel\u00e9m ter\u00e1 mudan\u00e7as no tr\u00e2nsito a partir desta quinta | Encontra Bel\u00e9m","description":"Mudan\u00e7as no tr\u00e2nsito de Bel\u00e9m come\u00e7am dia 3 com altera\u00e7\u00f5es importantes \u00e0s vias e linhas de \u00f4nibus.","inLanguage":"pt-BR","isPartOf":{"@id":"https:\/\/www.encontrabelem.com.br\/sobre\/#website"},"breadcrumb":{"@id":"https:\/\/www.encontrabelem.com.br\/sobre\/belem-tera-mudancas-no-transito-a-partir-desta-quinta#breadcrumblist"},"author":{"@id":"https:\/\/www.encontrabelem.com.br\/sobre\/author\/ebelem#author"},"creator":{"@id":"https:\/\/www.encontrabelem.com.br\/sobre\/author\/ebelem#author"},"image":{"@type":"ImageObject","url":"https:\/\/www.encontrabelem.com.br\/sobre\/wp-content\/uploads\/2026\/09\/belem-tera-mudancas-no-transito-a-partir-desta-quinta.webp","@id":"https:\/\/www.encontrabelem.com.br\/sobre\/belem-tera-mudancas-no-transito-a-partir-desta-quinta\/#mainImage","width":280,"height":280,"caption":"mudan\u00e7as no tr\u00e2nsito de Bel\u00e9m"},"primaryImageOfPage":{"@id":"https:\/\/www.encontrabelem.com.br\/sobre\/belem-tera-mudancas-no-transito-a-partir-desta-quinta#mainImage"},"datePublished":"2026-09-03T03:29:35-03:00","dateModified":"2026-09-03T03:29:35-03:00"},{"@type":"WebSite","@id":"https:\/\/www.encontrabelem.com.br\/sobre\/#website","url":"https:\/\/www.encontrabelem.com.br\/sobre\/","name":"Encontra Bel\u00e9m","description":"Not\u00edcias, eventos, informa\u00e7\u00f5es e dicas na cidade Bel\u00e9m e regi\u00e3o.","inLanguage":"pt-BR","publisher":{"@id":"https:\/\/www.encontrabelem.com.br\/sobre\/#organization"}}]},"og:locale":"pt_BR","og:site_name":"Encontra Bel\u00e9m | Not\u00edcias, eventos, informa\u00e7\u00f5es e dicas na cidade Bel\u00e9m e regi\u00e3o.","og:type":"article","og:title":"Bel\u00e9m ter\u00e1 mudan\u00e7as no tr\u00e2nsito a partir desta quinta | Encontra Bel\u00e9m","og:description":"Mudan\u00e7as no tr\u00e2nsito de Bel\u00e9m come\u00e7am dia 3 com altera\u00e7\u00f5es importantes \u00e0s vias e linhas de \u00f4nibus.","og:url":"https:\/\/www.encontrabelem.com.br\/sobre\/belem-tera-mudancas-no-transito-a-partir-desta-quinta","article:published_time":"2026-09-03T06:29:35+00:00","article:modified_time":"2026-09-03T06:29:35+00:00","twitter:card":"summary","twitter:title":"Bel\u00e9m ter\u00e1 mudan\u00e7as no tr\u00e2nsito a partir desta quinta | Encontra Bel\u00e9m","twitter:description":"Mudan\u00e7as no tr\u00e2nsito de Bel\u00e9m come\u00e7am dia 3 com altera\u00e7\u00f5es importantes \u00e0s vias e linhas de \u00f4nibus."},"aioseo_meta_data":{"post_id":"2423","title":null,"description":null,"keywords":null,"keyphrases":null,"primary_term":null,"canonical_url":null,"og_title":null,"og_description":null,"og_object_type":"default","og_image_type":"default","og_image_url":null,"og_image_width":null,"og_image_height":null,"og_image_custom_url":null,"og_image_custom_fields":null,"og_video":null,"og_custom_url":null,"og_article_section":null,"og_article_tags":null,"twitter_use_og":false,"twitter_card":"default","twitter_image_type":"default","twitter_image_url":null,"twitter_image_custom_url":null,"twitter_image_custom_fields":null,"twitter_title":null,"twitter_description":null,"schema":{"blockGraphs":[],"customGraphs":[],"default":{"data":{"Article":[],"Course":[],"Dataset":[],"FAQPage":[],"Movie":[],"Person":[],"Product":[],"ProductReview":[],"Car":[],"Recipe":[],"Service":[],"SoftwareApplication":[],"WebPage":[]},"graphName":"Article","isEnabled":true},"graphs":[]},"schema_type":"default","schema_type_options":null,"pillar_content":false,"robots_default":true,"robots_noindex":false,"robots_noarchive":false,"robots_nosnippet":false,"robots_nofollow":false,"robots_noimageindex":false,"robots_noodp":false,"robots_notranslate":false,"robots_max_snippet":null,"robots_max_videopreview":null,"robots_max_imagepreview":"large","priority":null,"frequency":null,"local_seo":null,"breadcrumb_settings":null,"limit_modified_date":false,"ai":null,"created":"2026-09-03 06:29:35","updated":"2026-09-03 06:29:35","focus_keyword":null,"additional_keywords":null,"truseo_locale":null,"seo_analyzer_scan_date":null},"aioseo_breadcrumb":"<div class=\"aioseo-breadcrumbs\"><span class=\"aioseo-breadcrumb\">\n\t\t\t<a href=\"https:\/\/www.encontrabelem.com.br\/sobre\" title=\"In\u00edcio\">In\u00edcio<\/a>\n\t\t<\/span><span class=\"aioseo-breadcrumb-separator\">&raquo;<\/span><span class=\"aioseo-breadcrumb\">\n\t\t\t<a href=\"https:\/\/www.encontrabelem.com.br\/sobre\/noticias-em-belem\" title=\"Not\u00edcias Bel\u00e9m\">Not\u00edcias Bel\u00e9m<\/a>\n\t\t<\/span><span class=\"aioseo-breadcrumb-separator\">&raquo;<\/span><span class=\"aioseo-breadcrumb\">\n\t\t\tBel\u00e9m ter\u00e1 mudan\u00e7as no tr\u00e2nsito a partir desta quinta\n\t\t<\/span><\/div>","aioseo_breadcrumb_json":[{"label":"In\u00edcio","link":"https:\/\/www.encontrabelem.com.br\/sobre"},{"label":"Not\u00edcias Bel\u00e9m","link":"https:\/\/www.encontrabelem.com.br\/sobre\/noticias-em-belem"},{"label":"Bel\u00e9m ter\u00e1 mudan\u00e7as no tr\u00e2nsito a partir desta quinta","link":"https:\/\/www.encontrabelem.com.br\/sobre\/belem-tera-mudancas-no-transito-a-partir-desta-quinta"}],"_links":{"self":[{"href":"https:\/\/www.encontrabelem.com.br\/sobre\/wp-json\/wp\/v2\/posts\/2423","targetHints":{"allow":["GET"]}}],"collection":[{"href":"https:\/\/www.encontrabelem.com.br\/sobre\/wp-json\/wp\/v2\/posts"}],"about":[{"href":"https:\/\/www.encontrabelem.com.br\/sobre\/wp-json\/wp\/v2\/types\/post"}],"author":[{"embeddable":true,"href":"https:\/\/www.encontrabelem.com.br\/sobre\/wp-json\/wp\/v2\/users\/1"}],"replies":[{"embeddable":true,"href":"https:\/\/www.encontrabelem.com.br\/sobre\/wp-json\/wp\/v2\/comments?post=2423"}],"version-history":[{"count":0,"href":"https:\/\/www.encontrabelem.com.br\/sobre\/wp-json\/wp\/v2\/posts\/2423\/revisions"}],"wp:featuredmedia":[{"embeddable":true,"href":"https:\/\/www.encontrabelem.com.br\/sobre\/wp-json\/wp\/v2\/media\/2422"}],"wp:attachment":[{"href":"https:\/\/www.encontrabelem.com.br\/sobre\/wp-json\/wp\/v2\/media?parent=2423"}],"wp:term":[{"taxonomy":"category","embeddable":true,"href":"https:\/\/www.encontrabelem.com.br\/sobre\/wp-json\/wp\/v2\/categories?post=2423"},{"taxonomy":"post_tag","embeddable":true,"href":"https:\/\/www.encontrabelem.com.br\/sobre\/wp-json\/wp\/v2\/tags?post=2423"}],"curies":[{"name":"wp","href":"https:\/\/api.w.org\/{rel}","templated":true}]}}