{"id":2419,"date":"2026-09-02T03:30:14","date_gmt":"2026-09-02T06:30:14","guid":{"rendered":"https:\/\/www.encontrabelem.com.br\/sobre\/comendador-belem-10235"},"modified":"2026-09-02T03:30:14","modified_gmt":"2026-09-02T06:30:14","slug":"comendador-belem-10235","status":"publish","type":"post","link":"https:\/\/www.encontrabelem.com.br\/sobre\/comendador-belem-10235","title":{"rendered":"Comendador Bel\u00e9m 10235"},"content":{"rendered":"<div class=\"b22802487b0d38c4c6d9f34966e16421\" data-index=\"1\" style=\"float: none; margin:0px;\">\n<!-- Anuncio display - global -->\r\n<ins class=\"adsbygoogle\"\r\n     style=\"display:block\"\r\n     data-ad-client=\"ca-pub-8585364105181520\"\r\n     data-ad-slot=\"8789329856\"\r\n     data-ad-format=\"auto\"\r\n     data-full-width-responsive=\"true\"><\/ins>\r\n<script>\r\n     (adsbygoogle = window.adsbygoogle || []).push({});\r\n<\/script>\n<\/div>\n<h2>Quem \u00e9 Comendador Bel\u00e9m?<\/h2>\n<p>Comendador Bel\u00e9m, cujo nome verdadeiro \u00e9 <strong>Antonio Cledson dos Santos Ribeiro<\/strong>, est\u00e1 concorrendo ao cargo de <strong>Deputado Estadual<\/strong> no Par\u00e1, com o n\u00famero 10235. Natural de <strong>Bel\u00e9m (PA)<\/strong>, ele possui 53 anos e trabalha como motorista particular. Seu hist\u00f3rico educacional inclui a conclus\u00e3o do <strong>Ensino M\u00e9dio<\/strong>, e ele se apresenta como solteiro. At\u00e9 o momento, n\u00e3o declarou bens ao Tribunal Superior Eleitoral (TSE).<\/p>\n<h2>O que o motiva a se candidatar?<\/h2>\n<p>Comendador Bel\u00e9m busca uma oportunidade para representar os cidad\u00e3os do Par\u00e1, acreditando que pode trazer mudan\u00e7as significativas para a comunidade. Sua motiva\u00e7\u00e3o se fundamenta no desejo de melhorar as condi\u00e7\u00f5es sociais e econ\u00f4micas da popula\u00e7\u00e3o, e ele se compromete a ouvir as demandas do povo para agir em conson\u00e2ncia com elas.<\/p>\n<h2>Trajet\u00f3ria pol\u00edtica e experi\u00eancias<\/h2>\n<p>A carreira pol\u00edtica de Comendador Bel\u00e9m \u00e9 relativamente nova, mas ele j\u00e1 participou de elei\u00e7\u00f5es importantes:<\/p>\n<p><img decoding=\"async\" src=\"https:\/\/www.encontrabelem.com.br\/sobre\/wp-content\/uploads\/2026\/09\/comendador-belem-10235.webp\" alt=\"Comendador Bel\u00e9m 10235\" loading=\"lazy\" \/><\/p>\n<ul>\n<li><strong>2026:<\/strong> Candidato a Deputado Estadual do Par\u00e1.<\/li>\n<li><strong>2024:<\/strong> Foi suplente na elei\u00e7\u00e3o para Vereador de Bel\u00e9m.<\/li>\n<\/ul>\n<p>Apesar de ser um candidato sem grande experi\u00eancia, ele acredita que sua viv\u00eancia como motorista particular lhe proporciona uma compreens\u00e3o das dificuldades enfrentadas pela popula\u00e7\u00e3o nas ruas e na cidade.<\/p>\n<h2>Entenda a import\u00e2ncia das elei\u00e7\u00f5es de 2026<\/h2>\n<p>As elei\u00e7\u00f5es de 2026 representam um marco significativo para o eleitorado paraense, pois s\u00e3o uma oportunidade para os cidad\u00e3os escolherem representantes que possam efetivamente abordar as quest\u00f5es mais relevantes do estado. O envolvimento da popula\u00e7\u00e3o neste processo \u00e9 crucial para assegurar que suas vozes sejam ouvidas e que suas necessidades sejam atendidas. A participa\u00e7\u00e3o ativa nas vota\u00e7\u00f5es pode direcionar o futuro do Par\u00e1 em \u00e1reas como sa\u00fade, educa\u00e7\u00e3o e seguran\u00e7a p\u00fablica.<\/p>\n<h2>As propostas de Comendador Bel\u00e9m<\/h2>\n<p>Embora n\u00e3o tenha divulgado um extenso programa de governo, Comendador Bel\u00e9m tem se comprometido a lutar pelas seguintes quest\u00f5es-chaves:<\/p>\n<ul>\n<li><strong>Transporte P\u00fablico:<\/strong> Melhorar a infraestrutura e a qualidade do transporte, visando maior acessibilidade e conforto aos cidad\u00e3os.<\/li>\n<li><strong>Sa\u00fade:<\/strong> Buscar investimentos que garantam melhores servi\u00e7os de sa\u00fade para a popula\u00e7\u00e3o, incluindo atendimentos de emerg\u00eancia e preven\u00e7\u00e3o de doen\u00e7as.<\/li>\n<li><strong>Educa\u00e7\u00e3o:<\/strong> Promover iniciativas que ajudem a melhorar a qualidade do ensino nas escolas, com foco na forma\u00e7\u00e3o de professores e na melhoria das condi\u00e7\u00f5es das institui\u00e7\u00f5es de ensino.<\/li>\n<li><strong>Seguran\u00e7a P\u00fablica:<\/strong> Trabalhar em conjunto com a pol\u00edcia e outras institui\u00e7\u00f5es para aumentar a seguran\u00e7a nas comunidades, reduzindo a criminalidade.<\/li>\n<\/ul>\n<p>Essas propostas refletem suas preocupa\u00e7\u00f5es em atender \u00e0s necessidades b\u00e1sicas e urgentes dos habitantes de Bel\u00e9m e demais localidades do Par\u00e1.<\/p>\n<h2>O papel do REPUBLICANOS nas elei\u00e7\u00f5es<\/h2>\n<p>Comendador Bel\u00e9m \u00e9 candidato pelo partido <strong>REPUBLICANOS<\/strong>, que apresenta uma plataforma centrada na melhoria da qualidade de vida dos brasileiros. O partido tem como objetivo central oferecer alternativas pol\u00edticas que priorizem a seguran\u00e7a, educa\u00e7\u00e3o e sa\u00fade, buscando um governo mais gerido pelas demandas populares. Embora esteja em uma chapa isolada, o partido se mostra comprometido em viabilizar projetos que beneficiem a coletividade.<\/p>\n<h2>Como votar no candidato 10235<\/h2>\n<p>Para votar em Comendador Bel\u00e9m, \u00e9 necess\u00e1rio estar registrado no cart\u00f3rio eleitoral e seguir os seguintes passos no dia da elei\u00e7\u00e3o:<\/p>\n<ul>\n<li>Localize seu col\u00e9gio eleitoral e verifique seu n\u00famero de urna.<\/li>\n<li>Ao chegar, apresente um documento oficial com foto, como RG ou CNH.<\/li>\n<li>Na cabine de vota\u00e7\u00e3o, insira o n\u00famero <strong>10235<\/strong> correspondente ao candidato Comendador Bel\u00e9m.<\/li>\n<\/ul>\n<p>Participar da vota\u00e7\u00e3o \u00e9 fundamental para garantir que sua escolha fa\u00e7a a diferen\u00e7a no futuro da pol\u00edtica local.<\/p>\n<h2>Desafios enfrentados na campanha<\/h2>\n<p>Comendador Bel\u00e9m enfrenta diversos desafios na sua campanha, incluindo:<\/p>\n<ul>\n<li><strong>Reconhecimento:<\/strong> Como um candidato relativamente novo, ele precisa se fazer conhecido entre os eleitores.<\/li>\n<li><strong>Recursos Limitados:<\/strong> A aus\u00eancia de um grande fundo de campanha pode limitar seus esfor\u00e7os de marketing e visibilidade.<\/li>\n<li><strong>Concorr\u00eancia:<\/strong> Enfrenta outros candidatos estabelecidos que possuem maior experi\u00eancia e apoio.<\/li>\n<\/ul>\n<p>Ainda assim, ele est\u00e1 determinado a superar esses obst\u00e1culos atrav\u00e9s de uma abordagem pr\u00f3xima \u00e0 popula\u00e7\u00e3o e a comunica\u00e7\u00e3o direta com os problemas que cada cidad\u00e3o enfrenta.<\/p>\n<h2>Not\u00edcias recentes sobre a candidatura<\/h2>\n<p>As atualiza\u00e7\u00f5es sobre a candidatura de Comendador Bel\u00e9m est\u00e3o dispon\u00edveis atrav\u00e9s de jornais e sites de not\u00edcias locais. Ele tem aparecido em eventos comunit\u00e1rios e debates, mostrando suas ideias e receptividade \u00e0s sugest\u00f5es dos cidad\u00e3os. <strong>Acompanhe as not\u00edcias<\/strong> para estar informado sobre suas atividades e propostas durante a campanha.<\/p>\n<h2>Expectativas para a comunidade local<\/h2>\n<p>A candidatura de Comendador Bel\u00e9m pode trazer novas perspectivas para a pol\u00edtica de Bel\u00e9m e do Par\u00e1. As expectativas em torno de sua elei\u00e7\u00e3o s\u00e3o variadas, mas muitos veem sua candidatura como uma chance de renova\u00e7\u00e3o. Caso eleito, espera-se que ele foque sua atua\u00e7\u00e3o em atender \u00e0s demandas mais cr\u00edticas da popula\u00e7\u00e3o e em trazer melhorias significativas nas \u00e1reas que prometeu atuar.<\/p>\n\n<div style=\"font-size: 0px; height: 0px; line-height: 0px; margin: 0; padding: 0; clear: both;\"><\/div>","protected":false},"excerpt":{"rendered":"<p>Comendador Bel\u00e9m 10235: Conhe\u00e7a o candidato do REPUBLICANOS nas elei\u00e7\u00f5es de 2026!<\/p>\n","protected":false},"author":1,"featured_media":2418,"comment_status":"open","ping_status":"closed","sticky":false,"template":"","format":"standard","meta":{"footnotes":""},"categories":[1],"tags":[],"class_list":["post-2419","post","type-post","status-publish","format-standard","has-post-thumbnail","hentry","category-noticias-em-belem","has_thumb"],"aioseo_notices":[],"aioseo_head":"\n\t\t<!-- All in One SEO 5.0.0.1 - aioseo.com -->\n\t<meta name=\"description\" content=\"Comendador Bel\u00e9m 10235: Conhe\u00e7a o candidato do REPUBLICANOS nas elei\u00e7\u00f5es de 2026!\" \/>\n\t<meta name=\"robots\" content=\"max-image-preview:large\" \/>\n\t<meta name=\"author\" content=\"Encontra Bel\u00e9m\"\/>\n\t<link rel=\"canonical\" href=\"https:\/\/www.encontrabelem.com.br\/sobre\/comendador-belem-10235\" \/>\n\t<meta name=\"generator\" content=\"All in One SEO (AIOSEO) 5.0.0.1\" \/>\n\t\t<meta property=\"og:locale\" content=\"pt_BR\" \/>\n\t\t<meta property=\"og:site_name\" content=\"Encontra Bel\u00e9m | Not\u00edcias, eventos, informa\u00e7\u00f5es e dicas na cidade Bel\u00e9m e regi\u00e3o.\" \/>\n\t\t<meta property=\"og:type\" content=\"article\" \/>\n\t\t<meta property=\"og:title\" content=\"Comendador Bel\u00e9m 10235 | Encontra Bel\u00e9m\" \/>\n\t\t<meta property=\"og:description\" content=\"Comendador Bel\u00e9m 10235: Conhe\u00e7a o candidato do REPUBLICANOS nas elei\u00e7\u00f5es de 2026!\" \/>\n\t\t<meta property=\"og:url\" content=\"https:\/\/www.encontrabelem.com.br\/sobre\/comendador-belem-10235\" \/>\n\t\t<meta property=\"article:published_time\" content=\"2026-09-02T06:30:14+00:00\" \/>\n\t\t<meta property=\"article:modified_time\" content=\"2026-09-02T06:30:14+00:00\" \/>\n\t\t<meta name=\"twitter:card\" content=\"summary\" \/>\n\t\t<meta name=\"twitter:title\" content=\"Comendador Bel\u00e9m 10235 | Encontra Bel\u00e9m\" \/>\n\t\t<meta name=\"twitter:description\" content=\"Comendador Bel\u00e9m 10235: Conhe\u00e7a o candidato do REPUBLICANOS nas elei\u00e7\u00f5es de 2026!\" \/>\n\t\t<script type=\"application\/ld+json\" class=\"aioseo-schema\">\n\t\t\t{\"@context\":\"https:\\\/\\\/schema.org\",\"@graph\":[{\"@type\":\"Article\",\"@id\":\"https:\\\/\\\/www.encontrabelem.com.br\\\/sobre\\\/comendador-belem-10235#article\",\"name\":\"Comendador Bel\\u00e9m 10235 | Encontra Bel\\u00e9m\",\"headline\":\"Comendador Bel\\u00e9m 10235\",\"author\":{\"@id\":\"https:\\\/\\\/www.encontrabelem.com.br\\\/sobre\\\/author\\\/ebelem#author\"},\"publisher\":{\"@id\":\"https:\\\/\\\/www.encontrabelem.com.br\\\/sobre\\\/#organization\"},\"image\":{\"@type\":\"ImageObject\",\"url\":\"https:\\\/\\\/www.encontrabelem.com.br\\\/sobre\\\/wp-content\\\/uploads\\\/2026\\\/09\\\/comendador-belem-10235.webp\",\"width\":280,\"height\":280,\"caption\":\"Comendador Bel\\u00e9m 10235\"},\"datePublished\":\"2026-09-02T03:30:14-03:00\",\"dateModified\":\"2026-09-02T03:30:14-03:00\",\"inLanguage\":\"pt-BR\",\"mainEntityOfPage\":{\"@id\":\"https:\\\/\\\/www.encontrabelem.com.br\\\/sobre\\\/comendador-belem-10235#webpage\"},\"isPartOf\":{\"@id\":\"https:\\\/\\\/www.encontrabelem.com.br\\\/sobre\\\/comendador-belem-10235#webpage\"},\"articleSection\":\"Not\\u00edcias Bel\\u00e9m\"},{\"@type\":\"BreadcrumbList\",\"@id\":\"https:\\\/\\\/www.encontrabelem.com.br\\\/sobre\\\/comendador-belem-10235#breadcrumblist\",\"itemListElement\":[{\"@type\":\"ListItem\",\"@id\":\"https:\\\/\\\/www.encontrabelem.com.br\\\/sobre#listItem\",\"position\":1,\"name\":\"In\\u00edcio\",\"item\":\"https:\\\/\\\/www.encontrabelem.com.br\\\/sobre\",\"nextItem\":{\"@type\":\"ListItem\",\"@id\":\"https:\\\/\\\/www.encontrabelem.com.br\\\/sobre\\\/noticias-em-belem#listItem\",\"name\":\"Not\\u00edcias Bel\\u00e9m\"}},{\"@type\":\"ListItem\",\"@id\":\"https:\\\/\\\/www.encontrabelem.com.br\\\/sobre\\\/noticias-em-belem#listItem\",\"position\":2,\"name\":\"Not\\u00edcias Bel\\u00e9m\",\"item\":\"https:\\\/\\\/www.encontrabelem.com.br\\\/sobre\\\/noticias-em-belem\",\"nextItem\":{\"@type\":\"ListItem\",\"@id\":\"https:\\\/\\\/www.encontrabelem.com.br\\\/sobre\\\/comendador-belem-10235#listItem\",\"name\":\"Comendador Bel\\u00e9m 10235\"},\"previousItem\":{\"@type\":\"ListItem\",\"@id\":\"https:\\\/\\\/www.encontrabelem.com.br\\\/sobre#listItem\",\"name\":\"In\\u00edcio\"}},{\"@type\":\"ListItem\",\"@id\":\"https:\\\/\\\/www.encontrabelem.com.br\\\/sobre\\\/comendador-belem-10235#listItem\",\"position\":3,\"name\":\"Comendador Bel\\u00e9m 10235\",\"previousItem\":{\"@type\":\"ListItem\",\"@id\":\"https:\\\/\\\/www.encontrabelem.com.br\\\/sobre\\\/noticias-em-belem#listItem\",\"name\":\"Not\\u00edcias Bel\\u00e9m\"}}]},{\"@type\":\"Organization\",\"@id\":\"https:\\\/\\\/www.encontrabelem.com.br\\\/sobre\\\/#organization\",\"name\":\"Encontra Bel\\u00e9m\",\"description\":\"Not\\u00edcias, eventos, informa\\u00e7\\u00f5es e dicas na cidade Bel\\u00e9m e regi\\u00e3o.\",\"url\":\"https:\\\/\\\/www.encontrabelem.com.br\\\/sobre\\\/\"},{\"@type\":\"Person\",\"@id\":\"https:\\\/\\\/www.encontrabelem.com.br\\\/sobre\\\/author\\\/ebelem#author\",\"url\":\"https:\\\/\\\/www.encontrabelem.com.br\\\/sobre\\\/author\\\/ebelem\",\"name\":\"Encontra Bel\\u00e9m\",\"image\":{\"@type\":\"ImageObject\",\"@id\":\"https:\\\/\\\/www.encontrabelem.com.br\\\/sobre\\\/comendador-belem-10235#authorImage\",\"url\":\"https:\\\/\\\/secure.gravatar.com\\\/avatar\\\/507340682b8270222e1f208e23198b6ae7e2c6a1033ae84e99bc6bce4f82a387?s=96&d=mm&r=g\",\"width\":96,\"height\":96,\"caption\":\"Encontra Bel\\u00e9m\"}},{\"@type\":\"WebPage\",\"@id\":\"https:\\\/\\\/www.encontrabelem.com.br\\\/sobre\\\/comendador-belem-10235#webpage\",\"url\":\"https:\\\/\\\/www.encontrabelem.com.br\\\/sobre\\\/comendador-belem-10235\",\"name\":\"Comendador Bel\\u00e9m 10235 | Encontra Bel\\u00e9m\",\"description\":\"Comendador Bel\\u00e9m 10235: Conhe\\u00e7a o candidato do REPUBLICANOS nas elei\\u00e7\\u00f5es de 2026!\",\"inLanguage\":\"pt-BR\",\"isPartOf\":{\"@id\":\"https:\\\/\\\/www.encontrabelem.com.br\\\/sobre\\\/#website\"},\"breadcrumb\":{\"@id\":\"https:\\\/\\\/www.encontrabelem.com.br\\\/sobre\\\/comendador-belem-10235#breadcrumblist\"},\"author\":{\"@id\":\"https:\\\/\\\/www.encontrabelem.com.br\\\/sobre\\\/author\\\/ebelem#author\"},\"creator\":{\"@id\":\"https:\\\/\\\/www.encontrabelem.com.br\\\/sobre\\\/author\\\/ebelem#author\"},\"image\":{\"@type\":\"ImageObject\",\"url\":\"https:\\\/\\\/www.encontrabelem.com.br\\\/sobre\\\/wp-content\\\/uploads\\\/2026\\\/09\\\/comendador-belem-10235.webp\",\"@id\":\"https:\\\/\\\/www.encontrabelem.com.br\\\/sobre\\\/comendador-belem-10235\\\/#mainImage\",\"width\":280,\"height\":280,\"caption\":\"Comendador Bel\\u00e9m 10235\"},\"primaryImageOfPage\":{\"@id\":\"https:\\\/\\\/www.encontrabelem.com.br\\\/sobre\\\/comendador-belem-10235#mainImage\"},\"datePublished\":\"2026-09-02T03:30:14-03:00\",\"dateModified\":\"2026-09-02T03:30:14-03:00\"},{\"@type\":\"WebSite\",\"@id\":\"https:\\\/\\\/www.encontrabelem.com.br\\\/sobre\\\/#website\",\"url\":\"https:\\\/\\\/www.encontrabelem.com.br\\\/sobre\\\/\",\"name\":\"Encontra Bel\\u00e9m\",\"description\":\"Not\\u00edcias, eventos, informa\\u00e7\\u00f5es e dicas na cidade Bel\\u00e9m e regi\\u00e3o.\",\"inLanguage\":\"pt-BR\",\"publisher\":{\"@id\":\"https:\\\/\\\/www.encontrabelem.com.br\\\/sobre\\\/#organization\"}}]}\n\t\t<\/script>\n\t\t<!-- All in One SEO -->\n\n","aioseo_head_json":{"title":"Comendador Bel\u00e9m 10235 | Encontra Bel\u00e9m","description":"Comendador Bel\u00e9m 10235: Conhe\u00e7a o candidato do REPUBLICANOS nas elei\u00e7\u00f5es de 2026!","canonical_url":"https:\/\/www.encontrabelem.com.br\/sobre\/comendador-belem-10235","robots":"max-image-preview:large","keywords":"","webmasterTools":{"miscellaneous":""},"schema":{"@context":"https:\/\/schema.org","@graph":[{"@type":"Article","@id":"https:\/\/www.encontrabelem.com.br\/sobre\/comendador-belem-10235#article","name":"Comendador Bel\u00e9m 10235 | Encontra Bel\u00e9m","headline":"Comendador Bel\u00e9m 10235","author":{"@id":"https:\/\/www.encontrabelem.com.br\/sobre\/author\/ebelem#author"},"publisher":{"@id":"https:\/\/www.encontrabelem.com.br\/sobre\/#organization"},"image":{"@type":"ImageObject","url":"https:\/\/www.encontrabelem.com.br\/sobre\/wp-content\/uploads\/2026\/09\/comendador-belem-10235.webp","width":280,"height":280,"caption":"Comendador Bel\u00e9m 10235"},"datePublished":"2026-09-02T03:30:14-03:00","dateModified":"2026-09-02T03:30:14-03:00","inLanguage":"pt-BR","mainEntityOfPage":{"@id":"https:\/\/www.encontrabelem.com.br\/sobre\/comendador-belem-10235#webpage"},"isPartOf":{"@id":"https:\/\/www.encontrabelem.com.br\/sobre\/comendador-belem-10235#webpage"},"articleSection":"Not\u00edcias Bel\u00e9m"},{"@type":"BreadcrumbList","@id":"https:\/\/www.encontrabelem.com.br\/sobre\/comendador-belem-10235#breadcrumblist","itemListElement":[{"@type":"ListItem","@id":"https:\/\/www.encontrabelem.com.br\/sobre#listItem","position":1,"name":"In\u00edcio","item":"https:\/\/www.encontrabelem.com.br\/sobre","nextItem":{"@type":"ListItem","@id":"https:\/\/www.encontrabelem.com.br\/sobre\/noticias-em-belem#listItem","name":"Not\u00edcias Bel\u00e9m"}},{"@type":"ListItem","@id":"https:\/\/www.encontrabelem.com.br\/sobre\/noticias-em-belem#listItem","position":2,"name":"Not\u00edcias Bel\u00e9m","item":"https:\/\/www.encontrabelem.com.br\/sobre\/noticias-em-belem","nextItem":{"@type":"ListItem","@id":"https:\/\/www.encontrabelem.com.br\/sobre\/comendador-belem-10235#listItem","name":"Comendador Bel\u00e9m 10235"},"previousItem":{"@type":"ListItem","@id":"https:\/\/www.encontrabelem.com.br\/sobre#listItem","name":"In\u00edcio"}},{"@type":"ListItem","@id":"https:\/\/www.encontrabelem.com.br\/sobre\/comendador-belem-10235#listItem","position":3,"name":"Comendador Bel\u00e9m 10235","previousItem":{"@type":"ListItem","@id":"https:\/\/www.encontrabelem.com.br\/sobre\/noticias-em-belem#listItem","name":"Not\u00edcias Bel\u00e9m"}}]},{"@type":"Organization","@id":"https:\/\/www.encontrabelem.com.br\/sobre\/#organization","name":"Encontra Bel\u00e9m","description":"Not\u00edcias, eventos, informa\u00e7\u00f5es e dicas na cidade Bel\u00e9m e regi\u00e3o.","url":"https:\/\/www.encontrabelem.com.br\/sobre\/"},{"@type":"Person","@id":"https:\/\/www.encontrabelem.com.br\/sobre\/author\/ebelem#author","url":"https:\/\/www.encontrabelem.com.br\/sobre\/author\/ebelem","name":"Encontra Bel\u00e9m","image":{"@type":"ImageObject","@id":"https:\/\/www.encontrabelem.com.br\/sobre\/comendador-belem-10235#authorImage","url":"https:\/\/secure.gravatar.com\/avatar\/507340682b8270222e1f208e23198b6ae7e2c6a1033ae84e99bc6bce4f82a387?s=96&d=mm&r=g","width":96,"height":96,"caption":"Encontra Bel\u00e9m"}},{"@type":"WebPage","@id":"https:\/\/www.encontrabelem.com.br\/sobre\/comendador-belem-10235#webpage","url":"https:\/\/www.encontrabelem.com.br\/sobre\/comendador-belem-10235","name":"Comendador Bel\u00e9m 10235 | Encontra Bel\u00e9m","description":"Comendador Bel\u00e9m 10235: Conhe\u00e7a o candidato do REPUBLICANOS nas elei\u00e7\u00f5es de 2026!","inLanguage":"pt-BR","isPartOf":{"@id":"https:\/\/www.encontrabelem.com.br\/sobre\/#website"},"breadcrumb":{"@id":"https:\/\/www.encontrabelem.com.br\/sobre\/comendador-belem-10235#breadcrumblist"},"author":{"@id":"https:\/\/www.encontrabelem.com.br\/sobre\/author\/ebelem#author"},"creator":{"@id":"https:\/\/www.encontrabelem.com.br\/sobre\/author\/ebelem#author"},"image":{"@type":"ImageObject","url":"https:\/\/www.encontrabelem.com.br\/sobre\/wp-content\/uploads\/2026\/09\/comendador-belem-10235.webp","@id":"https:\/\/www.encontrabelem.com.br\/sobre\/comendador-belem-10235\/#mainImage","width":280,"height":280,"caption":"Comendador Bel\u00e9m 10235"},"primaryImageOfPage":{"@id":"https:\/\/www.encontrabelem.com.br\/sobre\/comendador-belem-10235#mainImage"},"datePublished":"2026-09-02T03:30:14-03:00","dateModified":"2026-09-02T03:30:14-03:00"},{"@type":"WebSite","@id":"https:\/\/www.encontrabelem.com.br\/sobre\/#website","url":"https:\/\/www.encontrabelem.com.br\/sobre\/","name":"Encontra Bel\u00e9m","description":"Not\u00edcias, eventos, informa\u00e7\u00f5es e dicas na cidade Bel\u00e9m e regi\u00e3o.","inLanguage":"pt-BR","publisher":{"@id":"https:\/\/www.encontrabelem.com.br\/sobre\/#organization"}}]},"og:locale":"pt_BR","og:site_name":"Encontra Bel\u00e9m | Not\u00edcias, eventos, informa\u00e7\u00f5es e dicas na cidade Bel\u00e9m e regi\u00e3o.","og:type":"article","og:title":"Comendador Bel\u00e9m 10235 | Encontra Bel\u00e9m","og:description":"Comendador Bel\u00e9m 10235: Conhe\u00e7a o candidato do REPUBLICANOS nas elei\u00e7\u00f5es de 2026!","og:url":"https:\/\/www.encontrabelem.com.br\/sobre\/comendador-belem-10235","article:published_time":"2026-09-02T06:30:14+00:00","article:modified_time":"2026-09-02T06:30:14+00:00","twitter:card":"summary","twitter:title":"Comendador Bel\u00e9m 10235 | Encontra Bel\u00e9m","twitter:description":"Comendador Bel\u00e9m 10235: Conhe\u00e7a o candidato do REPUBLICANOS nas elei\u00e7\u00f5es de 2026!"},"aioseo_meta_data":{"post_id":"2419","title":null,"description":null,"keywords":null,"keyphrases":null,"primary_term":null,"canonical_url":null,"og_title":null,"og_description":null,"og_object_type":"default","og_image_type":"default","og_image_url":null,"og_image_width":null,"og_image_height":null,"og_image_custom_url":null,"og_image_custom_fields":null,"og_video":null,"og_custom_url":null,"og_article_section":null,"og_article_tags":null,"twitter_use_og":false,"twitter_card":"default","twitter_image_type":"default","twitter_image_url":null,"twitter_image_custom_url":null,"twitter_image_custom_fields":null,"twitter_title":null,"twitter_description":null,"schema":{"blockGraphs":[],"customGraphs":[],"default":{"data":{"Article":[],"Course":[],"Dataset":[],"FAQPage":[],"Movie":[],"Person":[],"Product":[],"ProductReview":[],"Car":[],"Recipe":[],"Service":[],"SoftwareApplication":[],"WebPage":[]},"graphName":"Article","isEnabled":true},"graphs":[]},"schema_type":"default","schema_type_options":null,"pillar_content":false,"robots_default":true,"robots_noindex":false,"robots_noarchive":false,"robots_nosnippet":false,"robots_nofollow":false,"robots_noimageindex":false,"robots_noodp":false,"robots_notranslate":false,"robots_max_snippet":null,"robots_max_videopreview":null,"robots_max_imagepreview":"large","priority":null,"frequency":null,"local_seo":null,"breadcrumb_settings":null,"limit_modified_date":false,"ai":null,"created":"2026-09-02 06:30:14","updated":"2026-09-02 06:30:14","focus_keyword":null,"additional_keywords":null,"truseo_locale":null,"seo_analyzer_scan_date":null},"aioseo_breadcrumb":"<div class=\"aioseo-breadcrumbs\"><span class=\"aioseo-breadcrumb\">\n\t\t\t<a href=\"https:\/\/www.encontrabelem.com.br\/sobre\" title=\"In\u00edcio\">In\u00edcio<\/a>\n\t\t<\/span><span class=\"aioseo-breadcrumb-separator\">&raquo;<\/span><span class=\"aioseo-breadcrumb\">\n\t\t\t<a href=\"https:\/\/www.encontrabelem.com.br\/sobre\/noticias-em-belem\" title=\"Not\u00edcias Bel\u00e9m\">Not\u00edcias Bel\u00e9m<\/a>\n\t\t<\/span><span class=\"aioseo-breadcrumb-separator\">&raquo;<\/span><span class=\"aioseo-breadcrumb\">\n\t\t\tComendador Bel\u00e9m 10235\n\t\t<\/span><\/div>","aioseo_breadcrumb_json":[{"label":"In\u00edcio","link":"https:\/\/www.encontrabelem.com.br\/sobre"},{"label":"Not\u00edcias Bel\u00e9m","link":"https:\/\/www.encontrabelem.com.br\/sobre\/noticias-em-belem"},{"label":"Comendador Bel\u00e9m 10235","link":"https:\/\/www.encontrabelem.com.br\/sobre\/comendador-belem-10235"}],"_links":{"self":[{"href":"https:\/\/www.encontrabelem.com.br\/sobre\/wp-json\/wp\/v2\/posts\/2419","targetHints":{"allow":["GET"]}}],"collection":[{"href":"https:\/\/www.encontrabelem.com.br\/sobre\/wp-json\/wp\/v2\/posts"}],"about":[{"href":"https:\/\/www.encontrabelem.com.br\/sobre\/wp-json\/wp\/v2\/types\/post"}],"author":[{"embeddable":true,"href":"https:\/\/www.encontrabelem.com.br\/sobre\/wp-json\/wp\/v2\/users\/1"}],"replies":[{"embeddable":true,"href":"https:\/\/www.encontrabelem.com.br\/sobre\/wp-json\/wp\/v2\/comments?post=2419"}],"version-history":[{"count":0,"href":"https:\/\/www.encontrabelem.com.br\/sobre\/wp-json\/wp\/v2\/posts\/2419\/revisions"}],"wp:featuredmedia":[{"embeddable":true,"href":"https:\/\/www.encontrabelem.com.br\/sobre\/wp-json\/wp\/v2\/media\/2418"}],"wp:attachment":[{"href":"https:\/\/www.encontrabelem.com.br\/sobre\/wp-json\/wp\/v2\/media?parent=2419"}],"wp:term":[{"taxonomy":"category","embeddable":true,"href":"https:\/\/www.encontrabelem.com.br\/sobre\/wp-json\/wp\/v2\/categories?post=2419"},{"taxonomy":"post_tag","embeddable":true,"href":"https:\/\/www.encontrabelem.com.br\/sobre\/wp-json\/wp\/v2\/tags?post=2419"}],"curies":[{"name":"wp","href":"https:\/\/api.w.org\/{rel}","templated":true}]}}