{"id":2417,"date":"2026-09-02T03:29:22","date_gmt":"2026-09-02T06:29:22","guid":{"rendered":"https:\/\/www.encontrabelem.com.br\/sobre\/belem-se-consolida-como-novo-polo-brasileiro-para-o-turismo-de-negocios"},"modified":"2026-09-02T03:29:22","modified_gmt":"2026-09-02T06:29:22","slug":"belem-se-consolida-como-novo-polo-brasileiro-para-o-turismo-de-negocios","status":"publish","type":"post","link":"https:\/\/www.encontrabelem.com.br\/sobre\/belem-se-consolida-como-novo-polo-brasileiro-para-o-turismo-de-negocios","title":{"rendered":"Bel\u00e9m se consolida como novo polo brasileiro para o turismo de neg\u00f3cios"},"content":{"rendered":"<div class=\"b22802487b0d38c4c6d9f34966e16421\" data-index=\"1\" style=\"float: none; margin:0px;\">\n<!-- Anuncio display - global -->\r\n<ins class=\"adsbygoogle\"\r\n     style=\"display:block\"\r\n     data-ad-client=\"ca-pub-8585364105181520\"\r\n     data-ad-slot=\"8789329856\"\r\n     data-ad-format=\"auto\"\r\n     data-full-width-responsive=\"true\"><\/ins>\r\n<script>\r\n     (adsbygoogle = window.adsbygoogle || []).push({});\r\n<\/script>\n<\/div>\n<h2>O Crescimento do Turismo de Neg\u00f3cios em Bel\u00e9m<\/h2>\n<p>Bel\u00e9m, conhecida por sua rica biodiversidade e cultura vibrante, est\u00e1 se transformando em um importante centro de turismo de neg\u00f3cios no Brasil. O crescimento desse segmento \u00e9 resultado de investidas em infraestrutura e da moderniza\u00e7\u00e3o de servi\u00e7os, que possibilitam \u00e0 capital paraense atrair eventos corporativos de grande porte.<\/p>\n<p>Nos \u00faltimos anos, a cidade tem se dedicado a se reposicionar como um destino ideal para reuni\u00f5es e conven\u00e7\u00f5es, o que se reflete no aumento das visitas de grupos de neg\u00f3cios e na diversidade dos eventos realizados na regi\u00e3o. Essa transforma\u00e7\u00e3o \u00e9 impulsionada por uma combina\u00e7\u00e3o de fatores que v\u00e3o desde a revitaliza\u00e7\u00e3o de \u00e1reas urbanas at\u00e9 a expans\u00e3o da conectividade a\u00e9rea.<\/p>\n<h2>Infraestrutura e Moderniza\u00e7\u00e3o na Capital Paraense<\/h2>\n<p>A base para o chamado turismo de neg\u00f3cios em Bel\u00e9m \u00e9 a sua infraestrutura modernizada. Novos centros de conven\u00e7\u00f5es, hot\u00e9is bem equipados e espa\u00e7os vers\u00e1teis comp\u00f5em a oferta que a cidade apresenta. Essa infraestrutura n\u00e3o s\u00f3 atende \u00e0s expectativas de organizadores de eventos, mas tamb\u00e9m dos participantes, que buscam conforto e acessibilidade durante a estadia.<\/p>\n<p><img decoding=\"async\" src=\"https:\/\/www.encontrabelem.com.br\/sobre\/wp-content\/uploads\/2026\/09\/belem-se-consolida-como-novo-polo-brasileiro-para-o-turismo-de-negocios.webp\" alt=\"turismo de neg\u00f3cios\" loading=\"lazy\" \/><\/p>\n<p>Al\u00e9m disso, investimentos em transporte p\u00fablico e vias de acesso facilitam a locomo\u00e7\u00e3o dentro da cidade. Os novos projetos e a revitaliza\u00e7\u00e3o de espa\u00e7os p\u00fablicos atraem olhares e tornam Bel\u00e9m uma escolha vi\u00e1vel para eventos de todos os tamanhos.<\/p>\n<h2>O Papel do Tivoli Maiorana em Eventos Corporativos<\/h2>\n<p>Um dos hot\u00e9is que se destaca nesse novo cen\u00e1rio \u00e9 o Tivoli Maiorana Bel\u00e9m Par\u00e1, que possui uma infraestrutura completa para o setor de MICE (Meetings, Incentives, Conferences and Exhibitions). Com salas que podem acomodar at\u00e9 300 pessoas, o hotel se posiciona estrategicamente na cidade, perto dos principais pontos tur\u00edsticos e culturais.<\/p>\n<p>O Tivoli Maiorana n\u00e3o apenas oferece espa\u00e7os para reuni\u00f5es, mas tamb\u00e9m disponibiliza ambientes flex\u00edveis que se adaptam a diferentes formatos de eventos, desde coquet\u00e9is e jantares institucionais at\u00e9 grandes conven\u00e7\u00f5es. Restaurantes de renome dentro do hotel complementam a experi\u00eancia com ofertas culin\u00e1rias de alto padr\u00e3o, garantindo que os participantes aproveitem ao m\u00e1ximo sua experi\u00eancia.<\/p>\n<h2>Atra\u00e7\u00f5es Culturais e Gastron\u00f4micas em Bel\u00e9m<\/h2>\n<p>Bel\u00e9m \u00e9 uma cidade rica em cultura e gastronomia, que agrega ainda mais valor ao turismo de neg\u00f3cios. Os eventos realizados na capital podem ser facilmente combinados com passeios que apresentam a vibrante cultura local. As op\u00e7\u00f5es incluem visitas a museus, mercados locais e experi\u00eancias gastron\u00f4micas que destacam a culin\u00e1ria amaz\u00f4nica.<\/p>\n<p>O Mercado Ver-o-Peso \u00e9 um dos locais mais ic\u00f4nicos, onde \u00e9 poss\u00edvel explorar uma variedade de produtos regionais, desde peixes frescos at\u00e9 temperos e artesanato. Essa mistura de cultura e gastronomia transforma as visitas de neg\u00f3cios em experi\u00eancias memor\u00e1veis, atraindo cada vez mais empresas para a cidade.<\/p>\n<h2>Espa\u00e7os Vers\u00e1teis para Diferentes Tipos de Eventos<\/h2>\n<p>Al\u00e9m do Tivoli Maiorana, Bel\u00e9m conta com outros diversos espa\u00e7os que se destacam por sua versatilidade. Hot\u00e9is e centros de conven\u00e7\u00f5es oferecem diversas configura\u00e7\u00f5es para atender tanto pequenas reuni\u00f5es quanto grandes eventos. Essa flexibilidade \u00e9 um atrativo consider\u00e1vel para organizadores que desejam personalizar suas experi\u00eancias de acordo com as necessidades de seus grupos.<\/p>\n<p>Dentre os aspectos que fazem a diferen\u00e7a est\u00e3o a tecnologia de ponta em equipamentos audiovisuais, internet de alta velocidade e a equipe especializada que auxilia na execu\u00e7\u00e3o de cada detalhe. Esses fatores auxiliam a cria\u00e7\u00e3o de ambientes prop\u00edcios para networking e troca de conhecimento, fundamentais para o sucesso do turismo corporativo.<\/p>\n<h2>Bel\u00e9m como Centro Estrat\u00e9gico na Regi\u00e3o Norte<\/h2>\n<p>A localiza\u00e7\u00e3o geogr\u00e1fica de Bel\u00e9m a favorece como um ponto estrat\u00e9gico para neg\u00f3cios na Regi\u00e3o Norte do Brasil. A cidade n\u00e3o apenas serve como porta de entrada para a Amaz\u00f4nia, mas tamb\u00e9m se estabelece como um hub para empresas que buscam expandir suas opera\u00e7\u00f5es na regi\u00e3o. A infraestrutura de transportes, incluindo o Aeroporto Internacional de Bel\u00e9m, facilita a chegada de visitantes de todo o Brasil e do exterior, que buscam se conectar com o potencial econ\u00f4mico e cultural da regi\u00e3o.<\/p>\n<h2>Experi\u00eancias \u00danicas para Eventos Sociais<\/h2>\n<p>Al\u00e9m das oportunidades voltadas para o ramo corporativo, Bel\u00e9m tamb\u00e9m se destaca por oferecer uma variedade de espa\u00e7os que atendem a eventos sociais. Casamentos, festas de anivers\u00e1rio e outros tipos de celebra\u00e7\u00f5es podem ser realizados em locais inspiradores, que aproveitam a beleza natural e cultura da cidade. O Tivoli Maiorana, mais uma vez, se destaca como uma op\u00e7\u00e3o premium, oferecendo servi\u00e7os personalizados e uma equipe comprometida em tornar cada evento \u00fanico.<\/p>\n<p>A flexibilidade dos espa\u00e7os e a alta qualidade da hospitalidade s\u00e3o elementos que tornam Bel\u00e9m uma escolha ideal n\u00e3o apenas para neg\u00f3cios, mas tamb\u00e9m para celebra\u00e7\u00f5es memor\u00e1veis.<\/p>\n<h2>Hospitalidade como Diferencial Competitivo<\/h2>\n<p>A hospitalidade \u00e9 um dos principais diferenciais que Bel\u00e9m oferece em seu apelo ao turismo de neg\u00f3cios. O padr\u00e3o de atendimento dos hot\u00e9is e estabelecimentos comerciais tem se elevado significativamente, garantindo que os visitantes tenham uma experi\u00eancia excepcional desde a chegada \u00e0 cidade at\u00e9 o retorno para casa.<\/p>\n<p>Os profissionais da \u00e1rea est\u00e3o cada vez mais capacitados para oferecer um atendimento personalizado, o que se traduz em maior satisfa\u00e7\u00e3o dos participantes de eventos e, consequentemente, em uma imagem positiva da cidade como um todo. Essa tend\u00eancia cresce \u00e0 medida que as expectativas dos viajantes aumentam e eles buscam imers\u00e3o em experi\u00eancias aut\u00eanticas.<\/p>\n<h2>O Mercado Internacional e o Potencial de Bel\u00e9m<\/h2>\n<p>Com a crescente globaliza\u00e7\u00e3o, eventos internacionais est\u00e3o se tornando cada vez mais frequentes em Bel\u00e9m. O potencial que a cidade possui para receber eventos de grande escala \u00e9 amplamente reconhecido, atraindo assim, n\u00e3o apenas o mercado brasileiro, mas tamb\u00e9m o internacional.<\/p>\n<p>Organiza\u00e7\u00f5es e empresas estrangeiras est\u00e3o come\u00e7ando a explorar as oportunidades que Bel\u00e9m oferece e com isso, o fluxo de visitantes e participantes de eventos est\u00e1 se expandindo. Esse crescimento \u00e9 apoiado por pol\u00edticas p\u00fablicas que visam desenvolver ainda mais a infraestrutura e promover a cidade como um destino atrativo e vi\u00e1vel.<\/p>\n<h2>Futuro do Turismo de Neg\u00f3cios na Capital Paraense<\/h2>\n<p>O futuro do turismo de neg\u00f3cios em Bel\u00e9m parece promissor, com investimentos constantes e um cont\u00ednuo amadurecimento do setor. A cidade est\u00e1 se consolidando como um destino competitivo, capaz de atender \u00e0s demandas do mercado atual. <\/p>\n<p>As iniciativas em andamento para melhorar a infraestrutura e torn\u00e1-la ainda mais acess\u00edvel, juntamente com estrat\u00e9gias de marketing que visam promover seus encantos como um destino corporativo, certamente contribuir\u00e3o para solidificar a posi\u00e7\u00e3o de Bel\u00e9m no cen\u00e1rio nacional e internacional do turismo de neg\u00f3cios.<\/p>\n\n<div style=\"font-size: 0px; height: 0px; line-height: 0px; margin: 0; padding: 0; clear: both;\"><\/div>","protected":false},"excerpt":{"rendered":"<p>Bel\u00e9m se destaca como polo para o turismo de neg\u00f3cios no Brasil.<\/p>\n","protected":false},"author":1,"featured_media":2416,"comment_status":"open","ping_status":"closed","sticky":false,"template":"","format":"standard","meta":{"footnotes":""},"categories":[36],"tags":[],"class_list":["post-2417","post","type-post","status-publish","format-standard","has-post-thumbnail","hentry","category-hotel-em-belem","has_thumb"],"aioseo_notices":[],"aioseo_head":"\n\t\t<!-- All in One SEO 5.0.0.1 - aioseo.com -->\n\t<meta name=\"description\" content=\"Bel\u00e9m se destaca como polo para o turismo de neg\u00f3cios no Brasil.\" \/>\n\t<meta name=\"robots\" content=\"max-image-preview:large\" \/>\n\t<meta name=\"author\" content=\"Encontra Bel\u00e9m\"\/>\n\t<link rel=\"canonical\" href=\"https:\/\/www.encontrabelem.com.br\/sobre\/belem-se-consolida-como-novo-polo-brasileiro-para-o-turismo-de-negocios\" \/>\n\t<meta name=\"generator\" content=\"All in One SEO (AIOSEO) 5.0.0.1\" \/>\n\t\t<meta property=\"og:locale\" content=\"pt_BR\" \/>\n\t\t<meta property=\"og:site_name\" content=\"Encontra Bel\u00e9m | Not\u00edcias, eventos, informa\u00e7\u00f5es e dicas na cidade Bel\u00e9m e regi\u00e3o.\" \/>\n\t\t<meta property=\"og:type\" content=\"article\" \/>\n\t\t<meta property=\"og:title\" content=\"Bel\u00e9m se consolida como novo polo brasileiro para o turismo de neg\u00f3cios | Encontra Bel\u00e9m\" \/>\n\t\t<meta property=\"og:description\" content=\"Bel\u00e9m se destaca como polo para o turismo de neg\u00f3cios no Brasil.\" \/>\n\t\t<meta property=\"og:url\" content=\"https:\/\/www.encontrabelem.com.br\/sobre\/belem-se-consolida-como-novo-polo-brasileiro-para-o-turismo-de-negocios\" \/>\n\t\t<meta property=\"article:published_time\" content=\"2026-09-02T06:29:22+00:00\" \/>\n\t\t<meta property=\"article:modified_time\" content=\"2026-09-02T06:29:22+00:00\" \/>\n\t\t<meta name=\"twitter:card\" content=\"summary\" \/>\n\t\t<meta name=\"twitter:title\" content=\"Bel\u00e9m se consolida como novo polo brasileiro para o turismo de neg\u00f3cios | Encontra Bel\u00e9m\" \/>\n\t\t<meta name=\"twitter:description\" content=\"Bel\u00e9m se destaca como polo para o turismo de neg\u00f3cios no Brasil.\" \/>\n\t\t<script type=\"application\/ld+json\" class=\"aioseo-schema\">\n\t\t\t{\"@context\":\"https:\\\/\\\/schema.org\",\"@graph\":[{\"@type\":\"Article\",\"@id\":\"https:\\\/\\\/www.encontrabelem.com.br\\\/sobre\\\/belem-se-consolida-como-novo-polo-brasileiro-para-o-turismo-de-negocios#article\",\"name\":\"Bel\\u00e9m se consolida como novo polo brasileiro para o turismo de neg\\u00f3cios | Encontra Bel\\u00e9m\",\"headline\":\"Bel\\u00e9m se consolida como novo polo brasileiro para o turismo de neg\\u00f3cios\",\"author\":{\"@id\":\"https:\\\/\\\/www.encontrabelem.com.br\\\/sobre\\\/author\\\/ebelem#author\"},\"publisher\":{\"@id\":\"https:\\\/\\\/www.encontrabelem.com.br\\\/sobre\\\/#organization\"},\"image\":{\"@type\":\"ImageObject\",\"url\":\"https:\\\/\\\/www.encontrabelem.com.br\\\/sobre\\\/wp-content\\\/uploads\\\/2026\\\/09\\\/belem-se-consolida-como-novo-polo-brasileiro-para-o-turismo-de-negocios.webp\",\"width\":280,\"height\":280,\"caption\":\"turismo de neg\\u00f3cios\"},\"datePublished\":\"2026-09-02T03:29:22-03:00\",\"dateModified\":\"2026-09-02T03:29:22-03:00\",\"inLanguage\":\"pt-BR\",\"mainEntityOfPage\":{\"@id\":\"https:\\\/\\\/www.encontrabelem.com.br\\\/sobre\\\/belem-se-consolida-como-novo-polo-brasileiro-para-o-turismo-de-negocios#webpage\"},\"isPartOf\":{\"@id\":\"https:\\\/\\\/www.encontrabelem.com.br\\\/sobre\\\/belem-se-consolida-como-novo-polo-brasileiro-para-o-turismo-de-negocios#webpage\"},\"articleSection\":\"Hotel em Bel\\u00e9m\"},{\"@type\":\"BreadcrumbList\",\"@id\":\"https:\\\/\\\/www.encontrabelem.com.br\\\/sobre\\\/belem-se-consolida-como-novo-polo-brasileiro-para-o-turismo-de-negocios#breadcrumblist\",\"itemListElement\":[{\"@type\":\"ListItem\",\"@id\":\"https:\\\/\\\/www.encontrabelem.com.br\\\/sobre#listItem\",\"position\":1,\"name\":\"In\\u00edcio\",\"item\":\"https:\\\/\\\/www.encontrabelem.com.br\\\/sobre\",\"nextItem\":{\"@type\":\"ListItem\",\"@id\":\"https:\\\/\\\/www.encontrabelem.com.br\\\/sobre\\\/hotel-em-belem#listItem\",\"name\":\"Hotel em Bel\\u00e9m\"}},{\"@type\":\"ListItem\",\"@id\":\"https:\\\/\\\/www.encontrabelem.com.br\\\/sobre\\\/hotel-em-belem#listItem\",\"position\":2,\"name\":\"Hotel em Bel\\u00e9m\",\"item\":\"https:\\\/\\\/www.encontrabelem.com.br\\\/sobre\\\/hotel-em-belem\",\"nextItem\":{\"@type\":\"ListItem\",\"@id\":\"https:\\\/\\\/www.encontrabelem.com.br\\\/sobre\\\/belem-se-consolida-como-novo-polo-brasileiro-para-o-turismo-de-negocios#listItem\",\"name\":\"Bel\\u00e9m se consolida como novo polo brasileiro para o turismo de neg\\u00f3cios\"},\"previousItem\":{\"@type\":\"ListItem\",\"@id\":\"https:\\\/\\\/www.encontrabelem.com.br\\\/sobre#listItem\",\"name\":\"In\\u00edcio\"}},{\"@type\":\"ListItem\",\"@id\":\"https:\\\/\\\/www.encontrabelem.com.br\\\/sobre\\\/belem-se-consolida-como-novo-polo-brasileiro-para-o-turismo-de-negocios#listItem\",\"position\":3,\"name\":\"Bel\\u00e9m se consolida como novo polo brasileiro para o turismo de neg\\u00f3cios\",\"previousItem\":{\"@type\":\"ListItem\",\"@id\":\"https:\\\/\\\/www.encontrabelem.com.br\\\/sobre\\\/hotel-em-belem#listItem\",\"name\":\"Hotel em Bel\\u00e9m\"}}]},{\"@type\":\"Organization\",\"@id\":\"https:\\\/\\\/www.encontrabelem.com.br\\\/sobre\\\/#organization\",\"name\":\"Encontra Bel\\u00e9m\",\"description\":\"Not\\u00edcias, eventos, informa\\u00e7\\u00f5es e dicas na cidade Bel\\u00e9m e regi\\u00e3o.\",\"url\":\"https:\\\/\\\/www.encontrabelem.com.br\\\/sobre\\\/\"},{\"@type\":\"Person\",\"@id\":\"https:\\\/\\\/www.encontrabelem.com.br\\\/sobre\\\/author\\\/ebelem#author\",\"url\":\"https:\\\/\\\/www.encontrabelem.com.br\\\/sobre\\\/author\\\/ebelem\",\"name\":\"Encontra Bel\\u00e9m\",\"image\":{\"@type\":\"ImageObject\",\"@id\":\"https:\\\/\\\/www.encontrabelem.com.br\\\/sobre\\\/belem-se-consolida-como-novo-polo-brasileiro-para-o-turismo-de-negocios#authorImage\",\"url\":\"https:\\\/\\\/secure.gravatar.com\\\/avatar\\\/507340682b8270222e1f208e23198b6ae7e2c6a1033ae84e99bc6bce4f82a387?s=96&d=mm&r=g\",\"width\":96,\"height\":96,\"caption\":\"Encontra Bel\\u00e9m\"}},{\"@type\":\"WebPage\",\"@id\":\"https:\\\/\\\/www.encontrabelem.com.br\\\/sobre\\\/belem-se-consolida-como-novo-polo-brasileiro-para-o-turismo-de-negocios#webpage\",\"url\":\"https:\\\/\\\/www.encontrabelem.com.br\\\/sobre\\\/belem-se-consolida-como-novo-polo-brasileiro-para-o-turismo-de-negocios\",\"name\":\"Bel\\u00e9m se consolida como novo polo brasileiro para o turismo de neg\\u00f3cios | Encontra Bel\\u00e9m\",\"description\":\"Bel\\u00e9m se destaca como polo para o turismo de neg\\u00f3cios no Brasil.\",\"inLanguage\":\"pt-BR\",\"isPartOf\":{\"@id\":\"https:\\\/\\\/www.encontrabelem.com.br\\\/sobre\\\/#website\"},\"breadcrumb\":{\"@id\":\"https:\\\/\\\/www.encontrabelem.com.br\\\/sobre\\\/belem-se-consolida-como-novo-polo-brasileiro-para-o-turismo-de-negocios#breadcrumblist\"},\"author\":{\"@id\":\"https:\\\/\\\/www.encontrabelem.com.br\\\/sobre\\\/author\\\/ebelem#author\"},\"creator\":{\"@id\":\"https:\\\/\\\/www.encontrabelem.com.br\\\/sobre\\\/author\\\/ebelem#author\"},\"image\":{\"@type\":\"ImageObject\",\"url\":\"https:\\\/\\\/www.encontrabelem.com.br\\\/sobre\\\/wp-content\\\/uploads\\\/2026\\\/09\\\/belem-se-consolida-como-novo-polo-brasileiro-para-o-turismo-de-negocios.webp\",\"@id\":\"https:\\\/\\\/www.encontrabelem.com.br\\\/sobre\\\/belem-se-consolida-como-novo-polo-brasileiro-para-o-turismo-de-negocios\\\/#mainImage\",\"width\":280,\"height\":280,\"caption\":\"turismo de neg\\u00f3cios\"},\"primaryImageOfPage\":{\"@id\":\"https:\\\/\\\/www.encontrabelem.com.br\\\/sobre\\\/belem-se-consolida-como-novo-polo-brasileiro-para-o-turismo-de-negocios#mainImage\"},\"datePublished\":\"2026-09-02T03:29:22-03:00\",\"dateModified\":\"2026-09-02T03:29:22-03:00\"},{\"@type\":\"WebSite\",\"@id\":\"https:\\\/\\\/www.encontrabelem.com.br\\\/sobre\\\/#website\",\"url\":\"https:\\\/\\\/www.encontrabelem.com.br\\\/sobre\\\/\",\"name\":\"Encontra Bel\\u00e9m\",\"description\":\"Not\\u00edcias, eventos, informa\\u00e7\\u00f5es e dicas na cidade Bel\\u00e9m e regi\\u00e3o.\",\"inLanguage\":\"pt-BR\",\"publisher\":{\"@id\":\"https:\\\/\\\/www.encontrabelem.com.br\\\/sobre\\\/#organization\"}}]}\n\t\t<\/script>\n\t\t<!-- All in One SEO -->\n\n","aioseo_head_json":{"title":"Bel\u00e9m se consolida como novo polo brasileiro para o turismo de neg\u00f3cios | Encontra Bel\u00e9m","description":"Bel\u00e9m se destaca como polo para o turismo de neg\u00f3cios no Brasil.","canonical_url":"https:\/\/www.encontrabelem.com.br\/sobre\/belem-se-consolida-como-novo-polo-brasileiro-para-o-turismo-de-negocios","robots":"max-image-preview:large","keywords":"","webmasterTools":{"miscellaneous":""},"schema":{"@context":"https:\/\/schema.org","@graph":[{"@type":"Article","@id":"https:\/\/www.encontrabelem.com.br\/sobre\/belem-se-consolida-como-novo-polo-brasileiro-para-o-turismo-de-negocios#article","name":"Bel\u00e9m se consolida como novo polo brasileiro para o turismo de neg\u00f3cios | Encontra Bel\u00e9m","headline":"Bel\u00e9m se consolida como novo polo brasileiro para o turismo de neg\u00f3cios","author":{"@id":"https:\/\/www.encontrabelem.com.br\/sobre\/author\/ebelem#author"},"publisher":{"@id":"https:\/\/www.encontrabelem.com.br\/sobre\/#organization"},"image":{"@type":"ImageObject","url":"https:\/\/www.encontrabelem.com.br\/sobre\/wp-content\/uploads\/2026\/09\/belem-se-consolida-como-novo-polo-brasileiro-para-o-turismo-de-negocios.webp","width":280,"height":280,"caption":"turismo de neg\u00f3cios"},"datePublished":"2026-09-02T03:29:22-03:00","dateModified":"2026-09-02T03:29:22-03:00","inLanguage":"pt-BR","mainEntityOfPage":{"@id":"https:\/\/www.encontrabelem.com.br\/sobre\/belem-se-consolida-como-novo-polo-brasileiro-para-o-turismo-de-negocios#webpage"},"isPartOf":{"@id":"https:\/\/www.encontrabelem.com.br\/sobre\/belem-se-consolida-como-novo-polo-brasileiro-para-o-turismo-de-negocios#webpage"},"articleSection":"Hotel em Bel\u00e9m"},{"@type":"BreadcrumbList","@id":"https:\/\/www.encontrabelem.com.br\/sobre\/belem-se-consolida-como-novo-polo-brasileiro-para-o-turismo-de-negocios#breadcrumblist","itemListElement":[{"@type":"ListItem","@id":"https:\/\/www.encontrabelem.com.br\/sobre#listItem","position":1,"name":"In\u00edcio","item":"https:\/\/www.encontrabelem.com.br\/sobre","nextItem":{"@type":"ListItem","@id":"https:\/\/www.encontrabelem.com.br\/sobre\/hotel-em-belem#listItem","name":"Hotel em Bel\u00e9m"}},{"@type":"ListItem","@id":"https:\/\/www.encontrabelem.com.br\/sobre\/hotel-em-belem#listItem","position":2,"name":"Hotel em Bel\u00e9m","item":"https:\/\/www.encontrabelem.com.br\/sobre\/hotel-em-belem","nextItem":{"@type":"ListItem","@id":"https:\/\/www.encontrabelem.com.br\/sobre\/belem-se-consolida-como-novo-polo-brasileiro-para-o-turismo-de-negocios#listItem","name":"Bel\u00e9m se consolida como novo polo brasileiro para o turismo de neg\u00f3cios"},"previousItem":{"@type":"ListItem","@id":"https:\/\/www.encontrabelem.com.br\/sobre#listItem","name":"In\u00edcio"}},{"@type":"ListItem","@id":"https:\/\/www.encontrabelem.com.br\/sobre\/belem-se-consolida-como-novo-polo-brasileiro-para-o-turismo-de-negocios#listItem","position":3,"name":"Bel\u00e9m se consolida como novo polo brasileiro para o turismo de neg\u00f3cios","previousItem":{"@type":"ListItem","@id":"https:\/\/www.encontrabelem.com.br\/sobre\/hotel-em-belem#listItem","name":"Hotel em Bel\u00e9m"}}]},{"@type":"Organization","@id":"https:\/\/www.encontrabelem.com.br\/sobre\/#organization","name":"Encontra Bel\u00e9m","description":"Not\u00edcias, eventos, informa\u00e7\u00f5es e dicas na cidade Bel\u00e9m e regi\u00e3o.","url":"https:\/\/www.encontrabelem.com.br\/sobre\/"},{"@type":"Person","@id":"https:\/\/www.encontrabelem.com.br\/sobre\/author\/ebelem#author","url":"https:\/\/www.encontrabelem.com.br\/sobre\/author\/ebelem","name":"Encontra Bel\u00e9m","image":{"@type":"ImageObject","@id":"https:\/\/www.encontrabelem.com.br\/sobre\/belem-se-consolida-como-novo-polo-brasileiro-para-o-turismo-de-negocios#authorImage","url":"https:\/\/secure.gravatar.com\/avatar\/507340682b8270222e1f208e23198b6ae7e2c6a1033ae84e99bc6bce4f82a387?s=96&d=mm&r=g","width":96,"height":96,"caption":"Encontra Bel\u00e9m"}},{"@type":"WebPage","@id":"https:\/\/www.encontrabelem.com.br\/sobre\/belem-se-consolida-como-novo-polo-brasileiro-para-o-turismo-de-negocios#webpage","url":"https:\/\/www.encontrabelem.com.br\/sobre\/belem-se-consolida-como-novo-polo-brasileiro-para-o-turismo-de-negocios","name":"Bel\u00e9m se consolida como novo polo brasileiro para o turismo de neg\u00f3cios | Encontra Bel\u00e9m","description":"Bel\u00e9m se destaca como polo para o turismo de neg\u00f3cios no Brasil.","inLanguage":"pt-BR","isPartOf":{"@id":"https:\/\/www.encontrabelem.com.br\/sobre\/#website"},"breadcrumb":{"@id":"https:\/\/www.encontrabelem.com.br\/sobre\/belem-se-consolida-como-novo-polo-brasileiro-para-o-turismo-de-negocios#breadcrumblist"},"author":{"@id":"https:\/\/www.encontrabelem.com.br\/sobre\/author\/ebelem#author"},"creator":{"@id":"https:\/\/www.encontrabelem.com.br\/sobre\/author\/ebelem#author"},"image":{"@type":"ImageObject","url":"https:\/\/www.encontrabelem.com.br\/sobre\/wp-content\/uploads\/2026\/09\/belem-se-consolida-como-novo-polo-brasileiro-para-o-turismo-de-negocios.webp","@id":"https:\/\/www.encontrabelem.com.br\/sobre\/belem-se-consolida-como-novo-polo-brasileiro-para-o-turismo-de-negocios\/#mainImage","width":280,"height":280,"caption":"turismo de neg\u00f3cios"},"primaryImageOfPage":{"@id":"https:\/\/www.encontrabelem.com.br\/sobre\/belem-se-consolida-como-novo-polo-brasileiro-para-o-turismo-de-negocios#mainImage"},"datePublished":"2026-09-02T03:29:22-03:00","dateModified":"2026-09-02T03:29:22-03:00"},{"@type":"WebSite","@id":"https:\/\/www.encontrabelem.com.br\/sobre\/#website","url":"https:\/\/www.encontrabelem.com.br\/sobre\/","name":"Encontra Bel\u00e9m","description":"Not\u00edcias, eventos, informa\u00e7\u00f5es e dicas na cidade Bel\u00e9m e regi\u00e3o.","inLanguage":"pt-BR","publisher":{"@id":"https:\/\/www.encontrabelem.com.br\/sobre\/#organization"}}]},"og:locale":"pt_BR","og:site_name":"Encontra Bel\u00e9m | Not\u00edcias, eventos, informa\u00e7\u00f5es e dicas na cidade Bel\u00e9m e regi\u00e3o.","og:type":"article","og:title":"Bel\u00e9m se consolida como novo polo brasileiro para o turismo de neg\u00f3cios | Encontra Bel\u00e9m","og:description":"Bel\u00e9m se destaca como polo para o turismo de neg\u00f3cios no Brasil.","og:url":"https:\/\/www.encontrabelem.com.br\/sobre\/belem-se-consolida-como-novo-polo-brasileiro-para-o-turismo-de-negocios","article:published_time":"2026-09-02T06:29:22+00:00","article:modified_time":"2026-09-02T06:29:22+00:00","twitter:card":"summary","twitter:title":"Bel\u00e9m se consolida como novo polo brasileiro para o turismo de neg\u00f3cios | Encontra Bel\u00e9m","twitter:description":"Bel\u00e9m se destaca como polo para o turismo de neg\u00f3cios no Brasil."},"aioseo_meta_data":{"post_id":"2417","title":null,"description":null,"keywords":null,"keyphrases":null,"primary_term":null,"canonical_url":null,"og_title":null,"og_description":null,"og_object_type":"default","og_image_type":"default","og_image_url":null,"og_image_width":null,"og_image_height":null,"og_image_custom_url":null,"og_image_custom_fields":null,"og_video":null,"og_custom_url":null,"og_article_section":null,"og_article_tags":null,"twitter_use_og":false,"twitter_card":"default","twitter_image_type":"default","twitter_image_url":null,"twitter_image_custom_url":null,"twitter_image_custom_fields":null,"twitter_title":null,"twitter_description":null,"schema":{"blockGraphs":[],"customGraphs":[],"default":{"data":{"Article":[],"Course":[],"Dataset":[],"FAQPage":[],"Movie":[],"Person":[],"Product":[],"ProductReview":[],"Car":[],"Recipe":[],"Service":[],"SoftwareApplication":[],"WebPage":[]},"graphName":"Article","isEnabled":true},"graphs":[]},"schema_type":"default","schema_type_options":null,"pillar_content":false,"robots_default":true,"robots_noindex":false,"robots_noarchive":false,"robots_nosnippet":false,"robots_nofollow":false,"robots_noimageindex":false,"robots_noodp":false,"robots_notranslate":false,"robots_max_snippet":null,"robots_max_videopreview":null,"robots_max_imagepreview":"large","priority":null,"frequency":null,"local_seo":null,"breadcrumb_settings":null,"limit_modified_date":false,"ai":null,"created":"2026-09-02 06:29:22","updated":"2026-09-02 06:29:22","focus_keyword":null,"additional_keywords":null,"truseo_locale":null,"seo_analyzer_scan_date":null},"aioseo_breadcrumb":"<div class=\"aioseo-breadcrumbs\"><span class=\"aioseo-breadcrumb\">\n\t\t\t<a href=\"https:\/\/www.encontrabelem.com.br\/sobre\" title=\"In\u00edcio\">In\u00edcio<\/a>\n\t\t<\/span><span class=\"aioseo-breadcrumb-separator\">&raquo;<\/span><span class=\"aioseo-breadcrumb\">\n\t\t\t<a href=\"https:\/\/www.encontrabelem.com.br\/sobre\/hotel-em-belem\" title=\"Hotel em Bel\u00e9m\">Hotel em Bel\u00e9m<\/a>\n\t\t<\/span><span class=\"aioseo-breadcrumb-separator\">&raquo;<\/span><span class=\"aioseo-breadcrumb\">\n\t\t\tBel\u00e9m se consolida como novo polo brasileiro para o turismo de neg\u00f3cios\n\t\t<\/span><\/div>","aioseo_breadcrumb_json":[{"label":"In\u00edcio","link":"https:\/\/www.encontrabelem.com.br\/sobre"},{"label":"Hotel em Bel\u00e9m","link":"https:\/\/www.encontrabelem.com.br\/sobre\/hotel-em-belem"},{"label":"Bel\u00e9m se consolida como novo polo brasileiro para o turismo de neg\u00f3cios","link":"https:\/\/www.encontrabelem.com.br\/sobre\/belem-se-consolida-como-novo-polo-brasileiro-para-o-turismo-de-negocios"}],"_links":{"self":[{"href":"https:\/\/www.encontrabelem.com.br\/sobre\/wp-json\/wp\/v2\/posts\/2417","targetHints":{"allow":["GET"]}}],"collection":[{"href":"https:\/\/www.encontrabelem.com.br\/sobre\/wp-json\/wp\/v2\/posts"}],"about":[{"href":"https:\/\/www.encontrabelem.com.br\/sobre\/wp-json\/wp\/v2\/types\/post"}],"author":[{"embeddable":true,"href":"https:\/\/www.encontrabelem.com.br\/sobre\/wp-json\/wp\/v2\/users\/1"}],"replies":[{"embeddable":true,"href":"https:\/\/www.encontrabelem.com.br\/sobre\/wp-json\/wp\/v2\/comments?post=2417"}],"version-history":[{"count":0,"href":"https:\/\/www.encontrabelem.com.br\/sobre\/wp-json\/wp\/v2\/posts\/2417\/revisions"}],"wp:featuredmedia":[{"embeddable":true,"href":"https:\/\/www.encontrabelem.com.br\/sobre\/wp-json\/wp\/v2\/media\/2416"}],"wp:attachment":[{"href":"https:\/\/www.encontrabelem.com.br\/sobre\/wp-json\/wp\/v2\/media?parent=2417"}],"wp:term":[{"taxonomy":"category","embeddable":true,"href":"https:\/\/www.encontrabelem.com.br\/sobre\/wp-json\/wp\/v2\/categories?post=2417"},{"taxonomy":"post_tag","embeddable":true,"href":"https:\/\/www.encontrabelem.com.br\/sobre\/wp-json\/wp\/v2\/tags?post=2417"}],"curies":[{"name":"wp","href":"https:\/\/api.w.org\/{rel}","templated":true}]}}