{"id":2415,"date":"2026-09-02T03:28:21","date_gmt":"2026-09-02T06:28:21","guid":{"rendered":"https:\/\/www.encontrabelem.com.br\/sobre\/jader-fontenelle-barbalho"},"modified":"2026-09-02T03:28:21","modified_gmt":"2026-09-02T06:28:21","slug":"jader-fontenelle-barbalho","status":"publish","type":"post","link":"https:\/\/www.encontrabelem.com.br\/sobre\/jader-fontenelle-barbalho","title":{"rendered":"Jader Fontenelle Barbalho"},"content":{"rendered":"<div class=\"b22802487b0d38c4c6d9f34966e16421\" data-index=\"1\" style=\"float: none; margin:0px;\">\n<!-- Anuncio display - global -->\r\n<ins class=\"adsbygoogle\"\r\n     style=\"display:block\"\r\n     data-ad-client=\"ca-pub-8585364105181520\"\r\n     data-ad-slot=\"8789329856\"\r\n     data-ad-format=\"auto\"\r\n     data-full-width-responsive=\"true\"><\/ins>\r\n<script>\r\n     (adsbygoogle = window.adsbygoogle || []).push({});\r\n<\/script>\n<\/div>\n<h2>Quem \u00e9 Jader Barbalho?<\/h2>\n<p>Jader Fontenelle Barbalho, um conhecido pol\u00edtico brasileiro, \u00e9 candidato nas elei\u00e7\u00f5es de 2026 para o cargo de 1\u00ba Suplente. Com 80 anos, Barbalho se apresenta com o n\u00famero 151 pelo partido MDB, integrando a coliga\u00e7\u00e3o denominada &#8220;O Par\u00e1 T\u00e1 Junto&#8221;. Natural de Bel\u00e9m, Par\u00e1, e advogado de forma\u00e7\u00e3o, ele se destaca por sua ampla experi\u00eancia pol\u00edtica, tendo in\u00edcio na carreira eleitoral em 2018.<\/p>\n<h2>Hist\u00f3rico Eleitoral e Resultados<\/h2>\n<p>Barbalho marcou sua estreia nas elei\u00e7\u00f5es em 2018 ao concorrer a uma vaga no Senado, sendo eleito com expressiva vota\u00e7\u00e3o de 1.383.306 votos. O seu desempenho nas urnas foi significativo e demonstra o apoio que ele possui entre os eleitores do Par\u00e1. A sua trajet\u00f3ria pol\u00edtica \u00e9 marcada por uma cont\u00ednua presen\u00e7a nas disputas eleitorais, o que reflete sua resili\u00eancia e engajamento com a popula\u00e7\u00e3o.<\/p>\n<h2>O Papel do Partido MDB<\/h2>\n<p>O Movimento Democr\u00e1tico Brasileiro (MDB) \u00e9 um partido tradicional no cen\u00e1rio pol\u00edtico nacional e serve como base para a candidatura de Jader Barbalho. Sob a sigla MDB, Barbalho busca fortalecer sua conex\u00e3o com o eleitorado, utilizando a estrutura e a influ\u00eancia que o partido possui na regi\u00e3o Norte. O MDB \u00e9 reconhecido por sua atua\u00e7\u00e3o em diversas esferas pol\u00edticas, o que proporciona a Barbalho uma plataforma robusta para transmitir suas propostas e projetos.<\/p>\n<p><img decoding=\"async\" src=\"https:\/\/www.encontrabelem.com.br\/sobre\/wp-content\/uploads\/2026\/09\/jader-fontenelle-barbalho.webp\" alt=\"Jader Barbalho\" loading=\"lazy\" \/><\/p>\n<h2>Patrim\u00f4nio Declarado e Transpar\u00eancia<\/h2>\n<p>Na declara\u00e7\u00e3o de bens para a Justi\u00e7a Eleitoral em 2026, Jader Barbalho apresentou um patrim\u00f4nio de R$ 11,92 milh\u00f5es. Essa transpar\u00eancia \u00e9 essencial para refor\u00e7ar a confian\u00e7a do eleitor em sua trajet\u00f3ria pol\u00edtica e financeira. O patrim\u00f4nio inclui uma variedade de ativos, refletindo sua posi\u00e7\u00e3o como empres\u00e1rio e pol\u00edtico. Para muitos eleitores, essa declara\u00e7\u00e3o \u00e9 um indicativo de integridade e responsabilidade.<\/p>\n<h2>Candidatura em 2026<\/h2>\n<p>A candidatura de Barbalho, em 2026, busca aproveitar seu hist\u00f3rico eleitoral a favor de uma nova jornada pol\u00edtica. Ele apresenta propostas focadas no desenvolvimento do estado do Par\u00e1 e na melhoria das condi\u00e7\u00f5es de vida da popula\u00e7\u00e3o local. A sua experi\u00eancia adquirida ao longo dos anos \u00e9 vista como uma vantagem para enfrentar os desafios atuais e buscar solu\u00e7\u00f5es para quest\u00f5es como sa\u00fade, educa\u00e7\u00e3o e infraestrutura.<\/p>\n<h2>Arrecada\u00e7\u00e3o e Gastos de Campanha<\/h2>\n<p>Durante sua campanha em 2018, Jader Barbalho arrecadou R$ 2,04 milh\u00f5es e utilizou R$ 2 milh\u00f5es para gastos de campanha, o que representa um custo de aproximadamente R$ 1,45 por voto. Essa gest\u00e3o financeira \u00e9 crucial para a efic\u00e1cia de sua campanha e demonstra um planejamento estrat\u00e9gico cuidadoso, que pode ser replicado em sua nova candidatura em 2026.<\/p>\n<h2>Atividades Empresariais e Societ\u00e1rias<\/h2>\n<p>Barbalho n\u00e3o s\u00f3 \u00e9 um pol\u00edtico estabelecido, mas tamb\u00e9m um empres\u00e1rio ativo. Ele \u00e9 s\u00f3cio de quatro empresas, todas atualmente em opera\u00e7\u00e3o. Esse envolvimento em atividades empresariais complementa sua experi\u00eancia e conhecimento no campo econ\u00f4mico, permitindo uma abordagem mais pr\u00e1tica e realista em sua pol\u00edtica. As empresas incluem \u00e1reas como agropecu\u00e1ria e m\u00eddia, refletindo a diversidade de seus interesses e investimentos.<\/p>\n<h2>Vida Pessoal e Forma\u00e7\u00e3o Acad\u00eamica<\/h2>\n<p>Nascido em 27 de outubro de 1945, Jader Barbalho \u00e9 alfabetizado e possui forma\u00e7\u00e3o superior completa em Direito. Al\u00e9m de sua vida profissional, \u00e9 pai de fam\u00edlia e reside em Bel\u00e9m. Essa conex\u00e3o com a vida familiar e suas ra\u00edzes regionais ajudam a consolidar sua imagem como um candidato pr\u00f3ximo da popula\u00e7\u00e3o, que compreende suas necessidades e aspira\u00e7\u00f5es.<\/p>\n<h2>Impacto de sua Candidatura no Estado<\/h2>\n<p>A candidatura de Jader Barbalho em 2026 tem o potencial para influenciar significativamente o cen\u00e1rio pol\u00edtico do Par\u00e1. Sua longa carreira e sua capacidade de atrair seguidores podem resultar em novas iniciativas e projetos ben\u00e9ficos para a comunidade local. Ele se compromete a trabalhar em prol de um futuro melhor para todos os cidad\u00e3os paraenses, propondo solu\u00e7\u00f5es vi\u00e1veis e sustent\u00e1veis.<\/p>\n<h2>Expectativas para as Pr\u00f3ximas Elei\u00e7\u00f5es<\/h2>\n<p>As expectativas s\u00e3o altas para a candidatura de Jader Barbalho nas elei\u00e7\u00f5es de 2026. O apoio que ele j\u00e1 tem entre os eleitores, somado \u00e0 sua experi\u00eancia e propostas concretas, solidificam sua posi\u00e7\u00e3o como um candidato forte. A an\u00e1lise dos movimentos eleitorais, das estrat\u00e9gias de campanha e da resposta do p\u00fablico ser\u00e1 crucial para determinar o resultado dessa nova disputa.<\/p>\n\n<div style=\"font-size: 0px; height: 0px; line-height: 0px; margin: 0; padding: 0; clear: both;\"><\/div>","protected":false},"excerpt":{"rendered":"<p>Jader Barbalho e sua trajet\u00f3ria como candidato a senador no Par\u00e1 em 2026.<\/p>\n","protected":false},"author":1,"featured_media":2414,"comment_status":"open","ping_status":"closed","sticky":false,"template":"","format":"standard","meta":{"footnotes":""},"categories":[1],"tags":[],"class_list":["post-2415","post","type-post","status-publish","format-standard","has-post-thumbnail","hentry","category-noticias-em-belem","has_thumb"],"aioseo_notices":[],"aioseo_head":"\n\t\t<!-- All in One SEO 5.0.0.1 - aioseo.com -->\n\t<meta name=\"description\" content=\"Jader Barbalho e sua trajet\u00f3ria como candidato a senador no Par\u00e1 em 2026.\" \/>\n\t<meta name=\"robots\" content=\"max-image-preview:large\" \/>\n\t<meta name=\"author\" content=\"Encontra Bel\u00e9m\"\/>\n\t<link rel=\"canonical\" href=\"https:\/\/www.encontrabelem.com.br\/sobre\/jader-fontenelle-barbalho\" \/>\n\t<meta name=\"generator\" content=\"All in One SEO (AIOSEO) 5.0.0.1\" \/>\n\t\t<meta property=\"og:locale\" content=\"pt_BR\" \/>\n\t\t<meta property=\"og:site_name\" content=\"Encontra Bel\u00e9m | Not\u00edcias, eventos, informa\u00e7\u00f5es e dicas na cidade Bel\u00e9m e regi\u00e3o.\" \/>\n\t\t<meta property=\"og:type\" content=\"article\" \/>\n\t\t<meta property=\"og:title\" content=\"Jader Fontenelle Barbalho | Encontra Bel\u00e9m\" \/>\n\t\t<meta property=\"og:description\" content=\"Jader Barbalho e sua trajet\u00f3ria como candidato a senador no Par\u00e1 em 2026.\" \/>\n\t\t<meta property=\"og:url\" content=\"https:\/\/www.encontrabelem.com.br\/sobre\/jader-fontenelle-barbalho\" \/>\n\t\t<meta property=\"article:published_time\" content=\"2026-09-02T06:28:21+00:00\" \/>\n\t\t<meta property=\"article:modified_time\" content=\"2026-09-02T06:28:21+00:00\" \/>\n\t\t<meta name=\"twitter:card\" content=\"summary\" \/>\n\t\t<meta name=\"twitter:title\" content=\"Jader Fontenelle Barbalho | Encontra Bel\u00e9m\" \/>\n\t\t<meta name=\"twitter:description\" content=\"Jader Barbalho e sua trajet\u00f3ria como candidato a senador no Par\u00e1 em 2026.\" \/>\n\t\t<script type=\"application\/ld+json\" class=\"aioseo-schema\">\n\t\t\t{\"@context\":\"https:\\\/\\\/schema.org\",\"@graph\":[{\"@type\":\"Article\",\"@id\":\"https:\\\/\\\/www.encontrabelem.com.br\\\/sobre\\\/jader-fontenelle-barbalho#article\",\"name\":\"Jader Fontenelle Barbalho | Encontra Bel\\u00e9m\",\"headline\":\"Jader Fontenelle Barbalho\",\"author\":{\"@id\":\"https:\\\/\\\/www.encontrabelem.com.br\\\/sobre\\\/author\\\/ebelem#author\"},\"publisher\":{\"@id\":\"https:\\\/\\\/www.encontrabelem.com.br\\\/sobre\\\/#organization\"},\"image\":{\"@type\":\"ImageObject\",\"url\":\"https:\\\/\\\/www.encontrabelem.com.br\\\/sobre\\\/wp-content\\\/uploads\\\/2026\\\/09\\\/jader-fontenelle-barbalho.webp\",\"width\":280,\"height\":280,\"caption\":\"Jader Barbalho\"},\"datePublished\":\"2026-09-02T03:28:21-03:00\",\"dateModified\":\"2026-09-02T03:28:21-03:00\",\"inLanguage\":\"pt-BR\",\"mainEntityOfPage\":{\"@id\":\"https:\\\/\\\/www.encontrabelem.com.br\\\/sobre\\\/jader-fontenelle-barbalho#webpage\"},\"isPartOf\":{\"@id\":\"https:\\\/\\\/www.encontrabelem.com.br\\\/sobre\\\/jader-fontenelle-barbalho#webpage\"},\"articleSection\":\"Not\\u00edcias Bel\\u00e9m\"},{\"@type\":\"BreadcrumbList\",\"@id\":\"https:\\\/\\\/www.encontrabelem.com.br\\\/sobre\\\/jader-fontenelle-barbalho#breadcrumblist\",\"itemListElement\":[{\"@type\":\"ListItem\",\"@id\":\"https:\\\/\\\/www.encontrabelem.com.br\\\/sobre#listItem\",\"position\":1,\"name\":\"In\\u00edcio\",\"item\":\"https:\\\/\\\/www.encontrabelem.com.br\\\/sobre\",\"nextItem\":{\"@type\":\"ListItem\",\"@id\":\"https:\\\/\\\/www.encontrabelem.com.br\\\/sobre\\\/noticias-em-belem#listItem\",\"name\":\"Not\\u00edcias Bel\\u00e9m\"}},{\"@type\":\"ListItem\",\"@id\":\"https:\\\/\\\/www.encontrabelem.com.br\\\/sobre\\\/noticias-em-belem#listItem\",\"position\":2,\"name\":\"Not\\u00edcias Bel\\u00e9m\",\"item\":\"https:\\\/\\\/www.encontrabelem.com.br\\\/sobre\\\/noticias-em-belem\",\"nextItem\":{\"@type\":\"ListItem\",\"@id\":\"https:\\\/\\\/www.encontrabelem.com.br\\\/sobre\\\/jader-fontenelle-barbalho#listItem\",\"name\":\"Jader Fontenelle Barbalho\"},\"previousItem\":{\"@type\":\"ListItem\",\"@id\":\"https:\\\/\\\/www.encontrabelem.com.br\\\/sobre#listItem\",\"name\":\"In\\u00edcio\"}},{\"@type\":\"ListItem\",\"@id\":\"https:\\\/\\\/www.encontrabelem.com.br\\\/sobre\\\/jader-fontenelle-barbalho#listItem\",\"position\":3,\"name\":\"Jader Fontenelle Barbalho\",\"previousItem\":{\"@type\":\"ListItem\",\"@id\":\"https:\\\/\\\/www.encontrabelem.com.br\\\/sobre\\\/noticias-em-belem#listItem\",\"name\":\"Not\\u00edcias Bel\\u00e9m\"}}]},{\"@type\":\"Organization\",\"@id\":\"https:\\\/\\\/www.encontrabelem.com.br\\\/sobre\\\/#organization\",\"name\":\"Encontra Bel\\u00e9m\",\"description\":\"Not\\u00edcias, eventos, informa\\u00e7\\u00f5es e dicas na cidade Bel\\u00e9m e regi\\u00e3o.\",\"url\":\"https:\\\/\\\/www.encontrabelem.com.br\\\/sobre\\\/\"},{\"@type\":\"Person\",\"@id\":\"https:\\\/\\\/www.encontrabelem.com.br\\\/sobre\\\/author\\\/ebelem#author\",\"url\":\"https:\\\/\\\/www.encontrabelem.com.br\\\/sobre\\\/author\\\/ebelem\",\"name\":\"Encontra Bel\\u00e9m\",\"image\":{\"@type\":\"ImageObject\",\"@id\":\"https:\\\/\\\/www.encontrabelem.com.br\\\/sobre\\\/jader-fontenelle-barbalho#authorImage\",\"url\":\"https:\\\/\\\/secure.gravatar.com\\\/avatar\\\/507340682b8270222e1f208e23198b6ae7e2c6a1033ae84e99bc6bce4f82a387?s=96&d=mm&r=g\",\"width\":96,\"height\":96,\"caption\":\"Encontra Bel\\u00e9m\"}},{\"@type\":\"WebPage\",\"@id\":\"https:\\\/\\\/www.encontrabelem.com.br\\\/sobre\\\/jader-fontenelle-barbalho#webpage\",\"url\":\"https:\\\/\\\/www.encontrabelem.com.br\\\/sobre\\\/jader-fontenelle-barbalho\",\"name\":\"Jader Fontenelle Barbalho | Encontra Bel\\u00e9m\",\"description\":\"Jader Barbalho e sua trajet\\u00f3ria como candidato a senador no Par\\u00e1 em 2026.\",\"inLanguage\":\"pt-BR\",\"isPartOf\":{\"@id\":\"https:\\\/\\\/www.encontrabelem.com.br\\\/sobre\\\/#website\"},\"breadcrumb\":{\"@id\":\"https:\\\/\\\/www.encontrabelem.com.br\\\/sobre\\\/jader-fontenelle-barbalho#breadcrumblist\"},\"author\":{\"@id\":\"https:\\\/\\\/www.encontrabelem.com.br\\\/sobre\\\/author\\\/ebelem#author\"},\"creator\":{\"@id\":\"https:\\\/\\\/www.encontrabelem.com.br\\\/sobre\\\/author\\\/ebelem#author\"},\"image\":{\"@type\":\"ImageObject\",\"url\":\"https:\\\/\\\/www.encontrabelem.com.br\\\/sobre\\\/wp-content\\\/uploads\\\/2026\\\/09\\\/jader-fontenelle-barbalho.webp\",\"@id\":\"https:\\\/\\\/www.encontrabelem.com.br\\\/sobre\\\/jader-fontenelle-barbalho\\\/#mainImage\",\"width\":280,\"height\":280,\"caption\":\"Jader Barbalho\"},\"primaryImageOfPage\":{\"@id\":\"https:\\\/\\\/www.encontrabelem.com.br\\\/sobre\\\/jader-fontenelle-barbalho#mainImage\"},\"datePublished\":\"2026-09-02T03:28:21-03:00\",\"dateModified\":\"2026-09-02T03:28:21-03:00\"},{\"@type\":\"WebSite\",\"@id\":\"https:\\\/\\\/www.encontrabelem.com.br\\\/sobre\\\/#website\",\"url\":\"https:\\\/\\\/www.encontrabelem.com.br\\\/sobre\\\/\",\"name\":\"Encontra Bel\\u00e9m\",\"description\":\"Not\\u00edcias, eventos, informa\\u00e7\\u00f5es e dicas na cidade Bel\\u00e9m e regi\\u00e3o.\",\"inLanguage\":\"pt-BR\",\"publisher\":{\"@id\":\"https:\\\/\\\/www.encontrabelem.com.br\\\/sobre\\\/#organization\"}}]}\n\t\t<\/script>\n\t\t<!-- All in One SEO -->\n\n","aioseo_head_json":{"title":"Jader Fontenelle Barbalho | Encontra Bel\u00e9m","description":"Jader Barbalho e sua trajet\u00f3ria como candidato a senador no Par\u00e1 em 2026.","canonical_url":"https:\/\/www.encontrabelem.com.br\/sobre\/jader-fontenelle-barbalho","robots":"max-image-preview:large","keywords":"","webmasterTools":{"miscellaneous":""},"schema":{"@context":"https:\/\/schema.org","@graph":[{"@type":"Article","@id":"https:\/\/www.encontrabelem.com.br\/sobre\/jader-fontenelle-barbalho#article","name":"Jader Fontenelle Barbalho | Encontra Bel\u00e9m","headline":"Jader Fontenelle Barbalho","author":{"@id":"https:\/\/www.encontrabelem.com.br\/sobre\/author\/ebelem#author"},"publisher":{"@id":"https:\/\/www.encontrabelem.com.br\/sobre\/#organization"},"image":{"@type":"ImageObject","url":"https:\/\/www.encontrabelem.com.br\/sobre\/wp-content\/uploads\/2026\/09\/jader-fontenelle-barbalho.webp","width":280,"height":280,"caption":"Jader Barbalho"},"datePublished":"2026-09-02T03:28:21-03:00","dateModified":"2026-09-02T03:28:21-03:00","inLanguage":"pt-BR","mainEntityOfPage":{"@id":"https:\/\/www.encontrabelem.com.br\/sobre\/jader-fontenelle-barbalho#webpage"},"isPartOf":{"@id":"https:\/\/www.encontrabelem.com.br\/sobre\/jader-fontenelle-barbalho#webpage"},"articleSection":"Not\u00edcias Bel\u00e9m"},{"@type":"BreadcrumbList","@id":"https:\/\/www.encontrabelem.com.br\/sobre\/jader-fontenelle-barbalho#breadcrumblist","itemListElement":[{"@type":"ListItem","@id":"https:\/\/www.encontrabelem.com.br\/sobre#listItem","position":1,"name":"In\u00edcio","item":"https:\/\/www.encontrabelem.com.br\/sobre","nextItem":{"@type":"ListItem","@id":"https:\/\/www.encontrabelem.com.br\/sobre\/noticias-em-belem#listItem","name":"Not\u00edcias Bel\u00e9m"}},{"@type":"ListItem","@id":"https:\/\/www.encontrabelem.com.br\/sobre\/noticias-em-belem#listItem","position":2,"name":"Not\u00edcias Bel\u00e9m","item":"https:\/\/www.encontrabelem.com.br\/sobre\/noticias-em-belem","nextItem":{"@type":"ListItem","@id":"https:\/\/www.encontrabelem.com.br\/sobre\/jader-fontenelle-barbalho#listItem","name":"Jader Fontenelle Barbalho"},"previousItem":{"@type":"ListItem","@id":"https:\/\/www.encontrabelem.com.br\/sobre#listItem","name":"In\u00edcio"}},{"@type":"ListItem","@id":"https:\/\/www.encontrabelem.com.br\/sobre\/jader-fontenelle-barbalho#listItem","position":3,"name":"Jader Fontenelle Barbalho","previousItem":{"@type":"ListItem","@id":"https:\/\/www.encontrabelem.com.br\/sobre\/noticias-em-belem#listItem","name":"Not\u00edcias Bel\u00e9m"}}]},{"@type":"Organization","@id":"https:\/\/www.encontrabelem.com.br\/sobre\/#organization","name":"Encontra Bel\u00e9m","description":"Not\u00edcias, eventos, informa\u00e7\u00f5es e dicas na cidade Bel\u00e9m e regi\u00e3o.","url":"https:\/\/www.encontrabelem.com.br\/sobre\/"},{"@type":"Person","@id":"https:\/\/www.encontrabelem.com.br\/sobre\/author\/ebelem#author","url":"https:\/\/www.encontrabelem.com.br\/sobre\/author\/ebelem","name":"Encontra Bel\u00e9m","image":{"@type":"ImageObject","@id":"https:\/\/www.encontrabelem.com.br\/sobre\/jader-fontenelle-barbalho#authorImage","url":"https:\/\/secure.gravatar.com\/avatar\/507340682b8270222e1f208e23198b6ae7e2c6a1033ae84e99bc6bce4f82a387?s=96&d=mm&r=g","width":96,"height":96,"caption":"Encontra Bel\u00e9m"}},{"@type":"WebPage","@id":"https:\/\/www.encontrabelem.com.br\/sobre\/jader-fontenelle-barbalho#webpage","url":"https:\/\/www.encontrabelem.com.br\/sobre\/jader-fontenelle-barbalho","name":"Jader Fontenelle Barbalho | Encontra Bel\u00e9m","description":"Jader Barbalho e sua trajet\u00f3ria como candidato a senador no Par\u00e1 em 2026.","inLanguage":"pt-BR","isPartOf":{"@id":"https:\/\/www.encontrabelem.com.br\/sobre\/#website"},"breadcrumb":{"@id":"https:\/\/www.encontrabelem.com.br\/sobre\/jader-fontenelle-barbalho#breadcrumblist"},"author":{"@id":"https:\/\/www.encontrabelem.com.br\/sobre\/author\/ebelem#author"},"creator":{"@id":"https:\/\/www.encontrabelem.com.br\/sobre\/author\/ebelem#author"},"image":{"@type":"ImageObject","url":"https:\/\/www.encontrabelem.com.br\/sobre\/wp-content\/uploads\/2026\/09\/jader-fontenelle-barbalho.webp","@id":"https:\/\/www.encontrabelem.com.br\/sobre\/jader-fontenelle-barbalho\/#mainImage","width":280,"height":280,"caption":"Jader Barbalho"},"primaryImageOfPage":{"@id":"https:\/\/www.encontrabelem.com.br\/sobre\/jader-fontenelle-barbalho#mainImage"},"datePublished":"2026-09-02T03:28:21-03:00","dateModified":"2026-09-02T03:28:21-03:00"},{"@type":"WebSite","@id":"https:\/\/www.encontrabelem.com.br\/sobre\/#website","url":"https:\/\/www.encontrabelem.com.br\/sobre\/","name":"Encontra Bel\u00e9m","description":"Not\u00edcias, eventos, informa\u00e7\u00f5es e dicas na cidade Bel\u00e9m e regi\u00e3o.","inLanguage":"pt-BR","publisher":{"@id":"https:\/\/www.encontrabelem.com.br\/sobre\/#organization"}}]},"og:locale":"pt_BR","og:site_name":"Encontra Bel\u00e9m | Not\u00edcias, eventos, informa\u00e7\u00f5es e dicas na cidade Bel\u00e9m e regi\u00e3o.","og:type":"article","og:title":"Jader Fontenelle Barbalho | Encontra Bel\u00e9m","og:description":"Jader Barbalho e sua trajet\u00f3ria como candidato a senador no Par\u00e1 em 2026.","og:url":"https:\/\/www.encontrabelem.com.br\/sobre\/jader-fontenelle-barbalho","article:published_time":"2026-09-02T06:28:21+00:00","article:modified_time":"2026-09-02T06:28:21+00:00","twitter:card":"summary","twitter:title":"Jader Fontenelle Barbalho | Encontra Bel\u00e9m","twitter:description":"Jader Barbalho e sua trajet\u00f3ria como candidato a senador no Par\u00e1 em 2026."},"aioseo_meta_data":{"post_id":"2415","title":null,"description":null,"keywords":null,"keyphrases":null,"primary_term":null,"canonical_url":null,"og_title":null,"og_description":null,"og_object_type":"default","og_image_type":"default","og_image_url":null,"og_image_width":null,"og_image_height":null,"og_image_custom_url":null,"og_image_custom_fields":null,"og_video":null,"og_custom_url":null,"og_article_section":null,"og_article_tags":null,"twitter_use_og":false,"twitter_card":"default","twitter_image_type":"default","twitter_image_url":null,"twitter_image_custom_url":null,"twitter_image_custom_fields":null,"twitter_title":null,"twitter_description":null,"schema":{"blockGraphs":[],"customGraphs":[],"default":{"data":{"Article":[],"Course":[],"Dataset":[],"FAQPage":[],"Movie":[],"Person":[],"Product":[],"ProductReview":[],"Car":[],"Recipe":[],"Service":[],"SoftwareApplication":[],"WebPage":[]},"graphName":"Article","isEnabled":true},"graphs":[]},"schema_type":"default","schema_type_options":null,"pillar_content":false,"robots_default":true,"robots_noindex":false,"robots_noarchive":false,"robots_nosnippet":false,"robots_nofollow":false,"robots_noimageindex":false,"robots_noodp":false,"robots_notranslate":false,"robots_max_snippet":null,"robots_max_videopreview":null,"robots_max_imagepreview":"large","priority":null,"frequency":null,"local_seo":null,"breadcrumb_settings":null,"limit_modified_date":false,"ai":null,"created":"2026-09-02 06:28:21","updated":"2026-09-02 06:28:21","focus_keyword":null,"additional_keywords":null,"truseo_locale":null,"seo_analyzer_scan_date":null},"aioseo_breadcrumb":"<div class=\"aioseo-breadcrumbs\"><span class=\"aioseo-breadcrumb\">\n\t\t\t<a href=\"https:\/\/www.encontrabelem.com.br\/sobre\" title=\"In\u00edcio\">In\u00edcio<\/a>\n\t\t<\/span><span class=\"aioseo-breadcrumb-separator\">&raquo;<\/span><span class=\"aioseo-breadcrumb\">\n\t\t\t<a href=\"https:\/\/www.encontrabelem.com.br\/sobre\/noticias-em-belem\" title=\"Not\u00edcias Bel\u00e9m\">Not\u00edcias Bel\u00e9m<\/a>\n\t\t<\/span><span class=\"aioseo-breadcrumb-separator\">&raquo;<\/span><span class=\"aioseo-breadcrumb\">\n\t\t\tJader Fontenelle Barbalho\n\t\t<\/span><\/div>","aioseo_breadcrumb_json":[{"label":"In\u00edcio","link":"https:\/\/www.encontrabelem.com.br\/sobre"},{"label":"Not\u00edcias Bel\u00e9m","link":"https:\/\/www.encontrabelem.com.br\/sobre\/noticias-em-belem"},{"label":"Jader Fontenelle Barbalho","link":"https:\/\/www.encontrabelem.com.br\/sobre\/jader-fontenelle-barbalho"}],"_links":{"self":[{"href":"https:\/\/www.encontrabelem.com.br\/sobre\/wp-json\/wp\/v2\/posts\/2415","targetHints":{"allow":["GET"]}}],"collection":[{"href":"https:\/\/www.encontrabelem.com.br\/sobre\/wp-json\/wp\/v2\/posts"}],"about":[{"href":"https:\/\/www.encontrabelem.com.br\/sobre\/wp-json\/wp\/v2\/types\/post"}],"author":[{"embeddable":true,"href":"https:\/\/www.encontrabelem.com.br\/sobre\/wp-json\/wp\/v2\/users\/1"}],"replies":[{"embeddable":true,"href":"https:\/\/www.encontrabelem.com.br\/sobre\/wp-json\/wp\/v2\/comments?post=2415"}],"version-history":[{"count":0,"href":"https:\/\/www.encontrabelem.com.br\/sobre\/wp-json\/wp\/v2\/posts\/2415\/revisions"}],"wp:featuredmedia":[{"embeddable":true,"href":"https:\/\/www.encontrabelem.com.br\/sobre\/wp-json\/wp\/v2\/media\/2414"}],"wp:attachment":[{"href":"https:\/\/www.encontrabelem.com.br\/sobre\/wp-json\/wp\/v2\/media?parent=2415"}],"wp:term":[{"taxonomy":"category","embeddable":true,"href":"https:\/\/www.encontrabelem.com.br\/sobre\/wp-json\/wp\/v2\/categories?post=2415"},{"taxonomy":"post_tag","embeddable":true,"href":"https:\/\/www.encontrabelem.com.br\/sobre\/wp-json\/wp\/v2\/tags?post=2415"}],"curies":[{"name":"wp","href":"https:\/\/api.w.org\/{rel}","templated":true}]}}