{"id":2411,"date":"2026-09-01T03:29:22","date_gmt":"2026-09-01T06:29:22","guid":{"rendered":"https:\/\/www.encontrabelem.com.br\/sobre\/trabalhadores-da-construcao-civil-de-belem-rejeitam-proposta-patronal-e-podem-partir-para-greve"},"modified":"2026-09-01T03:29:22","modified_gmt":"2026-09-01T06:29:22","slug":"trabalhadores-da-construcao-civil-de-belem-rejeitam-proposta-patronal-e-podem-partir-para-greve","status":"publish","type":"post","link":"https:\/\/www.encontrabelem.com.br\/sobre\/trabalhadores-da-construcao-civil-de-belem-rejeitam-proposta-patronal-e-podem-partir-para-greve","title":{"rendered":"Trabalhadores da constru\u00e7\u00e3o civil de Bel\u00e9m rejeitam proposta patronal e podem partir para greve"},"content":{"rendered":"<div class=\"b22802487b0d38c4c6d9f34966e16421\" data-index=\"1\" style=\"float: none; margin:0px;\">\n<!-- Anuncio display - global -->\r\n<ins class=\"adsbygoogle\"\r\n     style=\"display:block\"\r\n     data-ad-client=\"ca-pub-8585364105181520\"\r\n     data-ad-slot=\"8789329856\"\r\n     data-ad-format=\"auto\"\r\n     data-full-width-responsive=\"true\"><\/ins>\r\n<script>\r\n     (adsbygoogle = window.adsbygoogle || []).push({});\r\n<\/script>\n<\/div>\n<h2>Assembleia decide futuro dos trabalhadores<\/h2>\n<p>No dia 27 de agosto, os trabalhadores e trabalhadoras da constru\u00e7\u00e3o civil de Bel\u00e9m, no Par\u00e1, se reuniram em uma assembleia decisiva para discutir as propostas de reajuste salarial apresentadas pela patronal. O clima de insatisfa\u00e7\u00e3o predominou, e a proposta oferecida, que previa um reajuste de apenas 4,1% no piso salarial, foi prontamente rejeitada. Vale ressaltar que este \u00edndice fica muito aqu\u00e9m da infla\u00e7\u00e3o acumulada, e a oferta de um aumento de R$ 6 na valeur da cesta b\u00e1sica, atualmente estabelecida em R$ 160, tamb\u00e9m foi considerada inaceit\u00e1vel.<\/p>\n<h2>Proposta salarial e suas implica\u00e7\u00f5es<\/h2>\n<p>A proposta das empresas foi tida como uma afronta e uma tentativa de desvaloriza\u00e7\u00e3o dos trabalhadores. O STICMB (Sindicato dos Trabalhadores nas Ind\u00fastrias da Constru\u00e7\u00e3o e do Mobili\u00e1rio de Bel\u00e9m) descreveu as condi\u00e7\u00f5es apresentadas como absurdas, afirmando que estas n\u00e3o refletem as realidades financeiras enfrentadas pelos trabalhadores em seu cotidiano. Durante a assembleia, a dire\u00e7\u00e3o do sindicato enfatizou a import\u00e2ncia de se exigir uma contraproposta que inclua n\u00e3o apenas um aumento real no sal\u00e1rio, mas tamb\u00e9m melhorias nas condi\u00e7\u00f5es de trabalho e benef\u00edcios como Participa\u00e7\u00e3o nos Lucros e Resultados (PLR) e melhorias nas cl\u00e1usulas sociais.<\/p>\n<h2>Aumento irris\u00f3rio na cesta b\u00e1sica<\/h2>\n<p>Os trabalhadores expressaram sua indigna\u00e7\u00e3o com o aumento irris\u00f3rio de R$ 6 na cesta b\u00e1sica. Essa medida simboliza uma falta de respeito e considera\u00e7\u00e3o com a realidade enfrentada pelos oper\u00e1rios, que muitas vezes lutam para cobrir suas despesas mensais. A proposta de um novo valor de R$ 366 na cesta b\u00e1sica foi um dos pontos centrais levantados pelos trabalhadores como parte de suas reivindica\u00e7\u00f5es. Eles acreditam que esse valor \u00e9 necess\u00e1rio para garantir uma alimenta\u00e7\u00e3o digna e equilibrada.<\/p>\n<p><img decoding=\"async\" src=\"https:\/\/www.encontrabelem.com.br\/sobre\/wp-content\/uploads\/2026\/09\/trabalhadores-da-construcao-civil-de-belem-rejeitam-proposta-patronal-e-podem-partir-para-greve.webp\" alt=\"trabalhadores da constru\u00e7\u00e3o civil de Bel\u00e9m\" loading=\"lazy\" \/><\/p>\n<h2>Demandas priorizadas pelos trabalhadores<\/h2>\n<p>Entre os principais pontos da pauta dos trabalhadores, destacam-se:<\/p>\n<ul>\n<li><strong>Reajuste salarial de 10%:<\/strong> Uma proposta que visa assegurar que os sal\u00e1rios sejam compat\u00edveis com a infla\u00e7\u00e3o e o aumento dos custos de vida.<\/li>\n<li><strong>Cesta b\u00e1sica no valor de R$ 360:<\/strong> Um requerimento significativo para garantir que todos os trabalhadores possam ter acesso a uma alimenta\u00e7\u00e3o adequada.<\/li>\n<li><strong>Promo\u00e7\u00e3o das mulheres profissionais:<\/strong> Uma demanda por igualdade e valoriza\u00e7\u00e3o das mulheres no ambiente de trabalho.<\/li>\n<li><strong>Pagamento pontual at\u00e9 o fim do m\u00eas:<\/strong> Um direito b\u00e1sico que deve ser respeitado, assegurando seguran\u00e7a financeira aos trabalhadores.<\/li>\n<li><strong>Vale-transporte em esp\u00e9cie:<\/strong> Uma reivindica\u00e7\u00e3o para melhorar a acessibilidade e facilitar o deslocamento dos trabalhadores.<\/li>\n<\/ul>\n<h2>Hist\u00f3rico de lutas da categoria<\/h2>\n<p>A classe trabalhadora da constru\u00e7\u00e3o civil em Bel\u00e9m n\u00e3o \u00e9 estranha a lutas por melhores condi\u00e7\u00f5es. No ano passado, confrontando a indiferen\u00e7a das empresas durante a COP30, os trabalhadores organizaram uma greve hist\u00f3rica que denunciou a explora\u00e7\u00e3o que enfrentam. A paralisa\u00e7\u00e3o foi um marco na luta por dignidade, revelando como as promessas de sustentabilidade e desenvolvimento frequentemente n\u00e3o se traduzem em melhores condi\u00e7\u00f5es de trabalho para aqueles que constroem essas iniciativas.<\/p>\n<h2>Impacto da COP30 nas negocia\u00e7\u00f5es<\/h2>\n<p>Durante as obras da COP30, as empresas do setor acumularam lucros significativos, totalizando bilh\u00f5es em recursos p\u00fablicos. Por\u00e9m, essa demanda crescente de obras e infraestrutura n\u00e3o se traduziu em um verdadeiro reconhecimento do valor dos trabalhadores. O aumento de 101% no n\u00famero de im\u00f3veis contratados no setor e um aumento de 10,54% nos pre\u00e7os, enquanto trabalhadores continuam a receber sal\u00e1rios achatados e propostas de reajuste irris\u00f3rias, gera um grande descontentamento e revolta na categoria.<\/p>\n<h2>Import\u00e2ncia da mobiliza\u00e7\u00e3o coletiva<\/h2>\n<p>A mobiliza\u00e7\u00e3o dos trabalhadores \u00e9 fundamental neste momento crucial. O STICMB convocou uma nova assembleia agendada para o dia 3 de setembro, onde todos os oper\u00e1rios s\u00e3o incentivados a se reunir. Esta mobiliza\u00e7\u00e3o deve ser massiva, pois a press\u00e3o necess\u00e1ria sobre a patronal s\u00f3 pode ser conquistada por meio da a\u00e7\u00e3o coletiva e organizada da categoria. A hist\u00f3ria j\u00e1 mostrou que a uni\u00e3o da classe trabalhadora pode levar a conquistas significativas, e essa poder\u00e1 ser mais uma oportunidade para reafirmar a for\u00e7a dos trabalhadores.<\/p>\n<h2>Caminhos para uma nova rodada de negocia\u00e7\u00f5es<\/h2>\n<p>Uma nova rodada de negocia\u00e7\u00f5es com os empres\u00e1rios est\u00e1 agendada para o dia 1\u00ba de setembro. Os trabalhadores esperam que a retomada das discuss\u00f5es traga resultados mais favor\u00e1veis. No entanto, a expectativa de que a patronal chegue \u00e0 mesa com uma proposta mais equitativa \u00e9 baixa, dado o hist\u00f3rico de desinteresse por melhorias nas condi\u00e7\u00f5es dos trabalhadores. Portanto, a categoria deve se preparar para todas as possibilidades, incluindo a greve como \u00faltimo recurso.<\/p>\n<h2>A greve como \u00faltimo recurso<\/h2>\n<p>Em caso de nova recusa da patronal em apresentar uma proposta que contemple as exig\u00eancias dos trabalhadores, a greve se torna uma possibilidade real. A decis\u00e3o de parar \u00e9 um reflexo do compromisso com a luta por direitos e manuten\u00e7\u00e3o da dignidade no trabalho. O momento demanda coragem e uni\u00e3o, e os oper\u00e1rios da constru\u00e7\u00e3o civil t\u00eam mostrado que est\u00e3o prontos para lutar por suas reivindica\u00e7\u00f5es. Essa luta \u00e9 uma extens\u00e3o do que a categoria j\u00e1 conquistou no passado e uma resist\u00eancia contra a continuidade da explora\u00e7\u00e3o.<\/p>\n<h2>Solidariedade da classe trabalhadora<\/h2>\n<p>A CSP-Conlutas reafirma seu apoio incondicional \u00e0 luta dos trabalhadores e trabalhadoras da constru\u00e7\u00e3o civil de Bel\u00e9m. Essa categoria tem demonstrado for\u00e7a, determina\u00e7\u00e3o e, principalmente, a capacidade de mobilizar-se de forma eficaz em busca de seus direitos. A luta por dignidade e justi\u00e7a salarial \u00e9 uma luta que deve ser apoiada por toda a classe trabalhadora. A defesa dos direitos dos que constroem a infraestrutura do pa\u00eds \u00e9 um chamado \u00e0 a\u00e7\u00e3o por parte de todos, reafirmando que aqueles que erguem pr\u00e9dios, hospitais e escolas n\u00e3o podem continuar a viver com migalhas enquanto as empresas acumulam lucros exorbitantes.<\/p>\n\n<div style=\"font-size: 0px; height: 0px; line-height: 0px; margin: 0; padding: 0; clear: both;\"><\/div>","protected":false},"excerpt":{"rendered":"<p>Trabalhadores da constru\u00e7\u00e3o civil de Bel\u00e9m rejeitam proposta patronal e consideram greve.<\/p>\n","protected":false},"author":1,"featured_media":2410,"comment_status":"open","ping_status":"closed","sticky":false,"template":"","format":"standard","meta":{"footnotes":""},"categories":[24],"tags":[],"class_list":["post-2411","post","type-post","status-publish","format-standard","has-post-thumbnail","hentry","category-construcao-em-belem","has_thumb"],"aioseo_notices":[],"aioseo_head":"\n\t\t<!-- All in One SEO 5.0.0.1 - aioseo.com -->\n\t<meta name=\"description\" content=\"Trabalhadores da constru\u00e7\u00e3o civil de Bel\u00e9m rejeitam proposta patronal e consideram greve.\" \/>\n\t<meta name=\"robots\" content=\"max-image-preview:large\" \/>\n\t<meta name=\"author\" content=\"Encontra Bel\u00e9m\"\/>\n\t<link rel=\"canonical\" href=\"https:\/\/www.encontrabelem.com.br\/sobre\/trabalhadores-da-construcao-civil-de-belem-rejeitam-proposta-patronal-e-podem-partir-para-greve\" \/>\n\t<meta name=\"generator\" content=\"All in One SEO (AIOSEO) 5.0.0.1\" \/>\n\t\t<meta property=\"og:locale\" content=\"pt_BR\" \/>\n\t\t<meta property=\"og:site_name\" content=\"Encontra Bel\u00e9m | Not\u00edcias, eventos, informa\u00e7\u00f5es e dicas na cidade Bel\u00e9m e regi\u00e3o.\" \/>\n\t\t<meta property=\"og:type\" content=\"article\" \/>\n\t\t<meta property=\"og:title\" content=\"Trabalhadores da constru\u00e7\u00e3o civil de Bel\u00e9m rejeitam proposta patronal e podem partir para greve | Encontra Bel\u00e9m\" \/>\n\t\t<meta property=\"og:description\" content=\"Trabalhadores da constru\u00e7\u00e3o civil de Bel\u00e9m rejeitam proposta patronal e consideram greve.\" \/>\n\t\t<meta property=\"og:url\" content=\"https:\/\/www.encontrabelem.com.br\/sobre\/trabalhadores-da-construcao-civil-de-belem-rejeitam-proposta-patronal-e-podem-partir-para-greve\" \/>\n\t\t<meta property=\"article:published_time\" content=\"2026-09-01T06:29:22+00:00\" \/>\n\t\t<meta property=\"article:modified_time\" content=\"2026-09-01T06:29:22+00:00\" \/>\n\t\t<meta name=\"twitter:card\" content=\"summary\" \/>\n\t\t<meta name=\"twitter:title\" content=\"Trabalhadores da constru\u00e7\u00e3o civil de Bel\u00e9m rejeitam proposta patronal e podem partir para greve | Encontra Bel\u00e9m\" \/>\n\t\t<meta name=\"twitter:description\" content=\"Trabalhadores da constru\u00e7\u00e3o civil de Bel\u00e9m rejeitam proposta patronal e consideram greve.\" \/>\n\t\t<script type=\"application\/ld+json\" class=\"aioseo-schema\">\n\t\t\t{\"@context\":\"https:\\\/\\\/schema.org\",\"@graph\":[{\"@type\":\"Article\",\"@id\":\"https:\\\/\\\/www.encontrabelem.com.br\\\/sobre\\\/trabalhadores-da-construcao-civil-de-belem-rejeitam-proposta-patronal-e-podem-partir-para-greve#article\",\"name\":\"Trabalhadores da constru\\u00e7\\u00e3o civil de Bel\\u00e9m rejeitam proposta patronal e podem partir para greve | Encontra Bel\\u00e9m\",\"headline\":\"Trabalhadores da constru\\u00e7\\u00e3o civil de Bel\\u00e9m rejeitam proposta patronal e podem partir para greve\",\"author\":{\"@id\":\"https:\\\/\\\/www.encontrabelem.com.br\\\/sobre\\\/author\\\/ebelem#author\"},\"publisher\":{\"@id\":\"https:\\\/\\\/www.encontrabelem.com.br\\\/sobre\\\/#organization\"},\"image\":{\"@type\":\"ImageObject\",\"url\":\"https:\\\/\\\/www.encontrabelem.com.br\\\/sobre\\\/wp-content\\\/uploads\\\/2026\\\/09\\\/trabalhadores-da-construcao-civil-de-belem-rejeitam-proposta-patronal-e-podem-partir-para-greve.webp\",\"width\":280,\"height\":280,\"caption\":\"trabalhadores da constru\\u00e7\\u00e3o civil de Bel\\u00e9m\"},\"datePublished\":\"2026-09-01T03:29:22-03:00\",\"dateModified\":\"2026-09-01T03:29:22-03:00\",\"inLanguage\":\"pt-BR\",\"mainEntityOfPage\":{\"@id\":\"https:\\\/\\\/www.encontrabelem.com.br\\\/sobre\\\/trabalhadores-da-construcao-civil-de-belem-rejeitam-proposta-patronal-e-podem-partir-para-greve#webpage\"},\"isPartOf\":{\"@id\":\"https:\\\/\\\/www.encontrabelem.com.br\\\/sobre\\\/trabalhadores-da-construcao-civil-de-belem-rejeitam-proposta-patronal-e-podem-partir-para-greve#webpage\"},\"articleSection\":\"Constru\\u00e7\\u00e3o Bel\\u00e9m\"},{\"@type\":\"BreadcrumbList\",\"@id\":\"https:\\\/\\\/www.encontrabelem.com.br\\\/sobre\\\/trabalhadores-da-construcao-civil-de-belem-rejeitam-proposta-patronal-e-podem-partir-para-greve#breadcrumblist\",\"itemListElement\":[{\"@type\":\"ListItem\",\"@id\":\"https:\\\/\\\/www.encontrabelem.com.br\\\/sobre#listItem\",\"position\":1,\"name\":\"In\\u00edcio\",\"item\":\"https:\\\/\\\/www.encontrabelem.com.br\\\/sobre\",\"nextItem\":{\"@type\":\"ListItem\",\"@id\":\"https:\\\/\\\/www.encontrabelem.com.br\\\/sobre\\\/construcao-em-belem#listItem\",\"name\":\"Constru\\u00e7\\u00e3o Bel\\u00e9m\"}},{\"@type\":\"ListItem\",\"@id\":\"https:\\\/\\\/www.encontrabelem.com.br\\\/sobre\\\/construcao-em-belem#listItem\",\"position\":2,\"name\":\"Constru\\u00e7\\u00e3o Bel\\u00e9m\",\"item\":\"https:\\\/\\\/www.encontrabelem.com.br\\\/sobre\\\/construcao-em-belem\",\"nextItem\":{\"@type\":\"ListItem\",\"@id\":\"https:\\\/\\\/www.encontrabelem.com.br\\\/sobre\\\/trabalhadores-da-construcao-civil-de-belem-rejeitam-proposta-patronal-e-podem-partir-para-greve#listItem\",\"name\":\"Trabalhadores da constru\\u00e7\\u00e3o civil de Bel\\u00e9m rejeitam proposta patronal e podem partir para greve\"},\"previousItem\":{\"@type\":\"ListItem\",\"@id\":\"https:\\\/\\\/www.encontrabelem.com.br\\\/sobre#listItem\",\"name\":\"In\\u00edcio\"}},{\"@type\":\"ListItem\",\"@id\":\"https:\\\/\\\/www.encontrabelem.com.br\\\/sobre\\\/trabalhadores-da-construcao-civil-de-belem-rejeitam-proposta-patronal-e-podem-partir-para-greve#listItem\",\"position\":3,\"name\":\"Trabalhadores da constru\\u00e7\\u00e3o civil de Bel\\u00e9m rejeitam proposta patronal e podem partir para greve\",\"previousItem\":{\"@type\":\"ListItem\",\"@id\":\"https:\\\/\\\/www.encontrabelem.com.br\\\/sobre\\\/construcao-em-belem#listItem\",\"name\":\"Constru\\u00e7\\u00e3o Bel\\u00e9m\"}}]},{\"@type\":\"Organization\",\"@id\":\"https:\\\/\\\/www.encontrabelem.com.br\\\/sobre\\\/#organization\",\"name\":\"Encontra Bel\\u00e9m\",\"description\":\"Not\\u00edcias, eventos, informa\\u00e7\\u00f5es e dicas na cidade Bel\\u00e9m e regi\\u00e3o.\",\"url\":\"https:\\\/\\\/www.encontrabelem.com.br\\\/sobre\\\/\"},{\"@type\":\"Person\",\"@id\":\"https:\\\/\\\/www.encontrabelem.com.br\\\/sobre\\\/author\\\/ebelem#author\",\"url\":\"https:\\\/\\\/www.encontrabelem.com.br\\\/sobre\\\/author\\\/ebelem\",\"name\":\"Encontra Bel\\u00e9m\",\"image\":{\"@type\":\"ImageObject\",\"@id\":\"https:\\\/\\\/www.encontrabelem.com.br\\\/sobre\\\/trabalhadores-da-construcao-civil-de-belem-rejeitam-proposta-patronal-e-podem-partir-para-greve#authorImage\",\"url\":\"https:\\\/\\\/secure.gravatar.com\\\/avatar\\\/507340682b8270222e1f208e23198b6ae7e2c6a1033ae84e99bc6bce4f82a387?s=96&d=mm&r=g\",\"width\":96,\"height\":96,\"caption\":\"Encontra Bel\\u00e9m\"}},{\"@type\":\"WebPage\",\"@id\":\"https:\\\/\\\/www.encontrabelem.com.br\\\/sobre\\\/trabalhadores-da-construcao-civil-de-belem-rejeitam-proposta-patronal-e-podem-partir-para-greve#webpage\",\"url\":\"https:\\\/\\\/www.encontrabelem.com.br\\\/sobre\\\/trabalhadores-da-construcao-civil-de-belem-rejeitam-proposta-patronal-e-podem-partir-para-greve\",\"name\":\"Trabalhadores da constru\\u00e7\\u00e3o civil de Bel\\u00e9m rejeitam proposta patronal e podem partir para greve | Encontra Bel\\u00e9m\",\"description\":\"Trabalhadores da constru\\u00e7\\u00e3o civil de Bel\\u00e9m rejeitam proposta patronal e consideram greve.\",\"inLanguage\":\"pt-BR\",\"isPartOf\":{\"@id\":\"https:\\\/\\\/www.encontrabelem.com.br\\\/sobre\\\/#website\"},\"breadcrumb\":{\"@id\":\"https:\\\/\\\/www.encontrabelem.com.br\\\/sobre\\\/trabalhadores-da-construcao-civil-de-belem-rejeitam-proposta-patronal-e-podem-partir-para-greve#breadcrumblist\"},\"author\":{\"@id\":\"https:\\\/\\\/www.encontrabelem.com.br\\\/sobre\\\/author\\\/ebelem#author\"},\"creator\":{\"@id\":\"https:\\\/\\\/www.encontrabelem.com.br\\\/sobre\\\/author\\\/ebelem#author\"},\"image\":{\"@type\":\"ImageObject\",\"url\":\"https:\\\/\\\/www.encontrabelem.com.br\\\/sobre\\\/wp-content\\\/uploads\\\/2026\\\/09\\\/trabalhadores-da-construcao-civil-de-belem-rejeitam-proposta-patronal-e-podem-partir-para-greve.webp\",\"@id\":\"https:\\\/\\\/www.encontrabelem.com.br\\\/sobre\\\/trabalhadores-da-construcao-civil-de-belem-rejeitam-proposta-patronal-e-podem-partir-para-greve\\\/#mainImage\",\"width\":280,\"height\":280,\"caption\":\"trabalhadores da constru\\u00e7\\u00e3o civil de Bel\\u00e9m\"},\"primaryImageOfPage\":{\"@id\":\"https:\\\/\\\/www.encontrabelem.com.br\\\/sobre\\\/trabalhadores-da-construcao-civil-de-belem-rejeitam-proposta-patronal-e-podem-partir-para-greve#mainImage\"},\"datePublished\":\"2026-09-01T03:29:22-03:00\",\"dateModified\":\"2026-09-01T03:29:22-03:00\"},{\"@type\":\"WebSite\",\"@id\":\"https:\\\/\\\/www.encontrabelem.com.br\\\/sobre\\\/#website\",\"url\":\"https:\\\/\\\/www.encontrabelem.com.br\\\/sobre\\\/\",\"name\":\"Encontra Bel\\u00e9m\",\"description\":\"Not\\u00edcias, eventos, informa\\u00e7\\u00f5es e dicas na cidade Bel\\u00e9m e regi\\u00e3o.\",\"inLanguage\":\"pt-BR\",\"publisher\":{\"@id\":\"https:\\\/\\\/www.encontrabelem.com.br\\\/sobre\\\/#organization\"}}]}\n\t\t<\/script>\n\t\t<!-- All in One SEO -->\n\n","aioseo_head_json":{"title":"Trabalhadores da constru\u00e7\u00e3o civil de Bel\u00e9m rejeitam proposta patronal e podem partir para greve | Encontra Bel\u00e9m","description":"Trabalhadores da constru\u00e7\u00e3o civil de Bel\u00e9m rejeitam proposta patronal e consideram greve.","canonical_url":"https:\/\/www.encontrabelem.com.br\/sobre\/trabalhadores-da-construcao-civil-de-belem-rejeitam-proposta-patronal-e-podem-partir-para-greve","robots":"max-image-preview:large","keywords":"","webmasterTools":{"miscellaneous":""},"schema":{"@context":"https:\/\/schema.org","@graph":[{"@type":"Article","@id":"https:\/\/www.encontrabelem.com.br\/sobre\/trabalhadores-da-construcao-civil-de-belem-rejeitam-proposta-patronal-e-podem-partir-para-greve#article","name":"Trabalhadores da constru\u00e7\u00e3o civil de Bel\u00e9m rejeitam proposta patronal e podem partir para greve | Encontra Bel\u00e9m","headline":"Trabalhadores da constru\u00e7\u00e3o civil de Bel\u00e9m rejeitam proposta patronal e podem partir para greve","author":{"@id":"https:\/\/www.encontrabelem.com.br\/sobre\/author\/ebelem#author"},"publisher":{"@id":"https:\/\/www.encontrabelem.com.br\/sobre\/#organization"},"image":{"@type":"ImageObject","url":"https:\/\/www.encontrabelem.com.br\/sobre\/wp-content\/uploads\/2026\/09\/trabalhadores-da-construcao-civil-de-belem-rejeitam-proposta-patronal-e-podem-partir-para-greve.webp","width":280,"height":280,"caption":"trabalhadores da constru\u00e7\u00e3o civil de Bel\u00e9m"},"datePublished":"2026-09-01T03:29:22-03:00","dateModified":"2026-09-01T03:29:22-03:00","inLanguage":"pt-BR","mainEntityOfPage":{"@id":"https:\/\/www.encontrabelem.com.br\/sobre\/trabalhadores-da-construcao-civil-de-belem-rejeitam-proposta-patronal-e-podem-partir-para-greve#webpage"},"isPartOf":{"@id":"https:\/\/www.encontrabelem.com.br\/sobre\/trabalhadores-da-construcao-civil-de-belem-rejeitam-proposta-patronal-e-podem-partir-para-greve#webpage"},"articleSection":"Constru\u00e7\u00e3o Bel\u00e9m"},{"@type":"BreadcrumbList","@id":"https:\/\/www.encontrabelem.com.br\/sobre\/trabalhadores-da-construcao-civil-de-belem-rejeitam-proposta-patronal-e-podem-partir-para-greve#breadcrumblist","itemListElement":[{"@type":"ListItem","@id":"https:\/\/www.encontrabelem.com.br\/sobre#listItem","position":1,"name":"In\u00edcio","item":"https:\/\/www.encontrabelem.com.br\/sobre","nextItem":{"@type":"ListItem","@id":"https:\/\/www.encontrabelem.com.br\/sobre\/construcao-em-belem#listItem","name":"Constru\u00e7\u00e3o Bel\u00e9m"}},{"@type":"ListItem","@id":"https:\/\/www.encontrabelem.com.br\/sobre\/construcao-em-belem#listItem","position":2,"name":"Constru\u00e7\u00e3o Bel\u00e9m","item":"https:\/\/www.encontrabelem.com.br\/sobre\/construcao-em-belem","nextItem":{"@type":"ListItem","@id":"https:\/\/www.encontrabelem.com.br\/sobre\/trabalhadores-da-construcao-civil-de-belem-rejeitam-proposta-patronal-e-podem-partir-para-greve#listItem","name":"Trabalhadores da constru\u00e7\u00e3o civil de Bel\u00e9m rejeitam proposta patronal e podem partir para greve"},"previousItem":{"@type":"ListItem","@id":"https:\/\/www.encontrabelem.com.br\/sobre#listItem","name":"In\u00edcio"}},{"@type":"ListItem","@id":"https:\/\/www.encontrabelem.com.br\/sobre\/trabalhadores-da-construcao-civil-de-belem-rejeitam-proposta-patronal-e-podem-partir-para-greve#listItem","position":3,"name":"Trabalhadores da constru\u00e7\u00e3o civil de Bel\u00e9m rejeitam proposta patronal e podem partir para greve","previousItem":{"@type":"ListItem","@id":"https:\/\/www.encontrabelem.com.br\/sobre\/construcao-em-belem#listItem","name":"Constru\u00e7\u00e3o Bel\u00e9m"}}]},{"@type":"Organization","@id":"https:\/\/www.encontrabelem.com.br\/sobre\/#organization","name":"Encontra Bel\u00e9m","description":"Not\u00edcias, eventos, informa\u00e7\u00f5es e dicas na cidade Bel\u00e9m e regi\u00e3o.","url":"https:\/\/www.encontrabelem.com.br\/sobre\/"},{"@type":"Person","@id":"https:\/\/www.encontrabelem.com.br\/sobre\/author\/ebelem#author","url":"https:\/\/www.encontrabelem.com.br\/sobre\/author\/ebelem","name":"Encontra Bel\u00e9m","image":{"@type":"ImageObject","@id":"https:\/\/www.encontrabelem.com.br\/sobre\/trabalhadores-da-construcao-civil-de-belem-rejeitam-proposta-patronal-e-podem-partir-para-greve#authorImage","url":"https:\/\/secure.gravatar.com\/avatar\/507340682b8270222e1f208e23198b6ae7e2c6a1033ae84e99bc6bce4f82a387?s=96&d=mm&r=g","width":96,"height":96,"caption":"Encontra Bel\u00e9m"}},{"@type":"WebPage","@id":"https:\/\/www.encontrabelem.com.br\/sobre\/trabalhadores-da-construcao-civil-de-belem-rejeitam-proposta-patronal-e-podem-partir-para-greve#webpage","url":"https:\/\/www.encontrabelem.com.br\/sobre\/trabalhadores-da-construcao-civil-de-belem-rejeitam-proposta-patronal-e-podem-partir-para-greve","name":"Trabalhadores da constru\u00e7\u00e3o civil de Bel\u00e9m rejeitam proposta patronal e podem partir para greve | Encontra Bel\u00e9m","description":"Trabalhadores da constru\u00e7\u00e3o civil de Bel\u00e9m rejeitam proposta patronal e consideram greve.","inLanguage":"pt-BR","isPartOf":{"@id":"https:\/\/www.encontrabelem.com.br\/sobre\/#website"},"breadcrumb":{"@id":"https:\/\/www.encontrabelem.com.br\/sobre\/trabalhadores-da-construcao-civil-de-belem-rejeitam-proposta-patronal-e-podem-partir-para-greve#breadcrumblist"},"author":{"@id":"https:\/\/www.encontrabelem.com.br\/sobre\/author\/ebelem#author"},"creator":{"@id":"https:\/\/www.encontrabelem.com.br\/sobre\/author\/ebelem#author"},"image":{"@type":"ImageObject","url":"https:\/\/www.encontrabelem.com.br\/sobre\/wp-content\/uploads\/2026\/09\/trabalhadores-da-construcao-civil-de-belem-rejeitam-proposta-patronal-e-podem-partir-para-greve.webp","@id":"https:\/\/www.encontrabelem.com.br\/sobre\/trabalhadores-da-construcao-civil-de-belem-rejeitam-proposta-patronal-e-podem-partir-para-greve\/#mainImage","width":280,"height":280,"caption":"trabalhadores da constru\u00e7\u00e3o civil de Bel\u00e9m"},"primaryImageOfPage":{"@id":"https:\/\/www.encontrabelem.com.br\/sobre\/trabalhadores-da-construcao-civil-de-belem-rejeitam-proposta-patronal-e-podem-partir-para-greve#mainImage"},"datePublished":"2026-09-01T03:29:22-03:00","dateModified":"2026-09-01T03:29:22-03:00"},{"@type":"WebSite","@id":"https:\/\/www.encontrabelem.com.br\/sobre\/#website","url":"https:\/\/www.encontrabelem.com.br\/sobre\/","name":"Encontra Bel\u00e9m","description":"Not\u00edcias, eventos, informa\u00e7\u00f5es e dicas na cidade Bel\u00e9m e regi\u00e3o.","inLanguage":"pt-BR","publisher":{"@id":"https:\/\/www.encontrabelem.com.br\/sobre\/#organization"}}]},"og:locale":"pt_BR","og:site_name":"Encontra Bel\u00e9m | Not\u00edcias, eventos, informa\u00e7\u00f5es e dicas na cidade Bel\u00e9m e regi\u00e3o.","og:type":"article","og:title":"Trabalhadores da constru\u00e7\u00e3o civil de Bel\u00e9m rejeitam proposta patronal e podem partir para greve | Encontra Bel\u00e9m","og:description":"Trabalhadores da constru\u00e7\u00e3o civil de Bel\u00e9m rejeitam proposta patronal e consideram greve.","og:url":"https:\/\/www.encontrabelem.com.br\/sobre\/trabalhadores-da-construcao-civil-de-belem-rejeitam-proposta-patronal-e-podem-partir-para-greve","article:published_time":"2026-09-01T06:29:22+00:00","article:modified_time":"2026-09-01T06:29:22+00:00","twitter:card":"summary","twitter:title":"Trabalhadores da constru\u00e7\u00e3o civil de Bel\u00e9m rejeitam proposta patronal e podem partir para greve | Encontra Bel\u00e9m","twitter:description":"Trabalhadores da constru\u00e7\u00e3o civil de Bel\u00e9m rejeitam proposta patronal e consideram greve."},"aioseo_meta_data":{"post_id":"2411","title":null,"description":null,"keywords":null,"keyphrases":null,"primary_term":null,"canonical_url":null,"og_title":null,"og_description":null,"og_object_type":"default","og_image_type":"default","og_image_url":null,"og_image_width":null,"og_image_height":null,"og_image_custom_url":null,"og_image_custom_fields":null,"og_video":null,"og_custom_url":null,"og_article_section":null,"og_article_tags":null,"twitter_use_og":false,"twitter_card":"default","twitter_image_type":"default","twitter_image_url":null,"twitter_image_custom_url":null,"twitter_image_custom_fields":null,"twitter_title":null,"twitter_description":null,"schema":{"blockGraphs":[],"customGraphs":[],"default":{"data":{"Article":[],"Course":[],"Dataset":[],"FAQPage":[],"Movie":[],"Person":[],"Product":[],"ProductReview":[],"Car":[],"Recipe":[],"Service":[],"SoftwareApplication":[],"WebPage":[]},"graphName":"Article","isEnabled":true},"graphs":[]},"schema_type":"default","schema_type_options":null,"pillar_content":false,"robots_default":true,"robots_noindex":false,"robots_noarchive":false,"robots_nosnippet":false,"robots_nofollow":false,"robots_noimageindex":false,"robots_noodp":false,"robots_notranslate":false,"robots_max_snippet":null,"robots_max_videopreview":null,"robots_max_imagepreview":"large","priority":null,"frequency":null,"local_seo":null,"breadcrumb_settings":null,"limit_modified_date":false,"ai":null,"created":"2026-09-01 06:29:22","updated":"2026-09-01 06:29:22","focus_keyword":null,"additional_keywords":null,"truseo_locale":null,"seo_analyzer_scan_date":null},"aioseo_breadcrumb":"<div class=\"aioseo-breadcrumbs\"><span class=\"aioseo-breadcrumb\">\n\t\t\t<a href=\"https:\/\/www.encontrabelem.com.br\/sobre\" title=\"In\u00edcio\">In\u00edcio<\/a>\n\t\t<\/span><span class=\"aioseo-breadcrumb-separator\">&raquo;<\/span><span class=\"aioseo-breadcrumb\">\n\t\t\t<a href=\"https:\/\/www.encontrabelem.com.br\/sobre\/construcao-em-belem\" title=\"Constru\u00e7\u00e3o Bel\u00e9m\">Constru\u00e7\u00e3o Bel\u00e9m<\/a>\n\t\t<\/span><span class=\"aioseo-breadcrumb-separator\">&raquo;<\/span><span class=\"aioseo-breadcrumb\">\n\t\t\tTrabalhadores da constru\u00e7\u00e3o civil de Bel\u00e9m rejeitam proposta patronal e podem partir para greve\n\t\t<\/span><\/div>","aioseo_breadcrumb_json":[{"label":"In\u00edcio","link":"https:\/\/www.encontrabelem.com.br\/sobre"},{"label":"Constru\u00e7\u00e3o Bel\u00e9m","link":"https:\/\/www.encontrabelem.com.br\/sobre\/construcao-em-belem"},{"label":"Trabalhadores da constru\u00e7\u00e3o civil de Bel\u00e9m rejeitam proposta patronal e podem partir para greve","link":"https:\/\/www.encontrabelem.com.br\/sobre\/trabalhadores-da-construcao-civil-de-belem-rejeitam-proposta-patronal-e-podem-partir-para-greve"}],"_links":{"self":[{"href":"https:\/\/www.encontrabelem.com.br\/sobre\/wp-json\/wp\/v2\/posts\/2411","targetHints":{"allow":["GET"]}}],"collection":[{"href":"https:\/\/www.encontrabelem.com.br\/sobre\/wp-json\/wp\/v2\/posts"}],"about":[{"href":"https:\/\/www.encontrabelem.com.br\/sobre\/wp-json\/wp\/v2\/types\/post"}],"author":[{"embeddable":true,"href":"https:\/\/www.encontrabelem.com.br\/sobre\/wp-json\/wp\/v2\/users\/1"}],"replies":[{"embeddable":true,"href":"https:\/\/www.encontrabelem.com.br\/sobre\/wp-json\/wp\/v2\/comments?post=2411"}],"version-history":[{"count":0,"href":"https:\/\/www.encontrabelem.com.br\/sobre\/wp-json\/wp\/v2\/posts\/2411\/revisions"}],"wp:featuredmedia":[{"embeddable":true,"href":"https:\/\/www.encontrabelem.com.br\/sobre\/wp-json\/wp\/v2\/media\/2410"}],"wp:attachment":[{"href":"https:\/\/www.encontrabelem.com.br\/sobre\/wp-json\/wp\/v2\/media?parent=2411"}],"wp:term":[{"taxonomy":"category","embeddable":true,"href":"https:\/\/www.encontrabelem.com.br\/sobre\/wp-json\/wp\/v2\/categories?post=2411"},{"taxonomy":"post_tag","embeddable":true,"href":"https:\/\/www.encontrabelem.com.br\/sobre\/wp-json\/wp\/v2\/tags?post=2411"}],"curies":[{"name":"wp","href":"https:\/\/api.w.org\/{rel}","templated":true}]}}