{"id":2409,"date":"2026-09-01T03:28:25","date_gmt":"2026-09-01T06:28:25","guid":{"rendered":"https:\/\/www.encontrabelem.com.br\/sobre\/confira-a-programacao-da-feira-pan"},"modified":"2026-09-01T03:28:25","modified_gmt":"2026-09-01T06:28:25","slug":"confira-a-programacao-da-feira-pan","status":"publish","type":"post","link":"https:\/\/www.encontrabelem.com.br\/sobre\/confira-a-programacao-da-feira-pan","title":{"rendered":"Confira a programa\u00e7\u00e3o da Feira Pan"},"content":{"rendered":"<div class=\"b22802487b0d38c4c6d9f34966e16421\" data-index=\"1\" style=\"float: none; margin:0px;\">\n<!-- Anuncio display - global -->\r\n<ins class=\"adsbygoogle\"\r\n     style=\"display:block\"\r\n     data-ad-client=\"ca-pub-8585364105181520\"\r\n     data-ad-slot=\"8789329856\"\r\n     data-ad-format=\"auto\"\r\n     data-full-width-responsive=\"true\"><\/ins>\r\n<script>\r\n     (adsbygoogle = window.adsbygoogle || []).push({});\r\n<\/script>\n<\/div>\n<h2>Datas e Local da Feira Pan-Amaz\u00f4nica do Livro<\/h2>\n<p>A 29\u00aa Feira Pan-Amaz\u00f4nica do Livro acontece em Bel\u00e9m, no <strong>Hangar Centro de Conven\u00e7\u00f5es<\/strong>, e se estende at\u00e9 o dia <strong>6 de setembro<\/strong>. O evento \u00e9 gratuito, permitindo que todos os interessados em literatura e cultura possam aproveitar a programa\u00e7\u00e3o rica e diversificada.<\/p>\n<h2>Atividades Culturais na Feira<\/h2>\n<p>Durante a feira, os visitantes encontrar\u00e3o uma variedade de atividades culturais, incluindo <strong>apresenta\u00e7\u00f5es art\u00edsticas<\/strong>, <strong>roda de conversas<\/strong>, <strong>bate-papos<\/strong>, e <strong>shows musicais<\/strong>. Esta edi\u00e7\u00e3o homenageia as vozes que representam a riqueza cultural da regi\u00e3o. O objetivo \u00e9 promover a literatura, a arte, e o debate sobre temas relevantes da sociedade.<\/p>\n<h2>Roda de Conversa sobre Literatura<\/h2>\n<p>As rodas de conversa s\u00e3o uma parte fundamental da programa\u00e7\u00e3o, abordando t\u00f3picos como <strong>inclus\u00e3o<\/strong>, <strong>meio ambiente<\/strong>, <strong>literatura paraense<\/strong>, e a inf\u00e2ncia. Especialistas, escritores e educadores se re\u00fanem para discutir a import\u00e2ncia da literatura na forma\u00e7\u00e3o cultural e educacional da popula\u00e7\u00e3o.<\/p>\n<p><img decoding=\"async\" src=\"https:\/\/www.encontrabelem.com.br\/sobre\/wp-content\/uploads\/2026\/09\/confira-a-programacao-da-feira-pan.webp\" alt=\"\" loading=\"lazy\" \/><\/p>\n<h2>Conta\u00e7\u00e3o de Hist\u00f3rias para Crian\u00e7as<\/h2>\n<p>Um espa\u00e7o dedicado \u00e0 <strong>conta\u00e7\u00e3o de hist\u00f3rias<\/strong> est\u00e1 montado dentro do evento. De <strong>31 de agosto<\/strong> a <strong>6 de setembro<\/strong>, o espa\u00e7o C\u00e9u da Leitura oferecer\u00e1 sess\u00f5es \u00e0s <strong>11h<\/strong> e <strong>17h<\/strong>. Com hist\u00f3rias que encantam e educam, como &#8220;Contos de Minha Av\u00f3&#8221; e &#8220;O Pequeno Pr\u00edncipe da Amaz\u00f4nia&#8221;, a proposta \u00e9 atrair as crian\u00e7as para o universo da leitura de forma l\u00fadica e criativa.<\/p>\n<h2>Shows Musicais Imperd\u00edveis<\/h2>\n<p>Musicalmente, a feira n\u00e3o decepciona. Com apresenta\u00e7\u00f5es agendadas para as noites, o evento contar\u00e1 com diversas performances incluindo artistas conhecidos e talentos locais. As apresenta\u00e7\u00f5es variam de dan\u00e7as tradicionais a shows de bandas contempor\u00e2neas, oferecendo entretenimento para todos os gostos.<\/p>\n<h2>Lan\u00e7amentos de Livros e Aut\u00f3grafos<\/h2>\n<p>Os lan\u00e7amentos de livros s\u00e3o um destaque, permitindo que autores paraenses e de outras regi\u00f5es do Brasil apresentem suas obras ao p\u00fablico. Ap\u00f3s as sess\u00f5es de lan\u00e7amento, os escritores estar\u00e3o dispon\u00edveis para <strong>sess\u00f5es de aut\u00f3grafos<\/strong>, proporcionando uma experi\u00eancia mais pr\u00f3xima entre autores e leitores.<\/p>\n<h2>Espa\u00e7o C\u00e9u da Leitura<\/h2>\n<p>O Espa\u00e7o C\u00e9u da Leitura \u00e9 um lugar especial dentro da feira, criado para promover a <strong>leitura<\/strong> e a <strong>literatura<\/strong> entre os visitantes. Nele, diversas atividades interativas e sess\u00f5es de conta\u00e7\u00e3o de hist\u00f3rias acontecem diariamente, focando em atrair jovens e crian\u00e7as para o mundo dos livros.<\/p>\n<h2>Temas Abordados durante a Feira<\/h2>\n<p>A programa\u00e7\u00e3o inclui discuss\u00f5es sobre <strong>diversidade<\/strong>, <strong>mem\u00f3ria<\/strong>, <strong>patrim\u00f4nio cultural<\/strong>, al\u00e9m de workshops que incentivam a criatividade e a explora\u00e7\u00e3o art\u00edstica. Participantes podem esperar temas contempor\u00e2neos que atinam para as quest\u00f5es sociais, culturais e ambientais enfrentadas atualmente.<\/p>\n<h2>Homenagens na 29\u00aa Edi\u00e7\u00e3o<\/h2>\n<p>Nesta edi\u00e7\u00e3o, a feira presta homenagem especial a figuras ic\u00f4nicas da literatura e cultura local, como <strong>Jabutig\u00e3o<\/strong> e <strong>Nazar\u00e9 Pereira<\/strong>. Esta escolha busca ressaltar a import\u00e2ncia de suas contribui\u00e7\u00f5es para a literatura e a cultura amaz\u00f4nica, al\u00e9m de celebrarem as vozes que fazem parte da identidade paraense.<\/p>\n<h2>Como Participar da Feira Pan-Amaz\u00f4nica<\/h2>\n<p>Para participar da Feira Pan-Amaz\u00f4nica do Livro, n\u00e3o \u00e9 necess\u00e1rio realizar inscri\u00e7\u00e3o pr\u00e9via nem pagar entrada. Basta comparecer ao <strong>Hangar Centro de Conven\u00e7\u00f5es<\/strong> entre <strong>31 de agosto<\/strong> e <strong>6 de setembro<\/strong>, no hor\u00e1rio das <strong>9h \u00e0s 21h<\/strong>. Aproveite para trazer a fam\u00edlia e amigos, e desfrutar de um ambiente riqu\u00edssimo em cultura e possibilidades de aprendizado.<\/p>\n\n<div style=\"font-size: 0px; height: 0px; line-height: 0px; margin: 0; padding: 0; clear: both;\"><\/div>","protected":false},"excerpt":{"rendered":"<p>Feira Pan-Amaz\u00f4nica do Livro 2026 traz eventos culturais e gratuitos para Bel\u00e9m.<\/p>\n","protected":false},"author":1,"featured_media":2408,"comment_status":"open","ping_status":"closed","sticky":false,"template":"","format":"standard","meta":{"footnotes":""},"categories":[25],"tags":[],"class_list":["post-2409","post","type-post","status-publish","format-standard","has-post-thumbnail","hentry","category-cultura-em-belem","has_thumb"],"aioseo_notices":[],"aioseo_head":"\n\t\t<!-- All in One SEO 5.0.0.1 - aioseo.com -->\n\t<meta name=\"description\" content=\"Feira Pan-Amaz\u00f4nica do Livro 2026 traz eventos culturais e gratuitos para Bel\u00e9m.\" \/>\n\t<meta name=\"robots\" content=\"max-image-preview:large\" \/>\n\t<meta name=\"author\" content=\"Encontra Bel\u00e9m\"\/>\n\t<link rel=\"canonical\" href=\"https:\/\/www.encontrabelem.com.br\/sobre\/confira-a-programacao-da-feira-pan\" \/>\n\t<meta name=\"generator\" content=\"All in One SEO (AIOSEO) 5.0.0.1\" \/>\n\t\t<meta property=\"og:locale\" content=\"pt_BR\" \/>\n\t\t<meta property=\"og:site_name\" content=\"Encontra Bel\u00e9m | Not\u00edcias, eventos, informa\u00e7\u00f5es e dicas na cidade Bel\u00e9m e regi\u00e3o.\" \/>\n\t\t<meta property=\"og:type\" content=\"article\" \/>\n\t\t<meta property=\"og:title\" content=\"Confira a programa\u00e7\u00e3o da Feira Pan | Encontra Bel\u00e9m\" \/>\n\t\t<meta property=\"og:description\" content=\"Feira Pan-Amaz\u00f4nica do Livro 2026 traz eventos culturais e gratuitos para Bel\u00e9m.\" \/>\n\t\t<meta property=\"og:url\" content=\"https:\/\/www.encontrabelem.com.br\/sobre\/confira-a-programacao-da-feira-pan\" \/>\n\t\t<meta property=\"article:published_time\" content=\"2026-09-01T06:28:25+00:00\" \/>\n\t\t<meta property=\"article:modified_time\" content=\"2026-09-01T06:28:25+00:00\" \/>\n\t\t<meta name=\"twitter:card\" content=\"summary\" \/>\n\t\t<meta name=\"twitter:title\" content=\"Confira a programa\u00e7\u00e3o da Feira Pan | Encontra Bel\u00e9m\" \/>\n\t\t<meta name=\"twitter:description\" content=\"Feira Pan-Amaz\u00f4nica do Livro 2026 traz eventos culturais e gratuitos para Bel\u00e9m.\" \/>\n\t\t<script type=\"application\/ld+json\" class=\"aioseo-schema\">\n\t\t\t{\"@context\":\"https:\\\/\\\/schema.org\",\"@graph\":[{\"@type\":\"Article\",\"@id\":\"https:\\\/\\\/www.encontrabelem.com.br\\\/sobre\\\/confira-a-programacao-da-feira-pan#article\",\"name\":\"Confira a programa\\u00e7\\u00e3o da Feira Pan | Encontra Bel\\u00e9m\",\"headline\":\"Confira a programa\\u00e7\\u00e3o da Feira Pan\",\"author\":{\"@id\":\"https:\\\/\\\/www.encontrabelem.com.br\\\/sobre\\\/author\\\/ebelem#author\"},\"publisher\":{\"@id\":\"https:\\\/\\\/www.encontrabelem.com.br\\\/sobre\\\/#organization\"},\"image\":{\"@type\":\"ImageObject\",\"url\":\"https:\\\/\\\/www.encontrabelem.com.br\\\/sobre\\\/wp-content\\\/uploads\\\/2026\\\/09\\\/confira-a-programacao-da-feira-pan.webp\",\"width\":280,\"height\":280},\"datePublished\":\"2026-09-01T03:28:25-03:00\",\"dateModified\":\"2026-09-01T03:28:25-03:00\",\"inLanguage\":\"pt-BR\",\"mainEntityOfPage\":{\"@id\":\"https:\\\/\\\/www.encontrabelem.com.br\\\/sobre\\\/confira-a-programacao-da-feira-pan#webpage\"},\"isPartOf\":{\"@id\":\"https:\\\/\\\/www.encontrabelem.com.br\\\/sobre\\\/confira-a-programacao-da-feira-pan#webpage\"},\"articleSection\":\"Cultura Bel\\u00e9m\"},{\"@type\":\"BreadcrumbList\",\"@id\":\"https:\\\/\\\/www.encontrabelem.com.br\\\/sobre\\\/confira-a-programacao-da-feira-pan#breadcrumblist\",\"itemListElement\":[{\"@type\":\"ListItem\",\"@id\":\"https:\\\/\\\/www.encontrabelem.com.br\\\/sobre#listItem\",\"position\":1,\"name\":\"In\\u00edcio\",\"item\":\"https:\\\/\\\/www.encontrabelem.com.br\\\/sobre\",\"nextItem\":{\"@type\":\"ListItem\",\"@id\":\"https:\\\/\\\/www.encontrabelem.com.br\\\/sobre\\\/cultura-em-belem#listItem\",\"name\":\"Cultura Bel\\u00e9m\"}},{\"@type\":\"ListItem\",\"@id\":\"https:\\\/\\\/www.encontrabelem.com.br\\\/sobre\\\/cultura-em-belem#listItem\",\"position\":2,\"name\":\"Cultura Bel\\u00e9m\",\"item\":\"https:\\\/\\\/www.encontrabelem.com.br\\\/sobre\\\/cultura-em-belem\",\"nextItem\":{\"@type\":\"ListItem\",\"@id\":\"https:\\\/\\\/www.encontrabelem.com.br\\\/sobre\\\/confira-a-programacao-da-feira-pan#listItem\",\"name\":\"Confira a programa\\u00e7\\u00e3o da Feira Pan\"},\"previousItem\":{\"@type\":\"ListItem\",\"@id\":\"https:\\\/\\\/www.encontrabelem.com.br\\\/sobre#listItem\",\"name\":\"In\\u00edcio\"}},{\"@type\":\"ListItem\",\"@id\":\"https:\\\/\\\/www.encontrabelem.com.br\\\/sobre\\\/confira-a-programacao-da-feira-pan#listItem\",\"position\":3,\"name\":\"Confira a programa\\u00e7\\u00e3o da Feira Pan\",\"previousItem\":{\"@type\":\"ListItem\",\"@id\":\"https:\\\/\\\/www.encontrabelem.com.br\\\/sobre\\\/cultura-em-belem#listItem\",\"name\":\"Cultura Bel\\u00e9m\"}}]},{\"@type\":\"Organization\",\"@id\":\"https:\\\/\\\/www.encontrabelem.com.br\\\/sobre\\\/#organization\",\"name\":\"Encontra Bel\\u00e9m\",\"description\":\"Not\\u00edcias, eventos, informa\\u00e7\\u00f5es e dicas na cidade Bel\\u00e9m e regi\\u00e3o.\",\"url\":\"https:\\\/\\\/www.encontrabelem.com.br\\\/sobre\\\/\"},{\"@type\":\"Person\",\"@id\":\"https:\\\/\\\/www.encontrabelem.com.br\\\/sobre\\\/author\\\/ebelem#author\",\"url\":\"https:\\\/\\\/www.encontrabelem.com.br\\\/sobre\\\/author\\\/ebelem\",\"name\":\"Encontra Bel\\u00e9m\",\"image\":{\"@type\":\"ImageObject\",\"@id\":\"https:\\\/\\\/www.encontrabelem.com.br\\\/sobre\\\/confira-a-programacao-da-feira-pan#authorImage\",\"url\":\"https:\\\/\\\/secure.gravatar.com\\\/avatar\\\/507340682b8270222e1f208e23198b6ae7e2c6a1033ae84e99bc6bce4f82a387?s=96&d=mm&r=g\",\"width\":96,\"height\":96,\"caption\":\"Encontra Bel\\u00e9m\"}},{\"@type\":\"WebPage\",\"@id\":\"https:\\\/\\\/www.encontrabelem.com.br\\\/sobre\\\/confira-a-programacao-da-feira-pan#webpage\",\"url\":\"https:\\\/\\\/www.encontrabelem.com.br\\\/sobre\\\/confira-a-programacao-da-feira-pan\",\"name\":\"Confira a programa\\u00e7\\u00e3o da Feira Pan | Encontra Bel\\u00e9m\",\"description\":\"Feira Pan-Amaz\\u00f4nica do Livro 2026 traz eventos culturais e gratuitos para Bel\\u00e9m.\",\"inLanguage\":\"pt-BR\",\"isPartOf\":{\"@id\":\"https:\\\/\\\/www.encontrabelem.com.br\\\/sobre\\\/#website\"},\"breadcrumb\":{\"@id\":\"https:\\\/\\\/www.encontrabelem.com.br\\\/sobre\\\/confira-a-programacao-da-feira-pan#breadcrumblist\"},\"author\":{\"@id\":\"https:\\\/\\\/www.encontrabelem.com.br\\\/sobre\\\/author\\\/ebelem#author\"},\"creator\":{\"@id\":\"https:\\\/\\\/www.encontrabelem.com.br\\\/sobre\\\/author\\\/ebelem#author\"},\"image\":{\"@type\":\"ImageObject\",\"url\":\"https:\\\/\\\/www.encontrabelem.com.br\\\/sobre\\\/wp-content\\\/uploads\\\/2026\\\/09\\\/confira-a-programacao-da-feira-pan.webp\",\"@id\":\"https:\\\/\\\/www.encontrabelem.com.br\\\/sobre\\\/confira-a-programacao-da-feira-pan\\\/#mainImage\",\"width\":280,\"height\":280},\"primaryImageOfPage\":{\"@id\":\"https:\\\/\\\/www.encontrabelem.com.br\\\/sobre\\\/confira-a-programacao-da-feira-pan#mainImage\"},\"datePublished\":\"2026-09-01T03:28:25-03:00\",\"dateModified\":\"2026-09-01T03:28:25-03:00\"},{\"@type\":\"WebSite\",\"@id\":\"https:\\\/\\\/www.encontrabelem.com.br\\\/sobre\\\/#website\",\"url\":\"https:\\\/\\\/www.encontrabelem.com.br\\\/sobre\\\/\",\"name\":\"Encontra Bel\\u00e9m\",\"description\":\"Not\\u00edcias, eventos, informa\\u00e7\\u00f5es e dicas na cidade Bel\\u00e9m e regi\\u00e3o.\",\"inLanguage\":\"pt-BR\",\"publisher\":{\"@id\":\"https:\\\/\\\/www.encontrabelem.com.br\\\/sobre\\\/#organization\"}}]}\n\t\t<\/script>\n\t\t<!-- All in One SEO -->\n\n","aioseo_head_json":{"title":"Confira a programa\u00e7\u00e3o da Feira Pan | Encontra Bel\u00e9m","description":"Feira Pan-Amaz\u00f4nica do Livro 2026 traz eventos culturais e gratuitos para Bel\u00e9m.","canonical_url":"https:\/\/www.encontrabelem.com.br\/sobre\/confira-a-programacao-da-feira-pan","robots":"max-image-preview:large","keywords":"","webmasterTools":{"miscellaneous":""},"schema":{"@context":"https:\/\/schema.org","@graph":[{"@type":"Article","@id":"https:\/\/www.encontrabelem.com.br\/sobre\/confira-a-programacao-da-feira-pan#article","name":"Confira a programa\u00e7\u00e3o da Feira Pan | Encontra Bel\u00e9m","headline":"Confira a programa\u00e7\u00e3o da Feira Pan","author":{"@id":"https:\/\/www.encontrabelem.com.br\/sobre\/author\/ebelem#author"},"publisher":{"@id":"https:\/\/www.encontrabelem.com.br\/sobre\/#organization"},"image":{"@type":"ImageObject","url":"https:\/\/www.encontrabelem.com.br\/sobre\/wp-content\/uploads\/2026\/09\/confira-a-programacao-da-feira-pan.webp","width":280,"height":280},"datePublished":"2026-09-01T03:28:25-03:00","dateModified":"2026-09-01T03:28:25-03:00","inLanguage":"pt-BR","mainEntityOfPage":{"@id":"https:\/\/www.encontrabelem.com.br\/sobre\/confira-a-programacao-da-feira-pan#webpage"},"isPartOf":{"@id":"https:\/\/www.encontrabelem.com.br\/sobre\/confira-a-programacao-da-feira-pan#webpage"},"articleSection":"Cultura Bel\u00e9m"},{"@type":"BreadcrumbList","@id":"https:\/\/www.encontrabelem.com.br\/sobre\/confira-a-programacao-da-feira-pan#breadcrumblist","itemListElement":[{"@type":"ListItem","@id":"https:\/\/www.encontrabelem.com.br\/sobre#listItem","position":1,"name":"In\u00edcio","item":"https:\/\/www.encontrabelem.com.br\/sobre","nextItem":{"@type":"ListItem","@id":"https:\/\/www.encontrabelem.com.br\/sobre\/cultura-em-belem#listItem","name":"Cultura Bel\u00e9m"}},{"@type":"ListItem","@id":"https:\/\/www.encontrabelem.com.br\/sobre\/cultura-em-belem#listItem","position":2,"name":"Cultura Bel\u00e9m","item":"https:\/\/www.encontrabelem.com.br\/sobre\/cultura-em-belem","nextItem":{"@type":"ListItem","@id":"https:\/\/www.encontrabelem.com.br\/sobre\/confira-a-programacao-da-feira-pan#listItem","name":"Confira a programa\u00e7\u00e3o da Feira Pan"},"previousItem":{"@type":"ListItem","@id":"https:\/\/www.encontrabelem.com.br\/sobre#listItem","name":"In\u00edcio"}},{"@type":"ListItem","@id":"https:\/\/www.encontrabelem.com.br\/sobre\/confira-a-programacao-da-feira-pan#listItem","position":3,"name":"Confira a programa\u00e7\u00e3o da Feira Pan","previousItem":{"@type":"ListItem","@id":"https:\/\/www.encontrabelem.com.br\/sobre\/cultura-em-belem#listItem","name":"Cultura Bel\u00e9m"}}]},{"@type":"Organization","@id":"https:\/\/www.encontrabelem.com.br\/sobre\/#organization","name":"Encontra Bel\u00e9m","description":"Not\u00edcias, eventos, informa\u00e7\u00f5es e dicas na cidade Bel\u00e9m e regi\u00e3o.","url":"https:\/\/www.encontrabelem.com.br\/sobre\/"},{"@type":"Person","@id":"https:\/\/www.encontrabelem.com.br\/sobre\/author\/ebelem#author","url":"https:\/\/www.encontrabelem.com.br\/sobre\/author\/ebelem","name":"Encontra Bel\u00e9m","image":{"@type":"ImageObject","@id":"https:\/\/www.encontrabelem.com.br\/sobre\/confira-a-programacao-da-feira-pan#authorImage","url":"https:\/\/secure.gravatar.com\/avatar\/507340682b8270222e1f208e23198b6ae7e2c6a1033ae84e99bc6bce4f82a387?s=96&d=mm&r=g","width":96,"height":96,"caption":"Encontra Bel\u00e9m"}},{"@type":"WebPage","@id":"https:\/\/www.encontrabelem.com.br\/sobre\/confira-a-programacao-da-feira-pan#webpage","url":"https:\/\/www.encontrabelem.com.br\/sobre\/confira-a-programacao-da-feira-pan","name":"Confira a programa\u00e7\u00e3o da Feira Pan | Encontra Bel\u00e9m","description":"Feira Pan-Amaz\u00f4nica do Livro 2026 traz eventos culturais e gratuitos para Bel\u00e9m.","inLanguage":"pt-BR","isPartOf":{"@id":"https:\/\/www.encontrabelem.com.br\/sobre\/#website"},"breadcrumb":{"@id":"https:\/\/www.encontrabelem.com.br\/sobre\/confira-a-programacao-da-feira-pan#breadcrumblist"},"author":{"@id":"https:\/\/www.encontrabelem.com.br\/sobre\/author\/ebelem#author"},"creator":{"@id":"https:\/\/www.encontrabelem.com.br\/sobre\/author\/ebelem#author"},"image":{"@type":"ImageObject","url":"https:\/\/www.encontrabelem.com.br\/sobre\/wp-content\/uploads\/2026\/09\/confira-a-programacao-da-feira-pan.webp","@id":"https:\/\/www.encontrabelem.com.br\/sobre\/confira-a-programacao-da-feira-pan\/#mainImage","width":280,"height":280},"primaryImageOfPage":{"@id":"https:\/\/www.encontrabelem.com.br\/sobre\/confira-a-programacao-da-feira-pan#mainImage"},"datePublished":"2026-09-01T03:28:25-03:00","dateModified":"2026-09-01T03:28:25-03:00"},{"@type":"WebSite","@id":"https:\/\/www.encontrabelem.com.br\/sobre\/#website","url":"https:\/\/www.encontrabelem.com.br\/sobre\/","name":"Encontra Bel\u00e9m","description":"Not\u00edcias, eventos, informa\u00e7\u00f5es e dicas na cidade Bel\u00e9m e regi\u00e3o.","inLanguage":"pt-BR","publisher":{"@id":"https:\/\/www.encontrabelem.com.br\/sobre\/#organization"}}]},"og:locale":"pt_BR","og:site_name":"Encontra Bel\u00e9m | Not\u00edcias, eventos, informa\u00e7\u00f5es e dicas na cidade Bel\u00e9m e regi\u00e3o.","og:type":"article","og:title":"Confira a programa\u00e7\u00e3o da Feira Pan | Encontra Bel\u00e9m","og:description":"Feira Pan-Amaz\u00f4nica do Livro 2026 traz eventos culturais e gratuitos para Bel\u00e9m.","og:url":"https:\/\/www.encontrabelem.com.br\/sobre\/confira-a-programacao-da-feira-pan","article:published_time":"2026-09-01T06:28:25+00:00","article:modified_time":"2026-09-01T06:28:25+00:00","twitter:card":"summary","twitter:title":"Confira a programa\u00e7\u00e3o da Feira Pan | Encontra Bel\u00e9m","twitter:description":"Feira Pan-Amaz\u00f4nica do Livro 2026 traz eventos culturais e gratuitos para Bel\u00e9m."},"aioseo_meta_data":{"post_id":"2409","title":null,"description":null,"keywords":null,"keyphrases":null,"primary_term":null,"canonical_url":null,"og_title":null,"og_description":null,"og_object_type":"default","og_image_type":"default","og_image_url":null,"og_image_width":null,"og_image_height":null,"og_image_custom_url":null,"og_image_custom_fields":null,"og_video":null,"og_custom_url":null,"og_article_section":null,"og_article_tags":null,"twitter_use_og":false,"twitter_card":"default","twitter_image_type":"default","twitter_image_url":null,"twitter_image_custom_url":null,"twitter_image_custom_fields":null,"twitter_title":null,"twitter_description":null,"schema":{"blockGraphs":[],"customGraphs":[],"default":{"data":{"Article":[],"Course":[],"Dataset":[],"FAQPage":[],"Movie":[],"Person":[],"Product":[],"ProductReview":[],"Car":[],"Recipe":[],"Service":[],"SoftwareApplication":[],"WebPage":[]},"graphName":"Article","isEnabled":true},"graphs":[]},"schema_type":"default","schema_type_options":null,"pillar_content":false,"robots_default":true,"robots_noindex":false,"robots_noarchive":false,"robots_nosnippet":false,"robots_nofollow":false,"robots_noimageindex":false,"robots_noodp":false,"robots_notranslate":false,"robots_max_snippet":null,"robots_max_videopreview":null,"robots_max_imagepreview":"large","priority":null,"frequency":null,"local_seo":null,"breadcrumb_settings":null,"limit_modified_date":false,"ai":null,"created":"2026-09-01 06:28:25","updated":"2026-09-01 06:28:25","focus_keyword":null,"additional_keywords":null,"truseo_locale":null,"seo_analyzer_scan_date":null},"aioseo_breadcrumb":"<div class=\"aioseo-breadcrumbs\"><span class=\"aioseo-breadcrumb\">\n\t\t\t<a href=\"https:\/\/www.encontrabelem.com.br\/sobre\" title=\"In\u00edcio\">In\u00edcio<\/a>\n\t\t<\/span><span class=\"aioseo-breadcrumb-separator\">&raquo;<\/span><span class=\"aioseo-breadcrumb\">\n\t\t\t<a href=\"https:\/\/www.encontrabelem.com.br\/sobre\/cultura-em-belem\" title=\"Cultura Bel\u00e9m\">Cultura Bel\u00e9m<\/a>\n\t\t<\/span><span class=\"aioseo-breadcrumb-separator\">&raquo;<\/span><span class=\"aioseo-breadcrumb\">\n\t\t\tConfira a programa\u00e7\u00e3o da Feira Pan\n\t\t<\/span><\/div>","aioseo_breadcrumb_json":[{"label":"In\u00edcio","link":"https:\/\/www.encontrabelem.com.br\/sobre"},{"label":"Cultura Bel\u00e9m","link":"https:\/\/www.encontrabelem.com.br\/sobre\/cultura-em-belem"},{"label":"Confira a programa\u00e7\u00e3o da Feira Pan","link":"https:\/\/www.encontrabelem.com.br\/sobre\/confira-a-programacao-da-feira-pan"}],"_links":{"self":[{"href":"https:\/\/www.encontrabelem.com.br\/sobre\/wp-json\/wp\/v2\/posts\/2409","targetHints":{"allow":["GET"]}}],"collection":[{"href":"https:\/\/www.encontrabelem.com.br\/sobre\/wp-json\/wp\/v2\/posts"}],"about":[{"href":"https:\/\/www.encontrabelem.com.br\/sobre\/wp-json\/wp\/v2\/types\/post"}],"author":[{"embeddable":true,"href":"https:\/\/www.encontrabelem.com.br\/sobre\/wp-json\/wp\/v2\/users\/1"}],"replies":[{"embeddable":true,"href":"https:\/\/www.encontrabelem.com.br\/sobre\/wp-json\/wp\/v2\/comments?post=2409"}],"version-history":[{"count":0,"href":"https:\/\/www.encontrabelem.com.br\/sobre\/wp-json\/wp\/v2\/posts\/2409\/revisions"}],"wp:featuredmedia":[{"embeddable":true,"href":"https:\/\/www.encontrabelem.com.br\/sobre\/wp-json\/wp\/v2\/media\/2408"}],"wp:attachment":[{"href":"https:\/\/www.encontrabelem.com.br\/sobre\/wp-json\/wp\/v2\/media?parent=2409"}],"wp:term":[{"taxonomy":"category","embeddable":true,"href":"https:\/\/www.encontrabelem.com.br\/sobre\/wp-json\/wp\/v2\/categories?post=2409"},{"taxonomy":"post_tag","embeddable":true,"href":"https:\/\/www.encontrabelem.com.br\/sobre\/wp-json\/wp\/v2\/tags?post=2409"}],"curies":[{"name":"wp","href":"https:\/\/api.w.org\/{rel}","templated":true}]}}