{"id":2387,"date":"2026-08-29T20:22:03","date_gmt":"2026-08-29T23:22:03","guid":{"rendered":"https:\/\/www.encontrabelem.com.br\/sobre\/dia-de-combate-ao-escalpelamento-tem-programacao-em-belem"},"modified":"2026-08-29T20:22:03","modified_gmt":"2026-08-29T23:22:03","slug":"dia-de-combate-ao-escalpelamento-tem-programacao-em-belem","status":"publish","type":"post","link":"https:\/\/www.encontrabelem.com.br\/sobre\/dia-de-combate-ao-escalpelamento-tem-programacao-em-belem","title":{"rendered":"Dia de combate ao escalpelamento tem programa\u00e7\u00e3o em Bel\u00e9m"},"content":{"rendered":"<div class=\"b22802487b0d38c4c6d9f34966e16421\" data-index=\"1\" style=\"float: none; margin:0px;\">\n<!-- Anuncio display - global -->\r\n<ins class=\"adsbygoogle\"\r\n     style=\"display:block\"\r\n     data-ad-client=\"ca-pub-8585364105181520\"\r\n     data-ad-slot=\"8789329856\"\r\n     data-ad-format=\"auto\"\r\n     data-full-width-responsive=\"true\"><\/ins>\r\n<script>\r\n     (adsbygoogle = window.adsbygoogle || []).push({});\r\n<\/script>\n<\/div>\n<h2>O que \u00e9 o Dia de Combate ao Escalpelamento?<\/h2>\n<p>O Dia de Combate ao Escalpelamento \u00e9 uma data importante que visa aumentar a conscientiza\u00e7\u00e3o sobre os acidentes relacionados ao escalpelamento, uma les\u00e3o que ocorre principalmente em ambientes fluviais, onde pequenos barcos e suas partes mec\u00e2nicas podem causar ferimentos graves. Este dia \u00e9 dedicado a discutir e implementar medidas de preven\u00e7\u00e3o, al\u00e9m de disponibilizar apoio e assist\u00eancia \u00e0s v\u00edtimas e suas fam\u00edlias. O evento \u00e9 composto por diversas atividades que buscam educar a popula\u00e7\u00e3o sobre os perigos e incentivam a ado\u00e7\u00e3o de pr\u00e1ticas seguras para se evitar esses acidentes. <\/p>\n<h2>Programa\u00e7\u00e3o do Evento em Bel\u00e9m<\/h2>\n<p>Na cidade de Bel\u00e9m, a programa\u00e7\u00e3o do Dia Nacional de Combate e Preven\u00e7\u00e3o ao Escalpelamento ocorrer\u00e1 em uma das sedes da Organiza\u00e7\u00e3o dos Ribeirinhos V\u00edtimas de Acidentes de Motor (Orvam). O evento iniciar\u00e1 \u00e0s 8h e contar\u00e1 com a participa\u00e7\u00e3o de v\u00edtimas, familiares, organiza\u00e7\u00f5es n\u00e3o governamentais e institui\u00e7\u00f5es p\u00fablicas e privadas. As atividades incluir\u00e3o palestras, discuss\u00f5es em grupo sobre preven\u00e7\u00f5es, bem como um espa\u00e7o para acolhimento psicol\u00f3gico e emocional para aqueles que sofreram esses acidentes.<\/p>\n<h2>A Import\u00e2ncia da Conscientiza\u00e7\u00e3o<\/h2>\n<p>A conscientiza\u00e7\u00e3o sobre o escalpelamento \u00e9 crucial, uma vez que muitos acidentes poderiam ser evitados com informa\u00e7\u00f5es adequadas e a implementa\u00e7\u00e3o de medidas de seguran\u00e7a. Os motoristas de embarca\u00e7\u00f5es e os passageiros precisam entender os riscos associados ao uso de equipamentos motorizados e como se proteger deles. A divulga\u00e7\u00e3o de hist\u00f3rias e dados sobre as consequ\u00eancias dos acidentes tamb\u00e9m tem o poder de sensibilizar e mobilizar a comunidade em torno dessa causa.<\/p>\n<p><img decoding=\"async\" src=\"https:\/\/www.encontrabelem.com.br\/sobre\/wp-content\/uploads\/2026\/08\/dia-de-combate-ao-escalpelamento-tem-programacao-em-belem.webp\" alt=\"Dia de Combate ao Escalpelamento\" loading=\"lazy\" \/><\/p>\n<h2>Hist\u00f3rias de V\u00edtimas e Supera\u00e7\u00e3o<\/h2>\n<p>V\u00e1rias v\u00edtimas de escalpelamento compartilham suas experi\u00eancias durante os eventos, o que ajuda a humanizar a quest\u00e3o e trazer \u00e0 tona a gravidade do problema. Essas narrativas n\u00e3o apenas mostram a luta enfrentada pelas v\u00edtimas, mas tamb\u00e9m suas jornadas de supera\u00e7\u00e3o. Muitas vezes, essas hist\u00f3rias inspiram outros a se engajar na preven\u00e7\u00e3o e apoio a quem j\u00e1 passou por esse tipo de trauma.<\/p>\n<h2>Medidas de Preven\u00e7\u00e3o Recomendadas<\/h2>\n<p>As principais medidas de preven\u00e7\u00e3o sugeridas incluem:<\/p>\n<ul>\n<li><strong>Uso de dispositivos de prote\u00e7\u00e3o:<\/strong> A instala\u00e7\u00e3o de prote\u00e7\u00f5es ao redor do motor das embarca\u00e7\u00f5es.<\/li>\n<li><strong>Capacita\u00e7\u00e3o de operadores:<\/strong> Treinamentos espec\u00edficos para condutores de embarca\u00e7\u00f5es sobre os riscos de escalpelamento.<\/li>\n<li><strong>Campanhas educativas:<\/strong> A\u00e7\u00f5es que informem a popula\u00e7\u00e3o sobre como se prevenir desses acidentes.<\/li>\n<li><strong>Manuten\u00e7\u00e3o adequada das embarca\u00e7\u00f5es:<\/strong> Garantir que todas as partes mec\u00e2nicas estejam em boas condi\u00e7\u00f5es de funcionamento.<\/li>\n<\/ul>\n<h2>A\u00e7\u00f5es de Apoio e Acolhimento \u00e0s V\u00edtimas<\/h2>\n<p>Al\u00e9m de promover a seguran\u00e7a, o Dia de Combate ao Escalpelamento tamb\u00e9m foca no suporte \u00e0s v\u00edtimas. A Orvam, juntamente com outras institui\u00e7\u00f5es, oferece servi\u00e7os de acolhimento e assist\u00eancia psicol\u00f3gica, al\u00e9m de projetos para ajudar as v\u00edtimas a recuperarem a autoestima, como a provis\u00e3o de perucas e tratamentos de sa\u00fade. Tais a\u00e7\u00f5es s\u00e3o essenciais para ajudar as pessoas a lidarem com as consequ\u00eancias emocionais e f\u00edsicas do acidente.<\/p>\n<h2>O Papel das Institui\u00e7\u00f5es na Preven\u00e7\u00e3o<\/h2>\n<p>Institui\u00e7\u00f5es governamentais e ONGs desempenham um papel fundamental na extens\u00e3o das a\u00e7\u00f5es de conscientiza\u00e7\u00e3o e preven\u00e7\u00e3o. A Capitania dos Portos, por exemplo, realiza a\u00e7\u00f5es educacionais e campanhas de sensibiliza\u00e7\u00e3o em diversas comunidades ao longo dos rios amaz\u00f4nicos. Parcerias com institui\u00e7\u00f5es do setor privado e do terceiro setor ajudam a ampliar os esfor\u00e7os de prevenir acidentes e garantir direitos \u00e0s v\u00edtimas.<\/p>\n<h2>Testemunhos de Participantes do Evento<\/h2>\n<p>Os testemunhos de participantes e v\u00edtimas que compartilham suas hist\u00f3rias s\u00e3o sempre emocionantes e inspiradores. Eles mostram a import\u00e2ncia da uni\u00e3o da sociedade para fazer frente a esse problema. Muitos participantes expressam sua gratid\u00e3o por conseguir apoio emocional e informa\u00e7\u00f5es que podem proteger suas comunidades de trag\u00e9dias similares.<\/p>\n<h2>Como a Comunidade Pode Contribuir<\/h2>\n<p>A participa\u00e7\u00e3o da comunidade \u00e9 crucial. Ningu\u00e9m precisa esperar por eventos oficiais para agir. Algumas formas de contribuir incluem:<\/p>\n<ul>\n<li><strong>Divulgar informa\u00e7\u00f5es:<\/strong> Compartilhar conhecimento sobre o escalpelamento e medidas de preven\u00e7\u00e3o nas comunidades.<\/li>\n<li><strong>Participar de treinamentos:<\/strong> Encorajar outros a se juntarem a cursos sobre manuseio seguro de embarca\u00e7\u00f5es.<\/li>\n<li><strong>Promover eventos locais:<\/strong> Organizar campanhas educativas ou eventos voltados para a conscientiza\u00e7\u00e3o.<\/li>\n<\/ul>\n<h2>Futuras Iniciativas para a Preven\u00e7\u00e3o<\/h2>\n<p>Por fim, \u00e9 fundamental que a luta contra o escalpelamento continue. Planejamentos para o futuro incluem a cria\u00e7\u00e3o de novos programas de educa\u00e7\u00e3o, mais campanhas de conscientiza\u00e7\u00e3o e o fortalecimento de a\u00e7\u00f5es voltadas para a implementa\u00e7\u00e3o de t\u00e9cnicas de seguran\u00e7a nas embarca\u00e7\u00f5es. Assim, a sociedade estar\u00e1 mais bem equipada para enfrentar esse s\u00e9rio problema de sa\u00fade p\u00fablica.<\/p>\n\n<div style=\"font-size: 0px; height: 0px; line-height: 0px; margin: 0; padding: 0; clear: both;\"><\/div>","protected":false},"excerpt":{"rendered":"<p>Dia de combate ao escalpelamento une v\u00edtimas e promove preven\u00e7\u00e3o em Bel\u00e9m.<\/p>\n","protected":false},"author":1,"featured_media":2386,"comment_status":"open","ping_status":"closed","sticky":false,"template":"","format":"standard","meta":{"footnotes":""},"categories":[1],"tags":[],"class_list":["post-2387","post","type-post","status-publish","format-standard","has-post-thumbnail","hentry","category-noticias-em-belem","has_thumb"],"aioseo_notices":[],"aioseo_head":"\n\t\t<!-- All in One SEO 5.0.0.1 - aioseo.com -->\n\t<meta name=\"description\" content=\"Dia de combate ao escalpelamento une v\u00edtimas e promove preven\u00e7\u00e3o em Bel\u00e9m.\" \/>\n\t<meta name=\"robots\" content=\"max-image-preview:large\" \/>\n\t<meta name=\"author\" content=\"Encontra Bel\u00e9m\"\/>\n\t<link rel=\"canonical\" href=\"https:\/\/www.encontrabelem.com.br\/sobre\/dia-de-combate-ao-escalpelamento-tem-programacao-em-belem\" \/>\n\t<meta name=\"generator\" content=\"All in One SEO (AIOSEO) 5.0.0.1\" \/>\n\t\t<meta property=\"og:locale\" content=\"pt_BR\" \/>\n\t\t<meta property=\"og:site_name\" content=\"Encontra Bel\u00e9m | Not\u00edcias, eventos, informa\u00e7\u00f5es e dicas na cidade Bel\u00e9m e regi\u00e3o.\" \/>\n\t\t<meta property=\"og:type\" content=\"article\" \/>\n\t\t<meta property=\"og:title\" content=\"Dia de combate ao escalpelamento tem programa\u00e7\u00e3o em Bel\u00e9m | Encontra Bel\u00e9m\" \/>\n\t\t<meta property=\"og:description\" content=\"Dia de combate ao escalpelamento une v\u00edtimas e promove preven\u00e7\u00e3o em Bel\u00e9m.\" \/>\n\t\t<meta property=\"og:url\" content=\"https:\/\/www.encontrabelem.com.br\/sobre\/dia-de-combate-ao-escalpelamento-tem-programacao-em-belem\" \/>\n\t\t<meta property=\"article:published_time\" content=\"2026-08-29T23:22:03+00:00\" \/>\n\t\t<meta property=\"article:modified_time\" content=\"2026-08-29T23:22:03+00:00\" \/>\n\t\t<meta name=\"twitter:card\" content=\"summary\" \/>\n\t\t<meta name=\"twitter:title\" content=\"Dia de combate ao escalpelamento tem programa\u00e7\u00e3o em Bel\u00e9m | Encontra Bel\u00e9m\" \/>\n\t\t<meta name=\"twitter:description\" content=\"Dia de combate ao escalpelamento une v\u00edtimas e promove preven\u00e7\u00e3o em Bel\u00e9m.\" \/>\n\t\t<script type=\"application\/ld+json\" class=\"aioseo-schema\">\n\t\t\t{\"@context\":\"https:\\\/\\\/schema.org\",\"@graph\":[{\"@type\":\"Article\",\"@id\":\"https:\\\/\\\/www.encontrabelem.com.br\\\/sobre\\\/dia-de-combate-ao-escalpelamento-tem-programacao-em-belem#article\",\"name\":\"Dia de combate ao escalpelamento tem programa\\u00e7\\u00e3o em Bel\\u00e9m | Encontra Bel\\u00e9m\",\"headline\":\"Dia de combate ao escalpelamento tem programa\\u00e7\\u00e3o em Bel\\u00e9m\",\"author\":{\"@id\":\"https:\\\/\\\/www.encontrabelem.com.br\\\/sobre\\\/author\\\/ebelem#author\"},\"publisher\":{\"@id\":\"https:\\\/\\\/www.encontrabelem.com.br\\\/sobre\\\/#organization\"},\"image\":{\"@type\":\"ImageObject\",\"url\":\"https:\\\/\\\/www.encontrabelem.com.br\\\/sobre\\\/wp-content\\\/uploads\\\/2026\\\/08\\\/dia-de-combate-ao-escalpelamento-tem-programacao-em-belem.webp\",\"width\":280,\"height\":280,\"caption\":\"Dia de Combate ao Escalpelamento\"},\"datePublished\":\"2026-08-29T20:22:03-03:00\",\"dateModified\":\"2026-08-29T20:22:03-03:00\",\"inLanguage\":\"pt-BR\",\"mainEntityOfPage\":{\"@id\":\"https:\\\/\\\/www.encontrabelem.com.br\\\/sobre\\\/dia-de-combate-ao-escalpelamento-tem-programacao-em-belem#webpage\"},\"isPartOf\":{\"@id\":\"https:\\\/\\\/www.encontrabelem.com.br\\\/sobre\\\/dia-de-combate-ao-escalpelamento-tem-programacao-em-belem#webpage\"},\"articleSection\":\"Not\\u00edcias Bel\\u00e9m\"},{\"@type\":\"BreadcrumbList\",\"@id\":\"https:\\\/\\\/www.encontrabelem.com.br\\\/sobre\\\/dia-de-combate-ao-escalpelamento-tem-programacao-em-belem#breadcrumblist\",\"itemListElement\":[{\"@type\":\"ListItem\",\"@id\":\"https:\\\/\\\/www.encontrabelem.com.br\\\/sobre#listItem\",\"position\":1,\"name\":\"In\\u00edcio\",\"item\":\"https:\\\/\\\/www.encontrabelem.com.br\\\/sobre\",\"nextItem\":{\"@type\":\"ListItem\",\"@id\":\"https:\\\/\\\/www.encontrabelem.com.br\\\/sobre\\\/noticias-em-belem#listItem\",\"name\":\"Not\\u00edcias Bel\\u00e9m\"}},{\"@type\":\"ListItem\",\"@id\":\"https:\\\/\\\/www.encontrabelem.com.br\\\/sobre\\\/noticias-em-belem#listItem\",\"position\":2,\"name\":\"Not\\u00edcias Bel\\u00e9m\",\"item\":\"https:\\\/\\\/www.encontrabelem.com.br\\\/sobre\\\/noticias-em-belem\",\"nextItem\":{\"@type\":\"ListItem\",\"@id\":\"https:\\\/\\\/www.encontrabelem.com.br\\\/sobre\\\/dia-de-combate-ao-escalpelamento-tem-programacao-em-belem#listItem\",\"name\":\"Dia de combate ao escalpelamento tem programa\\u00e7\\u00e3o em Bel\\u00e9m\"},\"previousItem\":{\"@type\":\"ListItem\",\"@id\":\"https:\\\/\\\/www.encontrabelem.com.br\\\/sobre#listItem\",\"name\":\"In\\u00edcio\"}},{\"@type\":\"ListItem\",\"@id\":\"https:\\\/\\\/www.encontrabelem.com.br\\\/sobre\\\/dia-de-combate-ao-escalpelamento-tem-programacao-em-belem#listItem\",\"position\":3,\"name\":\"Dia de combate ao escalpelamento tem programa\\u00e7\\u00e3o em Bel\\u00e9m\",\"previousItem\":{\"@type\":\"ListItem\",\"@id\":\"https:\\\/\\\/www.encontrabelem.com.br\\\/sobre\\\/noticias-em-belem#listItem\",\"name\":\"Not\\u00edcias Bel\\u00e9m\"}}]},{\"@type\":\"Organization\",\"@id\":\"https:\\\/\\\/www.encontrabelem.com.br\\\/sobre\\\/#organization\",\"name\":\"Encontra Bel\\u00e9m\",\"description\":\"Not\\u00edcias, eventos, informa\\u00e7\\u00f5es e dicas na cidade Bel\\u00e9m e regi\\u00e3o.\",\"url\":\"https:\\\/\\\/www.encontrabelem.com.br\\\/sobre\\\/\"},{\"@type\":\"Person\",\"@id\":\"https:\\\/\\\/www.encontrabelem.com.br\\\/sobre\\\/author\\\/ebelem#author\",\"url\":\"https:\\\/\\\/www.encontrabelem.com.br\\\/sobre\\\/author\\\/ebelem\",\"name\":\"Encontra Bel\\u00e9m\",\"image\":{\"@type\":\"ImageObject\",\"@id\":\"https:\\\/\\\/www.encontrabelem.com.br\\\/sobre\\\/dia-de-combate-ao-escalpelamento-tem-programacao-em-belem#authorImage\",\"url\":\"https:\\\/\\\/secure.gravatar.com\\\/avatar\\\/507340682b8270222e1f208e23198b6ae7e2c6a1033ae84e99bc6bce4f82a387?s=96&d=mm&r=g\",\"width\":96,\"height\":96,\"caption\":\"Encontra Bel\\u00e9m\"}},{\"@type\":\"WebPage\",\"@id\":\"https:\\\/\\\/www.encontrabelem.com.br\\\/sobre\\\/dia-de-combate-ao-escalpelamento-tem-programacao-em-belem#webpage\",\"url\":\"https:\\\/\\\/www.encontrabelem.com.br\\\/sobre\\\/dia-de-combate-ao-escalpelamento-tem-programacao-em-belem\",\"name\":\"Dia de combate ao escalpelamento tem programa\\u00e7\\u00e3o em Bel\\u00e9m | Encontra Bel\\u00e9m\",\"description\":\"Dia de combate ao escalpelamento une v\\u00edtimas e promove preven\\u00e7\\u00e3o em Bel\\u00e9m.\",\"inLanguage\":\"pt-BR\",\"isPartOf\":{\"@id\":\"https:\\\/\\\/www.encontrabelem.com.br\\\/sobre\\\/#website\"},\"breadcrumb\":{\"@id\":\"https:\\\/\\\/www.encontrabelem.com.br\\\/sobre\\\/dia-de-combate-ao-escalpelamento-tem-programacao-em-belem#breadcrumblist\"},\"author\":{\"@id\":\"https:\\\/\\\/www.encontrabelem.com.br\\\/sobre\\\/author\\\/ebelem#author\"},\"creator\":{\"@id\":\"https:\\\/\\\/www.encontrabelem.com.br\\\/sobre\\\/author\\\/ebelem#author\"},\"image\":{\"@type\":\"ImageObject\",\"url\":\"https:\\\/\\\/www.encontrabelem.com.br\\\/sobre\\\/wp-content\\\/uploads\\\/2026\\\/08\\\/dia-de-combate-ao-escalpelamento-tem-programacao-em-belem.webp\",\"@id\":\"https:\\\/\\\/www.encontrabelem.com.br\\\/sobre\\\/dia-de-combate-ao-escalpelamento-tem-programacao-em-belem\\\/#mainImage\",\"width\":280,\"height\":280,\"caption\":\"Dia de Combate ao Escalpelamento\"},\"primaryImageOfPage\":{\"@id\":\"https:\\\/\\\/www.encontrabelem.com.br\\\/sobre\\\/dia-de-combate-ao-escalpelamento-tem-programacao-em-belem#mainImage\"},\"datePublished\":\"2026-08-29T20:22:03-03:00\",\"dateModified\":\"2026-08-29T20:22:03-03:00\"},{\"@type\":\"WebSite\",\"@id\":\"https:\\\/\\\/www.encontrabelem.com.br\\\/sobre\\\/#website\",\"url\":\"https:\\\/\\\/www.encontrabelem.com.br\\\/sobre\\\/\",\"name\":\"Encontra Bel\\u00e9m\",\"description\":\"Not\\u00edcias, eventos, informa\\u00e7\\u00f5es e dicas na cidade Bel\\u00e9m e regi\\u00e3o.\",\"inLanguage\":\"pt-BR\",\"publisher\":{\"@id\":\"https:\\\/\\\/www.encontrabelem.com.br\\\/sobre\\\/#organization\"}}]}\n\t\t<\/script>\n\t\t<!-- All in One SEO -->\n\n","aioseo_head_json":{"title":"Dia de combate ao escalpelamento tem programa\u00e7\u00e3o em Bel\u00e9m | Encontra Bel\u00e9m","description":"Dia de combate ao escalpelamento une v\u00edtimas e promove preven\u00e7\u00e3o em Bel\u00e9m.","canonical_url":"https:\/\/www.encontrabelem.com.br\/sobre\/dia-de-combate-ao-escalpelamento-tem-programacao-em-belem","robots":"max-image-preview:large","keywords":"","webmasterTools":{"miscellaneous":""},"schema":{"@context":"https:\/\/schema.org","@graph":[{"@type":"Article","@id":"https:\/\/www.encontrabelem.com.br\/sobre\/dia-de-combate-ao-escalpelamento-tem-programacao-em-belem#article","name":"Dia de combate ao escalpelamento tem programa\u00e7\u00e3o em Bel\u00e9m | Encontra Bel\u00e9m","headline":"Dia de combate ao escalpelamento tem programa\u00e7\u00e3o em Bel\u00e9m","author":{"@id":"https:\/\/www.encontrabelem.com.br\/sobre\/author\/ebelem#author"},"publisher":{"@id":"https:\/\/www.encontrabelem.com.br\/sobre\/#organization"},"image":{"@type":"ImageObject","url":"https:\/\/www.encontrabelem.com.br\/sobre\/wp-content\/uploads\/2026\/08\/dia-de-combate-ao-escalpelamento-tem-programacao-em-belem.webp","width":280,"height":280,"caption":"Dia de Combate ao Escalpelamento"},"datePublished":"2026-08-29T20:22:03-03:00","dateModified":"2026-08-29T20:22:03-03:00","inLanguage":"pt-BR","mainEntityOfPage":{"@id":"https:\/\/www.encontrabelem.com.br\/sobre\/dia-de-combate-ao-escalpelamento-tem-programacao-em-belem#webpage"},"isPartOf":{"@id":"https:\/\/www.encontrabelem.com.br\/sobre\/dia-de-combate-ao-escalpelamento-tem-programacao-em-belem#webpage"},"articleSection":"Not\u00edcias Bel\u00e9m"},{"@type":"BreadcrumbList","@id":"https:\/\/www.encontrabelem.com.br\/sobre\/dia-de-combate-ao-escalpelamento-tem-programacao-em-belem#breadcrumblist","itemListElement":[{"@type":"ListItem","@id":"https:\/\/www.encontrabelem.com.br\/sobre#listItem","position":1,"name":"In\u00edcio","item":"https:\/\/www.encontrabelem.com.br\/sobre","nextItem":{"@type":"ListItem","@id":"https:\/\/www.encontrabelem.com.br\/sobre\/noticias-em-belem#listItem","name":"Not\u00edcias Bel\u00e9m"}},{"@type":"ListItem","@id":"https:\/\/www.encontrabelem.com.br\/sobre\/noticias-em-belem#listItem","position":2,"name":"Not\u00edcias Bel\u00e9m","item":"https:\/\/www.encontrabelem.com.br\/sobre\/noticias-em-belem","nextItem":{"@type":"ListItem","@id":"https:\/\/www.encontrabelem.com.br\/sobre\/dia-de-combate-ao-escalpelamento-tem-programacao-em-belem#listItem","name":"Dia de combate ao escalpelamento tem programa\u00e7\u00e3o em Bel\u00e9m"},"previousItem":{"@type":"ListItem","@id":"https:\/\/www.encontrabelem.com.br\/sobre#listItem","name":"In\u00edcio"}},{"@type":"ListItem","@id":"https:\/\/www.encontrabelem.com.br\/sobre\/dia-de-combate-ao-escalpelamento-tem-programacao-em-belem#listItem","position":3,"name":"Dia de combate ao escalpelamento tem programa\u00e7\u00e3o em Bel\u00e9m","previousItem":{"@type":"ListItem","@id":"https:\/\/www.encontrabelem.com.br\/sobre\/noticias-em-belem#listItem","name":"Not\u00edcias Bel\u00e9m"}}]},{"@type":"Organization","@id":"https:\/\/www.encontrabelem.com.br\/sobre\/#organization","name":"Encontra Bel\u00e9m","description":"Not\u00edcias, eventos, informa\u00e7\u00f5es e dicas na cidade Bel\u00e9m e regi\u00e3o.","url":"https:\/\/www.encontrabelem.com.br\/sobre\/"},{"@type":"Person","@id":"https:\/\/www.encontrabelem.com.br\/sobre\/author\/ebelem#author","url":"https:\/\/www.encontrabelem.com.br\/sobre\/author\/ebelem","name":"Encontra Bel\u00e9m","image":{"@type":"ImageObject","@id":"https:\/\/www.encontrabelem.com.br\/sobre\/dia-de-combate-ao-escalpelamento-tem-programacao-em-belem#authorImage","url":"https:\/\/secure.gravatar.com\/avatar\/507340682b8270222e1f208e23198b6ae7e2c6a1033ae84e99bc6bce4f82a387?s=96&d=mm&r=g","width":96,"height":96,"caption":"Encontra Bel\u00e9m"}},{"@type":"WebPage","@id":"https:\/\/www.encontrabelem.com.br\/sobre\/dia-de-combate-ao-escalpelamento-tem-programacao-em-belem#webpage","url":"https:\/\/www.encontrabelem.com.br\/sobre\/dia-de-combate-ao-escalpelamento-tem-programacao-em-belem","name":"Dia de combate ao escalpelamento tem programa\u00e7\u00e3o em Bel\u00e9m | Encontra Bel\u00e9m","description":"Dia de combate ao escalpelamento une v\u00edtimas e promove preven\u00e7\u00e3o em Bel\u00e9m.","inLanguage":"pt-BR","isPartOf":{"@id":"https:\/\/www.encontrabelem.com.br\/sobre\/#website"},"breadcrumb":{"@id":"https:\/\/www.encontrabelem.com.br\/sobre\/dia-de-combate-ao-escalpelamento-tem-programacao-em-belem#breadcrumblist"},"author":{"@id":"https:\/\/www.encontrabelem.com.br\/sobre\/author\/ebelem#author"},"creator":{"@id":"https:\/\/www.encontrabelem.com.br\/sobre\/author\/ebelem#author"},"image":{"@type":"ImageObject","url":"https:\/\/www.encontrabelem.com.br\/sobre\/wp-content\/uploads\/2026\/08\/dia-de-combate-ao-escalpelamento-tem-programacao-em-belem.webp","@id":"https:\/\/www.encontrabelem.com.br\/sobre\/dia-de-combate-ao-escalpelamento-tem-programacao-em-belem\/#mainImage","width":280,"height":280,"caption":"Dia de Combate ao Escalpelamento"},"primaryImageOfPage":{"@id":"https:\/\/www.encontrabelem.com.br\/sobre\/dia-de-combate-ao-escalpelamento-tem-programacao-em-belem#mainImage"},"datePublished":"2026-08-29T20:22:03-03:00","dateModified":"2026-08-29T20:22:03-03:00"},{"@type":"WebSite","@id":"https:\/\/www.encontrabelem.com.br\/sobre\/#website","url":"https:\/\/www.encontrabelem.com.br\/sobre\/","name":"Encontra Bel\u00e9m","description":"Not\u00edcias, eventos, informa\u00e7\u00f5es e dicas na cidade Bel\u00e9m e regi\u00e3o.","inLanguage":"pt-BR","publisher":{"@id":"https:\/\/www.encontrabelem.com.br\/sobre\/#organization"}}]},"og:locale":"pt_BR","og:site_name":"Encontra Bel\u00e9m | Not\u00edcias, eventos, informa\u00e7\u00f5es e dicas na cidade Bel\u00e9m e regi\u00e3o.","og:type":"article","og:title":"Dia de combate ao escalpelamento tem programa\u00e7\u00e3o em Bel\u00e9m | Encontra Bel\u00e9m","og:description":"Dia de combate ao escalpelamento une v\u00edtimas e promove preven\u00e7\u00e3o em Bel\u00e9m.","og:url":"https:\/\/www.encontrabelem.com.br\/sobre\/dia-de-combate-ao-escalpelamento-tem-programacao-em-belem","article:published_time":"2026-08-29T23:22:03+00:00","article:modified_time":"2026-08-29T23:22:03+00:00","twitter:card":"summary","twitter:title":"Dia de combate ao escalpelamento tem programa\u00e7\u00e3o em Bel\u00e9m | Encontra Bel\u00e9m","twitter:description":"Dia de combate ao escalpelamento une v\u00edtimas e promove preven\u00e7\u00e3o em Bel\u00e9m."},"aioseo_meta_data":{"post_id":"2387","title":null,"description":null,"keywords":null,"keyphrases":null,"primary_term":null,"canonical_url":null,"og_title":null,"og_description":null,"og_object_type":"default","og_image_type":"default","og_image_url":null,"og_image_width":null,"og_image_height":null,"og_image_custom_url":null,"og_image_custom_fields":null,"og_video":null,"og_custom_url":null,"og_article_section":null,"og_article_tags":null,"twitter_use_og":false,"twitter_card":"default","twitter_image_type":"default","twitter_image_url":null,"twitter_image_custom_url":null,"twitter_image_custom_fields":null,"twitter_title":null,"twitter_description":null,"schema":{"blockGraphs":[],"customGraphs":[],"default":{"data":{"Article":[],"Course":[],"Dataset":[],"FAQPage":[],"Movie":[],"Person":[],"Product":[],"ProductReview":[],"Car":[],"Recipe":[],"Service":[],"SoftwareApplication":[],"WebPage":[]},"graphName":"Article","isEnabled":true},"graphs":[]},"schema_type":"default","schema_type_options":null,"pillar_content":false,"robots_default":true,"robots_noindex":false,"robots_noarchive":false,"robots_nosnippet":false,"robots_nofollow":false,"robots_noimageindex":false,"robots_noodp":false,"robots_notranslate":false,"robots_max_snippet":null,"robots_max_videopreview":null,"robots_max_imagepreview":"large","priority":null,"frequency":null,"local_seo":null,"breadcrumb_settings":null,"limit_modified_date":false,"ai":null,"created":"2026-08-29 23:22:03","updated":"2026-08-29 23:22:03","focus_keyword":null,"additional_keywords":null,"truseo_locale":null,"seo_analyzer_scan_date":null},"aioseo_breadcrumb":"<div class=\"aioseo-breadcrumbs\"><span class=\"aioseo-breadcrumb\">\n\t\t\t<a href=\"https:\/\/www.encontrabelem.com.br\/sobre\" title=\"In\u00edcio\">In\u00edcio<\/a>\n\t\t<\/span><span class=\"aioseo-breadcrumb-separator\">&raquo;<\/span><span class=\"aioseo-breadcrumb\">\n\t\t\t<a href=\"https:\/\/www.encontrabelem.com.br\/sobre\/noticias-em-belem\" title=\"Not\u00edcias Bel\u00e9m\">Not\u00edcias Bel\u00e9m<\/a>\n\t\t<\/span><span class=\"aioseo-breadcrumb-separator\">&raquo;<\/span><span class=\"aioseo-breadcrumb\">\n\t\t\tDia de combate ao escalpelamento tem programa\u00e7\u00e3o em Bel\u00e9m\n\t\t<\/span><\/div>","aioseo_breadcrumb_json":[{"label":"In\u00edcio","link":"https:\/\/www.encontrabelem.com.br\/sobre"},{"label":"Not\u00edcias Bel\u00e9m","link":"https:\/\/www.encontrabelem.com.br\/sobre\/noticias-em-belem"},{"label":"Dia de combate ao escalpelamento tem programa\u00e7\u00e3o em Bel\u00e9m","link":"https:\/\/www.encontrabelem.com.br\/sobre\/dia-de-combate-ao-escalpelamento-tem-programacao-em-belem"}],"_links":{"self":[{"href":"https:\/\/www.encontrabelem.com.br\/sobre\/wp-json\/wp\/v2\/posts\/2387","targetHints":{"allow":["GET"]}}],"collection":[{"href":"https:\/\/www.encontrabelem.com.br\/sobre\/wp-json\/wp\/v2\/posts"}],"about":[{"href":"https:\/\/www.encontrabelem.com.br\/sobre\/wp-json\/wp\/v2\/types\/post"}],"author":[{"embeddable":true,"href":"https:\/\/www.encontrabelem.com.br\/sobre\/wp-json\/wp\/v2\/users\/1"}],"replies":[{"embeddable":true,"href":"https:\/\/www.encontrabelem.com.br\/sobre\/wp-json\/wp\/v2\/comments?post=2387"}],"version-history":[{"count":0,"href":"https:\/\/www.encontrabelem.com.br\/sobre\/wp-json\/wp\/v2\/posts\/2387\/revisions"}],"wp:featuredmedia":[{"embeddable":true,"href":"https:\/\/www.encontrabelem.com.br\/sobre\/wp-json\/wp\/v2\/media\/2386"}],"wp:attachment":[{"href":"https:\/\/www.encontrabelem.com.br\/sobre\/wp-json\/wp\/v2\/media?parent=2387"}],"wp:term":[{"taxonomy":"category","embeddable":true,"href":"https:\/\/www.encontrabelem.com.br\/sobre\/wp-json\/wp\/v2\/categories?post=2387"},{"taxonomy":"post_tag","embeddable":true,"href":"https:\/\/www.encontrabelem.com.br\/sobre\/wp-json\/wp\/v2\/tags?post=2387"}],"curies":[{"name":"wp","href":"https:\/\/api.w.org\/{rel}","templated":true}]}}