{"id":2379,"date":"2026-08-28T20:10:42","date_gmt":"2026-08-28T23:10:42","guid":{"rendered":"https:\/\/www.encontrabelem.com.br\/sobre\/29a-feira-pan"},"modified":"2026-08-28T20:10:42","modified_gmt":"2026-08-28T23:10:42","slug":"29a-feira-pan","status":"publish","type":"post","link":"https:\/\/www.encontrabelem.com.br\/sobre\/29a-feira-pan","title":{"rendered":"29\u00aa Feira Pan"},"content":{"rendered":"<div class=\"b22802487b0d38c4c6d9f34966e16421\" data-index=\"1\" style=\"float: none; margin:0px;\">\n<!-- Anuncio display - global -->\r\n<ins class=\"adsbygoogle\"\r\n     style=\"display:block\"\r\n     data-ad-client=\"ca-pub-8585364105181520\"\r\n     data-ad-slot=\"8789329856\"\r\n     data-ad-format=\"auto\"\r\n     data-full-width-responsive=\"true\"><\/ins>\r\n<script>\r\n     (adsbygoogle = window.adsbygoogle || []).push({});\r\n<\/script>\n<\/div>\n<h2>Programa\u00e7\u00e3o da Feira Pan-Amaz\u00f4nica<\/h2>\n<p>A 29\u00aa edi\u00e7\u00e3o da <strong>Feira Pan-Amaz\u00f4nica do Livro e das Multivozes<\/strong> come\u00e7a no dia 29 de agosto e se estende at\u00e9 6 de setembro de 2026, em Bel\u00e9m, Par\u00e1. Neste ano, a feira contar\u00e1 com um total de <strong>199 estandes<\/strong> que abrangem uma ampla gama de editoras e livrarias. A programa\u00e7\u00e3o do evento est\u00e1 repleta de atividades culturais, incluindo bate-papos, apresenta\u00e7\u00f5es musicais e outras atra\u00e7\u00f5es interativas.<\/p>\n<p>As portas estar\u00e3o abertas ao p\u00fablico das 9h \u00e0s 21h, e a entrada \u00e9 gratuita. Os visitantes poder\u00e3o explorar mais de <strong>100 mil t\u00edtulos<\/strong> expostos durante o evento. Esta feira, que \u00e9 um patrim\u00f4nio cultural imaterial do estado, ser\u00e1 realizada em um espa\u00e7o de <strong>24 mil metros quadrados<\/strong> no Hangar Centro de Conven\u00e7\u00f5es.<\/p>\n<h2>Estandes e Atra\u00e7\u00f5es Culturais<\/h2>\n<p>A Feira Pan-Amaz\u00f4nica deste ano ir\u00e1 reunir <strong>137 empresas<\/strong>, sendo que das quais <strong>65 s\u00e3o paraenses<\/strong>. Al\u00e9m disso, haver\u00e1 novos sebos participando, ressaltando a diversidade liter\u00e1ria presente no evento. A feira tamb\u00e9m ter\u00e1 um espa\u00e7o dedicado a uma <strong>Feira Criativa<\/strong>, onde <strong>36 empreendedores<\/strong> da Economia Criativa vender\u00e3o seus produtos.<\/p>\n<p><img decoding=\"async\" src=\"https:\/\/www.encontrabelem.com.br\/sobre\/wp-content\/uploads\/2026\/08\/29-feira-pan.webp\" alt=\"Feira Pan-Amaz\u00f4nica\" loading=\"lazy\" \/><\/p>\n<p>Os visitantes poder\u00e3o aproveitar uma vasta programa\u00e7\u00e3o de apresenta\u00e7\u00f5es culturais, rodas de conversa e atividades apropriadas para crian\u00e7as e adultos. As atra\u00e7\u00f5es s\u00e3o organizadas de acordo com eixos tem\u00e1ticos que exploram diferentes aspectos da literatura e cultura.<\/p>\n<h2>Nomes de Destaque na Feira<\/h2>\n<p>Entre os autores que se destacam na programa\u00e7\u00e3o deste ano est\u00e3o personalidades reconhecidas pelo seu trabalho na literatura e cultura brasileira, como o paraense <strong>Airton Souza<\/strong>, o carioca <strong>Jeferson Ten\u00f3rio<\/strong> e a mineira <strong>Cidinha da Silva<\/strong>. Essas figuras trazem conhecimento e reconhecimento ao evento, agregando valor e atratividade \u00e0 programa\u00e7\u00e3o.<\/p>\n<h2>Gera\u00e7\u00e3o de Empregos durante o Evento<\/h2>\n<p>A Feira Pan-Amaz\u00f4nica n\u00e3o \u00e9 apenas um espa\u00e7o cultural, mas tamb\u00e9m um motor econ\u00f4mico. Durante a montagem e realiza\u00e7\u00e3o do evento, estima-se que a movimenta\u00e7\u00e3o gere cerca de <strong>2 mil empregos<\/strong> tempor\u00e1rios. Essa iniciativa \u00e9 fundamental para fortalecer a economia local, especialmente no setor cultural e criativo.<\/p>\n<h2>Homenageados da 29\u00aa Edi\u00e7\u00e3o<\/h2>\n<p>Para a edi\u00e7\u00e3o de 2026, o evento homenagear\u00e1 a cantora, compositora e atriz <strong>Nazar\u00e9 Pereira<\/strong>, bem como o escritor e ativista ambiental <strong>Luiz Peixoto<\/strong>, que foi radicado no Par\u00e1. A escolha desses homenageados reflete a import\u00e2ncia de suas obras e seu impacto cultural ao longo das gera\u00e7\u00f5es.<\/p>\n<p>Como parte da homenagem, ser\u00e3o lan\u00e7ados novos t\u00edtulos, como <em>Jabutig\u00e3o das Letras e os encantos da floresta<\/em> e <em>Nazar\u00e9 Pereira, a voz da floresta que conquistou o mundo<\/em>. Esses livros visam destacar a contribui\u00e7\u00e3o significativa desses artistas para a cultura amaz\u00f4nica e brasileira.<\/p>\n<h2>Vozes da Literatura e Ancestralidade<\/h2>\n<p>A programa\u00e7\u00e3o da feira incluir\u00e1 um eixo tem\u00e1tico voltado para <strong>Vozes da Literatura e Ancestralidade<\/strong>, promovendo debates e discuss\u00f5es sobre a rela\u00e7\u00e3o entre a literatura e as culturas ind\u00edgenas e afro-brasileiras. Este espa\u00e7o \u00e9 fundamental para destacar a diversidade das vozes que comp\u00f5em a rica tape\u00e7aria cultural da Amaz\u00f4nia.<\/p>\n<h2>Feira Criativa e Empreendedores Locais<\/h2>\n<p>A Feira Criativa \u00e9 um dos destaques do evento, permitindo que pequenos empreendedores locais apresentem seus produtos. O espa\u00e7o abriga <strong>diversidade art\u00edstica<\/strong> e oferece aos visitantes a oportunidade de adquirir itens \u00fanicos, al\u00e9m de promover o trabalho dos criadores locais na ind\u00fastria cultural.<\/p>\n<h2>Espa\u00e7os de Valoriza\u00e7\u00e3o Cultural<\/h2>\n<p>O <strong>Ponto do Autor<\/strong> e o <strong>Beco do Artista<\/strong> s\u00e3o dois espa\u00e7os que se destacam na feira. O Ponto do Autor proporciona aos escritores a chance de apresentar suas obras diretamente ao p\u00fablico, criando um canal de intera\u00e7\u00e3o entre autores e leitores. J\u00e1 o Beco do Artista \u00e9 destinado a ilustradores e quadrinistas, fortalecendo a cena da produ\u00e7\u00e3o independente.<\/p>\n<p>Esses espa\u00e7os s\u00e3o essenciais para a valoriza\u00e7\u00e3o da cultura local, promovendo tanto artistas reconhecidos quanto novos talentos que buscam seu lugar na esfera cultural.<\/p>\n<h2>Expectativa de P\u00fablico e Vendas<\/h2>\n<p>As expectativas para a edi\u00e7\u00e3o de 2026 s\u00e3o otimistas, com a organiza\u00e7\u00e3o aguardando um p\u00fablico de cerca de <strong>450 mil visitantes<\/strong> ao longo dos dias do evento. \u00c9 previsto que a feira movimentar\u00e1 aproximadamente <strong>R$ 15 milh\u00f5es<\/strong> em vendas, refletindo n\u00e3o apenas o interesse pela literatura, mas tamb\u00e9m a vitalidade do mercado cultural na regi\u00e3o.<\/p>\n<h2>Como Participar da Feira<\/h2>\n<p>A participa\u00e7\u00e3o na Feira Pan-Amaz\u00f4nica \u00e9 aberta a todos. Os interessados em visitar o evento podem obter mais informa\u00e7\u00f5es sobre a programa\u00e7\u00e3o e as atra\u00e7\u00f5es diretamente no site oficial da feira. Al\u00e9m disso, o acesso gratuito ao evento permite que um p\u00fablico diversificado desfrute de uma rica experi\u00eancia liter\u00e1ria e cultural.<\/p>\n<p>A feira promete ser um marco de celebra\u00e7\u00e3o \u00e0 literatura e \u00e0 cultura da Amaz\u00f4nia, reunindo vozes e saberes que refletem a diversidade e a riqueza do nosso pa\u00eds.<\/p>\n\n<div style=\"font-size: 0px; height: 0px; line-height: 0px; margin: 0; padding: 0; clear: both;\"><\/div>","protected":false},"excerpt":{"rendered":"<p>29\u00aa Feira Pan-Amaz\u00f4nica promete atrair 450 mil visitantes em Bel\u00e9m com 199 estandes incr\u00edveis.<\/p>\n","protected":false},"author":1,"featured_media":2378,"comment_status":"open","ping_status":"closed","sticky":false,"template":"","format":"standard","meta":{"footnotes":""},"categories":[25],"tags":[],"class_list":["post-2379","post","type-post","status-publish","format-standard","has-post-thumbnail","hentry","category-cultura-em-belem","has_thumb"],"aioseo_notices":[],"aioseo_head":"\n\t\t<!-- All in One SEO 5.0.0.1 - aioseo.com -->\n\t<meta name=\"description\" content=\"29\u00aa Feira Pan-Amaz\u00f4nica promete atrair 450 mil visitantes em Bel\u00e9m com 199 estandes incr\u00edveis.\" \/>\n\t<meta name=\"robots\" content=\"max-image-preview:large\" \/>\n\t<meta name=\"author\" content=\"Encontra Bel\u00e9m\"\/>\n\t<link rel=\"canonical\" href=\"https:\/\/www.encontrabelem.com.br\/sobre\/29a-feira-pan\" \/>\n\t<meta name=\"generator\" content=\"All in One SEO (AIOSEO) 5.0.0.1\" \/>\n\t\t<meta property=\"og:locale\" content=\"pt_BR\" \/>\n\t\t<meta property=\"og:site_name\" content=\"Encontra Bel\u00e9m | Not\u00edcias, eventos, informa\u00e7\u00f5es e dicas na cidade Bel\u00e9m e regi\u00e3o.\" \/>\n\t\t<meta property=\"og:type\" content=\"article\" \/>\n\t\t<meta property=\"og:title\" content=\"29\u00aa Feira Pan | Encontra Bel\u00e9m\" \/>\n\t\t<meta property=\"og:description\" content=\"29\u00aa Feira Pan-Amaz\u00f4nica promete atrair 450 mil visitantes em Bel\u00e9m com 199 estandes incr\u00edveis.\" \/>\n\t\t<meta property=\"og:url\" content=\"https:\/\/www.encontrabelem.com.br\/sobre\/29a-feira-pan\" \/>\n\t\t<meta property=\"article:published_time\" content=\"2026-08-28T23:10:42+00:00\" \/>\n\t\t<meta property=\"article:modified_time\" content=\"2026-08-28T23:10:42+00:00\" \/>\n\t\t<meta name=\"twitter:card\" content=\"summary\" \/>\n\t\t<meta name=\"twitter:title\" content=\"29\u00aa Feira Pan | Encontra Bel\u00e9m\" \/>\n\t\t<meta name=\"twitter:description\" content=\"29\u00aa Feira Pan-Amaz\u00f4nica promete atrair 450 mil visitantes em Bel\u00e9m com 199 estandes incr\u00edveis.\" \/>\n\t\t<script type=\"application\/ld+json\" class=\"aioseo-schema\">\n\t\t\t{\"@context\":\"https:\\\/\\\/schema.org\",\"@graph\":[{\"@type\":\"Article\",\"@id\":\"https:\\\/\\\/www.encontrabelem.com.br\\\/sobre\\\/29a-feira-pan#article\",\"name\":\"29\\u00aa Feira Pan | Encontra Bel\\u00e9m\",\"headline\":\"29\\u00aa Feira Pan\",\"author\":{\"@id\":\"https:\\\/\\\/www.encontrabelem.com.br\\\/sobre\\\/author\\\/ebelem#author\"},\"publisher\":{\"@id\":\"https:\\\/\\\/www.encontrabelem.com.br\\\/sobre\\\/#organization\"},\"image\":{\"@type\":\"ImageObject\",\"url\":\"https:\\\/\\\/www.encontrabelem.com.br\\\/sobre\\\/wp-content\\\/uploads\\\/2026\\\/08\\\/29-feira-pan.webp\",\"width\":280,\"height\":280,\"caption\":\"Feira Pan-Amaz\\u00f4nica\"},\"datePublished\":\"2026-08-28T20:10:42-03:00\",\"dateModified\":\"2026-08-28T20:10:42-03:00\",\"inLanguage\":\"pt-BR\",\"mainEntityOfPage\":{\"@id\":\"https:\\\/\\\/www.encontrabelem.com.br\\\/sobre\\\/29a-feira-pan#webpage\"},\"isPartOf\":{\"@id\":\"https:\\\/\\\/www.encontrabelem.com.br\\\/sobre\\\/29a-feira-pan#webpage\"},\"articleSection\":\"Cultura Bel\\u00e9m\"},{\"@type\":\"BreadcrumbList\",\"@id\":\"https:\\\/\\\/www.encontrabelem.com.br\\\/sobre\\\/29a-feira-pan#breadcrumblist\",\"itemListElement\":[{\"@type\":\"ListItem\",\"@id\":\"https:\\\/\\\/www.encontrabelem.com.br\\\/sobre#listItem\",\"position\":1,\"name\":\"In\\u00edcio\",\"item\":\"https:\\\/\\\/www.encontrabelem.com.br\\\/sobre\",\"nextItem\":{\"@type\":\"ListItem\",\"@id\":\"https:\\\/\\\/www.encontrabelem.com.br\\\/sobre\\\/cultura-em-belem#listItem\",\"name\":\"Cultura Bel\\u00e9m\"}},{\"@type\":\"ListItem\",\"@id\":\"https:\\\/\\\/www.encontrabelem.com.br\\\/sobre\\\/cultura-em-belem#listItem\",\"position\":2,\"name\":\"Cultura Bel\\u00e9m\",\"item\":\"https:\\\/\\\/www.encontrabelem.com.br\\\/sobre\\\/cultura-em-belem\",\"nextItem\":{\"@type\":\"ListItem\",\"@id\":\"https:\\\/\\\/www.encontrabelem.com.br\\\/sobre\\\/29a-feira-pan#listItem\",\"name\":\"29\\u00aa Feira Pan\"},\"previousItem\":{\"@type\":\"ListItem\",\"@id\":\"https:\\\/\\\/www.encontrabelem.com.br\\\/sobre#listItem\",\"name\":\"In\\u00edcio\"}},{\"@type\":\"ListItem\",\"@id\":\"https:\\\/\\\/www.encontrabelem.com.br\\\/sobre\\\/29a-feira-pan#listItem\",\"position\":3,\"name\":\"29\\u00aa Feira Pan\",\"previousItem\":{\"@type\":\"ListItem\",\"@id\":\"https:\\\/\\\/www.encontrabelem.com.br\\\/sobre\\\/cultura-em-belem#listItem\",\"name\":\"Cultura Bel\\u00e9m\"}}]},{\"@type\":\"Organization\",\"@id\":\"https:\\\/\\\/www.encontrabelem.com.br\\\/sobre\\\/#organization\",\"name\":\"Encontra Bel\\u00e9m\",\"description\":\"Not\\u00edcias, eventos, informa\\u00e7\\u00f5es e dicas na cidade Bel\\u00e9m e regi\\u00e3o.\",\"url\":\"https:\\\/\\\/www.encontrabelem.com.br\\\/sobre\\\/\"},{\"@type\":\"Person\",\"@id\":\"https:\\\/\\\/www.encontrabelem.com.br\\\/sobre\\\/author\\\/ebelem#author\",\"url\":\"https:\\\/\\\/www.encontrabelem.com.br\\\/sobre\\\/author\\\/ebelem\",\"name\":\"Encontra Bel\\u00e9m\",\"image\":{\"@type\":\"ImageObject\",\"@id\":\"https:\\\/\\\/www.encontrabelem.com.br\\\/sobre\\\/29a-feira-pan#authorImage\",\"url\":\"https:\\\/\\\/secure.gravatar.com\\\/avatar\\\/507340682b8270222e1f208e23198b6ae7e2c6a1033ae84e99bc6bce4f82a387?s=96&d=mm&r=g\",\"width\":96,\"height\":96,\"caption\":\"Encontra Bel\\u00e9m\"}},{\"@type\":\"WebPage\",\"@id\":\"https:\\\/\\\/www.encontrabelem.com.br\\\/sobre\\\/29a-feira-pan#webpage\",\"url\":\"https:\\\/\\\/www.encontrabelem.com.br\\\/sobre\\\/29a-feira-pan\",\"name\":\"29\\u00aa Feira Pan | Encontra Bel\\u00e9m\",\"description\":\"29\\u00aa Feira Pan-Amaz\\u00f4nica promete atrair 450 mil visitantes em Bel\\u00e9m com 199 estandes incr\\u00edveis.\",\"inLanguage\":\"pt-BR\",\"isPartOf\":{\"@id\":\"https:\\\/\\\/www.encontrabelem.com.br\\\/sobre\\\/#website\"},\"breadcrumb\":{\"@id\":\"https:\\\/\\\/www.encontrabelem.com.br\\\/sobre\\\/29a-feira-pan#breadcrumblist\"},\"author\":{\"@id\":\"https:\\\/\\\/www.encontrabelem.com.br\\\/sobre\\\/author\\\/ebelem#author\"},\"creator\":{\"@id\":\"https:\\\/\\\/www.encontrabelem.com.br\\\/sobre\\\/author\\\/ebelem#author\"},\"image\":{\"@type\":\"ImageObject\",\"url\":\"https:\\\/\\\/www.encontrabelem.com.br\\\/sobre\\\/wp-content\\\/uploads\\\/2026\\\/08\\\/29-feira-pan.webp\",\"@id\":\"https:\\\/\\\/www.encontrabelem.com.br\\\/sobre\\\/29a-feira-pan\\\/#mainImage\",\"width\":280,\"height\":280,\"caption\":\"Feira Pan-Amaz\\u00f4nica\"},\"primaryImageOfPage\":{\"@id\":\"https:\\\/\\\/www.encontrabelem.com.br\\\/sobre\\\/29a-feira-pan#mainImage\"},\"datePublished\":\"2026-08-28T20:10:42-03:00\",\"dateModified\":\"2026-08-28T20:10:42-03:00\"},{\"@type\":\"WebSite\",\"@id\":\"https:\\\/\\\/www.encontrabelem.com.br\\\/sobre\\\/#website\",\"url\":\"https:\\\/\\\/www.encontrabelem.com.br\\\/sobre\\\/\",\"name\":\"Encontra Bel\\u00e9m\",\"description\":\"Not\\u00edcias, eventos, informa\\u00e7\\u00f5es e dicas na cidade Bel\\u00e9m e regi\\u00e3o.\",\"inLanguage\":\"pt-BR\",\"publisher\":{\"@id\":\"https:\\\/\\\/www.encontrabelem.com.br\\\/sobre\\\/#organization\"}}]}\n\t\t<\/script>\n\t\t<!-- All in One SEO -->\n\n","aioseo_head_json":{"title":"29\u00aa Feira Pan | Encontra Bel\u00e9m","description":"29\u00aa Feira Pan-Amaz\u00f4nica promete atrair 450 mil visitantes em Bel\u00e9m com 199 estandes incr\u00edveis.","canonical_url":"https:\/\/www.encontrabelem.com.br\/sobre\/29a-feira-pan","robots":"max-image-preview:large","keywords":"","webmasterTools":{"miscellaneous":""},"schema":{"@context":"https:\/\/schema.org","@graph":[{"@type":"Article","@id":"https:\/\/www.encontrabelem.com.br\/sobre\/29a-feira-pan#article","name":"29\u00aa Feira Pan | Encontra Bel\u00e9m","headline":"29\u00aa Feira Pan","author":{"@id":"https:\/\/www.encontrabelem.com.br\/sobre\/author\/ebelem#author"},"publisher":{"@id":"https:\/\/www.encontrabelem.com.br\/sobre\/#organization"},"image":{"@type":"ImageObject","url":"https:\/\/www.encontrabelem.com.br\/sobre\/wp-content\/uploads\/2026\/08\/29-feira-pan.webp","width":280,"height":280,"caption":"Feira Pan-Amaz\u00f4nica"},"datePublished":"2026-08-28T20:10:42-03:00","dateModified":"2026-08-28T20:10:42-03:00","inLanguage":"pt-BR","mainEntityOfPage":{"@id":"https:\/\/www.encontrabelem.com.br\/sobre\/29a-feira-pan#webpage"},"isPartOf":{"@id":"https:\/\/www.encontrabelem.com.br\/sobre\/29a-feira-pan#webpage"},"articleSection":"Cultura Bel\u00e9m"},{"@type":"BreadcrumbList","@id":"https:\/\/www.encontrabelem.com.br\/sobre\/29a-feira-pan#breadcrumblist","itemListElement":[{"@type":"ListItem","@id":"https:\/\/www.encontrabelem.com.br\/sobre#listItem","position":1,"name":"In\u00edcio","item":"https:\/\/www.encontrabelem.com.br\/sobre","nextItem":{"@type":"ListItem","@id":"https:\/\/www.encontrabelem.com.br\/sobre\/cultura-em-belem#listItem","name":"Cultura Bel\u00e9m"}},{"@type":"ListItem","@id":"https:\/\/www.encontrabelem.com.br\/sobre\/cultura-em-belem#listItem","position":2,"name":"Cultura Bel\u00e9m","item":"https:\/\/www.encontrabelem.com.br\/sobre\/cultura-em-belem","nextItem":{"@type":"ListItem","@id":"https:\/\/www.encontrabelem.com.br\/sobre\/29a-feira-pan#listItem","name":"29\u00aa Feira Pan"},"previousItem":{"@type":"ListItem","@id":"https:\/\/www.encontrabelem.com.br\/sobre#listItem","name":"In\u00edcio"}},{"@type":"ListItem","@id":"https:\/\/www.encontrabelem.com.br\/sobre\/29a-feira-pan#listItem","position":3,"name":"29\u00aa Feira Pan","previousItem":{"@type":"ListItem","@id":"https:\/\/www.encontrabelem.com.br\/sobre\/cultura-em-belem#listItem","name":"Cultura Bel\u00e9m"}}]},{"@type":"Organization","@id":"https:\/\/www.encontrabelem.com.br\/sobre\/#organization","name":"Encontra Bel\u00e9m","description":"Not\u00edcias, eventos, informa\u00e7\u00f5es e dicas na cidade Bel\u00e9m e regi\u00e3o.","url":"https:\/\/www.encontrabelem.com.br\/sobre\/"},{"@type":"Person","@id":"https:\/\/www.encontrabelem.com.br\/sobre\/author\/ebelem#author","url":"https:\/\/www.encontrabelem.com.br\/sobre\/author\/ebelem","name":"Encontra Bel\u00e9m","image":{"@type":"ImageObject","@id":"https:\/\/www.encontrabelem.com.br\/sobre\/29a-feira-pan#authorImage","url":"https:\/\/secure.gravatar.com\/avatar\/507340682b8270222e1f208e23198b6ae7e2c6a1033ae84e99bc6bce4f82a387?s=96&d=mm&r=g","width":96,"height":96,"caption":"Encontra Bel\u00e9m"}},{"@type":"WebPage","@id":"https:\/\/www.encontrabelem.com.br\/sobre\/29a-feira-pan#webpage","url":"https:\/\/www.encontrabelem.com.br\/sobre\/29a-feira-pan","name":"29\u00aa Feira Pan | Encontra Bel\u00e9m","description":"29\u00aa Feira Pan-Amaz\u00f4nica promete atrair 450 mil visitantes em Bel\u00e9m com 199 estandes incr\u00edveis.","inLanguage":"pt-BR","isPartOf":{"@id":"https:\/\/www.encontrabelem.com.br\/sobre\/#website"},"breadcrumb":{"@id":"https:\/\/www.encontrabelem.com.br\/sobre\/29a-feira-pan#breadcrumblist"},"author":{"@id":"https:\/\/www.encontrabelem.com.br\/sobre\/author\/ebelem#author"},"creator":{"@id":"https:\/\/www.encontrabelem.com.br\/sobre\/author\/ebelem#author"},"image":{"@type":"ImageObject","url":"https:\/\/www.encontrabelem.com.br\/sobre\/wp-content\/uploads\/2026\/08\/29-feira-pan.webp","@id":"https:\/\/www.encontrabelem.com.br\/sobre\/29a-feira-pan\/#mainImage","width":280,"height":280,"caption":"Feira Pan-Amaz\u00f4nica"},"primaryImageOfPage":{"@id":"https:\/\/www.encontrabelem.com.br\/sobre\/29a-feira-pan#mainImage"},"datePublished":"2026-08-28T20:10:42-03:00","dateModified":"2026-08-28T20:10:42-03:00"},{"@type":"WebSite","@id":"https:\/\/www.encontrabelem.com.br\/sobre\/#website","url":"https:\/\/www.encontrabelem.com.br\/sobre\/","name":"Encontra Bel\u00e9m","description":"Not\u00edcias, eventos, informa\u00e7\u00f5es e dicas na cidade Bel\u00e9m e regi\u00e3o.","inLanguage":"pt-BR","publisher":{"@id":"https:\/\/www.encontrabelem.com.br\/sobre\/#organization"}}]},"og:locale":"pt_BR","og:site_name":"Encontra Bel\u00e9m | Not\u00edcias, eventos, informa\u00e7\u00f5es e dicas na cidade Bel\u00e9m e regi\u00e3o.","og:type":"article","og:title":"29\u00aa Feira Pan | Encontra Bel\u00e9m","og:description":"29\u00aa Feira Pan-Amaz\u00f4nica promete atrair 450 mil visitantes em Bel\u00e9m com 199 estandes incr\u00edveis.","og:url":"https:\/\/www.encontrabelem.com.br\/sobre\/29a-feira-pan","article:published_time":"2026-08-28T23:10:42+00:00","article:modified_time":"2026-08-28T23:10:42+00:00","twitter:card":"summary","twitter:title":"29\u00aa Feira Pan | Encontra Bel\u00e9m","twitter:description":"29\u00aa Feira Pan-Amaz\u00f4nica promete atrair 450 mil visitantes em Bel\u00e9m com 199 estandes incr\u00edveis."},"aioseo_meta_data":{"post_id":"2379","title":null,"description":null,"keywords":null,"keyphrases":null,"primary_term":null,"canonical_url":null,"og_title":null,"og_description":null,"og_object_type":"default","og_image_type":"default","og_image_url":null,"og_image_width":null,"og_image_height":null,"og_image_custom_url":null,"og_image_custom_fields":null,"og_video":null,"og_custom_url":null,"og_article_section":null,"og_article_tags":null,"twitter_use_og":false,"twitter_card":"default","twitter_image_type":"default","twitter_image_url":null,"twitter_image_custom_url":null,"twitter_image_custom_fields":null,"twitter_title":null,"twitter_description":null,"schema":{"blockGraphs":[],"customGraphs":[],"default":{"data":{"Article":[],"Course":[],"Dataset":[],"FAQPage":[],"Movie":[],"Person":[],"Product":[],"ProductReview":[],"Car":[],"Recipe":[],"Service":[],"SoftwareApplication":[],"WebPage":[]},"graphName":"Article","isEnabled":true},"graphs":[]},"schema_type":"default","schema_type_options":null,"pillar_content":false,"robots_default":true,"robots_noindex":false,"robots_noarchive":false,"robots_nosnippet":false,"robots_nofollow":false,"robots_noimageindex":false,"robots_noodp":false,"robots_notranslate":false,"robots_max_snippet":null,"robots_max_videopreview":null,"robots_max_imagepreview":"large","priority":null,"frequency":null,"local_seo":null,"breadcrumb_settings":null,"limit_modified_date":false,"ai":null,"created":"2026-08-28 23:10:42","updated":"2026-08-28 23:10:42","focus_keyword":null,"additional_keywords":null,"truseo_locale":null,"seo_analyzer_scan_date":null},"aioseo_breadcrumb":"<div class=\"aioseo-breadcrumbs\"><span class=\"aioseo-breadcrumb\">\n\t\t\t<a href=\"https:\/\/www.encontrabelem.com.br\/sobre\" title=\"In\u00edcio\">In\u00edcio<\/a>\n\t\t<\/span><span class=\"aioseo-breadcrumb-separator\">&raquo;<\/span><span class=\"aioseo-breadcrumb\">\n\t\t\t<a href=\"https:\/\/www.encontrabelem.com.br\/sobre\/cultura-em-belem\" title=\"Cultura Bel\u00e9m\">Cultura Bel\u00e9m<\/a>\n\t\t<\/span><span class=\"aioseo-breadcrumb-separator\">&raquo;<\/span><span class=\"aioseo-breadcrumb\">\n\t\t\t29\u00aa Feira Pan\n\t\t<\/span><\/div>","aioseo_breadcrumb_json":[{"label":"In\u00edcio","link":"https:\/\/www.encontrabelem.com.br\/sobre"},{"label":"Cultura Bel\u00e9m","link":"https:\/\/www.encontrabelem.com.br\/sobre\/cultura-em-belem"},{"label":"29\u00aa Feira Pan","link":"https:\/\/www.encontrabelem.com.br\/sobre\/29a-feira-pan"}],"_links":{"self":[{"href":"https:\/\/www.encontrabelem.com.br\/sobre\/wp-json\/wp\/v2\/posts\/2379","targetHints":{"allow":["GET"]}}],"collection":[{"href":"https:\/\/www.encontrabelem.com.br\/sobre\/wp-json\/wp\/v2\/posts"}],"about":[{"href":"https:\/\/www.encontrabelem.com.br\/sobre\/wp-json\/wp\/v2\/types\/post"}],"author":[{"embeddable":true,"href":"https:\/\/www.encontrabelem.com.br\/sobre\/wp-json\/wp\/v2\/users\/1"}],"replies":[{"embeddable":true,"href":"https:\/\/www.encontrabelem.com.br\/sobre\/wp-json\/wp\/v2\/comments?post=2379"}],"version-history":[{"count":0,"href":"https:\/\/www.encontrabelem.com.br\/sobre\/wp-json\/wp\/v2\/posts\/2379\/revisions"}],"wp:featuredmedia":[{"embeddable":true,"href":"https:\/\/www.encontrabelem.com.br\/sobre\/wp-json\/wp\/v2\/media\/2378"}],"wp:attachment":[{"href":"https:\/\/www.encontrabelem.com.br\/sobre\/wp-json\/wp\/v2\/media?parent=2379"}],"wp:term":[{"taxonomy":"category","embeddable":true,"href":"https:\/\/www.encontrabelem.com.br\/sobre\/wp-json\/wp\/v2\/categories?post=2379"},{"taxonomy":"post_tag","embeddable":true,"href":"https:\/\/www.encontrabelem.com.br\/sobre\/wp-json\/wp\/v2\/tags?post=2379"}],"curies":[{"name":"wp","href":"https:\/\/api.w.org\/{rel}","templated":true}]}}