{"id":2371,"date":"2026-08-27T20:40:32","date_gmt":"2026-08-27T23:40:32","guid":{"rendered":"https:\/\/www.encontrabelem.com.br\/sobre\/veja-o-que-fazer-em-belem-renato-e-seus-blue-caps-mc-meno-k-festival-de-gastronomia-e-feira-do-livro"},"modified":"2026-08-27T20:40:32","modified_gmt":"2026-08-27T23:40:32","slug":"veja-o-que-fazer-em-belem-renato-e-seus-blue-caps-mc-meno-k-festival-de-gastronomia-e-feira-do-livro","status":"publish","type":"post","link":"https:\/\/www.encontrabelem.com.br\/sobre\/veja-o-que-fazer-em-belem-renato-e-seus-blue-caps-mc-meno-k-festival-de-gastronomia-e-feira-do-livro","title":{"rendered":"Veja o que fazer em Bel\u00e9m: Renato e Seus Blue Caps, MC Meno K, Festival de Gastronomia e Feira do Livro"},"content":{"rendered":"<div class=\"b22802487b0d38c4c6d9f34966e16421\" data-index=\"1\" style=\"float: none; margin:0px;\">\n<!-- Anuncio display - global -->\r\n<ins class=\"adsbygoogle\"\r\n     style=\"display:block\"\r\n     data-ad-client=\"ca-pub-8585364105181520\"\r\n     data-ad-slot=\"8789329856\"\r\n     data-ad-format=\"auto\"\r\n     data-full-width-responsive=\"true\"><\/ins>\r\n<script>\r\n     (adsbygoogle = window.adsbygoogle || []).push({});\r\n<\/script>\n<\/div>\n<h2>Shows em Bel\u00e9m: Renato e Seus Blue Caps<\/h2>\n<p>A banda Renato e Seus Blue Caps volta a Brilhar em Bel\u00e9m com duas apresenta\u00e7\u00f5es especiais neste fim de semana. Este grupo ic\u00f4nico \u00e9 um dos s\u00edmbolos da Jovem Guarda, trazendo de volta a energia que cativou diversas gera\u00e7\u00f5es com suas m\u00fasicas marcantes e inesquec\u00edveis.<\/p>\n<ul>\n<li><strong>\ud83d\udcc5 Datas:<\/strong> S\u00e1bado (29) e domingo (30).<\/li>\n<li><strong>\ud83d\udd52 Hor\u00e1rios:<\/strong> 20h30 (s\u00e1bado) e 19h (domingo).<\/li>\n<li><strong>\ud83d\udccd Local:<\/strong> Teatro Margarida Schivasappa, Bel\u00e9m (PA).<\/li>\n<li><strong>\ud83d\udcb2 Ingressos:<\/strong> R$ 160 (inteira) e R$ 80 (meia).<\/li>\n<\/ul>\n<p>Com um repert\u00f3rio recheado de sucessos, esta \u00e9 uma oportunidade imperd\u00edvel para aqueles que querem reviver os tempos de ouro do rock brasileiro.<\/p>\n<h2>MC Meno K e a Noite do Baile da Nata<\/h2>\n<p>Se voc\u00ea est\u00e1 procurando uma noite cheia de batidas contagiantes e divers\u00e3o, n\u00e3o pode perder o Baile da Nata, que celebra tr\u00eas anos da produtora 100 M\u00eddia. Com o funkeiro MC Meno K como atra\u00e7\u00e3o principal, a festa promete uma experi\u00eancia inigual\u00e1vel de m\u00fasica e dan\u00e7a.<\/p>\n<p><img decoding=\"async\" src=\"https:\/\/www.encontrabelem.com.br\/sobre\/wp-content\/uploads\/2026\/08\/veja-o-que-fazer-em-belem-renato-e-seus-blue-caps-mc-meno-k-festival-de-gastronomia-e-feira-do-livro.webp\" alt=\"agenda cultural em Bel\u00e9m\" loading=\"lazy\" \/><\/p>\n<ul>\n<li><strong>\ud83d\udcc5 Data:<\/strong> S\u00e1bado (29).<\/li>\n<li><strong>\ud83d\udccd Local:<\/strong> All Night Pub, Bel\u00e9m (PA).<\/li>\n<li><strong>\ud83d\udcb2 Ingressos:<\/strong> Valores a confirmar; informa\u00e7\u00f5es reservas pelo telefone.<\/li>\n<\/ul>\n<p>Al\u00e9m de Meno K, a festa contar\u00e1 com DJs locais e muita anima\u00e7\u00e3o para todos os tipos de p\u00fablico, tornando-se o lugar ideal para quem busca uma noite agitada na capital paraense.<\/p>\n<h2>Festival Amaz\u00f4nico de Gastronomia: Sabores e Tradi\u00e7\u00f5es<\/h2>\n<p>O encontro das culturas amaz\u00f4nicas e a culin\u00e1ria regional \u00e9 o que promete o Festival Amaz\u00f4nico de Gastronomia, que volta a ocorrer no Parque da Resid\u00eancia. Este evento \u00e9 o ponto de encontro de chefs renomados e pequenas produ\u00e7\u00f5es locais, oferecendo um card\u00e1pio vibrante que explora o melhor da gastronomia paraense.<\/p>\n<ul>\n<li><strong>\ud83d\udcc5 Datas:<\/strong> S\u00e1bado (29) e domingo (30), a partir das 11h.<\/li>\n<li><strong>\ud83d\udccd Local:<\/strong> Parque da Resid\u00eancia, Bel\u00e9m (PA).<\/li>\n<li><strong>\ud83d\udcb2 Ingressos:<\/strong> Entrada gratuita.<\/li>\n<\/ul>\n<p>Com workshops, apresenta\u00e7\u00f5es musicais e atividades para crian\u00e7as, esse festival \u00e9 uma excelente oportunidade para aqueles que desejam n\u00e3o apenas saborear, mas tamb\u00e9m aprender sobre a cultura e as tradi\u00e7\u00f5es gastron\u00f4micas da Amaz\u00f4nia.<\/p>\n<h2>Feira Pan-Amaz\u00f4nica do Livro: Uma Viagem Liter\u00e1ria<\/h2>\n<p>A 29\u00aa edi\u00e7\u00e3o da Feira Pan-Amaz\u00f4nica do Livro traz uma rica programa\u00e7\u00e3o que une literatura, m\u00fasica e arte. Este ano, a feira homenageia a cantora Nazar\u00e9 Pereira e o escritor Luiz Peixoto Ramos com atividades diversificadas e lan\u00e7amentos de obras de importantes autores locais.<\/p>\n<ul>\n<li><strong>\ud83d\udcc5 Datas:<\/strong> De 29 de agosto a 6 de setembro, das 9h \u00e0s 21h.<\/li>\n<li><strong>\ud83d\udccd Local:<\/strong> Hangar Centro de Conven\u00e7\u00f5es, Bel\u00e9m (PA).<\/li>\n<li><strong>\ud83d\udcb2 Ingressos:<\/strong> Entrada gratuita.<\/li>\n<\/ul>\n<p>Com v\u00e1rias editoras e autores participando, este \u00e9 um evento ideal para os amantes da leitura e para quem busca se conectar com a produ\u00e7\u00e3o liter\u00e1ria da Amaz\u00f4nia e al\u00e9m.<\/p>\n<h2>Programas Culturais para as Crian\u00e7as<\/h2>\n<p>Durante o fim de semana, a agenda cultural de Bel\u00e9m tamb\u00e9m oferece atra\u00e7\u00f5es voltadas para o p\u00fablico infantil. Uma das principais atividades \u00e9 a conta\u00e7\u00e3o de hist\u00f3rias com Ester S\u00e1. Crian\u00e7as poder\u00e3o se encantar com narrativas l\u00fadicas e educativas.<\/p>\n<ul>\n<li><strong>\ud83d\udcc5 Data:<\/strong> Domingo (30).<\/li>\n<li><strong>\ud83d\udd52 Hor\u00e1rio:<\/strong> 11h \u00e0s 12h.<\/li>\n<li><strong>\ud83d\udccd Local:<\/strong> Centro Cultural Banco da Amaz\u00f4nia.<\/li>\n<li><strong>\ud83d\udcb2 Ingressos:<\/strong> Entrada gratuita.<\/li>\n<\/ul>\n<p>Essas atividades s\u00e3o oportunidades para crian\u00e7as aprenderem e se divertirem enquanto exploram novos mundos atrav\u00e9s da literatura.<\/p>\n<h2>Concertos Cl\u00e1ssicos: \u00c1lvaro Siviero em Chopin<\/h2>\n<p>Os amantes da m\u00fasica cl\u00e1ssica tamb\u00e9m t\u00eam um compromisso imperd\u00edvel na programa\u00e7\u00e3o deste fim de semana. O renomado pianista \u00c1lvaro Siviero apresenta uma homenagem ao grande compositor Fr\u00e9d\u00e9ric Chopin, explorando suas obras mais emocionantes.<\/p>\n<ul>\n<li><strong>\ud83d\udcc5 Data:<\/strong> S\u00e1bado (29).<\/li>\n<li><strong>\ud83d\udd52 Hor\u00e1rio:<\/strong> 19h30.<\/li>\n<li><strong>\ud83d\udccd Local:<\/strong> Theatro da Paz, Bel\u00e9m (PA).<\/li>\n<li><strong>\ud83d\udcb2 Ingressos:<\/strong> Consulte valores e disponibilidade online.<\/li>\n<\/ul>\n<p>Este concerto \u00e9 uma not\u00e1vel chance para os entusiastas da m\u00fasica cl\u00e1ssica apreciarem a profundidade e beleza das composi\u00e7\u00f5es de Chopin em uma interpreta\u00e7\u00e3o ao vivo.<\/p>\n<h2>Espet\u00e1culos Infantis Imperd\u00edveis<\/h2>\n<p>Al\u00e9m da conta\u00e7\u00e3o de hist\u00f3rias, as crian\u00e7as poder\u00e3o apreciar outros espet\u00e1culos infantis que prometem encantar a garotada. Atividades interativas e apresenta\u00e7\u00f5es l\u00fadicas estar\u00e3o presentes na agenda de atra\u00e7\u00f5es.<\/p>\n<ul>\n<li><strong>\ud83d\udcc5 Datas:<\/strong> V\u00e1rias, confira programa\u00e7\u00e3o local.<\/li>\n<li><strong>\ud83d\udcb2 Ingressos:<\/strong> Muitas dessas atividades t\u00eam entrada gratuita.<\/li>\n<\/ul>\n<p>Programa\u00e7\u00f5es como essa s\u00e3o perfeitas para um dia em fam\u00edlia, promovendo o desenvolvimento cultural e o entretenimento dos pequenos.<\/p>\n<h2>Eventos Gratuitos em Bel\u00e9m: Cultura para Todos<\/h2>\n<p>Bel\u00e9m \u00e9 repleta de eventos gratuitos que garantem que todos tenham acesso \u00e0 cultura. Seja na feira do livro, nos festivais gastron\u00f4micos ou nas apresenta\u00e7\u00f5es musicais, h\u00e1 sempre algo acontecendo para todos os p\u00fablicos e idades.<\/p>\n<p>Essas possibilidades s\u00e3o uma grande oportunidade para explorar e apreciar a cultura local sem comprometer o or\u00e7amento.<\/p>\n<h2>Como Participar das Feiras e Festivais<\/h2>\n<p>Para aproveitar ao m\u00e1ximo as feiras e festivais, \u00e9 bom se planejar com anteced\u00eancia. Verifique os hor\u00e1rios de funcionamento, as atra\u00e7\u00f5es dispon\u00edveis e a necessidade de reservas para eventos que exigem ingresso.<\/p>\n<p>Al\u00e9m disso, fique atento \u00e0s recomenda\u00e7\u00f5es de sa\u00fade e seguran\u00e7a, especialmente em eventos de grande aglomera\u00e7\u00e3o.<\/p>\n<h2>Dicas de \u00daltima Hora para Aproveitar Bel\u00e9m<\/h2>\n<p>Se voc\u00ea visitar\u00e1 Bel\u00e9m neste fim de semana, aqui est\u00e3o algumas dicas:<\/p>\n<ul>\n<li><strong>Hidrate-se:<\/strong> Com a temperatura elevada, \u00e9 importante manter-se hidratado.<\/li>\n<li><strong>Use protetor solar:<\/strong> Para proteger sua pele enquanto desfruta dos eventos ao ar livre.<\/li>\n<li><strong>Explore:<\/strong> Aproveite para conhecer os emblem\u00e1ticos pontos tur\u00edsticos de Bel\u00e9m entre os shows e festivais.<\/li>\n<li><strong>Experimente a gastronomia local:<\/strong> N\u00e3o deixe de provar pratos t\u00edpicos da culin\u00e1ria paraense durante o festival de gastronomia.<\/li>\n<\/ul>\n<p>Essas dicas garantir\u00e3o que voc\u00ea tenha um fim de semana incr\u00edvel na bela cidade de Bel\u00e9m, repleta de cultura e viv\u00eancias \u00fanicas!<\/p>\n\n<div style=\"font-size: 0px; height: 0px; line-height: 0px; margin: 0; padding: 0; clear: both;\"><\/div>","protected":false},"excerpt":{"rendered":"<p>Descubra os melhores eventos culturais em Bel\u00e9m para este fim de semana!<\/p>\n","protected":false},"author":1,"featured_media":2370,"comment_status":"open","ping_status":"closed","sticky":false,"template":"","format":"standard","meta":{"footnotes":""},"categories":[29],"tags":[],"class_list":["post-2371","post","type-post","status-publish","format-standard","has-post-thumbnail","hentry","category-lugares-para-comer-belem","has_thumb"],"aioseo_notices":[],"aioseo_head":"\n\t\t<!-- All in One SEO 5.0.0.1 - aioseo.com -->\n\t<meta name=\"description\" content=\"Descubra os melhores eventos culturais em Bel\u00e9m para este fim de semana!\" \/>\n\t<meta name=\"robots\" content=\"max-image-preview:large\" \/>\n\t<meta name=\"author\" content=\"Encontra Bel\u00e9m\"\/>\n\t<link rel=\"canonical\" href=\"https:\/\/www.encontrabelem.com.br\/sobre\/veja-o-que-fazer-em-belem-renato-e-seus-blue-caps-mc-meno-k-festival-de-gastronomia-e-feira-do-livro\" \/>\n\t<meta name=\"generator\" content=\"All in One SEO (AIOSEO) 5.0.0.1\" \/>\n\t\t<meta property=\"og:locale\" content=\"pt_BR\" \/>\n\t\t<meta property=\"og:site_name\" content=\"Encontra Bel\u00e9m | Not\u00edcias, eventos, informa\u00e7\u00f5es e dicas na cidade Bel\u00e9m e regi\u00e3o.\" \/>\n\t\t<meta property=\"og:type\" content=\"article\" \/>\n\t\t<meta property=\"og:title\" content=\"Veja o que fazer em Bel\u00e9m: Renato e Seus Blue Caps, MC Meno K, Festival de Gastronomia e Feira do Livro | Encontra Bel\u00e9m\" \/>\n\t\t<meta property=\"og:description\" content=\"Descubra os melhores eventos culturais em Bel\u00e9m para este fim de semana!\" \/>\n\t\t<meta property=\"og:url\" content=\"https:\/\/www.encontrabelem.com.br\/sobre\/veja-o-que-fazer-em-belem-renato-e-seus-blue-caps-mc-meno-k-festival-de-gastronomia-e-feira-do-livro\" \/>\n\t\t<meta property=\"article:published_time\" content=\"2026-08-27T23:40:32+00:00\" \/>\n\t\t<meta property=\"article:modified_time\" content=\"2026-08-27T23:40:32+00:00\" \/>\n\t\t<meta name=\"twitter:card\" content=\"summary\" \/>\n\t\t<meta name=\"twitter:title\" content=\"Veja o que fazer em Bel\u00e9m: Renato e Seus Blue Caps, MC Meno K, Festival de Gastronomia e Feira do Livro | Encontra Bel\u00e9m\" \/>\n\t\t<meta name=\"twitter:description\" content=\"Descubra os melhores eventos culturais em Bel\u00e9m para este fim de semana!\" \/>\n\t\t<script type=\"application\/ld+json\" class=\"aioseo-schema\">\n\t\t\t{\"@context\":\"https:\\\/\\\/schema.org\",\"@graph\":[{\"@type\":\"Article\",\"@id\":\"https:\\\/\\\/www.encontrabelem.com.br\\\/sobre\\\/veja-o-que-fazer-em-belem-renato-e-seus-blue-caps-mc-meno-k-festival-de-gastronomia-e-feira-do-livro#article\",\"name\":\"Veja o que fazer em Bel\\u00e9m: Renato e Seus Blue Caps, MC Meno K, Festival de Gastronomia e Feira do Livro | Encontra Bel\\u00e9m\",\"headline\":\"Veja o que fazer em Bel\\u00e9m: Renato e Seus Blue Caps, MC Meno K, Festival de Gastronomia e Feira do Livro\",\"author\":{\"@id\":\"https:\\\/\\\/www.encontrabelem.com.br\\\/sobre\\\/author\\\/ebelem#author\"},\"publisher\":{\"@id\":\"https:\\\/\\\/www.encontrabelem.com.br\\\/sobre\\\/#organization\"},\"image\":{\"@type\":\"ImageObject\",\"url\":\"https:\\\/\\\/www.encontrabelem.com.br\\\/sobre\\\/wp-content\\\/uploads\\\/2026\\\/08\\\/veja-o-que-fazer-em-belem-renato-e-seus-blue-caps-mc-meno-k-festival-de-gastronomia-e-feira-do-livro.webp\",\"width\":280,\"height\":280,\"caption\":\"agenda cultural em Bel\\u00e9m\"},\"datePublished\":\"2026-08-27T20:40:32-03:00\",\"dateModified\":\"2026-08-27T20:40:32-03:00\",\"inLanguage\":\"pt-BR\",\"mainEntityOfPage\":{\"@id\":\"https:\\\/\\\/www.encontrabelem.com.br\\\/sobre\\\/veja-o-que-fazer-em-belem-renato-e-seus-blue-caps-mc-meno-k-festival-de-gastronomia-e-feira-do-livro#webpage\"},\"isPartOf\":{\"@id\":\"https:\\\/\\\/www.encontrabelem.com.br\\\/sobre\\\/veja-o-que-fazer-em-belem-renato-e-seus-blue-caps-mc-meno-k-festival-de-gastronomia-e-feira-do-livro#webpage\"},\"articleSection\":\"Lugares para Comer Bel\\u00e9m\"},{\"@type\":\"BreadcrumbList\",\"@id\":\"https:\\\/\\\/www.encontrabelem.com.br\\\/sobre\\\/veja-o-que-fazer-em-belem-renato-e-seus-blue-caps-mc-meno-k-festival-de-gastronomia-e-feira-do-livro#breadcrumblist\",\"itemListElement\":[{\"@type\":\"ListItem\",\"@id\":\"https:\\\/\\\/www.encontrabelem.com.br\\\/sobre#listItem\",\"position\":1,\"name\":\"In\\u00edcio\",\"item\":\"https:\\\/\\\/www.encontrabelem.com.br\\\/sobre\",\"nextItem\":{\"@type\":\"ListItem\",\"@id\":\"https:\\\/\\\/www.encontrabelem.com.br\\\/sobre\\\/lugares-para-comer-belem#listItem\",\"name\":\"Lugares para Comer Bel\\u00e9m\"}},{\"@type\":\"ListItem\",\"@id\":\"https:\\\/\\\/www.encontrabelem.com.br\\\/sobre\\\/lugares-para-comer-belem#listItem\",\"position\":2,\"name\":\"Lugares para Comer Bel\\u00e9m\",\"item\":\"https:\\\/\\\/www.encontrabelem.com.br\\\/sobre\\\/lugares-para-comer-belem\",\"nextItem\":{\"@type\":\"ListItem\",\"@id\":\"https:\\\/\\\/www.encontrabelem.com.br\\\/sobre\\\/veja-o-que-fazer-em-belem-renato-e-seus-blue-caps-mc-meno-k-festival-de-gastronomia-e-feira-do-livro#listItem\",\"name\":\"Veja o que fazer em Bel\\u00e9m: Renato e Seus Blue Caps, MC Meno K, Festival de Gastronomia e Feira do Livro\"},\"previousItem\":{\"@type\":\"ListItem\",\"@id\":\"https:\\\/\\\/www.encontrabelem.com.br\\\/sobre#listItem\",\"name\":\"In\\u00edcio\"}},{\"@type\":\"ListItem\",\"@id\":\"https:\\\/\\\/www.encontrabelem.com.br\\\/sobre\\\/veja-o-que-fazer-em-belem-renato-e-seus-blue-caps-mc-meno-k-festival-de-gastronomia-e-feira-do-livro#listItem\",\"position\":3,\"name\":\"Veja o que fazer em Bel\\u00e9m: Renato e Seus Blue Caps, MC Meno K, Festival de Gastronomia e Feira do Livro\",\"previousItem\":{\"@type\":\"ListItem\",\"@id\":\"https:\\\/\\\/www.encontrabelem.com.br\\\/sobre\\\/lugares-para-comer-belem#listItem\",\"name\":\"Lugares para Comer Bel\\u00e9m\"}}]},{\"@type\":\"Organization\",\"@id\":\"https:\\\/\\\/www.encontrabelem.com.br\\\/sobre\\\/#organization\",\"name\":\"Encontra Bel\\u00e9m\",\"description\":\"Not\\u00edcias, eventos, informa\\u00e7\\u00f5es e dicas na cidade Bel\\u00e9m e regi\\u00e3o.\",\"url\":\"https:\\\/\\\/www.encontrabelem.com.br\\\/sobre\\\/\"},{\"@type\":\"Person\",\"@id\":\"https:\\\/\\\/www.encontrabelem.com.br\\\/sobre\\\/author\\\/ebelem#author\",\"url\":\"https:\\\/\\\/www.encontrabelem.com.br\\\/sobre\\\/author\\\/ebelem\",\"name\":\"Encontra Bel\\u00e9m\",\"image\":{\"@type\":\"ImageObject\",\"@id\":\"https:\\\/\\\/www.encontrabelem.com.br\\\/sobre\\\/veja-o-que-fazer-em-belem-renato-e-seus-blue-caps-mc-meno-k-festival-de-gastronomia-e-feira-do-livro#authorImage\",\"url\":\"https:\\\/\\\/secure.gravatar.com\\\/avatar\\\/507340682b8270222e1f208e23198b6ae7e2c6a1033ae84e99bc6bce4f82a387?s=96&d=mm&r=g\",\"width\":96,\"height\":96,\"caption\":\"Encontra Bel\\u00e9m\"}},{\"@type\":\"WebPage\",\"@id\":\"https:\\\/\\\/www.encontrabelem.com.br\\\/sobre\\\/veja-o-que-fazer-em-belem-renato-e-seus-blue-caps-mc-meno-k-festival-de-gastronomia-e-feira-do-livro#webpage\",\"url\":\"https:\\\/\\\/www.encontrabelem.com.br\\\/sobre\\\/veja-o-que-fazer-em-belem-renato-e-seus-blue-caps-mc-meno-k-festival-de-gastronomia-e-feira-do-livro\",\"name\":\"Veja o que fazer em Bel\\u00e9m: Renato e Seus Blue Caps, MC Meno K, Festival de Gastronomia e Feira do Livro | Encontra Bel\\u00e9m\",\"description\":\"Descubra os melhores eventos culturais em Bel\\u00e9m para este fim de semana!\",\"inLanguage\":\"pt-BR\",\"isPartOf\":{\"@id\":\"https:\\\/\\\/www.encontrabelem.com.br\\\/sobre\\\/#website\"},\"breadcrumb\":{\"@id\":\"https:\\\/\\\/www.encontrabelem.com.br\\\/sobre\\\/veja-o-que-fazer-em-belem-renato-e-seus-blue-caps-mc-meno-k-festival-de-gastronomia-e-feira-do-livro#breadcrumblist\"},\"author\":{\"@id\":\"https:\\\/\\\/www.encontrabelem.com.br\\\/sobre\\\/author\\\/ebelem#author\"},\"creator\":{\"@id\":\"https:\\\/\\\/www.encontrabelem.com.br\\\/sobre\\\/author\\\/ebelem#author\"},\"image\":{\"@type\":\"ImageObject\",\"url\":\"https:\\\/\\\/www.encontrabelem.com.br\\\/sobre\\\/wp-content\\\/uploads\\\/2026\\\/08\\\/veja-o-que-fazer-em-belem-renato-e-seus-blue-caps-mc-meno-k-festival-de-gastronomia-e-feira-do-livro.webp\",\"@id\":\"https:\\\/\\\/www.encontrabelem.com.br\\\/sobre\\\/veja-o-que-fazer-em-belem-renato-e-seus-blue-caps-mc-meno-k-festival-de-gastronomia-e-feira-do-livro\\\/#mainImage\",\"width\":280,\"height\":280,\"caption\":\"agenda cultural em Bel\\u00e9m\"},\"primaryImageOfPage\":{\"@id\":\"https:\\\/\\\/www.encontrabelem.com.br\\\/sobre\\\/veja-o-que-fazer-em-belem-renato-e-seus-blue-caps-mc-meno-k-festival-de-gastronomia-e-feira-do-livro#mainImage\"},\"datePublished\":\"2026-08-27T20:40:32-03:00\",\"dateModified\":\"2026-08-27T20:40:32-03:00\"},{\"@type\":\"WebSite\",\"@id\":\"https:\\\/\\\/www.encontrabelem.com.br\\\/sobre\\\/#website\",\"url\":\"https:\\\/\\\/www.encontrabelem.com.br\\\/sobre\\\/\",\"name\":\"Encontra Bel\\u00e9m\",\"description\":\"Not\\u00edcias, eventos, informa\\u00e7\\u00f5es e dicas na cidade Bel\\u00e9m e regi\\u00e3o.\",\"inLanguage\":\"pt-BR\",\"publisher\":{\"@id\":\"https:\\\/\\\/www.encontrabelem.com.br\\\/sobre\\\/#organization\"}}]}\n\t\t<\/script>\n\t\t<!-- All in One SEO -->\n\n","aioseo_head_json":{"title":"Veja o que fazer em Bel\u00e9m: Renato e Seus Blue Caps, MC Meno K, Festival de Gastronomia e Feira do Livro | Encontra Bel\u00e9m","description":"Descubra os melhores eventos culturais em Bel\u00e9m para este fim de semana!","canonical_url":"https:\/\/www.encontrabelem.com.br\/sobre\/veja-o-que-fazer-em-belem-renato-e-seus-blue-caps-mc-meno-k-festival-de-gastronomia-e-feira-do-livro","robots":"max-image-preview:large","keywords":"","webmasterTools":{"miscellaneous":""},"schema":{"@context":"https:\/\/schema.org","@graph":[{"@type":"Article","@id":"https:\/\/www.encontrabelem.com.br\/sobre\/veja-o-que-fazer-em-belem-renato-e-seus-blue-caps-mc-meno-k-festival-de-gastronomia-e-feira-do-livro#article","name":"Veja o que fazer em Bel\u00e9m: Renato e Seus Blue Caps, MC Meno K, Festival de Gastronomia e Feira do Livro | Encontra Bel\u00e9m","headline":"Veja o que fazer em Bel\u00e9m: Renato e Seus Blue Caps, MC Meno K, Festival de Gastronomia e Feira do Livro","author":{"@id":"https:\/\/www.encontrabelem.com.br\/sobre\/author\/ebelem#author"},"publisher":{"@id":"https:\/\/www.encontrabelem.com.br\/sobre\/#organization"},"image":{"@type":"ImageObject","url":"https:\/\/www.encontrabelem.com.br\/sobre\/wp-content\/uploads\/2026\/08\/veja-o-que-fazer-em-belem-renato-e-seus-blue-caps-mc-meno-k-festival-de-gastronomia-e-feira-do-livro.webp","width":280,"height":280,"caption":"agenda cultural em Bel\u00e9m"},"datePublished":"2026-08-27T20:40:32-03:00","dateModified":"2026-08-27T20:40:32-03:00","inLanguage":"pt-BR","mainEntityOfPage":{"@id":"https:\/\/www.encontrabelem.com.br\/sobre\/veja-o-que-fazer-em-belem-renato-e-seus-blue-caps-mc-meno-k-festival-de-gastronomia-e-feira-do-livro#webpage"},"isPartOf":{"@id":"https:\/\/www.encontrabelem.com.br\/sobre\/veja-o-que-fazer-em-belem-renato-e-seus-blue-caps-mc-meno-k-festival-de-gastronomia-e-feira-do-livro#webpage"},"articleSection":"Lugares para Comer Bel\u00e9m"},{"@type":"BreadcrumbList","@id":"https:\/\/www.encontrabelem.com.br\/sobre\/veja-o-que-fazer-em-belem-renato-e-seus-blue-caps-mc-meno-k-festival-de-gastronomia-e-feira-do-livro#breadcrumblist","itemListElement":[{"@type":"ListItem","@id":"https:\/\/www.encontrabelem.com.br\/sobre#listItem","position":1,"name":"In\u00edcio","item":"https:\/\/www.encontrabelem.com.br\/sobre","nextItem":{"@type":"ListItem","@id":"https:\/\/www.encontrabelem.com.br\/sobre\/lugares-para-comer-belem#listItem","name":"Lugares para Comer Bel\u00e9m"}},{"@type":"ListItem","@id":"https:\/\/www.encontrabelem.com.br\/sobre\/lugares-para-comer-belem#listItem","position":2,"name":"Lugares para Comer Bel\u00e9m","item":"https:\/\/www.encontrabelem.com.br\/sobre\/lugares-para-comer-belem","nextItem":{"@type":"ListItem","@id":"https:\/\/www.encontrabelem.com.br\/sobre\/veja-o-que-fazer-em-belem-renato-e-seus-blue-caps-mc-meno-k-festival-de-gastronomia-e-feira-do-livro#listItem","name":"Veja o que fazer em Bel\u00e9m: Renato e Seus Blue Caps, MC Meno K, Festival de Gastronomia e Feira do Livro"},"previousItem":{"@type":"ListItem","@id":"https:\/\/www.encontrabelem.com.br\/sobre#listItem","name":"In\u00edcio"}},{"@type":"ListItem","@id":"https:\/\/www.encontrabelem.com.br\/sobre\/veja-o-que-fazer-em-belem-renato-e-seus-blue-caps-mc-meno-k-festival-de-gastronomia-e-feira-do-livro#listItem","position":3,"name":"Veja o que fazer em Bel\u00e9m: Renato e Seus Blue Caps, MC Meno K, Festival de Gastronomia e Feira do Livro","previousItem":{"@type":"ListItem","@id":"https:\/\/www.encontrabelem.com.br\/sobre\/lugares-para-comer-belem#listItem","name":"Lugares para Comer Bel\u00e9m"}}]},{"@type":"Organization","@id":"https:\/\/www.encontrabelem.com.br\/sobre\/#organization","name":"Encontra Bel\u00e9m","description":"Not\u00edcias, eventos, informa\u00e7\u00f5es e dicas na cidade Bel\u00e9m e regi\u00e3o.","url":"https:\/\/www.encontrabelem.com.br\/sobre\/"},{"@type":"Person","@id":"https:\/\/www.encontrabelem.com.br\/sobre\/author\/ebelem#author","url":"https:\/\/www.encontrabelem.com.br\/sobre\/author\/ebelem","name":"Encontra Bel\u00e9m","image":{"@type":"ImageObject","@id":"https:\/\/www.encontrabelem.com.br\/sobre\/veja-o-que-fazer-em-belem-renato-e-seus-blue-caps-mc-meno-k-festival-de-gastronomia-e-feira-do-livro#authorImage","url":"https:\/\/secure.gravatar.com\/avatar\/507340682b8270222e1f208e23198b6ae7e2c6a1033ae84e99bc6bce4f82a387?s=96&d=mm&r=g","width":96,"height":96,"caption":"Encontra Bel\u00e9m"}},{"@type":"WebPage","@id":"https:\/\/www.encontrabelem.com.br\/sobre\/veja-o-que-fazer-em-belem-renato-e-seus-blue-caps-mc-meno-k-festival-de-gastronomia-e-feira-do-livro#webpage","url":"https:\/\/www.encontrabelem.com.br\/sobre\/veja-o-que-fazer-em-belem-renato-e-seus-blue-caps-mc-meno-k-festival-de-gastronomia-e-feira-do-livro","name":"Veja o que fazer em Bel\u00e9m: Renato e Seus Blue Caps, MC Meno K, Festival de Gastronomia e Feira do Livro | Encontra Bel\u00e9m","description":"Descubra os melhores eventos culturais em Bel\u00e9m para este fim de semana!","inLanguage":"pt-BR","isPartOf":{"@id":"https:\/\/www.encontrabelem.com.br\/sobre\/#website"},"breadcrumb":{"@id":"https:\/\/www.encontrabelem.com.br\/sobre\/veja-o-que-fazer-em-belem-renato-e-seus-blue-caps-mc-meno-k-festival-de-gastronomia-e-feira-do-livro#breadcrumblist"},"author":{"@id":"https:\/\/www.encontrabelem.com.br\/sobre\/author\/ebelem#author"},"creator":{"@id":"https:\/\/www.encontrabelem.com.br\/sobre\/author\/ebelem#author"},"image":{"@type":"ImageObject","url":"https:\/\/www.encontrabelem.com.br\/sobre\/wp-content\/uploads\/2026\/08\/veja-o-que-fazer-em-belem-renato-e-seus-blue-caps-mc-meno-k-festival-de-gastronomia-e-feira-do-livro.webp","@id":"https:\/\/www.encontrabelem.com.br\/sobre\/veja-o-que-fazer-em-belem-renato-e-seus-blue-caps-mc-meno-k-festival-de-gastronomia-e-feira-do-livro\/#mainImage","width":280,"height":280,"caption":"agenda cultural em Bel\u00e9m"},"primaryImageOfPage":{"@id":"https:\/\/www.encontrabelem.com.br\/sobre\/veja-o-que-fazer-em-belem-renato-e-seus-blue-caps-mc-meno-k-festival-de-gastronomia-e-feira-do-livro#mainImage"},"datePublished":"2026-08-27T20:40:32-03:00","dateModified":"2026-08-27T20:40:32-03:00"},{"@type":"WebSite","@id":"https:\/\/www.encontrabelem.com.br\/sobre\/#website","url":"https:\/\/www.encontrabelem.com.br\/sobre\/","name":"Encontra Bel\u00e9m","description":"Not\u00edcias, eventos, informa\u00e7\u00f5es e dicas na cidade Bel\u00e9m e regi\u00e3o.","inLanguage":"pt-BR","publisher":{"@id":"https:\/\/www.encontrabelem.com.br\/sobre\/#organization"}}]},"og:locale":"pt_BR","og:site_name":"Encontra Bel\u00e9m | Not\u00edcias, eventos, informa\u00e7\u00f5es e dicas na cidade Bel\u00e9m e regi\u00e3o.","og:type":"article","og:title":"Veja o que fazer em Bel\u00e9m: Renato e Seus Blue Caps, MC Meno K, Festival de Gastronomia e Feira do Livro | Encontra Bel\u00e9m","og:description":"Descubra os melhores eventos culturais em Bel\u00e9m para este fim de semana!","og:url":"https:\/\/www.encontrabelem.com.br\/sobre\/veja-o-que-fazer-em-belem-renato-e-seus-blue-caps-mc-meno-k-festival-de-gastronomia-e-feira-do-livro","article:published_time":"2026-08-27T23:40:32+00:00","article:modified_time":"2026-08-27T23:40:32+00:00","twitter:card":"summary","twitter:title":"Veja o que fazer em Bel\u00e9m: Renato e Seus Blue Caps, MC Meno K, Festival de Gastronomia e Feira do Livro | Encontra Bel\u00e9m","twitter:description":"Descubra os melhores eventos culturais em Bel\u00e9m para este fim de semana!"},"aioseo_meta_data":{"post_id":"2371","title":null,"description":null,"keywords":null,"keyphrases":null,"primary_term":null,"canonical_url":null,"og_title":null,"og_description":null,"og_object_type":"default","og_image_type":"default","og_image_url":null,"og_image_width":null,"og_image_height":null,"og_image_custom_url":null,"og_image_custom_fields":null,"og_video":null,"og_custom_url":null,"og_article_section":null,"og_article_tags":null,"twitter_use_og":false,"twitter_card":"default","twitter_image_type":"default","twitter_image_url":null,"twitter_image_custom_url":null,"twitter_image_custom_fields":null,"twitter_title":null,"twitter_description":null,"schema":{"blockGraphs":[],"customGraphs":[],"default":{"data":{"Article":[],"Course":[],"Dataset":[],"FAQPage":[],"Movie":[],"Person":[],"Product":[],"ProductReview":[],"Car":[],"Recipe":[],"Service":[],"SoftwareApplication":[],"WebPage":[]},"graphName":"Article","isEnabled":true},"graphs":[]},"schema_type":"default","schema_type_options":null,"pillar_content":false,"robots_default":true,"robots_noindex":false,"robots_noarchive":false,"robots_nosnippet":false,"robots_nofollow":false,"robots_noimageindex":false,"robots_noodp":false,"robots_notranslate":false,"robots_max_snippet":null,"robots_max_videopreview":null,"robots_max_imagepreview":"large","priority":null,"frequency":null,"local_seo":null,"breadcrumb_settings":null,"limit_modified_date":false,"ai":null,"created":"2026-08-27 23:40:32","updated":"2026-08-27 23:40:32","focus_keyword":null,"additional_keywords":null,"truseo_locale":null,"seo_analyzer_scan_date":null},"aioseo_breadcrumb":"<div class=\"aioseo-breadcrumbs\"><span class=\"aioseo-breadcrumb\">\n\t\t\t<a href=\"https:\/\/www.encontrabelem.com.br\/sobre\" title=\"In\u00edcio\">In\u00edcio<\/a>\n\t\t<\/span><span class=\"aioseo-breadcrumb-separator\">&raquo;<\/span><span class=\"aioseo-breadcrumb\">\n\t\t\t<a href=\"https:\/\/www.encontrabelem.com.br\/sobre\/lugares-para-comer-belem\" title=\"Lugares para Comer Bel\u00e9m\">Lugares para Comer Bel\u00e9m<\/a>\n\t\t<\/span><span class=\"aioseo-breadcrumb-separator\">&raquo;<\/span><span class=\"aioseo-breadcrumb\">\n\t\t\tVeja o que fazer em Bel\u00e9m: Renato e Seus Blue Caps, MC Meno K, Festival de Gastronomia e Feira do Livro\n\t\t<\/span><\/div>","aioseo_breadcrumb_json":[{"label":"In\u00edcio","link":"https:\/\/www.encontrabelem.com.br\/sobre"},{"label":"Lugares para Comer Bel\u00e9m","link":"https:\/\/www.encontrabelem.com.br\/sobre\/lugares-para-comer-belem"},{"label":"Veja o que fazer em Bel\u00e9m: Renato e Seus Blue Caps, MC Meno K, Festival de Gastronomia e Feira do Livro","link":"https:\/\/www.encontrabelem.com.br\/sobre\/veja-o-que-fazer-em-belem-renato-e-seus-blue-caps-mc-meno-k-festival-de-gastronomia-e-feira-do-livro"}],"_links":{"self":[{"href":"https:\/\/www.encontrabelem.com.br\/sobre\/wp-json\/wp\/v2\/posts\/2371","targetHints":{"allow":["GET"]}}],"collection":[{"href":"https:\/\/www.encontrabelem.com.br\/sobre\/wp-json\/wp\/v2\/posts"}],"about":[{"href":"https:\/\/www.encontrabelem.com.br\/sobre\/wp-json\/wp\/v2\/types\/post"}],"author":[{"embeddable":true,"href":"https:\/\/www.encontrabelem.com.br\/sobre\/wp-json\/wp\/v2\/users\/1"}],"replies":[{"embeddable":true,"href":"https:\/\/www.encontrabelem.com.br\/sobre\/wp-json\/wp\/v2\/comments?post=2371"}],"version-history":[{"count":0,"href":"https:\/\/www.encontrabelem.com.br\/sobre\/wp-json\/wp\/v2\/posts\/2371\/revisions"}],"wp:featuredmedia":[{"embeddable":true,"href":"https:\/\/www.encontrabelem.com.br\/sobre\/wp-json\/wp\/v2\/media\/2370"}],"wp:attachment":[{"href":"https:\/\/www.encontrabelem.com.br\/sobre\/wp-json\/wp\/v2\/media?parent=2371"}],"wp:term":[{"taxonomy":"category","embeddable":true,"href":"https:\/\/www.encontrabelem.com.br\/sobre\/wp-json\/wp\/v2\/categories?post=2371"},{"taxonomy":"post_tag","embeddable":true,"href":"https:\/\/www.encontrabelem.com.br\/sobre\/wp-json\/wp\/v2\/tags?post=2371"}],"curies":[{"name":"wp","href":"https:\/\/api.w.org\/{rel}","templated":true}]}}