{"id":2349,"date":"2026-08-26T20:33:15","date_gmt":"2026-08-26T23:33:15","guid":{"rendered":"https:\/\/www.encontrabelem.com.br\/sobre\/temporal-com-ventos-fortes-derruba-arvores-e-assusta-moradores-e-turistas-em-mosqueiro-ilha-de-belem"},"modified":"2026-08-26T20:33:15","modified_gmt":"2026-08-26T23:33:15","slug":"temporal-com-ventos-fortes-derruba-arvores-e-assusta-moradores-e-turistas-em-mosqueiro-ilha-de-belem","status":"publish","type":"post","link":"https:\/\/www.encontrabelem.com.br\/sobre\/temporal-com-ventos-fortes-derruba-arvores-e-assusta-moradores-e-turistas-em-mosqueiro-ilha-de-belem","title":{"rendered":"Temporal com ventos fortes derruba \u00e1rvores e assusta moradores e turistas em Mosqueiro, ilha de Bel\u00e9m"},"content":{"rendered":"<div class=\"b22802487b0d38c4c6d9f34966e16421\" data-index=\"1\" style=\"float: none; margin:0px;\">\n<!-- Anuncio display - global -->\r\n<ins class=\"adsbygoogle\"\r\n     style=\"display:block\"\r\n     data-ad-client=\"ca-pub-8585364105181520\"\r\n     data-ad-slot=\"8789329856\"\r\n     data-ad-format=\"auto\"\r\n     data-full-width-responsive=\"true\"><\/ins>\r\n<script>\r\n     (adsbygoogle = window.adsbygoogle || []).push({});\r\n<\/script>\n<\/div>\n<h2>Queda de \u00c1rvores na Praia do Farol<\/h2>\n<p>Na ter\u00e7a-feira, 28 de julho, a Praia do Farol, situada na ilha de Mosqueiro, em Bel\u00e9m, enfrentou um violento temporal. Os ventos fortes resultaram na queda de v\u00e1rias \u00e1rvores, criando uma atmosfera de apreens\u00e3o entre moradores e turistas que estavam aproveitando as f\u00e9rias de julho. De acordo com relatos, a praia, normalmente cheia de banhistas desfrutando do sol e da \u00e1gua, viu muitos deles se refugiarem em barracas locais devido \u00e0 intensidade da tempestade.<\/p>\n<h2>Impactos na Rede El\u00e9trica<\/h2>\n<p>Os impactos do temporal n\u00e3o se restringiram apenas \u00e0 vegeta\u00e7\u00e3o; a rede el\u00e9trica da regi\u00e3o tamb\u00e9m sofreu severos danos. O rompimento da fia\u00e7\u00e3o el\u00e9trica em v\u00e1rias \u00e1reas ocasionou curtos-circuitos, afetando o fornecimento de energia e causing alarm among locals. Apesar da gravidade da situa\u00e7\u00e3o, at\u00e9 o momento, n\u00e3o foram reportados feridos.<\/p>\n<h2>Moradores em Alerta<\/h2>\n<p>Os moradores da ilha de Mosqueiro mostraram grande preocupa\u00e7\u00e3o durante o evento clim\u00e1tico. A queda de \u00e1rvores representa n\u00e3o s\u00f3 um risco imediato, mas tamb\u00e9m poss\u00edveis danos a im\u00f3veis e ve\u00edculos. As autoridades locais alertaram para que os residentes ficassem atentos \u00e0s condi\u00e7\u00f5es clim\u00e1ticas e evitem \u00e1reas amea\u00e7adas por \u00e1rvores inst\u00e1veis.<\/p>\n<p><img decoding=\"async\" src=\"https:\/\/www.encontrabelem.com.br\/sobre\/wp-content\/uploads\/2026\/08\/temporal-com-ventos-fortes-derruba-arvores-e-assusta-moradores-e-turistas-em-mosqueiro-ilha-de-belem.webp\" alt=\"temporal em mosqueiro\" loading=\"lazy\" \/><\/p>\n<h2>Equipes de Limpeza Mobilizadas<\/h2>\n<p>Em resposta aos danos causados pelo temporal, a Secretaria de Zeladoria e Conserva\u00e7\u00e3o Urbana de Bel\u00e9m, atrav\u00e9s da Subprefeitura de Mosqueiro, mobilizou equipes para lidar com a situa\u00e7\u00e3o. A remo\u00e7\u00e3o dos escombros e das \u00e1rvores ca\u00eddas foi uma prioridade, com ajuda do Corpo de Bombeiros para garantir a seguran\u00e7a nas vias afetadas. Assim que a situa\u00e7\u00e3o foi controlada, as vias foram liberadas para o tr\u00e1fego novamente.<\/p>\n<h2>Ref\u00fagios Pr\u00f3ximos aos Turistas<\/h2>\n<p>Os turistas, pegos de surpresa pelo temporal, tiveram que buscar abrigo nas barracas e outros locais pr\u00f3ximos. Propriet\u00e1rios de estabelecimentos na Praia do Farol foram \u00e1geis em acionar medidas de seguran\u00e7a e oferecer suporte aos visitantes. Embora o clima tenha atrapalhado os dias de lazer programados, muitos funcion\u00e1rios mostraram dedica\u00e7\u00e3o em assegurar que todos estivessem a salvo.<\/p>\n<h2>Danos Materiais em Mosqueiro<\/h2>\n<p>Al\u00e9m dos danos diretos \u00e0 vegeta\u00e7\u00e3o e \u00e0 eletricidade, muitos estabelecimentos comerciais e resid\u00eancias na regi\u00e3o tamb\u00e9m relataram preju\u00edzos materiais. As quedas de \u00e1rvores impactaram a infraestrutura local, levando a pedestres a evitarem algumas \u00e1reas enquanto as equipes de limpeza e recupera\u00e7\u00e3o estavam em opera\u00e7\u00e3o. Essa situa\u00e7\u00e3o abre um questionamento sobre a necessidade de a\u00e7\u00f5es preventivas para evitar danos dessa magnitude em futuras tempestades.<\/p>\n<h2>Hist\u00f3rico de Temporais na Regi\u00e3o<\/h2>\n<p>A regi\u00e3o da ilha de Mosqueiro n\u00e3o \u00e9 estranha a tempestades severas, especialmente durante os meses de chuvas fortes. Historicamente, as consequ\u00eancias de tais eventos incluem quedas de \u00e1rvores e interrup\u00e7\u00f5es no fornecimento de energia el\u00e9trica. \u00c9 importante que moradores e turistas estejam sempre cientes das previs\u00f5es meteorol\u00f3gicas para que possam se preparar adequadamente.<\/p>\n<h2>Previs\u00f5es Meteorol\u00f3gicas Futuras<\/h2>\n<p>De acordo com meteorologistas, ap\u00f3s este epis\u00f3dio de tempestade, a probabilidade de novas chuvas intensas permanece, especialmente durante a temporada de inverno na regi\u00e3o Amaz\u00f4nica. A popula\u00e7\u00e3o \u00e9 aconselhada a manter-se informada sobre as condi\u00e7\u00f5es clim\u00e1ticas e a agir com precau\u00e7\u00e3o.\u201d<\/p>\n<h2>Orienta\u00e7\u00f5es de Seguran\u00e7a para Turistas<\/h2>\n<p>Em situa\u00e7\u00f5es como essa, \u00e9 essencial seguir algumas orienta\u00e7\u00f5es de seguran\u00e7a:<\/p>\n<ul>\n<li><strong>Busque abrigo:<\/strong> Sempre que houver previs\u00e3o de tempestades, procure abrigos seguros.<\/li>\n<li><strong>Evite \u00e1reas arborizadas:<\/strong> D\u00ea prefer\u00eancia a locais sem \u00e1rvores quando o tempo se tornar severo.<\/li>\n<li><strong>Mantenha-se informado:<\/strong> Consulte a previs\u00e3o do tempo e mantenha-se atualizado sobre as condi\u00e7\u00f5es clim\u00e1ticas locais.<\/li>\n<li><strong>Tenha sempre seu celular pr\u00f3ximo:<\/strong> Em caso de emerg\u00eancia, um telefone poder\u00e1 ser vital para a comunica\u00e7\u00e3o.<\/li>\n<\/ul>\n<h2>A Recupera\u00e7\u00e3o Ap\u00f3s o Temporal<\/h2>\n<p>Ap\u00f3s a passagem do temporal, a recupera\u00e7\u00e3o \u00e9 uma tarefa complexa. Equipes de servi\u00e7os essenciais foram mobilizadas para restaurar os servi\u00e7os e ajudar na limpeza das \u00e1reas afetadas. Al\u00e9m disso, um apelo \u00e0 comunidade local para unir esfor\u00e7os na recupera\u00e7\u00e3o e na preven\u00e7\u00e3o de futuros desastres foi destacado, dada a import\u00e2ncia de uma rede de apoio entre moradores e turistas.<\/p>\n\n<div style=\"font-size: 0px; height: 0px; line-height: 0px; margin: 0; padding: 0; clear: both;\"><\/div>","protected":false},"excerpt":{"rendered":"<p>O temporal em Mosqueiro derrubou \u00e1rvores e assustou turistas durante as f\u00e9rias em Bel\u00e9m.<\/p>\n","protected":false},"author":1,"featured_media":2348,"comment_status":"open","ping_status":"closed","sticky":false,"template":"","format":"standard","meta":{"footnotes":""},"categories":[1],"tags":[],"class_list":["post-2349","post","type-post","status-publish","format-standard","has-post-thumbnail","hentry","category-noticias-em-belem","has_thumb"],"aioseo_notices":[],"aioseo_head":"\n\t\t<!-- All in One SEO 5.0.0.1 - aioseo.com -->\n\t<meta name=\"description\" content=\"O temporal em Mosqueiro derrubou \u00e1rvores e assustou turistas durante as f\u00e9rias em Bel\u00e9m.\" \/>\n\t<meta name=\"robots\" content=\"max-image-preview:large\" \/>\n\t<meta name=\"author\" content=\"Encontra Bel\u00e9m\"\/>\n\t<link rel=\"canonical\" href=\"https:\/\/www.encontrabelem.com.br\/sobre\/temporal-com-ventos-fortes-derruba-arvores-e-assusta-moradores-e-turistas-em-mosqueiro-ilha-de-belem\" \/>\n\t<meta name=\"generator\" content=\"All in One SEO (AIOSEO) 5.0.0.1\" \/>\n\t\t<meta property=\"og:locale\" content=\"pt_BR\" \/>\n\t\t<meta property=\"og:site_name\" content=\"Encontra Bel\u00e9m | Not\u00edcias, eventos, informa\u00e7\u00f5es e dicas na cidade Bel\u00e9m e regi\u00e3o.\" \/>\n\t\t<meta property=\"og:type\" content=\"article\" \/>\n\t\t<meta property=\"og:title\" content=\"Temporal com ventos fortes derruba \u00e1rvores e assusta moradores e turistas em Mosqueiro, ilha de Bel\u00e9m | Encontra Bel\u00e9m\" \/>\n\t\t<meta property=\"og:description\" content=\"O temporal em Mosqueiro derrubou \u00e1rvores e assustou turistas durante as f\u00e9rias em Bel\u00e9m.\" \/>\n\t\t<meta property=\"og:url\" content=\"https:\/\/www.encontrabelem.com.br\/sobre\/temporal-com-ventos-fortes-derruba-arvores-e-assusta-moradores-e-turistas-em-mosqueiro-ilha-de-belem\" \/>\n\t\t<meta property=\"article:published_time\" content=\"2026-08-26T23:33:15+00:00\" \/>\n\t\t<meta property=\"article:modified_time\" content=\"2026-08-26T23:33:15+00:00\" \/>\n\t\t<meta name=\"twitter:card\" content=\"summary\" \/>\n\t\t<meta name=\"twitter:title\" content=\"Temporal com ventos fortes derruba \u00e1rvores e assusta moradores e turistas em Mosqueiro, ilha de Bel\u00e9m | Encontra Bel\u00e9m\" \/>\n\t\t<meta name=\"twitter:description\" content=\"O temporal em Mosqueiro derrubou \u00e1rvores e assustou turistas durante as f\u00e9rias em Bel\u00e9m.\" \/>\n\t\t<script type=\"application\/ld+json\" class=\"aioseo-schema\">\n\t\t\t{\"@context\":\"https:\\\/\\\/schema.org\",\"@graph\":[{\"@type\":\"Article\",\"@id\":\"https:\\\/\\\/www.encontrabelem.com.br\\\/sobre\\\/temporal-com-ventos-fortes-derruba-arvores-e-assusta-moradores-e-turistas-em-mosqueiro-ilha-de-belem#article\",\"name\":\"Temporal com ventos fortes derruba \\u00e1rvores e assusta moradores e turistas em Mosqueiro, ilha de Bel\\u00e9m | Encontra Bel\\u00e9m\",\"headline\":\"Temporal com ventos fortes derruba \\u00e1rvores e assusta moradores e turistas em Mosqueiro, ilha de Bel\\u00e9m\",\"author\":{\"@id\":\"https:\\\/\\\/www.encontrabelem.com.br\\\/sobre\\\/author\\\/ebelem#author\"},\"publisher\":{\"@id\":\"https:\\\/\\\/www.encontrabelem.com.br\\\/sobre\\\/#organization\"},\"image\":{\"@type\":\"ImageObject\",\"url\":\"https:\\\/\\\/www.encontrabelem.com.br\\\/sobre\\\/wp-content\\\/uploads\\\/2026\\\/08\\\/temporal-com-ventos-fortes-derruba-arvores-e-assusta-moradores-e-turistas-em-mosqueiro-ilha-de-belem.webp\",\"width\":280,\"height\":280,\"caption\":\"temporal em mosqueiro\"},\"datePublished\":\"2026-08-26T20:33:15-03:00\",\"dateModified\":\"2026-08-26T20:33:15-03:00\",\"inLanguage\":\"pt-BR\",\"mainEntityOfPage\":{\"@id\":\"https:\\\/\\\/www.encontrabelem.com.br\\\/sobre\\\/temporal-com-ventos-fortes-derruba-arvores-e-assusta-moradores-e-turistas-em-mosqueiro-ilha-de-belem#webpage\"},\"isPartOf\":{\"@id\":\"https:\\\/\\\/www.encontrabelem.com.br\\\/sobre\\\/temporal-com-ventos-fortes-derruba-arvores-e-assusta-moradores-e-turistas-em-mosqueiro-ilha-de-belem#webpage\"},\"articleSection\":\"Not\\u00edcias Bel\\u00e9m\"},{\"@type\":\"BreadcrumbList\",\"@id\":\"https:\\\/\\\/www.encontrabelem.com.br\\\/sobre\\\/temporal-com-ventos-fortes-derruba-arvores-e-assusta-moradores-e-turistas-em-mosqueiro-ilha-de-belem#breadcrumblist\",\"itemListElement\":[{\"@type\":\"ListItem\",\"@id\":\"https:\\\/\\\/www.encontrabelem.com.br\\\/sobre#listItem\",\"position\":1,\"name\":\"In\\u00edcio\",\"item\":\"https:\\\/\\\/www.encontrabelem.com.br\\\/sobre\",\"nextItem\":{\"@type\":\"ListItem\",\"@id\":\"https:\\\/\\\/www.encontrabelem.com.br\\\/sobre\\\/noticias-em-belem#listItem\",\"name\":\"Not\\u00edcias Bel\\u00e9m\"}},{\"@type\":\"ListItem\",\"@id\":\"https:\\\/\\\/www.encontrabelem.com.br\\\/sobre\\\/noticias-em-belem#listItem\",\"position\":2,\"name\":\"Not\\u00edcias Bel\\u00e9m\",\"item\":\"https:\\\/\\\/www.encontrabelem.com.br\\\/sobre\\\/noticias-em-belem\",\"nextItem\":{\"@type\":\"ListItem\",\"@id\":\"https:\\\/\\\/www.encontrabelem.com.br\\\/sobre\\\/temporal-com-ventos-fortes-derruba-arvores-e-assusta-moradores-e-turistas-em-mosqueiro-ilha-de-belem#listItem\",\"name\":\"Temporal com ventos fortes derruba \\u00e1rvores e assusta moradores e turistas em Mosqueiro, ilha de Bel\\u00e9m\"},\"previousItem\":{\"@type\":\"ListItem\",\"@id\":\"https:\\\/\\\/www.encontrabelem.com.br\\\/sobre#listItem\",\"name\":\"In\\u00edcio\"}},{\"@type\":\"ListItem\",\"@id\":\"https:\\\/\\\/www.encontrabelem.com.br\\\/sobre\\\/temporal-com-ventos-fortes-derruba-arvores-e-assusta-moradores-e-turistas-em-mosqueiro-ilha-de-belem#listItem\",\"position\":3,\"name\":\"Temporal com ventos fortes derruba \\u00e1rvores e assusta moradores e turistas em Mosqueiro, ilha de Bel\\u00e9m\",\"previousItem\":{\"@type\":\"ListItem\",\"@id\":\"https:\\\/\\\/www.encontrabelem.com.br\\\/sobre\\\/noticias-em-belem#listItem\",\"name\":\"Not\\u00edcias Bel\\u00e9m\"}}]},{\"@type\":\"Organization\",\"@id\":\"https:\\\/\\\/www.encontrabelem.com.br\\\/sobre\\\/#organization\",\"name\":\"Encontra Bel\\u00e9m\",\"description\":\"Not\\u00edcias, eventos, informa\\u00e7\\u00f5es e dicas na cidade Bel\\u00e9m e regi\\u00e3o.\",\"url\":\"https:\\\/\\\/www.encontrabelem.com.br\\\/sobre\\\/\"},{\"@type\":\"Person\",\"@id\":\"https:\\\/\\\/www.encontrabelem.com.br\\\/sobre\\\/author\\\/ebelem#author\",\"url\":\"https:\\\/\\\/www.encontrabelem.com.br\\\/sobre\\\/author\\\/ebelem\",\"name\":\"Encontra Bel\\u00e9m\",\"image\":{\"@type\":\"ImageObject\",\"@id\":\"https:\\\/\\\/www.encontrabelem.com.br\\\/sobre\\\/temporal-com-ventos-fortes-derruba-arvores-e-assusta-moradores-e-turistas-em-mosqueiro-ilha-de-belem#authorImage\",\"url\":\"https:\\\/\\\/secure.gravatar.com\\\/avatar\\\/507340682b8270222e1f208e23198b6ae7e2c6a1033ae84e99bc6bce4f82a387?s=96&d=mm&r=g\",\"width\":96,\"height\":96,\"caption\":\"Encontra Bel\\u00e9m\"}},{\"@type\":\"WebPage\",\"@id\":\"https:\\\/\\\/www.encontrabelem.com.br\\\/sobre\\\/temporal-com-ventos-fortes-derruba-arvores-e-assusta-moradores-e-turistas-em-mosqueiro-ilha-de-belem#webpage\",\"url\":\"https:\\\/\\\/www.encontrabelem.com.br\\\/sobre\\\/temporal-com-ventos-fortes-derruba-arvores-e-assusta-moradores-e-turistas-em-mosqueiro-ilha-de-belem\",\"name\":\"Temporal com ventos fortes derruba \\u00e1rvores e assusta moradores e turistas em Mosqueiro, ilha de Bel\\u00e9m | Encontra Bel\\u00e9m\",\"description\":\"O temporal em Mosqueiro derrubou \\u00e1rvores e assustou turistas durante as f\\u00e9rias em Bel\\u00e9m.\",\"inLanguage\":\"pt-BR\",\"isPartOf\":{\"@id\":\"https:\\\/\\\/www.encontrabelem.com.br\\\/sobre\\\/#website\"},\"breadcrumb\":{\"@id\":\"https:\\\/\\\/www.encontrabelem.com.br\\\/sobre\\\/temporal-com-ventos-fortes-derruba-arvores-e-assusta-moradores-e-turistas-em-mosqueiro-ilha-de-belem#breadcrumblist\"},\"author\":{\"@id\":\"https:\\\/\\\/www.encontrabelem.com.br\\\/sobre\\\/author\\\/ebelem#author\"},\"creator\":{\"@id\":\"https:\\\/\\\/www.encontrabelem.com.br\\\/sobre\\\/author\\\/ebelem#author\"},\"image\":{\"@type\":\"ImageObject\",\"url\":\"https:\\\/\\\/www.encontrabelem.com.br\\\/sobre\\\/wp-content\\\/uploads\\\/2026\\\/08\\\/temporal-com-ventos-fortes-derruba-arvores-e-assusta-moradores-e-turistas-em-mosqueiro-ilha-de-belem.webp\",\"@id\":\"https:\\\/\\\/www.encontrabelem.com.br\\\/sobre\\\/temporal-com-ventos-fortes-derruba-arvores-e-assusta-moradores-e-turistas-em-mosqueiro-ilha-de-belem\\\/#mainImage\",\"width\":280,\"height\":280,\"caption\":\"temporal em mosqueiro\"},\"primaryImageOfPage\":{\"@id\":\"https:\\\/\\\/www.encontrabelem.com.br\\\/sobre\\\/temporal-com-ventos-fortes-derruba-arvores-e-assusta-moradores-e-turistas-em-mosqueiro-ilha-de-belem#mainImage\"},\"datePublished\":\"2026-08-26T20:33:15-03:00\",\"dateModified\":\"2026-08-26T20:33:15-03:00\"},{\"@type\":\"WebSite\",\"@id\":\"https:\\\/\\\/www.encontrabelem.com.br\\\/sobre\\\/#website\",\"url\":\"https:\\\/\\\/www.encontrabelem.com.br\\\/sobre\\\/\",\"name\":\"Encontra Bel\\u00e9m\",\"description\":\"Not\\u00edcias, eventos, informa\\u00e7\\u00f5es e dicas na cidade Bel\\u00e9m e regi\\u00e3o.\",\"inLanguage\":\"pt-BR\",\"publisher\":{\"@id\":\"https:\\\/\\\/www.encontrabelem.com.br\\\/sobre\\\/#organization\"}}]}\n\t\t<\/script>\n\t\t<!-- All in One SEO -->\n\n","aioseo_head_json":{"title":"Temporal com ventos fortes derruba \u00e1rvores e assusta moradores e turistas em Mosqueiro, ilha de Bel\u00e9m | Encontra Bel\u00e9m","description":"O temporal em Mosqueiro derrubou \u00e1rvores e assustou turistas durante as f\u00e9rias em Bel\u00e9m.","canonical_url":"https:\/\/www.encontrabelem.com.br\/sobre\/temporal-com-ventos-fortes-derruba-arvores-e-assusta-moradores-e-turistas-em-mosqueiro-ilha-de-belem","robots":"max-image-preview:large","keywords":"","webmasterTools":{"miscellaneous":""},"schema":{"@context":"https:\/\/schema.org","@graph":[{"@type":"Article","@id":"https:\/\/www.encontrabelem.com.br\/sobre\/temporal-com-ventos-fortes-derruba-arvores-e-assusta-moradores-e-turistas-em-mosqueiro-ilha-de-belem#article","name":"Temporal com ventos fortes derruba \u00e1rvores e assusta moradores e turistas em Mosqueiro, ilha de Bel\u00e9m | Encontra Bel\u00e9m","headline":"Temporal com ventos fortes derruba \u00e1rvores e assusta moradores e turistas em Mosqueiro, ilha de Bel\u00e9m","author":{"@id":"https:\/\/www.encontrabelem.com.br\/sobre\/author\/ebelem#author"},"publisher":{"@id":"https:\/\/www.encontrabelem.com.br\/sobre\/#organization"},"image":{"@type":"ImageObject","url":"https:\/\/www.encontrabelem.com.br\/sobre\/wp-content\/uploads\/2026\/08\/temporal-com-ventos-fortes-derruba-arvores-e-assusta-moradores-e-turistas-em-mosqueiro-ilha-de-belem.webp","width":280,"height":280,"caption":"temporal em mosqueiro"},"datePublished":"2026-08-26T20:33:15-03:00","dateModified":"2026-08-26T20:33:15-03:00","inLanguage":"pt-BR","mainEntityOfPage":{"@id":"https:\/\/www.encontrabelem.com.br\/sobre\/temporal-com-ventos-fortes-derruba-arvores-e-assusta-moradores-e-turistas-em-mosqueiro-ilha-de-belem#webpage"},"isPartOf":{"@id":"https:\/\/www.encontrabelem.com.br\/sobre\/temporal-com-ventos-fortes-derruba-arvores-e-assusta-moradores-e-turistas-em-mosqueiro-ilha-de-belem#webpage"},"articleSection":"Not\u00edcias Bel\u00e9m"},{"@type":"BreadcrumbList","@id":"https:\/\/www.encontrabelem.com.br\/sobre\/temporal-com-ventos-fortes-derruba-arvores-e-assusta-moradores-e-turistas-em-mosqueiro-ilha-de-belem#breadcrumblist","itemListElement":[{"@type":"ListItem","@id":"https:\/\/www.encontrabelem.com.br\/sobre#listItem","position":1,"name":"In\u00edcio","item":"https:\/\/www.encontrabelem.com.br\/sobre","nextItem":{"@type":"ListItem","@id":"https:\/\/www.encontrabelem.com.br\/sobre\/noticias-em-belem#listItem","name":"Not\u00edcias Bel\u00e9m"}},{"@type":"ListItem","@id":"https:\/\/www.encontrabelem.com.br\/sobre\/noticias-em-belem#listItem","position":2,"name":"Not\u00edcias Bel\u00e9m","item":"https:\/\/www.encontrabelem.com.br\/sobre\/noticias-em-belem","nextItem":{"@type":"ListItem","@id":"https:\/\/www.encontrabelem.com.br\/sobre\/temporal-com-ventos-fortes-derruba-arvores-e-assusta-moradores-e-turistas-em-mosqueiro-ilha-de-belem#listItem","name":"Temporal com ventos fortes derruba \u00e1rvores e assusta moradores e turistas em Mosqueiro, ilha de Bel\u00e9m"},"previousItem":{"@type":"ListItem","@id":"https:\/\/www.encontrabelem.com.br\/sobre#listItem","name":"In\u00edcio"}},{"@type":"ListItem","@id":"https:\/\/www.encontrabelem.com.br\/sobre\/temporal-com-ventos-fortes-derruba-arvores-e-assusta-moradores-e-turistas-em-mosqueiro-ilha-de-belem#listItem","position":3,"name":"Temporal com ventos fortes derruba \u00e1rvores e assusta moradores e turistas em Mosqueiro, ilha de Bel\u00e9m","previousItem":{"@type":"ListItem","@id":"https:\/\/www.encontrabelem.com.br\/sobre\/noticias-em-belem#listItem","name":"Not\u00edcias Bel\u00e9m"}}]},{"@type":"Organization","@id":"https:\/\/www.encontrabelem.com.br\/sobre\/#organization","name":"Encontra Bel\u00e9m","description":"Not\u00edcias, eventos, informa\u00e7\u00f5es e dicas na cidade Bel\u00e9m e regi\u00e3o.","url":"https:\/\/www.encontrabelem.com.br\/sobre\/"},{"@type":"Person","@id":"https:\/\/www.encontrabelem.com.br\/sobre\/author\/ebelem#author","url":"https:\/\/www.encontrabelem.com.br\/sobre\/author\/ebelem","name":"Encontra Bel\u00e9m","image":{"@type":"ImageObject","@id":"https:\/\/www.encontrabelem.com.br\/sobre\/temporal-com-ventos-fortes-derruba-arvores-e-assusta-moradores-e-turistas-em-mosqueiro-ilha-de-belem#authorImage","url":"https:\/\/secure.gravatar.com\/avatar\/507340682b8270222e1f208e23198b6ae7e2c6a1033ae84e99bc6bce4f82a387?s=96&d=mm&r=g","width":96,"height":96,"caption":"Encontra Bel\u00e9m"}},{"@type":"WebPage","@id":"https:\/\/www.encontrabelem.com.br\/sobre\/temporal-com-ventos-fortes-derruba-arvores-e-assusta-moradores-e-turistas-em-mosqueiro-ilha-de-belem#webpage","url":"https:\/\/www.encontrabelem.com.br\/sobre\/temporal-com-ventos-fortes-derruba-arvores-e-assusta-moradores-e-turistas-em-mosqueiro-ilha-de-belem","name":"Temporal com ventos fortes derruba \u00e1rvores e assusta moradores e turistas em Mosqueiro, ilha de Bel\u00e9m | Encontra Bel\u00e9m","description":"O temporal em Mosqueiro derrubou \u00e1rvores e assustou turistas durante as f\u00e9rias em Bel\u00e9m.","inLanguage":"pt-BR","isPartOf":{"@id":"https:\/\/www.encontrabelem.com.br\/sobre\/#website"},"breadcrumb":{"@id":"https:\/\/www.encontrabelem.com.br\/sobre\/temporal-com-ventos-fortes-derruba-arvores-e-assusta-moradores-e-turistas-em-mosqueiro-ilha-de-belem#breadcrumblist"},"author":{"@id":"https:\/\/www.encontrabelem.com.br\/sobre\/author\/ebelem#author"},"creator":{"@id":"https:\/\/www.encontrabelem.com.br\/sobre\/author\/ebelem#author"},"image":{"@type":"ImageObject","url":"https:\/\/www.encontrabelem.com.br\/sobre\/wp-content\/uploads\/2026\/08\/temporal-com-ventos-fortes-derruba-arvores-e-assusta-moradores-e-turistas-em-mosqueiro-ilha-de-belem.webp","@id":"https:\/\/www.encontrabelem.com.br\/sobre\/temporal-com-ventos-fortes-derruba-arvores-e-assusta-moradores-e-turistas-em-mosqueiro-ilha-de-belem\/#mainImage","width":280,"height":280,"caption":"temporal em mosqueiro"},"primaryImageOfPage":{"@id":"https:\/\/www.encontrabelem.com.br\/sobre\/temporal-com-ventos-fortes-derruba-arvores-e-assusta-moradores-e-turistas-em-mosqueiro-ilha-de-belem#mainImage"},"datePublished":"2026-08-26T20:33:15-03:00","dateModified":"2026-08-26T20:33:15-03:00"},{"@type":"WebSite","@id":"https:\/\/www.encontrabelem.com.br\/sobre\/#website","url":"https:\/\/www.encontrabelem.com.br\/sobre\/","name":"Encontra Bel\u00e9m","description":"Not\u00edcias, eventos, informa\u00e7\u00f5es e dicas na cidade Bel\u00e9m e regi\u00e3o.","inLanguage":"pt-BR","publisher":{"@id":"https:\/\/www.encontrabelem.com.br\/sobre\/#organization"}}]},"og:locale":"pt_BR","og:site_name":"Encontra Bel\u00e9m | Not\u00edcias, eventos, informa\u00e7\u00f5es e dicas na cidade Bel\u00e9m e regi\u00e3o.","og:type":"article","og:title":"Temporal com ventos fortes derruba \u00e1rvores e assusta moradores e turistas em Mosqueiro, ilha de Bel\u00e9m | Encontra Bel\u00e9m","og:description":"O temporal em Mosqueiro derrubou \u00e1rvores e assustou turistas durante as f\u00e9rias em Bel\u00e9m.","og:url":"https:\/\/www.encontrabelem.com.br\/sobre\/temporal-com-ventos-fortes-derruba-arvores-e-assusta-moradores-e-turistas-em-mosqueiro-ilha-de-belem","article:published_time":"2026-08-26T23:33:15+00:00","article:modified_time":"2026-08-26T23:33:15+00:00","twitter:card":"summary","twitter:title":"Temporal com ventos fortes derruba \u00e1rvores e assusta moradores e turistas em Mosqueiro, ilha de Bel\u00e9m | Encontra Bel\u00e9m","twitter:description":"O temporal em Mosqueiro derrubou \u00e1rvores e assustou turistas durante as f\u00e9rias em Bel\u00e9m."},"aioseo_meta_data":{"post_id":"2349","title":null,"description":null,"keywords":null,"keyphrases":null,"primary_term":null,"canonical_url":null,"og_title":null,"og_description":null,"og_object_type":"default","og_image_type":"default","og_image_url":null,"og_image_width":null,"og_image_height":null,"og_image_custom_url":null,"og_image_custom_fields":null,"og_video":null,"og_custom_url":null,"og_article_section":null,"og_article_tags":null,"twitter_use_og":false,"twitter_card":"default","twitter_image_type":"default","twitter_image_url":null,"twitter_image_custom_url":null,"twitter_image_custom_fields":null,"twitter_title":null,"twitter_description":null,"schema":{"blockGraphs":[],"customGraphs":[],"default":{"data":{"Article":[],"Course":[],"Dataset":[],"FAQPage":[],"Movie":[],"Person":[],"Product":[],"ProductReview":[],"Car":[],"Recipe":[],"Service":[],"SoftwareApplication":[],"WebPage":[]},"graphName":"Article","isEnabled":true},"graphs":[]},"schema_type":"default","schema_type_options":null,"pillar_content":false,"robots_default":true,"robots_noindex":false,"robots_noarchive":false,"robots_nosnippet":false,"robots_nofollow":false,"robots_noimageindex":false,"robots_noodp":false,"robots_notranslate":false,"robots_max_snippet":null,"robots_max_videopreview":null,"robots_max_imagepreview":"large","priority":null,"frequency":null,"local_seo":null,"breadcrumb_settings":null,"limit_modified_date":false,"ai":null,"created":"2026-08-26 23:33:15","updated":"2026-08-26 23:33:15","focus_keyword":null,"additional_keywords":null,"truseo_locale":null,"seo_analyzer_scan_date":null},"aioseo_breadcrumb":"<div class=\"aioseo-breadcrumbs\"><span class=\"aioseo-breadcrumb\">\n\t\t\t<a href=\"https:\/\/www.encontrabelem.com.br\/sobre\" title=\"In\u00edcio\">In\u00edcio<\/a>\n\t\t<\/span><span class=\"aioseo-breadcrumb-separator\">&raquo;<\/span><span class=\"aioseo-breadcrumb\">\n\t\t\t<a href=\"https:\/\/www.encontrabelem.com.br\/sobre\/noticias-em-belem\" title=\"Not\u00edcias Bel\u00e9m\">Not\u00edcias Bel\u00e9m<\/a>\n\t\t<\/span><span class=\"aioseo-breadcrumb-separator\">&raquo;<\/span><span class=\"aioseo-breadcrumb\">\n\t\t\tTemporal com ventos fortes derruba \u00e1rvores e assusta moradores e turistas em Mosqueiro, ilha de Bel\u00e9m\n\t\t<\/span><\/div>","aioseo_breadcrumb_json":[{"label":"In\u00edcio","link":"https:\/\/www.encontrabelem.com.br\/sobre"},{"label":"Not\u00edcias Bel\u00e9m","link":"https:\/\/www.encontrabelem.com.br\/sobre\/noticias-em-belem"},{"label":"Temporal com ventos fortes derruba \u00e1rvores e assusta moradores e turistas em Mosqueiro, ilha de Bel\u00e9m","link":"https:\/\/www.encontrabelem.com.br\/sobre\/temporal-com-ventos-fortes-derruba-arvores-e-assusta-moradores-e-turistas-em-mosqueiro-ilha-de-belem"}],"_links":{"self":[{"href":"https:\/\/www.encontrabelem.com.br\/sobre\/wp-json\/wp\/v2\/posts\/2349","targetHints":{"allow":["GET"]}}],"collection":[{"href":"https:\/\/www.encontrabelem.com.br\/sobre\/wp-json\/wp\/v2\/posts"}],"about":[{"href":"https:\/\/www.encontrabelem.com.br\/sobre\/wp-json\/wp\/v2\/types\/post"}],"author":[{"embeddable":true,"href":"https:\/\/www.encontrabelem.com.br\/sobre\/wp-json\/wp\/v2\/users\/1"}],"replies":[{"embeddable":true,"href":"https:\/\/www.encontrabelem.com.br\/sobre\/wp-json\/wp\/v2\/comments?post=2349"}],"version-history":[{"count":0,"href":"https:\/\/www.encontrabelem.com.br\/sobre\/wp-json\/wp\/v2\/posts\/2349\/revisions"}],"wp:featuredmedia":[{"embeddable":true,"href":"https:\/\/www.encontrabelem.com.br\/sobre\/wp-json\/wp\/v2\/media\/2348"}],"wp:attachment":[{"href":"https:\/\/www.encontrabelem.com.br\/sobre\/wp-json\/wp\/v2\/media?parent=2349"}],"wp:term":[{"taxonomy":"category","embeddable":true,"href":"https:\/\/www.encontrabelem.com.br\/sobre\/wp-json\/wp\/v2\/categories?post=2349"},{"taxonomy":"post_tag","embeddable":true,"href":"https:\/\/www.encontrabelem.com.br\/sobre\/wp-json\/wp\/v2\/tags?post=2349"}],"curies":[{"name":"wp","href":"https:\/\/api.w.org\/{rel}","templated":true}]}}