{"id":2345,"date":"2026-08-26T20:29:02","date_gmt":"2026-08-26T23:29:02","guid":{"rendered":"https:\/\/www.encontrabelem.com.br\/sobre\/concurso-belem-pa-comissao-e-formada-para-viabilizar-novo-edital"},"modified":"2026-08-26T20:29:02","modified_gmt":"2026-08-26T23:29:02","slug":"concurso-belem-pa-comissao-e-formada-para-viabilizar-novo-edital","status":"publish","type":"post","link":"https:\/\/www.encontrabelem.com.br\/sobre\/concurso-belem-pa-comissao-e-formada-para-viabilizar-novo-edital","title":{"rendered":"Concurso Bel\u00e9m PA: comiss\u00e3o \u00e9 formada para viabilizar novo edital"},"content":{"rendered":"<div class=\"b22802487b0d38c4c6d9f34966e16421\" data-index=\"1\" style=\"float: none; margin:0px;\">\n<!-- Anuncio display - global -->\r\n<ins class=\"adsbygoogle\"\r\n     style=\"display:block\"\r\n     data-ad-client=\"ca-pub-8585364105181520\"\r\n     data-ad-slot=\"8789329856\"\r\n     data-ad-format=\"auto\"\r\n     data-full-width-responsive=\"true\"><\/ins>\r\n<script>\r\n     (adsbygoogle = window.adsbygoogle || []).push({});\r\n<\/script>\n<\/div>\n<h2>O que \u00e9 o Concurso Bel\u00e9m PA?<\/h2>\n<p>O Concurso P\u00fablico de Bel\u00e9m, no Par\u00e1, est\u00e1 em fase de planejamento e organiza\u00e7\u00e3o, visando selecionar profissionais para a <strong>Secretaria Municipal de Meio Ambiente (Semma)<\/strong>. Este certame busca atender \u00e0 demanda de vagas e cargos necess\u00e1rios para a efetiva gest\u00e3o ambiental da cidade. Neste contexto, uma comiss\u00e3o foi criada para realizar um levantamento detalhado das necessidades de pessoal e contribuir para a elabora\u00e7\u00e3o do novo edital.<\/p>\n<h2>Detalhes da Comiss\u00e3o Formada<\/h2>\n<p>A comiss\u00e3o designada para o concurso \u00e9 respons\u00e1vel por v\u00e1rias atividades, que s\u00e3o fundamentais para a futura realiza\u00e7\u00e3o do processo seletivo. Essa equipe tem como atribui\u00e7\u00f5es:<\/p>\n<ul>\n<li>Realizar um diagn\u00f3stico do atual quadro de funcion\u00e1rios da Semma, identificando a\u00e7\u00f5es necess\u00e1rias;<\/li>\n<li>Identificar os cargos dispon\u00edveis, aqueles que est\u00e3o ocupados e os que est\u00e3o vagos, al\u00e9m de avaliar a necessidade de novas fun\u00e7\u00f5es;<\/li>\n<li>Analisar as atribui\u00e7\u00f5es e os requisitos de cada cargo, bem como a carga hor\u00e1ria estabelecida;<\/li>\n<li>Verificar a compatibilidade entre a estrutura atual da secretaria e as demandas pelos servi\u00e7os;<\/li>\n<li>Propor o n\u00famero de vagas que poder\u00e3o ser disponibilizadas no concurso p\u00fablico;<\/li>\n<li>Elaborar um relat\u00f3rio t\u00e9cnico detalhado, que servir\u00e1 como base para a Administra\u00e7\u00e3o Municipal;<\/li>\n<li>Sugerir, caso haja necessidade, a minuta de um projeto de lei que contemple a cria\u00e7\u00e3o ou adequa\u00e7\u00e3o de cargos.<\/li>\n<\/ul>\n<h2>Cargos e Vagas Antecipados<\/h2>\n<p>Embora a lista completa de cargos e vagas ainda n\u00e3o tenha sido finalizada, a expectativa \u00e9 de que o levantamento inicial feito pela comiss\u00e3o revele uma s\u00e9rie de oportunidades em diversas \u00e1reas. O foco \u00e9 garantir que a Semma possa operar de forma eficaz, atendendo \u00e0 popula\u00e7\u00e3o e \u00e0s necessidades ambientais do munic\u00edpio.<\/p>\n<p><img decoding=\"async\" src=\"https:\/\/www.encontrabelem.com.br\/sobre\/wp-content\/uploads\/2026\/08\/concurso-belem-pa-comissao-e-formada-para-viabilizar-novo-edital.webp\" alt=\"Concurso Bel\u00e9m PA\" loading=\"lazy\" \/><\/p>\n<h2>Prazos Importantes do Concurso<\/h2>\n<p>A comiss\u00e3o respons\u00e1vel pelo levantamento tem um prazo de <strong>30 dias<\/strong> para concluir seu trabalho. O relat\u00f3rio com as informa\u00e7\u00f5es dever\u00e1 ser entregue at\u00e9 setembro, o que dar\u00e1 in\u00edcio a uma sequ\u00eancia de tr\u00e2mites que culminar\u00e3o na autoriza\u00e7\u00e3o do novo concurso p\u00fablico pela Prefeitura de Bel\u00e9m.<\/p>\n<h2>Expectativas para o Edital<\/h2>\n<p>Ap\u00f3s a aprova\u00e7\u00e3o do levantamento e a autoriza\u00e7\u00e3o do concurso pela Prefeitura, a Semma dar\u00e1 continuidade aos tr\u00e2mites burocr\u00e1ticos para a publica\u00e7\u00e3o do edital. Isso incluir\u00e1 a sele\u00e7\u00e3o da banca organizadora, respons\u00e1vel por receber as inscri\u00e7\u00f5es e aplicar as provas. A previs\u00e3o \u00e9 que a documenta\u00e7\u00e3o necess\u00e1ria seja finalizada logo ap\u00f3s a escolha da institui\u00e7\u00e3o que ir\u00e1 conduzir o concurso.<\/p>\n<h2>Como se Preparar para o Concurso<\/h2>\n<p>Os candidatos interessados devem come\u00e7ar a se preparar para o concurso, mesmo antes da publica\u00e7\u00e3o do edital. Algumas recomenda\u00e7\u00f5es incluem:<\/p>\n<ul>\n<li><strong>Estudar o conte\u00fado program\u00e1tico:<\/strong> Acompanhe as \u00e1reas de conhecimento que podem ser cobradas nas provas e inicie os estudos baseados em temas relevantes;<\/li>\n<li><strong>Praticar com quest\u00f5es de concursos anteriores:<\/strong> Resolva quest\u00f5es de provas passadas para se familiarizar com o formato e o estilo das quest\u00f5es;<\/li>\n<li><strong>Organizar um cronograma de estudos:<\/strong> Defina hor\u00e1rios espec\u00edficos e metas di\u00e1rias para garantir uma prepara\u00e7\u00e3o eficaz;<\/li>\n<li><strong>Utilizar materiais de apoio:<\/strong> Fa\u00e7a uso de apostilas, videoaulas e cursos online para aprofundar o conhecimento em \u00e1reas espec\u00edficas;<\/li>\n<li><strong>Fazer simulados:<\/strong> Realizar testes pr\u00e1ticos pode ajudar a identificar pontos fracos e melhorar o desempenho geral.<\/li>\n<\/ul>\n<h2>Hist\u00f3rico de Concursos em Bel\u00e9m<\/h2>\n<p>O \u00faltimo concurso realizado pela Semma ocorreu em <strong>2012<\/strong>, com um total de <strong>142 vagas<\/strong> destinadas a diferentes n\u00edveis de ensino, incluindo alfabetizado, fundamental, m\u00e9dio e superior. A lista de cargos teve uma ampla gama de op\u00e7\u00f5es que atendeu a diversos perfis de candidatos:<\/p>\n<ul>\n<li><strong>N\u00edvel Alfabetizado\/Fundamental:<\/strong> Incluiu fun\u00e7\u00f5es como Agente de Servi\u00e7os Gerais, Motorista e Pedreiro;<\/li>\n<li><strong>N\u00edvel M\u00e9dio:<\/strong> Abrangiu cargos como T\u00e9cnico em Edifica\u00e7\u00f5es e Agente de Vigil\u00e2ncia Sanit\u00e1ria;<\/li>\n<li><strong>N\u00edvel Superior:<\/strong> Teve vagas para Administradores, Engenheiros e Bi\u00f3logos, entre outros.<\/li>\n<\/ul>\n<p>Na ocasi\u00e3o, os sal\u00e1rios oferecidos chegaram a <strong>R$1,2 mil<\/strong>, com provas objetivas que consistiram em <strong>50 quest\u00f5es<\/strong>. A organiza\u00e7\u00e3o ficou a cargo do Centro de Extens\u00e3o, Treinamento e Aperfei\u00e7oamento Profissional (Cetap).<\/p>\n<h2>Impacto da Comiss\u00e3o na Prefeitura<\/h2>\n<p>A cria\u00e7\u00e3o da comiss\u00e3o para o novo concurso \u00e9 uma medida que demonstra o comprometimento da Prefeitura em manter os servi\u00e7os de meio ambiente adequados e eficientes. Atrav\u00e9s desse processo, a Prefeitura visa n\u00e3o apenas atender \u00e0s demandas atuais, mas tamb\u00e9m planejar o futuro, garantindo que a Semma tenha os recursos humanos necess\u00e1rios para atuar com efic\u00e1cia.<\/p>\n<h2>Dicas para Estudantes de Concursos<\/h2>\n<p>Al\u00e9m da prepara\u00e7\u00e3o acad\u00eamica, \u00e9 importante que os candidatos fiquem atentos a algumas dicas que podem aumentar as chances de sucesso:<\/p>\n<ul>\n<li><strong>Cuidar da sa\u00fade mental e f\u00edsica:<\/strong> Estudar para concursos pode ser estressante. Portanto, \u00e9 essencial reservar tempo para cuidar de si mesmo;<\/li>\n<li><strong>Buscar apoio:<\/strong> Formar grupos de estudo pode ser uma \u00f3tima estrat\u00e9gia para compartilhar conhecimentos e informa\u00e7\u00f5es;<\/li>\n<li><strong>Mant\u00ea-se atualizado:<\/strong> Acompanhe as not\u00edcias relacionadas ao concurso e esteja preparado para poss\u00edveis mudan\u00e7as nas datas ou exig\u00eancias;<\/li>\n<li><strong>Organizar um espa\u00e7o de estudos:<\/strong> Ter um local espec\u00edfico e livre de distra\u00e7\u00f5es pode aumentar a efici\u00eancia dos estudos.<\/li>\n<\/ul>\n<h2>O Futuro da Secretaria de Meio Ambiente<\/h2>\n<p>Com a realiza\u00e7\u00e3o deste concurso, espera-se que a Semma se fortale\u00e7a e consiga aumentar sua capacidade de atendimento \u00e0 popula\u00e7\u00e3o, al\u00e9m de investir em projetos sustent\u00e1veis que beneficiem a cidade de Bel\u00e9m. O resultado do levantamento e as decis\u00f5es que se seguir\u00e3o ser\u00e3o cruciais para garantir que a Secretaria continue desempenhando um papel vital na prote\u00e7\u00e3o ambiental e na promo\u00e7\u00e3o de um desenvolvimento sustent\u00e1vel para o munic\u00edpio.<\/p>\n\n<div style=\"font-size: 0px; height: 0px; line-height: 0px; margin: 0; padding: 0; clear: both;\"><\/div>","protected":false},"excerpt":{"rendered":"<p>Concurso Bel\u00e9m PA: descubra tudo sobre a comiss\u00e3o formada para o novo edital!<\/p>\n","protected":false},"author":1,"featured_media":2344,"comment_status":"open","ping_status":"closed","sticky":false,"template":"","format":"standard","meta":{"footnotes":""},"categories":[23],"tags":[],"class_list":["post-2345","post","type-post","status-publish","format-standard","has-post-thumbnail","hentry","category-concursos-em-belem","has_thumb"],"aioseo_notices":[],"aioseo_head":"\n\t\t<!-- All in One SEO 5.0.0.1 - aioseo.com -->\n\t<meta name=\"description\" content=\"Concurso Bel\u00e9m PA: descubra tudo sobre a comiss\u00e3o formada para o novo edital!\" \/>\n\t<meta name=\"robots\" content=\"max-image-preview:large\" \/>\n\t<meta name=\"author\" content=\"Encontra Bel\u00e9m\"\/>\n\t<link rel=\"canonical\" href=\"https:\/\/www.encontrabelem.com.br\/sobre\/concurso-belem-pa-comissao-e-formada-para-viabilizar-novo-edital\" \/>\n\t<meta name=\"generator\" content=\"All in One SEO (AIOSEO) 5.0.0.1\" \/>\n\t\t<meta property=\"og:locale\" content=\"pt_BR\" \/>\n\t\t<meta property=\"og:site_name\" content=\"Encontra Bel\u00e9m | Not\u00edcias, eventos, informa\u00e7\u00f5es e dicas na cidade Bel\u00e9m e regi\u00e3o.\" \/>\n\t\t<meta property=\"og:type\" content=\"article\" \/>\n\t\t<meta property=\"og:title\" content=\"Concurso Bel\u00e9m PA: comiss\u00e3o \u00e9 formada para viabilizar novo edital | Encontra Bel\u00e9m\" \/>\n\t\t<meta property=\"og:description\" content=\"Concurso Bel\u00e9m PA: descubra tudo sobre a comiss\u00e3o formada para o novo edital!\" \/>\n\t\t<meta property=\"og:url\" content=\"https:\/\/www.encontrabelem.com.br\/sobre\/concurso-belem-pa-comissao-e-formada-para-viabilizar-novo-edital\" \/>\n\t\t<meta property=\"article:published_time\" content=\"2026-08-26T23:29:02+00:00\" \/>\n\t\t<meta property=\"article:modified_time\" content=\"2026-08-26T23:29:02+00:00\" \/>\n\t\t<meta name=\"twitter:card\" content=\"summary\" \/>\n\t\t<meta name=\"twitter:title\" content=\"Concurso Bel\u00e9m PA: comiss\u00e3o \u00e9 formada para viabilizar novo edital | Encontra Bel\u00e9m\" \/>\n\t\t<meta name=\"twitter:description\" content=\"Concurso Bel\u00e9m PA: descubra tudo sobre a comiss\u00e3o formada para o novo edital!\" \/>\n\t\t<script type=\"application\/ld+json\" class=\"aioseo-schema\">\n\t\t\t{\"@context\":\"https:\\\/\\\/schema.org\",\"@graph\":[{\"@type\":\"Article\",\"@id\":\"https:\\\/\\\/www.encontrabelem.com.br\\\/sobre\\\/concurso-belem-pa-comissao-e-formada-para-viabilizar-novo-edital#article\",\"name\":\"Concurso Bel\\u00e9m PA: comiss\\u00e3o \\u00e9 formada para viabilizar novo edital | Encontra Bel\\u00e9m\",\"headline\":\"Concurso Bel\\u00e9m PA: comiss\\u00e3o \\u00e9 formada para viabilizar novo edital\",\"author\":{\"@id\":\"https:\\\/\\\/www.encontrabelem.com.br\\\/sobre\\\/author\\\/ebelem#author\"},\"publisher\":{\"@id\":\"https:\\\/\\\/www.encontrabelem.com.br\\\/sobre\\\/#organization\"},\"image\":{\"@type\":\"ImageObject\",\"url\":\"https:\\\/\\\/www.encontrabelem.com.br\\\/sobre\\\/wp-content\\\/uploads\\\/2026\\\/08\\\/concurso-belem-pa-comissao-e-formada-para-viabilizar-novo-edital.webp\",\"width\":280,\"height\":280,\"caption\":\"Concurso Bel\\u00e9m PA\"},\"datePublished\":\"2026-08-26T20:29:02-03:00\",\"dateModified\":\"2026-08-26T20:29:02-03:00\",\"inLanguage\":\"pt-BR\",\"mainEntityOfPage\":{\"@id\":\"https:\\\/\\\/www.encontrabelem.com.br\\\/sobre\\\/concurso-belem-pa-comissao-e-formada-para-viabilizar-novo-edital#webpage\"},\"isPartOf\":{\"@id\":\"https:\\\/\\\/www.encontrabelem.com.br\\\/sobre\\\/concurso-belem-pa-comissao-e-formada-para-viabilizar-novo-edital#webpage\"},\"articleSection\":\"Concursos Bel\\u00e9m\"},{\"@type\":\"BreadcrumbList\",\"@id\":\"https:\\\/\\\/www.encontrabelem.com.br\\\/sobre\\\/concurso-belem-pa-comissao-e-formada-para-viabilizar-novo-edital#breadcrumblist\",\"itemListElement\":[{\"@type\":\"ListItem\",\"@id\":\"https:\\\/\\\/www.encontrabelem.com.br\\\/sobre#listItem\",\"position\":1,\"name\":\"In\\u00edcio\",\"item\":\"https:\\\/\\\/www.encontrabelem.com.br\\\/sobre\",\"nextItem\":{\"@type\":\"ListItem\",\"@id\":\"https:\\\/\\\/www.encontrabelem.com.br\\\/sobre\\\/concursos-em-belem#listItem\",\"name\":\"Concursos Bel\\u00e9m\"}},{\"@type\":\"ListItem\",\"@id\":\"https:\\\/\\\/www.encontrabelem.com.br\\\/sobre\\\/concursos-em-belem#listItem\",\"position\":2,\"name\":\"Concursos Bel\\u00e9m\",\"item\":\"https:\\\/\\\/www.encontrabelem.com.br\\\/sobre\\\/concursos-em-belem\",\"nextItem\":{\"@type\":\"ListItem\",\"@id\":\"https:\\\/\\\/www.encontrabelem.com.br\\\/sobre\\\/concurso-belem-pa-comissao-e-formada-para-viabilizar-novo-edital#listItem\",\"name\":\"Concurso Bel\\u00e9m PA: comiss\\u00e3o \\u00e9 formada para viabilizar novo edital\"},\"previousItem\":{\"@type\":\"ListItem\",\"@id\":\"https:\\\/\\\/www.encontrabelem.com.br\\\/sobre#listItem\",\"name\":\"In\\u00edcio\"}},{\"@type\":\"ListItem\",\"@id\":\"https:\\\/\\\/www.encontrabelem.com.br\\\/sobre\\\/concurso-belem-pa-comissao-e-formada-para-viabilizar-novo-edital#listItem\",\"position\":3,\"name\":\"Concurso Bel\\u00e9m PA: comiss\\u00e3o \\u00e9 formada para viabilizar novo edital\",\"previousItem\":{\"@type\":\"ListItem\",\"@id\":\"https:\\\/\\\/www.encontrabelem.com.br\\\/sobre\\\/concursos-em-belem#listItem\",\"name\":\"Concursos Bel\\u00e9m\"}}]},{\"@type\":\"Organization\",\"@id\":\"https:\\\/\\\/www.encontrabelem.com.br\\\/sobre\\\/#organization\",\"name\":\"Encontra Bel\\u00e9m\",\"description\":\"Not\\u00edcias, eventos, informa\\u00e7\\u00f5es e dicas na cidade Bel\\u00e9m e regi\\u00e3o.\",\"url\":\"https:\\\/\\\/www.encontrabelem.com.br\\\/sobre\\\/\"},{\"@type\":\"Person\",\"@id\":\"https:\\\/\\\/www.encontrabelem.com.br\\\/sobre\\\/author\\\/ebelem#author\",\"url\":\"https:\\\/\\\/www.encontrabelem.com.br\\\/sobre\\\/author\\\/ebelem\",\"name\":\"Encontra Bel\\u00e9m\",\"image\":{\"@type\":\"ImageObject\",\"@id\":\"https:\\\/\\\/www.encontrabelem.com.br\\\/sobre\\\/concurso-belem-pa-comissao-e-formada-para-viabilizar-novo-edital#authorImage\",\"url\":\"https:\\\/\\\/secure.gravatar.com\\\/avatar\\\/507340682b8270222e1f208e23198b6ae7e2c6a1033ae84e99bc6bce4f82a387?s=96&d=mm&r=g\",\"width\":96,\"height\":96,\"caption\":\"Encontra Bel\\u00e9m\"}},{\"@type\":\"WebPage\",\"@id\":\"https:\\\/\\\/www.encontrabelem.com.br\\\/sobre\\\/concurso-belem-pa-comissao-e-formada-para-viabilizar-novo-edital#webpage\",\"url\":\"https:\\\/\\\/www.encontrabelem.com.br\\\/sobre\\\/concurso-belem-pa-comissao-e-formada-para-viabilizar-novo-edital\",\"name\":\"Concurso Bel\\u00e9m PA: comiss\\u00e3o \\u00e9 formada para viabilizar novo edital | Encontra Bel\\u00e9m\",\"description\":\"Concurso Bel\\u00e9m PA: descubra tudo sobre a comiss\\u00e3o formada para o novo edital!\",\"inLanguage\":\"pt-BR\",\"isPartOf\":{\"@id\":\"https:\\\/\\\/www.encontrabelem.com.br\\\/sobre\\\/#website\"},\"breadcrumb\":{\"@id\":\"https:\\\/\\\/www.encontrabelem.com.br\\\/sobre\\\/concurso-belem-pa-comissao-e-formada-para-viabilizar-novo-edital#breadcrumblist\"},\"author\":{\"@id\":\"https:\\\/\\\/www.encontrabelem.com.br\\\/sobre\\\/author\\\/ebelem#author\"},\"creator\":{\"@id\":\"https:\\\/\\\/www.encontrabelem.com.br\\\/sobre\\\/author\\\/ebelem#author\"},\"image\":{\"@type\":\"ImageObject\",\"url\":\"https:\\\/\\\/www.encontrabelem.com.br\\\/sobre\\\/wp-content\\\/uploads\\\/2026\\\/08\\\/concurso-belem-pa-comissao-e-formada-para-viabilizar-novo-edital.webp\",\"@id\":\"https:\\\/\\\/www.encontrabelem.com.br\\\/sobre\\\/concurso-belem-pa-comissao-e-formada-para-viabilizar-novo-edital\\\/#mainImage\",\"width\":280,\"height\":280,\"caption\":\"Concurso Bel\\u00e9m PA\"},\"primaryImageOfPage\":{\"@id\":\"https:\\\/\\\/www.encontrabelem.com.br\\\/sobre\\\/concurso-belem-pa-comissao-e-formada-para-viabilizar-novo-edital#mainImage\"},\"datePublished\":\"2026-08-26T20:29:02-03:00\",\"dateModified\":\"2026-08-26T20:29:02-03:00\"},{\"@type\":\"WebSite\",\"@id\":\"https:\\\/\\\/www.encontrabelem.com.br\\\/sobre\\\/#website\",\"url\":\"https:\\\/\\\/www.encontrabelem.com.br\\\/sobre\\\/\",\"name\":\"Encontra Bel\\u00e9m\",\"description\":\"Not\\u00edcias, eventos, informa\\u00e7\\u00f5es e dicas na cidade Bel\\u00e9m e regi\\u00e3o.\",\"inLanguage\":\"pt-BR\",\"publisher\":{\"@id\":\"https:\\\/\\\/www.encontrabelem.com.br\\\/sobre\\\/#organization\"}}]}\n\t\t<\/script>\n\t\t<!-- All in One SEO -->\n\n","aioseo_head_json":{"title":"Concurso Bel\u00e9m PA: comiss\u00e3o \u00e9 formada para viabilizar novo edital | Encontra Bel\u00e9m","description":"Concurso Bel\u00e9m PA: descubra tudo sobre a comiss\u00e3o formada para o novo edital!","canonical_url":"https:\/\/www.encontrabelem.com.br\/sobre\/concurso-belem-pa-comissao-e-formada-para-viabilizar-novo-edital","robots":"max-image-preview:large","keywords":"","webmasterTools":{"miscellaneous":""},"schema":{"@context":"https:\/\/schema.org","@graph":[{"@type":"Article","@id":"https:\/\/www.encontrabelem.com.br\/sobre\/concurso-belem-pa-comissao-e-formada-para-viabilizar-novo-edital#article","name":"Concurso Bel\u00e9m PA: comiss\u00e3o \u00e9 formada para viabilizar novo edital | Encontra Bel\u00e9m","headline":"Concurso Bel\u00e9m PA: comiss\u00e3o \u00e9 formada para viabilizar novo edital","author":{"@id":"https:\/\/www.encontrabelem.com.br\/sobre\/author\/ebelem#author"},"publisher":{"@id":"https:\/\/www.encontrabelem.com.br\/sobre\/#organization"},"image":{"@type":"ImageObject","url":"https:\/\/www.encontrabelem.com.br\/sobre\/wp-content\/uploads\/2026\/08\/concurso-belem-pa-comissao-e-formada-para-viabilizar-novo-edital.webp","width":280,"height":280,"caption":"Concurso Bel\u00e9m PA"},"datePublished":"2026-08-26T20:29:02-03:00","dateModified":"2026-08-26T20:29:02-03:00","inLanguage":"pt-BR","mainEntityOfPage":{"@id":"https:\/\/www.encontrabelem.com.br\/sobre\/concurso-belem-pa-comissao-e-formada-para-viabilizar-novo-edital#webpage"},"isPartOf":{"@id":"https:\/\/www.encontrabelem.com.br\/sobre\/concurso-belem-pa-comissao-e-formada-para-viabilizar-novo-edital#webpage"},"articleSection":"Concursos Bel\u00e9m"},{"@type":"BreadcrumbList","@id":"https:\/\/www.encontrabelem.com.br\/sobre\/concurso-belem-pa-comissao-e-formada-para-viabilizar-novo-edital#breadcrumblist","itemListElement":[{"@type":"ListItem","@id":"https:\/\/www.encontrabelem.com.br\/sobre#listItem","position":1,"name":"In\u00edcio","item":"https:\/\/www.encontrabelem.com.br\/sobre","nextItem":{"@type":"ListItem","@id":"https:\/\/www.encontrabelem.com.br\/sobre\/concursos-em-belem#listItem","name":"Concursos Bel\u00e9m"}},{"@type":"ListItem","@id":"https:\/\/www.encontrabelem.com.br\/sobre\/concursos-em-belem#listItem","position":2,"name":"Concursos Bel\u00e9m","item":"https:\/\/www.encontrabelem.com.br\/sobre\/concursos-em-belem","nextItem":{"@type":"ListItem","@id":"https:\/\/www.encontrabelem.com.br\/sobre\/concurso-belem-pa-comissao-e-formada-para-viabilizar-novo-edital#listItem","name":"Concurso Bel\u00e9m PA: comiss\u00e3o \u00e9 formada para viabilizar novo edital"},"previousItem":{"@type":"ListItem","@id":"https:\/\/www.encontrabelem.com.br\/sobre#listItem","name":"In\u00edcio"}},{"@type":"ListItem","@id":"https:\/\/www.encontrabelem.com.br\/sobre\/concurso-belem-pa-comissao-e-formada-para-viabilizar-novo-edital#listItem","position":3,"name":"Concurso Bel\u00e9m PA: comiss\u00e3o \u00e9 formada para viabilizar novo edital","previousItem":{"@type":"ListItem","@id":"https:\/\/www.encontrabelem.com.br\/sobre\/concursos-em-belem#listItem","name":"Concursos Bel\u00e9m"}}]},{"@type":"Organization","@id":"https:\/\/www.encontrabelem.com.br\/sobre\/#organization","name":"Encontra Bel\u00e9m","description":"Not\u00edcias, eventos, informa\u00e7\u00f5es e dicas na cidade Bel\u00e9m e regi\u00e3o.","url":"https:\/\/www.encontrabelem.com.br\/sobre\/"},{"@type":"Person","@id":"https:\/\/www.encontrabelem.com.br\/sobre\/author\/ebelem#author","url":"https:\/\/www.encontrabelem.com.br\/sobre\/author\/ebelem","name":"Encontra Bel\u00e9m","image":{"@type":"ImageObject","@id":"https:\/\/www.encontrabelem.com.br\/sobre\/concurso-belem-pa-comissao-e-formada-para-viabilizar-novo-edital#authorImage","url":"https:\/\/secure.gravatar.com\/avatar\/507340682b8270222e1f208e23198b6ae7e2c6a1033ae84e99bc6bce4f82a387?s=96&d=mm&r=g","width":96,"height":96,"caption":"Encontra Bel\u00e9m"}},{"@type":"WebPage","@id":"https:\/\/www.encontrabelem.com.br\/sobre\/concurso-belem-pa-comissao-e-formada-para-viabilizar-novo-edital#webpage","url":"https:\/\/www.encontrabelem.com.br\/sobre\/concurso-belem-pa-comissao-e-formada-para-viabilizar-novo-edital","name":"Concurso Bel\u00e9m PA: comiss\u00e3o \u00e9 formada para viabilizar novo edital | Encontra Bel\u00e9m","description":"Concurso Bel\u00e9m PA: descubra tudo sobre a comiss\u00e3o formada para o novo edital!","inLanguage":"pt-BR","isPartOf":{"@id":"https:\/\/www.encontrabelem.com.br\/sobre\/#website"},"breadcrumb":{"@id":"https:\/\/www.encontrabelem.com.br\/sobre\/concurso-belem-pa-comissao-e-formada-para-viabilizar-novo-edital#breadcrumblist"},"author":{"@id":"https:\/\/www.encontrabelem.com.br\/sobre\/author\/ebelem#author"},"creator":{"@id":"https:\/\/www.encontrabelem.com.br\/sobre\/author\/ebelem#author"},"image":{"@type":"ImageObject","url":"https:\/\/www.encontrabelem.com.br\/sobre\/wp-content\/uploads\/2026\/08\/concurso-belem-pa-comissao-e-formada-para-viabilizar-novo-edital.webp","@id":"https:\/\/www.encontrabelem.com.br\/sobre\/concurso-belem-pa-comissao-e-formada-para-viabilizar-novo-edital\/#mainImage","width":280,"height":280,"caption":"Concurso Bel\u00e9m PA"},"primaryImageOfPage":{"@id":"https:\/\/www.encontrabelem.com.br\/sobre\/concurso-belem-pa-comissao-e-formada-para-viabilizar-novo-edital#mainImage"},"datePublished":"2026-08-26T20:29:02-03:00","dateModified":"2026-08-26T20:29:02-03:00"},{"@type":"WebSite","@id":"https:\/\/www.encontrabelem.com.br\/sobre\/#website","url":"https:\/\/www.encontrabelem.com.br\/sobre\/","name":"Encontra Bel\u00e9m","description":"Not\u00edcias, eventos, informa\u00e7\u00f5es e dicas na cidade Bel\u00e9m e regi\u00e3o.","inLanguage":"pt-BR","publisher":{"@id":"https:\/\/www.encontrabelem.com.br\/sobre\/#organization"}}]},"og:locale":"pt_BR","og:site_name":"Encontra Bel\u00e9m | Not\u00edcias, eventos, informa\u00e7\u00f5es e dicas na cidade Bel\u00e9m e regi\u00e3o.","og:type":"article","og:title":"Concurso Bel\u00e9m PA: comiss\u00e3o \u00e9 formada para viabilizar novo edital | Encontra Bel\u00e9m","og:description":"Concurso Bel\u00e9m PA: descubra tudo sobre a comiss\u00e3o formada para o novo edital!","og:url":"https:\/\/www.encontrabelem.com.br\/sobre\/concurso-belem-pa-comissao-e-formada-para-viabilizar-novo-edital","article:published_time":"2026-08-26T23:29:02+00:00","article:modified_time":"2026-08-26T23:29:02+00:00","twitter:card":"summary","twitter:title":"Concurso Bel\u00e9m PA: comiss\u00e3o \u00e9 formada para viabilizar novo edital | Encontra Bel\u00e9m","twitter:description":"Concurso Bel\u00e9m PA: descubra tudo sobre a comiss\u00e3o formada para o novo edital!"},"aioseo_meta_data":{"post_id":"2345","title":null,"description":null,"keywords":null,"keyphrases":null,"primary_term":null,"canonical_url":null,"og_title":null,"og_description":null,"og_object_type":"default","og_image_type":"default","og_image_url":null,"og_image_width":null,"og_image_height":null,"og_image_custom_url":null,"og_image_custom_fields":null,"og_video":null,"og_custom_url":null,"og_article_section":null,"og_article_tags":null,"twitter_use_og":false,"twitter_card":"default","twitter_image_type":"default","twitter_image_url":null,"twitter_image_custom_url":null,"twitter_image_custom_fields":null,"twitter_title":null,"twitter_description":null,"schema":{"blockGraphs":[],"customGraphs":[],"default":{"data":{"Article":[],"Course":[],"Dataset":[],"FAQPage":[],"Movie":[],"Person":[],"Product":[],"ProductReview":[],"Car":[],"Recipe":[],"Service":[],"SoftwareApplication":[],"WebPage":[]},"graphName":"Article","isEnabled":true},"graphs":[]},"schema_type":"default","schema_type_options":null,"pillar_content":false,"robots_default":true,"robots_noindex":false,"robots_noarchive":false,"robots_nosnippet":false,"robots_nofollow":false,"robots_noimageindex":false,"robots_noodp":false,"robots_notranslate":false,"robots_max_snippet":null,"robots_max_videopreview":null,"robots_max_imagepreview":"large","priority":null,"frequency":null,"local_seo":null,"breadcrumb_settings":null,"limit_modified_date":false,"ai":null,"created":"2026-08-26 23:29:02","updated":"2026-08-26 23:29:02","focus_keyword":null,"additional_keywords":null,"truseo_locale":null,"seo_analyzer_scan_date":null},"aioseo_breadcrumb":"<div class=\"aioseo-breadcrumbs\"><span class=\"aioseo-breadcrumb\">\n\t\t\t<a href=\"https:\/\/www.encontrabelem.com.br\/sobre\" title=\"In\u00edcio\">In\u00edcio<\/a>\n\t\t<\/span><span class=\"aioseo-breadcrumb-separator\">&raquo;<\/span><span class=\"aioseo-breadcrumb\">\n\t\t\t<a href=\"https:\/\/www.encontrabelem.com.br\/sobre\/concursos-em-belem\" title=\"Concursos Bel\u00e9m\">Concursos Bel\u00e9m<\/a>\n\t\t<\/span><span class=\"aioseo-breadcrumb-separator\">&raquo;<\/span><span class=\"aioseo-breadcrumb\">\n\t\t\tConcurso Bel\u00e9m PA: comiss\u00e3o \u00e9 formada para viabilizar novo edital\n\t\t<\/span><\/div>","aioseo_breadcrumb_json":[{"label":"In\u00edcio","link":"https:\/\/www.encontrabelem.com.br\/sobre"},{"label":"Concursos Bel\u00e9m","link":"https:\/\/www.encontrabelem.com.br\/sobre\/concursos-em-belem"},{"label":"Concurso Bel\u00e9m PA: comiss\u00e3o \u00e9 formada para viabilizar novo edital","link":"https:\/\/www.encontrabelem.com.br\/sobre\/concurso-belem-pa-comissao-e-formada-para-viabilizar-novo-edital"}],"_links":{"self":[{"href":"https:\/\/www.encontrabelem.com.br\/sobre\/wp-json\/wp\/v2\/posts\/2345","targetHints":{"allow":["GET"]}}],"collection":[{"href":"https:\/\/www.encontrabelem.com.br\/sobre\/wp-json\/wp\/v2\/posts"}],"about":[{"href":"https:\/\/www.encontrabelem.com.br\/sobre\/wp-json\/wp\/v2\/types\/post"}],"author":[{"embeddable":true,"href":"https:\/\/www.encontrabelem.com.br\/sobre\/wp-json\/wp\/v2\/users\/1"}],"replies":[{"embeddable":true,"href":"https:\/\/www.encontrabelem.com.br\/sobre\/wp-json\/wp\/v2\/comments?post=2345"}],"version-history":[{"count":0,"href":"https:\/\/www.encontrabelem.com.br\/sobre\/wp-json\/wp\/v2\/posts\/2345\/revisions"}],"wp:featuredmedia":[{"embeddable":true,"href":"https:\/\/www.encontrabelem.com.br\/sobre\/wp-json\/wp\/v2\/media\/2344"}],"wp:attachment":[{"href":"https:\/\/www.encontrabelem.com.br\/sobre\/wp-json\/wp\/v2\/media?parent=2345"}],"wp:term":[{"taxonomy":"category","embeddable":true,"href":"https:\/\/www.encontrabelem.com.br\/sobre\/wp-json\/wp\/v2\/categories?post=2345"},{"taxonomy":"post_tag","embeddable":true,"href":"https:\/\/www.encontrabelem.com.br\/sobre\/wp-json\/wp\/v2\/tags?post=2345"}],"curies":[{"name":"wp","href":"https:\/\/api.w.org\/{rel}","templated":true}]}}