{"id":2317,"date":"2026-08-21T20:32:45","date_gmt":"2026-08-21T23:32:45","guid":{"rendered":"https:\/\/www.encontrabelem.com.br\/sobre\/encontro-nacional-da-fe-reune-autoridades-do-judiciario-em-belem-pa"},"modified":"2026-08-21T20:32:45","modified_gmt":"2026-08-21T23:32:45","slug":"encontro-nacional-da-fe-reune-autoridades-do-judiciario-em-belem-pa","status":"publish","type":"post","link":"https:\/\/www.encontrabelem.com.br\/sobre\/encontro-nacional-da-fe-reune-autoridades-do-judiciario-em-belem-pa","title":{"rendered":"Encontro Nacional da FE re\u00fane autoridades do Judici\u00e1rio em Bel\u00e9m (PA)"},"content":{"rendered":"<div class=\"b22802487b0d38c4c6d9f34966e16421\" data-index=\"1\" style=\"float: none; margin:0px;\">\n<!-- Anuncio display - global -->\r\n<ins class=\"adsbygoogle\"\r\n     style=\"display:block\"\r\n     data-ad-client=\"ca-pub-8585364105181520\"\r\n     data-ad-slot=\"8789329856\"\r\n     data-ad-format=\"auto\"\r\n     data-full-width-responsive=\"true\"><\/ins>\r\n<script>\r\n     (adsbygoogle = window.adsbygoogle || []).push({});\r\n<\/script>\n<\/div>\n<h2>Import\u00e2ncia da Integra\u00e7\u00e3o entre Judici\u00e1rio e Empreendedores<\/h2>\n<p>A intera\u00e7\u00e3o entre o Judici\u00e1rio e o setor empreendedor \u00e9 de extrema relev\u00e2ncia para a sociedade. Essa conex\u00e3o permite que projetos se desenvolvam em um ambiente que combina conhecimento t\u00e9cnico e experi\u00eancia pr\u00e1tica, favorecendo a cria\u00e7\u00e3o de solu\u00e7\u00f5es para problemas sociais. No \u00e2mbito do Encontro Nacional da FE, essa sinergia \u00e9 enfatizada, com a presen\u00e7a de autoridades judiciais que reconhecem a import\u00e2ncia dessa colabora\u00e7\u00e3o. A integra\u00e7\u00e3o possibilita o fortalecimento de iniciativas que visam promover o bem-estar social e a justi\u00e7a.<\/p>\n<h2>Capacita\u00e7\u00e3o Profissional e Empreendedorismo<\/h2>\n<p>A capacita\u00e7\u00e3o profissional \u00e9 um dos pilares fundamentais para o desenvolvimento de comunidades. O Encontro Nacional da FE n\u00e3o apenas destaca a import\u00e2ncia dessa forma\u00e7\u00e3o, mas tamb\u00e9m promove diversas atividades que incentivam o empreendedorismo com um prop\u00f3sito claro. Os palestrantes abordam temas que discutem como gerar neg\u00f3cio e impacto social simultaneamente. Essa proposta visa n\u00e3o s\u00f3 o benef\u00edcio econ\u00f4mico, mas tamb\u00e9m a cria\u00e7\u00e3o de uma rede de apoio que acolhe aqueles que buscam uma nova oportunidade de vida.<\/p>\n<h2>A Atua\u00e7\u00e3o Social da Federa\u00e7\u00e3o no Par\u00e1<\/h2>\n<p>No estado do Par\u00e1, a FE tem um papel ativo em diversas iniciativas sociais. A Federa\u00e7\u00e3o abra\u00e7a mais de 50 empreendedores, engajando-se em projetos que oferecem assist\u00eancia social e capacita\u00e7\u00e3o para aqueles que se encontram em situa\u00e7\u00f5es vulner\u00e1veis. Esse envolvimento \u00e9 um reflexo do compromisso da FE em estabelecer um canal direto entre pessoas em necessidade e solu\u00e7\u00f5es sustent\u00e1veis, permitindo que a comunidade se desenvolva coletivamente.<\/p>\n<p><img decoding=\"async\" src=\"https:\/\/www.encontrabelem.com.br\/sobre\/wp-content\/uploads\/2026\/08\/encontro-nacional-da-fe-reune-autoridades-do-judiciario-em-belem-pa.webp\" alt=\"Encontro Nacional da FE\" loading=\"lazy\" \/><\/p>\n<h2>Projetos de Assist\u00eancia Social em Foco<\/h2>\n<p>Entre os projetos destacados durante o evento, encontram-se o PERNOH, Casa Lil\u00e1s, N\u00facleo de Desenvolvimento Umarizal (NDU) e PRODAS. Cada um desses programas tem como foco a assist\u00eancia social e a reinser\u00e7\u00e3o de indiv\u00edduos em vulnerabilidade. Eles s\u00e3o projetados para proporcionar um suporte eficaz, ajudando na constru\u00e7\u00e3o de uma vida digna para seus benefici\u00e1rios. O apoio do Judici\u00e1rio a essas iniciativas refor\u00e7a a import\u00e2ncia da colabora\u00e7\u00e3o entre diferentes setores para enfrentar desafios sociais.<\/p>\n<h2>Contribui\u00e7\u00f5es do Judici\u00e1rio para a Sociedade<\/h2>\n<p>Os representantes do Judici\u00e1rio, como o presidente do Tribunal de Justi\u00e7a do Par\u00e1, Roberto Moura, destacam a nova perspectiva que a colabora\u00e7\u00e3o com a FE oferece. Essa uni\u00e3o possibilita a troca de experi\u00eancias e o alinhamento de iniciativas que buscam a constru\u00e7\u00e3o de uma sociedade mais justa. Reconhecer a import\u00e2ncia das organiza\u00e7\u00f5es sociais por meio de incentivos e colabora\u00e7\u00f5es \u00e9 um passo crucial para a promo\u00e7\u00e3o de mudan\u00e7as significativas.<\/p>\n<h2>A Voca\u00e7\u00e3o da FE para a Inclus\u00e3o<\/h2>\n<p>A FE tem a voca\u00e7\u00e3o de trabalhar em prol da inclus\u00e3o social. Promover o empreendedorismo de forma respons\u00e1vel e \u00e9tica \u00e9 essencial para alcan\u00e7ar este objetivo. O ambiente formado no Encontro Nacional da FE proporciona um espa\u00e7o prop\u00edcio para a troca de ideias, experi\u00eancias e anseios entre os participantes, permitindo que se unam em torno do prop\u00f3sito comum de inclus\u00e3o e solidariedade.<\/p>\n<h2>Desafios e Oportunidades da Vulnerabilidade Social<\/h2>\n<p>O contexto atual apresenta desafios significativos em rela\u00e7\u00e3o \u00e0 vulnerabilidade social. A estat\u00edstica de mais de 35 milh\u00f5es de brasileiros vivendo em situa\u00e7\u00f5es cr\u00edticas \u00e9 um indicativo claro de que a luta contra essas adversidades \u00e9 urgente. No entanto, o Encontro Nacional da FE se apresenta como uma oportunidade valiosa para unir for\u00e7as. Os empreendedores, o Judici\u00e1rio e a sociedade precisam trabalhar juntos para desenvolver solu\u00e7\u00f5es criativas e efetivas.<\/p>\n<h2>O Legado da Mensagem Adventista na Amaz\u00f4nia<\/h2>\n<p>Durante o evento, o legado da Mensagem Adventista na Amaz\u00f4nia foi amplamente discutido. O trabalho realizado pela Igreja Adventista do S\u00e9timo Dia ao longo dos anos \u00e9 um exemplo vivo de como a f\u00e9 pode se traduzir em a\u00e7\u00f5es concretas de ajuda \u00e0 comunidade. A hist\u00f3ria do Luzeiro, embarca\u00e7\u00e3o s\u00edmbolo da assist\u00eancia adventista, \u00e9 um testemunho de que a uni\u00e3o de prop\u00f3sito e a\u00e7\u00e3o gera impactos positivos e duradouros na vida das pessoas.<\/p>\n<h2>Protagonismo do Empreendedorismo com Responsabilidade<\/h2>\n<p>Os relatos de empreendedores presentes no encontro mostram que \u00e9 poss\u00edvel conciliar neg\u00f3cios com responsabilidade social. O exemplo de C\u00e9sar Augusto Gurtich, que lidera a ONG _Get a Smile_, ilustra como iniciativas sociais podem ter impacto global. A colabora\u00e7\u00e3o com a FE permitiu a constru\u00e7\u00e3o de uma escola em Guin\u00e9-Bissau, um empreendimento que destaca o comprometimento em transformar vidas atrav\u00e9s da educa\u00e7\u00e3o.<\/p>\n<h2>Programa\u00e7\u00e3o do Encontro Nacional da FE 2026<\/h2>\n<p>A programa\u00e7\u00e3o do Encontro Nacional da FE 2026 \u00e9 robusta e diversificada, contemplando palestras sobre temas atuais como intelig\u00eancia artificial, reforma tribut\u00e1ria, marketing digital e gest\u00e3o financeira. Este enfoque proporciona conhecimentos essenciais para os empreendedores, promovendo um ambiente de aprendizado cont\u00ednuo. Adicionalmente, a Feira dos Minist\u00e9rios apresenta uma vitrine de projetos sociais apoiados pela FE, permitindo que os participantes conhe\u00e7am e se engajem com iniciativas relevantes.<\/p>\n<p>O Encontro Nacional da FE 2026 serve como uma ponte entre o Judici\u00e1rio, o setor privado e a sociedade civil, promovendo a discuss\u00e3o e o desenvolvimento de solu\u00e7\u00f5es que visam o bem-estar social e a justi\u00e7a. O compromisso com a capacita\u00e7\u00e3o, o empreendedorismo \u00e9tico e a inclus\u00e3o social \u00e9 o legado que este evento almeja deixar.<\/p>\n\n<div style=\"font-size: 0px; height: 0px; line-height: 0px; margin: 0; padding: 0; clear: both;\"><\/div>","protected":false},"excerpt":{"rendered":"<p>Encontro Nacional da FE em Bel\u00e9m destaca o empreendedorismo e a atua\u00e7\u00e3o social no Judici\u00e1rio.<\/p>\n","protected":false},"author":1,"featured_media":2316,"comment_status":"open","ping_status":"closed","sticky":false,"template":"","format":"standard","meta":{"footnotes":""},"categories":[1],"tags":[],"class_list":["post-2317","post","type-post","status-publish","format-standard","has-post-thumbnail","hentry","category-noticias-em-belem","has_thumb"],"aioseo_notices":[],"aioseo_head":"\n\t\t<!-- All in One SEO 5.0.0.1 - aioseo.com -->\n\t<meta name=\"description\" content=\"Encontro Nacional da FE em Bel\u00e9m destaca o empreendedorismo e a atua\u00e7\u00e3o social no Judici\u00e1rio.\" \/>\n\t<meta name=\"robots\" content=\"max-image-preview:large\" \/>\n\t<meta name=\"author\" content=\"Encontra Bel\u00e9m\"\/>\n\t<link rel=\"canonical\" href=\"https:\/\/www.encontrabelem.com.br\/sobre\/encontro-nacional-da-fe-reune-autoridades-do-judiciario-em-belem-pa\" \/>\n\t<meta name=\"generator\" content=\"All in One SEO (AIOSEO) 5.0.0.1\" \/>\n\t\t<meta property=\"og:locale\" content=\"pt_BR\" \/>\n\t\t<meta property=\"og:site_name\" content=\"Encontra Bel\u00e9m | Not\u00edcias, eventos, informa\u00e7\u00f5es e dicas na cidade Bel\u00e9m e regi\u00e3o.\" \/>\n\t\t<meta property=\"og:type\" content=\"article\" \/>\n\t\t<meta property=\"og:title\" content=\"Encontro Nacional da FE re\u00fane autoridades do Judici\u00e1rio em Bel\u00e9m (PA) | Encontra Bel\u00e9m\" \/>\n\t\t<meta property=\"og:description\" content=\"Encontro Nacional da FE em Bel\u00e9m destaca o empreendedorismo e a atua\u00e7\u00e3o social no Judici\u00e1rio.\" \/>\n\t\t<meta property=\"og:url\" content=\"https:\/\/www.encontrabelem.com.br\/sobre\/encontro-nacional-da-fe-reune-autoridades-do-judiciario-em-belem-pa\" \/>\n\t\t<meta property=\"article:published_time\" content=\"2026-08-21T23:32:45+00:00\" \/>\n\t\t<meta property=\"article:modified_time\" content=\"2026-08-21T23:32:45+00:00\" \/>\n\t\t<meta name=\"twitter:card\" content=\"summary\" \/>\n\t\t<meta name=\"twitter:title\" content=\"Encontro Nacional da FE re\u00fane autoridades do Judici\u00e1rio em Bel\u00e9m (PA) | Encontra Bel\u00e9m\" \/>\n\t\t<meta name=\"twitter:description\" content=\"Encontro Nacional da FE em Bel\u00e9m destaca o empreendedorismo e a atua\u00e7\u00e3o social no Judici\u00e1rio.\" \/>\n\t\t<script type=\"application\/ld+json\" class=\"aioseo-schema\">\n\t\t\t{\"@context\":\"https:\\\/\\\/schema.org\",\"@graph\":[{\"@type\":\"Article\",\"@id\":\"https:\\\/\\\/www.encontrabelem.com.br\\\/sobre\\\/encontro-nacional-da-fe-reune-autoridades-do-judiciario-em-belem-pa#article\",\"name\":\"Encontro Nacional da FE re\\u00fane autoridades do Judici\\u00e1rio em Bel\\u00e9m (PA) | Encontra Bel\\u00e9m\",\"headline\":\"Encontro Nacional da FE re\\u00fane autoridades do Judici\\u00e1rio em Bel\\u00e9m (PA)\",\"author\":{\"@id\":\"https:\\\/\\\/www.encontrabelem.com.br\\\/sobre\\\/author\\\/ebelem#author\"},\"publisher\":{\"@id\":\"https:\\\/\\\/www.encontrabelem.com.br\\\/sobre\\\/#organization\"},\"image\":{\"@type\":\"ImageObject\",\"url\":\"https:\\\/\\\/www.encontrabelem.com.br\\\/sobre\\\/wp-content\\\/uploads\\\/2026\\\/08\\\/encontro-nacional-da-fe-reune-autoridades-do-judiciario-em-belem-pa.webp\",\"width\":280,\"height\":280,\"caption\":\"Encontro Nacional da FE\"},\"datePublished\":\"2026-08-21T20:32:45-03:00\",\"dateModified\":\"2026-08-21T20:32:45-03:00\",\"inLanguage\":\"pt-BR\",\"mainEntityOfPage\":{\"@id\":\"https:\\\/\\\/www.encontrabelem.com.br\\\/sobre\\\/encontro-nacional-da-fe-reune-autoridades-do-judiciario-em-belem-pa#webpage\"},\"isPartOf\":{\"@id\":\"https:\\\/\\\/www.encontrabelem.com.br\\\/sobre\\\/encontro-nacional-da-fe-reune-autoridades-do-judiciario-em-belem-pa#webpage\"},\"articleSection\":\"Not\\u00edcias Bel\\u00e9m\"},{\"@type\":\"BreadcrumbList\",\"@id\":\"https:\\\/\\\/www.encontrabelem.com.br\\\/sobre\\\/encontro-nacional-da-fe-reune-autoridades-do-judiciario-em-belem-pa#breadcrumblist\",\"itemListElement\":[{\"@type\":\"ListItem\",\"@id\":\"https:\\\/\\\/www.encontrabelem.com.br\\\/sobre#listItem\",\"position\":1,\"name\":\"In\\u00edcio\",\"item\":\"https:\\\/\\\/www.encontrabelem.com.br\\\/sobre\",\"nextItem\":{\"@type\":\"ListItem\",\"@id\":\"https:\\\/\\\/www.encontrabelem.com.br\\\/sobre\\\/noticias-em-belem#listItem\",\"name\":\"Not\\u00edcias Bel\\u00e9m\"}},{\"@type\":\"ListItem\",\"@id\":\"https:\\\/\\\/www.encontrabelem.com.br\\\/sobre\\\/noticias-em-belem#listItem\",\"position\":2,\"name\":\"Not\\u00edcias Bel\\u00e9m\",\"item\":\"https:\\\/\\\/www.encontrabelem.com.br\\\/sobre\\\/noticias-em-belem\",\"nextItem\":{\"@type\":\"ListItem\",\"@id\":\"https:\\\/\\\/www.encontrabelem.com.br\\\/sobre\\\/encontro-nacional-da-fe-reune-autoridades-do-judiciario-em-belem-pa#listItem\",\"name\":\"Encontro Nacional da FE re\\u00fane autoridades do Judici\\u00e1rio em Bel\\u00e9m (PA)\"},\"previousItem\":{\"@type\":\"ListItem\",\"@id\":\"https:\\\/\\\/www.encontrabelem.com.br\\\/sobre#listItem\",\"name\":\"In\\u00edcio\"}},{\"@type\":\"ListItem\",\"@id\":\"https:\\\/\\\/www.encontrabelem.com.br\\\/sobre\\\/encontro-nacional-da-fe-reune-autoridades-do-judiciario-em-belem-pa#listItem\",\"position\":3,\"name\":\"Encontro Nacional da FE re\\u00fane autoridades do Judici\\u00e1rio em Bel\\u00e9m (PA)\",\"previousItem\":{\"@type\":\"ListItem\",\"@id\":\"https:\\\/\\\/www.encontrabelem.com.br\\\/sobre\\\/noticias-em-belem#listItem\",\"name\":\"Not\\u00edcias Bel\\u00e9m\"}}]},{\"@type\":\"Organization\",\"@id\":\"https:\\\/\\\/www.encontrabelem.com.br\\\/sobre\\\/#organization\",\"name\":\"Encontra Bel\\u00e9m\",\"description\":\"Not\\u00edcias, eventos, informa\\u00e7\\u00f5es e dicas na cidade Bel\\u00e9m e regi\\u00e3o.\",\"url\":\"https:\\\/\\\/www.encontrabelem.com.br\\\/sobre\\\/\"},{\"@type\":\"Person\",\"@id\":\"https:\\\/\\\/www.encontrabelem.com.br\\\/sobre\\\/author\\\/ebelem#author\",\"url\":\"https:\\\/\\\/www.encontrabelem.com.br\\\/sobre\\\/author\\\/ebelem\",\"name\":\"Encontra Bel\\u00e9m\",\"image\":{\"@type\":\"ImageObject\",\"@id\":\"https:\\\/\\\/www.encontrabelem.com.br\\\/sobre\\\/encontro-nacional-da-fe-reune-autoridades-do-judiciario-em-belem-pa#authorImage\",\"url\":\"https:\\\/\\\/secure.gravatar.com\\\/avatar\\\/507340682b8270222e1f208e23198b6ae7e2c6a1033ae84e99bc6bce4f82a387?s=96&d=mm&r=g\",\"width\":96,\"height\":96,\"caption\":\"Encontra Bel\\u00e9m\"}},{\"@type\":\"WebPage\",\"@id\":\"https:\\\/\\\/www.encontrabelem.com.br\\\/sobre\\\/encontro-nacional-da-fe-reune-autoridades-do-judiciario-em-belem-pa#webpage\",\"url\":\"https:\\\/\\\/www.encontrabelem.com.br\\\/sobre\\\/encontro-nacional-da-fe-reune-autoridades-do-judiciario-em-belem-pa\",\"name\":\"Encontro Nacional da FE re\\u00fane autoridades do Judici\\u00e1rio em Bel\\u00e9m (PA) | Encontra Bel\\u00e9m\",\"description\":\"Encontro Nacional da FE em Bel\\u00e9m destaca o empreendedorismo e a atua\\u00e7\\u00e3o social no Judici\\u00e1rio.\",\"inLanguage\":\"pt-BR\",\"isPartOf\":{\"@id\":\"https:\\\/\\\/www.encontrabelem.com.br\\\/sobre\\\/#website\"},\"breadcrumb\":{\"@id\":\"https:\\\/\\\/www.encontrabelem.com.br\\\/sobre\\\/encontro-nacional-da-fe-reune-autoridades-do-judiciario-em-belem-pa#breadcrumblist\"},\"author\":{\"@id\":\"https:\\\/\\\/www.encontrabelem.com.br\\\/sobre\\\/author\\\/ebelem#author\"},\"creator\":{\"@id\":\"https:\\\/\\\/www.encontrabelem.com.br\\\/sobre\\\/author\\\/ebelem#author\"},\"image\":{\"@type\":\"ImageObject\",\"url\":\"https:\\\/\\\/www.encontrabelem.com.br\\\/sobre\\\/wp-content\\\/uploads\\\/2026\\\/08\\\/encontro-nacional-da-fe-reune-autoridades-do-judiciario-em-belem-pa.webp\",\"@id\":\"https:\\\/\\\/www.encontrabelem.com.br\\\/sobre\\\/encontro-nacional-da-fe-reune-autoridades-do-judiciario-em-belem-pa\\\/#mainImage\",\"width\":280,\"height\":280,\"caption\":\"Encontro Nacional da FE\"},\"primaryImageOfPage\":{\"@id\":\"https:\\\/\\\/www.encontrabelem.com.br\\\/sobre\\\/encontro-nacional-da-fe-reune-autoridades-do-judiciario-em-belem-pa#mainImage\"},\"datePublished\":\"2026-08-21T20:32:45-03:00\",\"dateModified\":\"2026-08-21T20:32:45-03:00\"},{\"@type\":\"WebSite\",\"@id\":\"https:\\\/\\\/www.encontrabelem.com.br\\\/sobre\\\/#website\",\"url\":\"https:\\\/\\\/www.encontrabelem.com.br\\\/sobre\\\/\",\"name\":\"Encontra Bel\\u00e9m\",\"description\":\"Not\\u00edcias, eventos, informa\\u00e7\\u00f5es e dicas na cidade Bel\\u00e9m e regi\\u00e3o.\",\"inLanguage\":\"pt-BR\",\"publisher\":{\"@id\":\"https:\\\/\\\/www.encontrabelem.com.br\\\/sobre\\\/#organization\"}}]}\n\t\t<\/script>\n\t\t<!-- All in One SEO -->\n\n","aioseo_head_json":{"title":"Encontro Nacional da FE re\u00fane autoridades do Judici\u00e1rio em Bel\u00e9m (PA) | Encontra Bel\u00e9m","description":"Encontro Nacional da FE em Bel\u00e9m destaca o empreendedorismo e a atua\u00e7\u00e3o social no Judici\u00e1rio.","canonical_url":"https:\/\/www.encontrabelem.com.br\/sobre\/encontro-nacional-da-fe-reune-autoridades-do-judiciario-em-belem-pa","robots":"max-image-preview:large","keywords":"","webmasterTools":{"miscellaneous":""},"schema":{"@context":"https:\/\/schema.org","@graph":[{"@type":"Article","@id":"https:\/\/www.encontrabelem.com.br\/sobre\/encontro-nacional-da-fe-reune-autoridades-do-judiciario-em-belem-pa#article","name":"Encontro Nacional da FE re\u00fane autoridades do Judici\u00e1rio em Bel\u00e9m (PA) | Encontra Bel\u00e9m","headline":"Encontro Nacional da FE re\u00fane autoridades do Judici\u00e1rio em Bel\u00e9m (PA)","author":{"@id":"https:\/\/www.encontrabelem.com.br\/sobre\/author\/ebelem#author"},"publisher":{"@id":"https:\/\/www.encontrabelem.com.br\/sobre\/#organization"},"image":{"@type":"ImageObject","url":"https:\/\/www.encontrabelem.com.br\/sobre\/wp-content\/uploads\/2026\/08\/encontro-nacional-da-fe-reune-autoridades-do-judiciario-em-belem-pa.webp","width":280,"height":280,"caption":"Encontro Nacional da FE"},"datePublished":"2026-08-21T20:32:45-03:00","dateModified":"2026-08-21T20:32:45-03:00","inLanguage":"pt-BR","mainEntityOfPage":{"@id":"https:\/\/www.encontrabelem.com.br\/sobre\/encontro-nacional-da-fe-reune-autoridades-do-judiciario-em-belem-pa#webpage"},"isPartOf":{"@id":"https:\/\/www.encontrabelem.com.br\/sobre\/encontro-nacional-da-fe-reune-autoridades-do-judiciario-em-belem-pa#webpage"},"articleSection":"Not\u00edcias Bel\u00e9m"},{"@type":"BreadcrumbList","@id":"https:\/\/www.encontrabelem.com.br\/sobre\/encontro-nacional-da-fe-reune-autoridades-do-judiciario-em-belem-pa#breadcrumblist","itemListElement":[{"@type":"ListItem","@id":"https:\/\/www.encontrabelem.com.br\/sobre#listItem","position":1,"name":"In\u00edcio","item":"https:\/\/www.encontrabelem.com.br\/sobre","nextItem":{"@type":"ListItem","@id":"https:\/\/www.encontrabelem.com.br\/sobre\/noticias-em-belem#listItem","name":"Not\u00edcias Bel\u00e9m"}},{"@type":"ListItem","@id":"https:\/\/www.encontrabelem.com.br\/sobre\/noticias-em-belem#listItem","position":2,"name":"Not\u00edcias Bel\u00e9m","item":"https:\/\/www.encontrabelem.com.br\/sobre\/noticias-em-belem","nextItem":{"@type":"ListItem","@id":"https:\/\/www.encontrabelem.com.br\/sobre\/encontro-nacional-da-fe-reune-autoridades-do-judiciario-em-belem-pa#listItem","name":"Encontro Nacional da FE re\u00fane autoridades do Judici\u00e1rio em Bel\u00e9m (PA)"},"previousItem":{"@type":"ListItem","@id":"https:\/\/www.encontrabelem.com.br\/sobre#listItem","name":"In\u00edcio"}},{"@type":"ListItem","@id":"https:\/\/www.encontrabelem.com.br\/sobre\/encontro-nacional-da-fe-reune-autoridades-do-judiciario-em-belem-pa#listItem","position":3,"name":"Encontro Nacional da FE re\u00fane autoridades do Judici\u00e1rio em Bel\u00e9m (PA)","previousItem":{"@type":"ListItem","@id":"https:\/\/www.encontrabelem.com.br\/sobre\/noticias-em-belem#listItem","name":"Not\u00edcias Bel\u00e9m"}}]},{"@type":"Organization","@id":"https:\/\/www.encontrabelem.com.br\/sobre\/#organization","name":"Encontra Bel\u00e9m","description":"Not\u00edcias, eventos, informa\u00e7\u00f5es e dicas na cidade Bel\u00e9m e regi\u00e3o.","url":"https:\/\/www.encontrabelem.com.br\/sobre\/"},{"@type":"Person","@id":"https:\/\/www.encontrabelem.com.br\/sobre\/author\/ebelem#author","url":"https:\/\/www.encontrabelem.com.br\/sobre\/author\/ebelem","name":"Encontra Bel\u00e9m","image":{"@type":"ImageObject","@id":"https:\/\/www.encontrabelem.com.br\/sobre\/encontro-nacional-da-fe-reune-autoridades-do-judiciario-em-belem-pa#authorImage","url":"https:\/\/secure.gravatar.com\/avatar\/507340682b8270222e1f208e23198b6ae7e2c6a1033ae84e99bc6bce4f82a387?s=96&d=mm&r=g","width":96,"height":96,"caption":"Encontra Bel\u00e9m"}},{"@type":"WebPage","@id":"https:\/\/www.encontrabelem.com.br\/sobre\/encontro-nacional-da-fe-reune-autoridades-do-judiciario-em-belem-pa#webpage","url":"https:\/\/www.encontrabelem.com.br\/sobre\/encontro-nacional-da-fe-reune-autoridades-do-judiciario-em-belem-pa","name":"Encontro Nacional da FE re\u00fane autoridades do Judici\u00e1rio em Bel\u00e9m (PA) | Encontra Bel\u00e9m","description":"Encontro Nacional da FE em Bel\u00e9m destaca o empreendedorismo e a atua\u00e7\u00e3o social no Judici\u00e1rio.","inLanguage":"pt-BR","isPartOf":{"@id":"https:\/\/www.encontrabelem.com.br\/sobre\/#website"},"breadcrumb":{"@id":"https:\/\/www.encontrabelem.com.br\/sobre\/encontro-nacional-da-fe-reune-autoridades-do-judiciario-em-belem-pa#breadcrumblist"},"author":{"@id":"https:\/\/www.encontrabelem.com.br\/sobre\/author\/ebelem#author"},"creator":{"@id":"https:\/\/www.encontrabelem.com.br\/sobre\/author\/ebelem#author"},"image":{"@type":"ImageObject","url":"https:\/\/www.encontrabelem.com.br\/sobre\/wp-content\/uploads\/2026\/08\/encontro-nacional-da-fe-reune-autoridades-do-judiciario-em-belem-pa.webp","@id":"https:\/\/www.encontrabelem.com.br\/sobre\/encontro-nacional-da-fe-reune-autoridades-do-judiciario-em-belem-pa\/#mainImage","width":280,"height":280,"caption":"Encontro Nacional da FE"},"primaryImageOfPage":{"@id":"https:\/\/www.encontrabelem.com.br\/sobre\/encontro-nacional-da-fe-reune-autoridades-do-judiciario-em-belem-pa#mainImage"},"datePublished":"2026-08-21T20:32:45-03:00","dateModified":"2026-08-21T20:32:45-03:00"},{"@type":"WebSite","@id":"https:\/\/www.encontrabelem.com.br\/sobre\/#website","url":"https:\/\/www.encontrabelem.com.br\/sobre\/","name":"Encontra Bel\u00e9m","description":"Not\u00edcias, eventos, informa\u00e7\u00f5es e dicas na cidade Bel\u00e9m e regi\u00e3o.","inLanguage":"pt-BR","publisher":{"@id":"https:\/\/www.encontrabelem.com.br\/sobre\/#organization"}}]},"og:locale":"pt_BR","og:site_name":"Encontra Bel\u00e9m | Not\u00edcias, eventos, informa\u00e7\u00f5es e dicas na cidade Bel\u00e9m e regi\u00e3o.","og:type":"article","og:title":"Encontro Nacional da FE re\u00fane autoridades do Judici\u00e1rio em Bel\u00e9m (PA) | Encontra Bel\u00e9m","og:description":"Encontro Nacional da FE em Bel\u00e9m destaca o empreendedorismo e a atua\u00e7\u00e3o social no Judici\u00e1rio.","og:url":"https:\/\/www.encontrabelem.com.br\/sobre\/encontro-nacional-da-fe-reune-autoridades-do-judiciario-em-belem-pa","article:published_time":"2026-08-21T23:32:45+00:00","article:modified_time":"2026-08-21T23:32:45+00:00","twitter:card":"summary","twitter:title":"Encontro Nacional da FE re\u00fane autoridades do Judici\u00e1rio em Bel\u00e9m (PA) | Encontra Bel\u00e9m","twitter:description":"Encontro Nacional da FE em Bel\u00e9m destaca o empreendedorismo e a atua\u00e7\u00e3o social no Judici\u00e1rio."},"aioseo_meta_data":{"post_id":"2317","title":null,"description":null,"keywords":null,"keyphrases":null,"primary_term":null,"canonical_url":null,"og_title":null,"og_description":null,"og_object_type":"default","og_image_type":"default","og_image_url":null,"og_image_width":null,"og_image_height":null,"og_image_custom_url":null,"og_image_custom_fields":null,"og_video":null,"og_custom_url":null,"og_article_section":null,"og_article_tags":null,"twitter_use_og":false,"twitter_card":"default","twitter_image_type":"default","twitter_image_url":null,"twitter_image_custom_url":null,"twitter_image_custom_fields":null,"twitter_title":null,"twitter_description":null,"schema":{"blockGraphs":[],"customGraphs":[],"default":{"data":{"Article":[],"Course":[],"Dataset":[],"FAQPage":[],"Movie":[],"Person":[],"Product":[],"ProductReview":[],"Car":[],"Recipe":[],"Service":[],"SoftwareApplication":[],"WebPage":[]},"graphName":"Article","isEnabled":true},"graphs":[]},"schema_type":"default","schema_type_options":null,"pillar_content":false,"robots_default":true,"robots_noindex":false,"robots_noarchive":false,"robots_nosnippet":false,"robots_nofollow":false,"robots_noimageindex":false,"robots_noodp":false,"robots_notranslate":false,"robots_max_snippet":null,"robots_max_videopreview":null,"robots_max_imagepreview":"large","priority":null,"frequency":null,"local_seo":null,"breadcrumb_settings":null,"limit_modified_date":false,"ai":null,"created":"2026-08-21 23:32:45","updated":"2026-08-21 23:32:45","focus_keyword":null,"additional_keywords":null,"truseo_locale":null,"seo_analyzer_scan_date":null},"aioseo_breadcrumb":"<div class=\"aioseo-breadcrumbs\"><span class=\"aioseo-breadcrumb\">\n\t\t\t<a href=\"https:\/\/www.encontrabelem.com.br\/sobre\" title=\"In\u00edcio\">In\u00edcio<\/a>\n\t\t<\/span><span class=\"aioseo-breadcrumb-separator\">&raquo;<\/span><span class=\"aioseo-breadcrumb\">\n\t\t\t<a href=\"https:\/\/www.encontrabelem.com.br\/sobre\/noticias-em-belem\" title=\"Not\u00edcias Bel\u00e9m\">Not\u00edcias Bel\u00e9m<\/a>\n\t\t<\/span><span class=\"aioseo-breadcrumb-separator\">&raquo;<\/span><span class=\"aioseo-breadcrumb\">\n\t\t\tEncontro Nacional da FE re\u00fane autoridades do Judici\u00e1rio em Bel\u00e9m (PA)\n\t\t<\/span><\/div>","aioseo_breadcrumb_json":[{"label":"In\u00edcio","link":"https:\/\/www.encontrabelem.com.br\/sobre"},{"label":"Not\u00edcias Bel\u00e9m","link":"https:\/\/www.encontrabelem.com.br\/sobre\/noticias-em-belem"},{"label":"Encontro Nacional da FE re\u00fane autoridades do Judici\u00e1rio em Bel\u00e9m (PA)","link":"https:\/\/www.encontrabelem.com.br\/sobre\/encontro-nacional-da-fe-reune-autoridades-do-judiciario-em-belem-pa"}],"_links":{"self":[{"href":"https:\/\/www.encontrabelem.com.br\/sobre\/wp-json\/wp\/v2\/posts\/2317","targetHints":{"allow":["GET"]}}],"collection":[{"href":"https:\/\/www.encontrabelem.com.br\/sobre\/wp-json\/wp\/v2\/posts"}],"about":[{"href":"https:\/\/www.encontrabelem.com.br\/sobre\/wp-json\/wp\/v2\/types\/post"}],"author":[{"embeddable":true,"href":"https:\/\/www.encontrabelem.com.br\/sobre\/wp-json\/wp\/v2\/users\/1"}],"replies":[{"embeddable":true,"href":"https:\/\/www.encontrabelem.com.br\/sobre\/wp-json\/wp\/v2\/comments?post=2317"}],"version-history":[{"count":0,"href":"https:\/\/www.encontrabelem.com.br\/sobre\/wp-json\/wp\/v2\/posts\/2317\/revisions"}],"wp:featuredmedia":[{"embeddable":true,"href":"https:\/\/www.encontrabelem.com.br\/sobre\/wp-json\/wp\/v2\/media\/2316"}],"wp:attachment":[{"href":"https:\/\/www.encontrabelem.com.br\/sobre\/wp-json\/wp\/v2\/media?parent=2317"}],"wp:term":[{"taxonomy":"category","embeddable":true,"href":"https:\/\/www.encontrabelem.com.br\/sobre\/wp-json\/wp\/v2\/categories?post=2317"},{"taxonomy":"post_tag","embeddable":true,"href":"https:\/\/www.encontrabelem.com.br\/sobre\/wp-json\/wp\/v2\/tags?post=2317"}],"curies":[{"name":"wp","href":"https:\/\/api.w.org\/{rel}","templated":true}]}}