{"id":222,"date":"2013-05-29T00:01:24","date_gmt":"2013-05-29T03:01:24","guid":{"rendered":"http:\/\/www.encontrabelem.com.br\/noticias\/?p=222"},"modified":"2023-11-13T11:17:37","modified_gmt":"2023-11-13T14:17:37","slug":"emissao-do-rg-esta-disponivel-em-diversos-bairros-de-belem","status":"publish","type":"post","link":"https:\/\/www.encontrabelem.com.br\/sobre\/emissao-do-rg-esta-disponivel-em-diversos-bairros-de-belem","title":{"rendered":"Emiss\u00e3o do RG est\u00e1 dispon\u00edvel em diversos bairros de Bel\u00e9m"},"content":{"rendered":"<div class=\"b22802487b0d38c4c6d9f34966e16421\" data-index=\"1\" style=\"float: none; margin:0px;\">\n<!-- Anuncio display - global -->\r\n<ins class=\"adsbygoogle\"\r\n     style=\"display:block\"\r\n     data-ad-client=\"ca-pub-8585364105181520\"\r\n     data-ad-slot=\"8789329856\"\r\n     data-ad-format=\"auto\"\r\n     data-full-width-responsive=\"true\"><\/ins>\r\n<script>\r\n     (adsbygoogle = window.adsbygoogle || []).push({});\r\n<\/script>\n<\/div>\n<p>O material para a emiss\u00e3o do documento de identidade, que estava em falta em <a href=\"http:\/\/www.encontrabelem.com.br\" target=\"_blank\" rel=\"noopener\">guia\u00a0Bel\u00e9m<\/a>\u00a0e em alguns munic\u00edpios do interior do Estado, j\u00e1 est\u00e1 dispon\u00edvel em todos os postos de identifica\u00e7\u00e3o, segundo comunicado do governo do estado publicado nesta ter\u00e7a-feira (28).<\/p>\n<p>O agendamento feito no site da Pol\u00edcia Civil, por\u00e9m, continua suspenso, pois passa por manuten\u00e7\u00e3o. A previs\u00e3o \u00e9 que a partir da pr\u00f3xima segunda-feira (3) o servi\u00e7o na\u00a0p\u00e1gina\u00a0volte a funcionar.<\/p>\n<p>O cidad\u00e3o que precisar emitir a identidade antes desta data deve comparecer aos postos de identifica\u00e7\u00e3o que n\u00e3o necessitam de agendamento, como o Centro de Atendimento ao Cidad\u00e3o (CAC), na Assembleia Legislativa do <a href=\"http:\/\/www.encontrapara.com.br\" target=\"_blank\" rel=\"noopener\">Estado do Par\u00e1<\/a>; o N\u00facleo de Atendimento ao Cidad\u00e3o (Naci); veiculado \u00e0 C\u00e2mara Municipal de Bel\u00e9m, localizado na travessa Curuzu, e a sede do Procon, da Secretaria de Estado de Justi\u00e7a e Direitos Humanos (Sejudh).<\/p>\n<p>Nos locais onde a emiss\u00e3o do RG \u00e9 feita com agendamento, como \u00e9 o caso do posto da Delegacia Geral de Pol\u00edcia Civil, na avenida Magalh\u00e3es Barata, s\u00f3 ser\u00e3o atendidas as pessoas que j\u00e1 haviam marcado datas pela internet, inclusive no feriado de Corpus Chisti, quinta-feira, 30, e no fim de semana. \u201cVamos continuar com o atendimento no feriado e no fim de semana s\u00f3 para quem j\u00e1 havia feito o agendamento\u201d, refor\u00e7a o papiloscopista da Pol\u00edcia Civil Nildo Oliveira.<\/p>\n<p>Demanda<\/p>\n<p>Segundo ele, a Pol\u00edcia Civil est\u00e1 fazendo um mutir\u00e3o, emitindo cerca de 180 identidades por dia, para atender quem fez o agendamento desde o in\u00edcio do ano e ainda n\u00e3o recebeu o documento em fun\u00e7\u00e3o da falta de material. A partir de segunda-feira, 3 de junho, com o <a title=\"Servi\u00e7os em Bel\u00e9m\" href=\"http:\/\/www.encontrabelem.com.br\/diretorio\/servicos\/\" target=\"_blank\" rel=\"noopener\">servi\u00e7o na cidade de Bel\u00e9m<\/a> online normalizado, o posto de identifica\u00e7\u00e3o da Delegacia Geral volta a receber o p\u00fablico em geral. \u201cAgendar o servi\u00e7o pela internet \u00e9 mais simples e mais c\u00f4modo para o cidad\u00e3o, que n\u00e3o enfrenta fila e ainda pode escolher o posto onde prefere retirar a identidade\u201d, completa Nildo.<\/p>\n<p>Para o RG, \u00e9 necess\u00e1rio apresentar o original ou c\u00f3pia (devidamente autenticada), da certid\u00e3o de nascimento ou de casamento, que n\u00e3o pode ter rasuras e deve estar leg\u00edvel. Para a primeira via, \u00e9 obrigat\u00f3rio apresentar a certid\u00e3o original. Para adolescentes de at\u00e9 16 anos, \u00e9 obrigat\u00f3ria a presen\u00e7a do respons\u00e1vel.<\/p>\n<p>Tamb\u00e9m \u00e9 necess\u00e1rio levar duas fotografias 3 por 4 recentes, iguais e de impress\u00e3o n\u00e3o digital, al\u00e9m de qualquer documento usado como comprovante de resid\u00eancia, como conta de luz, \u00e1gua ou de telefone, que esteja no nome da pessoa ou de um parente. A primeira via da identidade \u00e9 isenta de taxa, mas para a segunda via, \u00e9 necess\u00e1rio pagar R$ 33,40. A isen\u00e7\u00e3o s\u00f3 \u00e9 valida para quem apresenta boletim de ocorr\u00eancia, em fun\u00e7\u00e3o de furto ou roubo.<\/p>\n<p>Confira\u00a0os locais para emiss\u00e3o da carteira de identidade em\u00a0agenciapara.com.br\/noticia.asp?id_ver=127319<\/p>\n<p><em>Fonte: G1<\/em><\/p>\n\n<div style=\"font-size: 0px; height: 0px; line-height: 0px; margin: 0; padding: 0; clear: both;\"><\/div>","protected":false},"excerpt":{"rendered":"<p>O material para a emiss\u00e3o do documento de identidade, que estava em falta em guia\u00a0Bel\u00e9m\u00a0e em alguns munic\u00edpios do interior do Estado, j\u00e1 est\u00e1 dispon\u00edvel em todos os postos de identifica\u00e7\u00e3o, segundo comunicado do governo do estado publicado nesta ter\u00e7a-feira (28). O agendamento feito no site da Pol\u00edcia Civil, por\u00e9m, continua suspenso, pois passa por manuten\u00e7\u00e3o. A previs\u00e3o \u00e9 que a partir da pr\u00f3xima segunda-feira (3) o servi\u00e7o na\u00a0p\u00e1gina\u00a0volte a funcionar. O cidad\u00e3o que precisar emitir a identidade antes desta data deve comparecer aos postos de identifica\u00e7\u00e3o que n\u00e3o necessitam de agendamento, como o Centro de Atendimento ao Cidad\u00e3o (CAC), <\/p>\n","protected":false},"author":1,"featured_media":0,"comment_status":"closed","ping_status":"closed","sticky":false,"template":"","format":"standard","meta":{"footnotes":""},"categories":[1,7],"tags":[11],"class_list":["post-222","post","type-post","status-publish","format-standard","hentry","category-noticias-em-belem","category-servicos-em-belem","tag-belem"],"aioseo_notices":[],"_links":{"self":[{"href":"https:\/\/www.encontrabelem.com.br\/sobre\/wp-json\/wp\/v2\/posts\/222","targetHints":{"allow":["GET"]}}],"collection":[{"href":"https:\/\/www.encontrabelem.com.br\/sobre\/wp-json\/wp\/v2\/posts"}],"about":[{"href":"https:\/\/www.encontrabelem.com.br\/sobre\/wp-json\/wp\/v2\/types\/post"}],"author":[{"embeddable":true,"href":"https:\/\/www.encontrabelem.com.br\/sobre\/wp-json\/wp\/v2\/users\/1"}],"replies":[{"embeddable":true,"href":"https:\/\/www.encontrabelem.com.br\/sobre\/wp-json\/wp\/v2\/comments?post=222"}],"version-history":[{"count":0,"href":"https:\/\/www.encontrabelem.com.br\/sobre\/wp-json\/wp\/v2\/posts\/222\/revisions"}],"wp:attachment":[{"href":"https:\/\/www.encontrabelem.com.br\/sobre\/wp-json\/wp\/v2\/media?parent=222"}],"wp:term":[{"taxonomy":"category","embeddable":true,"href":"https:\/\/www.encontrabelem.com.br\/sobre\/wp-json\/wp\/v2\/categories?post=222"},{"taxonomy":"post_tag","embeddable":true,"href":"https:\/\/www.encontrabelem.com.br\/sobre\/wp-json\/wp\/v2\/tags?post=222"}],"curies":[{"name":"wp","href":"https:\/\/api.w.org\/{rel}","templated":true}]}}