{"id":2094,"date":"2026-07-19T03:28:47","date_gmt":"2026-07-19T06:28:47","guid":{"rendered":"https:\/\/www.encontrabelem.com.br\/sobre\/moradores-sao-retirados-de-imoveis-em-manaus-e-belem-apos-terremotos-na-venezuela"},"modified":"2026-07-19T03:28:47","modified_gmt":"2026-07-19T06:28:47","slug":"moradores-sao-retirados-de-imoveis-em-manaus-e-belem-apos-terremotos-na-venezuela","status":"publish","type":"post","link":"https:\/\/www.encontrabelem.com.br\/sobre\/moradores-sao-retirados-de-imoveis-em-manaus-e-belem-apos-terremotos-na-venezuela","title":{"rendered":"Moradores s\u00e3o retirados de im\u00f3veis em Manaus e Bel\u00e9m ap\u00f3s terremotos na Venezuela"},"content":{"rendered":"<div class=\"b22802487b0d38c4c6d9f34966e16421\" data-index=\"1\" style=\"float: none; margin:0px;\">\n<!-- Anuncio display - global -->\r\n<ins class=\"adsbygoogle\"\r\n     style=\"display:block\"\r\n     data-ad-client=\"ca-pub-8585364105181520\"\r\n     data-ad-slot=\"8789329856\"\r\n     data-ad-format=\"auto\"\r\n     data-full-width-responsive=\"true\"><\/ins>\r\n<script>\r\n     (adsbygoogle = window.adsbygoogle || []).push({});\r\n<\/script>\n<\/div>\n<h2>O que aconteceu na Venezuela?<\/h2>\n<p>Recentemente, a Venezuela foi abalada por dois terremotos significativos, com magnitudes de 7,2 e 7,5. Esses eventos s\u00edsmicos ocorreram em r\u00e1pida sucess\u00e3o, com menos de um minuto de diferen\u00e7a, e foram localizados a aproximadamente 45 quil\u00f4metros de dist\u00e2ncia um do outro. O primeiro tremor foi registrado pr\u00f3ximo a San Felipe, a uma profundidade de 21,9 km, enquanto o segundo ocorreu perto de Yumare, com uma profundidade de 10 km.<\/p>\n<h2>Impacto dos terremotos em Manaus<\/h2>\n<p>Ap\u00f3s os terremotos na Venezuela, muitos moradores de cidades brasileiras, como Manaus, no Amazonas, relataram ter sentido os efeitos dos tremores. Cidades pr\u00f3ximas \u00e0 fronteira experimentaram oscila\u00e7\u00f5es em edif\u00edcios e estruturas, levando alguns residentes a evacuar seus lares como medida de precau\u00e7\u00e3o. A Defesa Civil do Amazonas recebeu diversas notifica\u00e7\u00f5es de tremores sentidos em v\u00e1rios bairros da capital do estado, al\u00e9m de outras localidades como Barcelos e Iranduba.<\/p>\n<h2>Relatos de moradores na Bel\u00e9m<\/h2>\n<p>Na cidade de Bel\u00e9m, no Par\u00e1, a situa\u00e7\u00e3o foi semelhante. Moradores de condom\u00ednios em bairros como Umarizal, Jurunas, Crema\u00e7\u00e3o e Pedreira relatou que se sentiram inseguros durante os tremores. As autoridades evacuaram temporariamente alguns pr\u00e9dios para garantir a seguran\u00e7a dos residentes, permitindo que equipes t\u00e9cnicas realizassem as devidas avalia\u00e7\u00f5es estruturais. N\u00e3o houve, at\u00e9 o momento, relatos de danos significativos ou v\u00edtimas.<\/p>\n<p><img decoding=\"async\" src=\"https:\/\/www.encontrabelem.com.br\/sobre\/wp-content\/uploads\/2026\/07\/moradores-sao-retirados-de-imoveis-em-manaus-e-belem-apos-terremotos-na-venezuela.webp\" alt=\"terremotos na venezuela\" loading=\"lazy\" \/><\/p>\n<h2>Como a Defesa Civil reagiu<\/h2>\n<p>A Defesa Civil do Estado do Amazonas emitiu um comunicado, alertando sobre a sensa\u00e7\u00e3o de tremores em Manaus e regi\u00f5es adjacentes. A nota mencionava que os fen\u00f4menos s\u00edsmicos poderiam ter origem nos abalos registrados no Mar do Caribe, nas proximidades da Venezuela. As autoridades continuaram a monitorar a situa\u00e7\u00e3o, assegurando que n\u00e3o havia evid\u00eancias de danos estruturais graves at\u00e9 o momento.<\/p>\n<h2>Estudos sobre os abalos s\u00edsmicos<\/h2>\n<p>Terremotos s\u00e3o eventos naturais que ocorrem devido \u00e0 movimenta\u00e7\u00e3o das placas tect\u00f4nicas da Terra. A Venezuela, situada perto da fronteira entre as placas de Nazca e Caribe, frequentemente experimenta atividade s\u00edsmica. Especialistas em sismologia destacam que embora tremores possam ser comuns na regi\u00e3o, sua intensidade e o impacto nas \u00e1reas circunvizinhas podem variar.<\/p>\n<h2>Hist\u00f3rico de terremotos na regi\u00e3o<\/h2>\n<p>A hist\u00f3ria geol\u00f3gica da Am\u00e9rica do Sul retrata um hist\u00f3rico de atividades s\u00edsmicas, particularmente em regi\u00f5es montanhosas. A Venezuela, com seu hist\u00f3rico de terremotos devastadores, \u00e9 uma recorda\u00e7\u00e3o constante da necessidade de prepara\u00e7\u00e3o e adapta\u00e7\u00e3o \u00e0s consequ\u00eancias potenciais de tais eventos. Estudos anteriores mostraram que regi\u00f5es com maior atividade s\u00edsmica requerem uma infraestrutura robusta e adequada para enfrentar desastres naturais.<\/p>\n<h2>Preven\u00e7\u00e3o e seguran\u00e7a em \u00e1reas de risco<\/h2>\n<p>Ap\u00f3s eventos s\u00edsmicos, as autoridades enfatizam a import\u00e2ncia da preven\u00e7\u00e3o e educa\u00e7\u00e3o em desastres naturais. Em regi\u00f5es suscet\u00edveis a terremotos, as comunidades precisam estar cientes das pr\u00e1ticas de seguran\u00e7a, como ter planos de evacua\u00e7\u00e3o e centros de emerg\u00eancia adequados. Al\u00e9m disso, a constru\u00e7\u00e3o de edif\u00edcios deve seguir normas que garantam a resist\u00eancia a abalos s\u00edsmicos.<\/p>\n<h2>A import\u00e2ncia da comunica\u00e7\u00e3o em emerg\u00eancias<\/h2>\n<p>As comunica\u00e7\u00f5es eficazes durante emerg\u00eancias s\u00e3o cruciais para garantir a seguran\u00e7a da popula\u00e7\u00e3o. Durante os recentes tremores na Venezuela e em estados brasileiros, as autoridades utilizaram redes sociais e sistemas de alerta para informar a popula\u00e7\u00e3o, permitindo que os cidad\u00e3os tomassem decis\u00f5es informadas sobre evacua\u00e7\u00e3o e seguran\u00e7a. Essa abordagem proativa ajuda a contextualizar situa\u00e7\u00f5es de crise, garantindo que informa\u00e7\u00f5es vitais sejam compartilhadas de maneira adequada e r\u00e1pida.<\/p>\n<h2>Pr\u00f3ximos passos das autoridades<\/h2>\n<p>A Defesa Civil e outros \u00f3rg\u00e3os competentes continuam monitorando a situa\u00e7\u00e3o nas regi\u00f5es afetadas pelos tremores. O foco est\u00e1 em avalia\u00e7\u00e3o cont\u00ednua da infra-estrutura e preven\u00e7\u00e3o de qualquer eventualidade que possa ocorrer. Moradores s\u00e3o incentivados a manter a calma e seguir as orienta\u00e7\u00f5es das autoridades, que est\u00e3o adotando todas as medidas necess\u00e1rias para a seguran\u00e7a da popula\u00e7\u00e3o.<\/p>\n<h2>Reflex\u00f5es sobre a vulnerabilidade brasileira<\/h2>\n<p>A ocorr\u00eancia de terremotos na Venezuela e seus reflexos no Brasil traz \u00e0 tona quest\u00f5es sobre a vulnerabilidade de v\u00e1rias regi\u00f5es. A incapacidade de prever com precis\u00e3o esses eventos naturais exp\u00f5e a import\u00e2ncia de se criar um planejamento adequado em comunidades propensas a desastres naturais. Investir em educa\u00e7\u00e3o, infraestrutura e sistemas de resposta \u00e9 fundamental para reduzir os riscos e proteger a popula\u00e7\u00e3o em eventos futuros.<\/p>\n\n<div style=\"font-size: 0px; height: 0px; line-height: 0px; margin: 0; padding: 0; clear: both;\"><\/div>","protected":false},"excerpt":{"rendered":"<p>Moradores de Manaus e Bel\u00e9m foram retirados ap\u00f3s abalos s\u00edsmicos na Venezuela. Saiba mais!<\/p>\n","protected":false},"author":1,"featured_media":2093,"comment_status":"open","ping_status":"closed","sticky":false,"template":"","format":"standard","meta":{"footnotes":""},"categories":[1],"tags":[],"class_list":["post-2094","post","type-post","status-publish","format-standard","has-post-thumbnail","hentry","category-noticias-em-belem","has_thumb"],"aioseo_notices":[],"aioseo_head":"\n\t\t<!-- All in One SEO 5.0.0.1 - aioseo.com -->\n\t<meta name=\"description\" content=\"Moradores de Manaus e Bel\u00e9m foram retirados ap\u00f3s abalos s\u00edsmicos na Venezuela. Saiba mais!\" \/>\n\t<meta name=\"robots\" content=\"max-image-preview:large\" \/>\n\t<meta name=\"author\" content=\"Encontra Bel\u00e9m\"\/>\n\t<link rel=\"canonical\" href=\"https:\/\/www.encontrabelem.com.br\/sobre\/moradores-sao-retirados-de-imoveis-em-manaus-e-belem-apos-terremotos-na-venezuela\" \/>\n\t<meta name=\"generator\" content=\"All in One SEO (AIOSEO) 5.0.0.1\" \/>\n\t\t<meta property=\"og:locale\" content=\"pt_BR\" \/>\n\t\t<meta property=\"og:site_name\" content=\"Encontra Bel\u00e9m | Not\u00edcias, eventos, informa\u00e7\u00f5es e dicas na cidade Bel\u00e9m e regi\u00e3o.\" \/>\n\t\t<meta property=\"og:type\" content=\"article\" \/>\n\t\t<meta property=\"og:title\" content=\"Moradores s\u00e3o retirados de im\u00f3veis em Manaus e Bel\u00e9m ap\u00f3s terremotos na Venezuela | Encontra Bel\u00e9m\" \/>\n\t\t<meta property=\"og:description\" content=\"Moradores de Manaus e Bel\u00e9m foram retirados ap\u00f3s abalos s\u00edsmicos na Venezuela. Saiba mais!\" \/>\n\t\t<meta property=\"og:url\" content=\"https:\/\/www.encontrabelem.com.br\/sobre\/moradores-sao-retirados-de-imoveis-em-manaus-e-belem-apos-terremotos-na-venezuela\" \/>\n\t\t<meta property=\"article:published_time\" content=\"2026-07-19T06:28:47+00:00\" \/>\n\t\t<meta property=\"article:modified_time\" content=\"2026-07-19T06:28:47+00:00\" \/>\n\t\t<meta name=\"twitter:card\" content=\"summary\" \/>\n\t\t<meta name=\"twitter:title\" content=\"Moradores s\u00e3o retirados de im\u00f3veis em Manaus e Bel\u00e9m ap\u00f3s terremotos na Venezuela | Encontra Bel\u00e9m\" \/>\n\t\t<meta name=\"twitter:description\" content=\"Moradores de Manaus e Bel\u00e9m foram retirados ap\u00f3s abalos s\u00edsmicos na Venezuela. Saiba mais!\" \/>\n\t\t<script type=\"application\/ld+json\" class=\"aioseo-schema\">\n\t\t\t{\"@context\":\"https:\\\/\\\/schema.org\",\"@graph\":[{\"@type\":\"Article\",\"@id\":\"https:\\\/\\\/www.encontrabelem.com.br\\\/sobre\\\/moradores-sao-retirados-de-imoveis-em-manaus-e-belem-apos-terremotos-na-venezuela#article\",\"name\":\"Moradores s\\u00e3o retirados de im\\u00f3veis em Manaus e Bel\\u00e9m ap\\u00f3s terremotos na Venezuela | Encontra Bel\\u00e9m\",\"headline\":\"Moradores s\\u00e3o retirados de im\\u00f3veis em Manaus e Bel\\u00e9m ap\\u00f3s terremotos na Venezuela\",\"author\":{\"@id\":\"https:\\\/\\\/www.encontrabelem.com.br\\\/sobre\\\/author\\\/ebelem#author\"},\"publisher\":{\"@id\":\"https:\\\/\\\/www.encontrabelem.com.br\\\/sobre\\\/#organization\"},\"image\":{\"@type\":\"ImageObject\",\"url\":\"https:\\\/\\\/www.encontrabelem.com.br\\\/sobre\\\/wp-content\\\/uploads\\\/2026\\\/07\\\/moradores-sao-retirados-de-imoveis-em-manaus-e-belem-apos-terremotos-na-venezuela.webp\",\"width\":280,\"height\":280,\"caption\":\"terremotos na venezuela\"},\"datePublished\":\"2026-07-19T03:28:47-03:00\",\"dateModified\":\"2026-07-19T03:28:47-03:00\",\"inLanguage\":\"pt-BR\",\"mainEntityOfPage\":{\"@id\":\"https:\\\/\\\/www.encontrabelem.com.br\\\/sobre\\\/moradores-sao-retirados-de-imoveis-em-manaus-e-belem-apos-terremotos-na-venezuela#webpage\"},\"isPartOf\":{\"@id\":\"https:\\\/\\\/www.encontrabelem.com.br\\\/sobre\\\/moradores-sao-retirados-de-imoveis-em-manaus-e-belem-apos-terremotos-na-venezuela#webpage\"},\"articleSection\":\"Not\\u00edcias Bel\\u00e9m\"},{\"@type\":\"BreadcrumbList\",\"@id\":\"https:\\\/\\\/www.encontrabelem.com.br\\\/sobre\\\/moradores-sao-retirados-de-imoveis-em-manaus-e-belem-apos-terremotos-na-venezuela#breadcrumblist\",\"itemListElement\":[{\"@type\":\"ListItem\",\"@id\":\"https:\\\/\\\/www.encontrabelem.com.br\\\/sobre#listItem\",\"position\":1,\"name\":\"In\\u00edcio\",\"item\":\"https:\\\/\\\/www.encontrabelem.com.br\\\/sobre\",\"nextItem\":{\"@type\":\"ListItem\",\"@id\":\"https:\\\/\\\/www.encontrabelem.com.br\\\/sobre\\\/noticias-em-belem#listItem\",\"name\":\"Not\\u00edcias Bel\\u00e9m\"}},{\"@type\":\"ListItem\",\"@id\":\"https:\\\/\\\/www.encontrabelem.com.br\\\/sobre\\\/noticias-em-belem#listItem\",\"position\":2,\"name\":\"Not\\u00edcias Bel\\u00e9m\",\"item\":\"https:\\\/\\\/www.encontrabelem.com.br\\\/sobre\\\/noticias-em-belem\",\"nextItem\":{\"@type\":\"ListItem\",\"@id\":\"https:\\\/\\\/www.encontrabelem.com.br\\\/sobre\\\/moradores-sao-retirados-de-imoveis-em-manaus-e-belem-apos-terremotos-na-venezuela#listItem\",\"name\":\"Moradores s\\u00e3o retirados de im\\u00f3veis em Manaus e Bel\\u00e9m ap\\u00f3s terremotos na Venezuela\"},\"previousItem\":{\"@type\":\"ListItem\",\"@id\":\"https:\\\/\\\/www.encontrabelem.com.br\\\/sobre#listItem\",\"name\":\"In\\u00edcio\"}},{\"@type\":\"ListItem\",\"@id\":\"https:\\\/\\\/www.encontrabelem.com.br\\\/sobre\\\/moradores-sao-retirados-de-imoveis-em-manaus-e-belem-apos-terremotos-na-venezuela#listItem\",\"position\":3,\"name\":\"Moradores s\\u00e3o retirados de im\\u00f3veis em Manaus e Bel\\u00e9m ap\\u00f3s terremotos na Venezuela\",\"previousItem\":{\"@type\":\"ListItem\",\"@id\":\"https:\\\/\\\/www.encontrabelem.com.br\\\/sobre\\\/noticias-em-belem#listItem\",\"name\":\"Not\\u00edcias Bel\\u00e9m\"}}]},{\"@type\":\"Organization\",\"@id\":\"https:\\\/\\\/www.encontrabelem.com.br\\\/sobre\\\/#organization\",\"name\":\"Encontra Bel\\u00e9m\",\"description\":\"Not\\u00edcias, eventos, informa\\u00e7\\u00f5es e dicas na cidade Bel\\u00e9m e regi\\u00e3o.\",\"url\":\"https:\\\/\\\/www.encontrabelem.com.br\\\/sobre\\\/\"},{\"@type\":\"Person\",\"@id\":\"https:\\\/\\\/www.encontrabelem.com.br\\\/sobre\\\/author\\\/ebelem#author\",\"url\":\"https:\\\/\\\/www.encontrabelem.com.br\\\/sobre\\\/author\\\/ebelem\",\"name\":\"Encontra Bel\\u00e9m\",\"image\":{\"@type\":\"ImageObject\",\"@id\":\"https:\\\/\\\/www.encontrabelem.com.br\\\/sobre\\\/moradores-sao-retirados-de-imoveis-em-manaus-e-belem-apos-terremotos-na-venezuela#authorImage\",\"url\":\"https:\\\/\\\/secure.gravatar.com\\\/avatar\\\/507340682b8270222e1f208e23198b6ae7e2c6a1033ae84e99bc6bce4f82a387?s=96&d=mm&r=g\",\"width\":96,\"height\":96,\"caption\":\"Encontra Bel\\u00e9m\"}},{\"@type\":\"WebPage\",\"@id\":\"https:\\\/\\\/www.encontrabelem.com.br\\\/sobre\\\/moradores-sao-retirados-de-imoveis-em-manaus-e-belem-apos-terremotos-na-venezuela#webpage\",\"url\":\"https:\\\/\\\/www.encontrabelem.com.br\\\/sobre\\\/moradores-sao-retirados-de-imoveis-em-manaus-e-belem-apos-terremotos-na-venezuela\",\"name\":\"Moradores s\\u00e3o retirados de im\\u00f3veis em Manaus e Bel\\u00e9m ap\\u00f3s terremotos na Venezuela | Encontra Bel\\u00e9m\",\"description\":\"Moradores de Manaus e Bel\\u00e9m foram retirados ap\\u00f3s abalos s\\u00edsmicos na Venezuela. Saiba mais!\",\"inLanguage\":\"pt-BR\",\"isPartOf\":{\"@id\":\"https:\\\/\\\/www.encontrabelem.com.br\\\/sobre\\\/#website\"},\"breadcrumb\":{\"@id\":\"https:\\\/\\\/www.encontrabelem.com.br\\\/sobre\\\/moradores-sao-retirados-de-imoveis-em-manaus-e-belem-apos-terremotos-na-venezuela#breadcrumblist\"},\"author\":{\"@id\":\"https:\\\/\\\/www.encontrabelem.com.br\\\/sobre\\\/author\\\/ebelem#author\"},\"creator\":{\"@id\":\"https:\\\/\\\/www.encontrabelem.com.br\\\/sobre\\\/author\\\/ebelem#author\"},\"image\":{\"@type\":\"ImageObject\",\"url\":\"https:\\\/\\\/www.encontrabelem.com.br\\\/sobre\\\/wp-content\\\/uploads\\\/2026\\\/07\\\/moradores-sao-retirados-de-imoveis-em-manaus-e-belem-apos-terremotos-na-venezuela.webp\",\"@id\":\"https:\\\/\\\/www.encontrabelem.com.br\\\/sobre\\\/moradores-sao-retirados-de-imoveis-em-manaus-e-belem-apos-terremotos-na-venezuela\\\/#mainImage\",\"width\":280,\"height\":280,\"caption\":\"terremotos na venezuela\"},\"primaryImageOfPage\":{\"@id\":\"https:\\\/\\\/www.encontrabelem.com.br\\\/sobre\\\/moradores-sao-retirados-de-imoveis-em-manaus-e-belem-apos-terremotos-na-venezuela#mainImage\"},\"datePublished\":\"2026-07-19T03:28:47-03:00\",\"dateModified\":\"2026-07-19T03:28:47-03:00\"},{\"@type\":\"WebSite\",\"@id\":\"https:\\\/\\\/www.encontrabelem.com.br\\\/sobre\\\/#website\",\"url\":\"https:\\\/\\\/www.encontrabelem.com.br\\\/sobre\\\/\",\"name\":\"Encontra Bel\\u00e9m\",\"description\":\"Not\\u00edcias, eventos, informa\\u00e7\\u00f5es e dicas na cidade Bel\\u00e9m e regi\\u00e3o.\",\"inLanguage\":\"pt-BR\",\"publisher\":{\"@id\":\"https:\\\/\\\/www.encontrabelem.com.br\\\/sobre\\\/#organization\"}}]}\n\t\t<\/script>\n\t\t<!-- All in One SEO -->\n\n","aioseo_head_json":{"title":"Moradores s\u00e3o retirados de im\u00f3veis em Manaus e Bel\u00e9m ap\u00f3s terremotos na Venezuela | Encontra Bel\u00e9m","description":"Moradores de Manaus e Bel\u00e9m foram retirados ap\u00f3s abalos s\u00edsmicos na Venezuela. Saiba mais!","canonical_url":"https:\/\/www.encontrabelem.com.br\/sobre\/moradores-sao-retirados-de-imoveis-em-manaus-e-belem-apos-terremotos-na-venezuela","robots":"max-image-preview:large","keywords":"","webmasterTools":{"miscellaneous":""},"schema":{"@context":"https:\/\/schema.org","@graph":[{"@type":"Article","@id":"https:\/\/www.encontrabelem.com.br\/sobre\/moradores-sao-retirados-de-imoveis-em-manaus-e-belem-apos-terremotos-na-venezuela#article","name":"Moradores s\u00e3o retirados de im\u00f3veis em Manaus e Bel\u00e9m ap\u00f3s terremotos na Venezuela | Encontra Bel\u00e9m","headline":"Moradores s\u00e3o retirados de im\u00f3veis em Manaus e Bel\u00e9m ap\u00f3s terremotos na Venezuela","author":{"@id":"https:\/\/www.encontrabelem.com.br\/sobre\/author\/ebelem#author"},"publisher":{"@id":"https:\/\/www.encontrabelem.com.br\/sobre\/#organization"},"image":{"@type":"ImageObject","url":"https:\/\/www.encontrabelem.com.br\/sobre\/wp-content\/uploads\/2026\/07\/moradores-sao-retirados-de-imoveis-em-manaus-e-belem-apos-terremotos-na-venezuela.webp","width":280,"height":280,"caption":"terremotos na venezuela"},"datePublished":"2026-07-19T03:28:47-03:00","dateModified":"2026-07-19T03:28:47-03:00","inLanguage":"pt-BR","mainEntityOfPage":{"@id":"https:\/\/www.encontrabelem.com.br\/sobre\/moradores-sao-retirados-de-imoveis-em-manaus-e-belem-apos-terremotos-na-venezuela#webpage"},"isPartOf":{"@id":"https:\/\/www.encontrabelem.com.br\/sobre\/moradores-sao-retirados-de-imoveis-em-manaus-e-belem-apos-terremotos-na-venezuela#webpage"},"articleSection":"Not\u00edcias Bel\u00e9m"},{"@type":"BreadcrumbList","@id":"https:\/\/www.encontrabelem.com.br\/sobre\/moradores-sao-retirados-de-imoveis-em-manaus-e-belem-apos-terremotos-na-venezuela#breadcrumblist","itemListElement":[{"@type":"ListItem","@id":"https:\/\/www.encontrabelem.com.br\/sobre#listItem","position":1,"name":"In\u00edcio","item":"https:\/\/www.encontrabelem.com.br\/sobre","nextItem":{"@type":"ListItem","@id":"https:\/\/www.encontrabelem.com.br\/sobre\/noticias-em-belem#listItem","name":"Not\u00edcias Bel\u00e9m"}},{"@type":"ListItem","@id":"https:\/\/www.encontrabelem.com.br\/sobre\/noticias-em-belem#listItem","position":2,"name":"Not\u00edcias Bel\u00e9m","item":"https:\/\/www.encontrabelem.com.br\/sobre\/noticias-em-belem","nextItem":{"@type":"ListItem","@id":"https:\/\/www.encontrabelem.com.br\/sobre\/moradores-sao-retirados-de-imoveis-em-manaus-e-belem-apos-terremotos-na-venezuela#listItem","name":"Moradores s\u00e3o retirados de im\u00f3veis em Manaus e Bel\u00e9m ap\u00f3s terremotos na Venezuela"},"previousItem":{"@type":"ListItem","@id":"https:\/\/www.encontrabelem.com.br\/sobre#listItem","name":"In\u00edcio"}},{"@type":"ListItem","@id":"https:\/\/www.encontrabelem.com.br\/sobre\/moradores-sao-retirados-de-imoveis-em-manaus-e-belem-apos-terremotos-na-venezuela#listItem","position":3,"name":"Moradores s\u00e3o retirados de im\u00f3veis em Manaus e Bel\u00e9m ap\u00f3s terremotos na Venezuela","previousItem":{"@type":"ListItem","@id":"https:\/\/www.encontrabelem.com.br\/sobre\/noticias-em-belem#listItem","name":"Not\u00edcias Bel\u00e9m"}}]},{"@type":"Organization","@id":"https:\/\/www.encontrabelem.com.br\/sobre\/#organization","name":"Encontra Bel\u00e9m","description":"Not\u00edcias, eventos, informa\u00e7\u00f5es e dicas na cidade Bel\u00e9m e regi\u00e3o.","url":"https:\/\/www.encontrabelem.com.br\/sobre\/"},{"@type":"Person","@id":"https:\/\/www.encontrabelem.com.br\/sobre\/author\/ebelem#author","url":"https:\/\/www.encontrabelem.com.br\/sobre\/author\/ebelem","name":"Encontra Bel\u00e9m","image":{"@type":"ImageObject","@id":"https:\/\/www.encontrabelem.com.br\/sobre\/moradores-sao-retirados-de-imoveis-em-manaus-e-belem-apos-terremotos-na-venezuela#authorImage","url":"https:\/\/secure.gravatar.com\/avatar\/507340682b8270222e1f208e23198b6ae7e2c6a1033ae84e99bc6bce4f82a387?s=96&d=mm&r=g","width":96,"height":96,"caption":"Encontra Bel\u00e9m"}},{"@type":"WebPage","@id":"https:\/\/www.encontrabelem.com.br\/sobre\/moradores-sao-retirados-de-imoveis-em-manaus-e-belem-apos-terremotos-na-venezuela#webpage","url":"https:\/\/www.encontrabelem.com.br\/sobre\/moradores-sao-retirados-de-imoveis-em-manaus-e-belem-apos-terremotos-na-venezuela","name":"Moradores s\u00e3o retirados de im\u00f3veis em Manaus e Bel\u00e9m ap\u00f3s terremotos na Venezuela | Encontra Bel\u00e9m","description":"Moradores de Manaus e Bel\u00e9m foram retirados ap\u00f3s abalos s\u00edsmicos na Venezuela. Saiba mais!","inLanguage":"pt-BR","isPartOf":{"@id":"https:\/\/www.encontrabelem.com.br\/sobre\/#website"},"breadcrumb":{"@id":"https:\/\/www.encontrabelem.com.br\/sobre\/moradores-sao-retirados-de-imoveis-em-manaus-e-belem-apos-terremotos-na-venezuela#breadcrumblist"},"author":{"@id":"https:\/\/www.encontrabelem.com.br\/sobre\/author\/ebelem#author"},"creator":{"@id":"https:\/\/www.encontrabelem.com.br\/sobre\/author\/ebelem#author"},"image":{"@type":"ImageObject","url":"https:\/\/www.encontrabelem.com.br\/sobre\/wp-content\/uploads\/2026\/07\/moradores-sao-retirados-de-imoveis-em-manaus-e-belem-apos-terremotos-na-venezuela.webp","@id":"https:\/\/www.encontrabelem.com.br\/sobre\/moradores-sao-retirados-de-imoveis-em-manaus-e-belem-apos-terremotos-na-venezuela\/#mainImage","width":280,"height":280,"caption":"terremotos na venezuela"},"primaryImageOfPage":{"@id":"https:\/\/www.encontrabelem.com.br\/sobre\/moradores-sao-retirados-de-imoveis-em-manaus-e-belem-apos-terremotos-na-venezuela#mainImage"},"datePublished":"2026-07-19T03:28:47-03:00","dateModified":"2026-07-19T03:28:47-03:00"},{"@type":"WebSite","@id":"https:\/\/www.encontrabelem.com.br\/sobre\/#website","url":"https:\/\/www.encontrabelem.com.br\/sobre\/","name":"Encontra Bel\u00e9m","description":"Not\u00edcias, eventos, informa\u00e7\u00f5es e dicas na cidade Bel\u00e9m e regi\u00e3o.","inLanguage":"pt-BR","publisher":{"@id":"https:\/\/www.encontrabelem.com.br\/sobre\/#organization"}}]},"og:locale":"pt_BR","og:site_name":"Encontra Bel\u00e9m | Not\u00edcias, eventos, informa\u00e7\u00f5es e dicas na cidade Bel\u00e9m e regi\u00e3o.","og:type":"article","og:title":"Moradores s\u00e3o retirados de im\u00f3veis em Manaus e Bel\u00e9m ap\u00f3s terremotos na Venezuela | Encontra Bel\u00e9m","og:description":"Moradores de Manaus e Bel\u00e9m foram retirados ap\u00f3s abalos s\u00edsmicos na Venezuela. Saiba mais!","og:url":"https:\/\/www.encontrabelem.com.br\/sobre\/moradores-sao-retirados-de-imoveis-em-manaus-e-belem-apos-terremotos-na-venezuela","article:published_time":"2026-07-19T06:28:47+00:00","article:modified_time":"2026-07-19T06:28:47+00:00","twitter:card":"summary","twitter:title":"Moradores s\u00e3o retirados de im\u00f3veis em Manaus e Bel\u00e9m ap\u00f3s terremotos na Venezuela | Encontra Bel\u00e9m","twitter:description":"Moradores de Manaus e Bel\u00e9m foram retirados ap\u00f3s abalos s\u00edsmicos na Venezuela. Saiba mais!"},"aioseo_meta_data":{"post_id":"2094","title":null,"description":null,"keywords":null,"keyphrases":null,"primary_term":null,"canonical_url":null,"og_title":null,"og_description":null,"og_object_type":"default","og_image_type":"default","og_image_url":null,"og_image_width":null,"og_image_height":null,"og_image_custom_url":null,"og_image_custom_fields":null,"og_video":null,"og_custom_url":null,"og_article_section":null,"og_article_tags":null,"twitter_use_og":false,"twitter_card":"default","twitter_image_type":"default","twitter_image_url":null,"twitter_image_custom_url":null,"twitter_image_custom_fields":null,"twitter_title":null,"twitter_description":null,"schema":{"blockGraphs":[],"customGraphs":[],"default":{"data":{"Article":[],"Course":[],"Dataset":[],"FAQPage":[],"Movie":[],"Person":[],"Product":[],"ProductReview":[],"Car":[],"Recipe":[],"Service":[],"SoftwareApplication":[],"WebPage":[]},"graphName":"Article","isEnabled":true},"graphs":[]},"schema_type":"default","schema_type_options":null,"pillar_content":false,"robots_default":true,"robots_noindex":false,"robots_noarchive":false,"robots_nosnippet":false,"robots_nofollow":false,"robots_noimageindex":false,"robots_noodp":false,"robots_notranslate":false,"robots_max_snippet":null,"robots_max_videopreview":null,"robots_max_imagepreview":"large","priority":null,"frequency":null,"local_seo":null,"breadcrumb_settings":null,"limit_modified_date":false,"ai":null,"created":"2026-07-19 06:28:49","updated":"2026-07-19 06:28:49","focus_keyword":null,"additional_keywords":null,"truseo_locale":null,"seo_analyzer_scan_date":null},"aioseo_breadcrumb":"<div class=\"aioseo-breadcrumbs\"><span class=\"aioseo-breadcrumb\">\n\t\t\t<a href=\"https:\/\/www.encontrabelem.com.br\/sobre\" title=\"In\u00edcio\">In\u00edcio<\/a>\n\t\t<\/span><span class=\"aioseo-breadcrumb-separator\">&raquo;<\/span><span class=\"aioseo-breadcrumb\">\n\t\t\t<a href=\"https:\/\/www.encontrabelem.com.br\/sobre\/noticias-em-belem\" title=\"Not\u00edcias Bel\u00e9m\">Not\u00edcias Bel\u00e9m<\/a>\n\t\t<\/span><span class=\"aioseo-breadcrumb-separator\">&raquo;<\/span><span class=\"aioseo-breadcrumb\">\n\t\t\tMoradores s\u00e3o retirados de im\u00f3veis em Manaus e Bel\u00e9m ap\u00f3s terremotos na Venezuela\n\t\t<\/span><\/div>","aioseo_breadcrumb_json":[{"label":"In\u00edcio","link":"https:\/\/www.encontrabelem.com.br\/sobre"},{"label":"Not\u00edcias Bel\u00e9m","link":"https:\/\/www.encontrabelem.com.br\/sobre\/noticias-em-belem"},{"label":"Moradores s\u00e3o retirados de im\u00f3veis em Manaus e Bel\u00e9m ap\u00f3s terremotos na Venezuela","link":"https:\/\/www.encontrabelem.com.br\/sobre\/moradores-sao-retirados-de-imoveis-em-manaus-e-belem-apos-terremotos-na-venezuela"}],"_links":{"self":[{"href":"https:\/\/www.encontrabelem.com.br\/sobre\/wp-json\/wp\/v2\/posts\/2094","targetHints":{"allow":["GET"]}}],"collection":[{"href":"https:\/\/www.encontrabelem.com.br\/sobre\/wp-json\/wp\/v2\/posts"}],"about":[{"href":"https:\/\/www.encontrabelem.com.br\/sobre\/wp-json\/wp\/v2\/types\/post"}],"author":[{"embeddable":true,"href":"https:\/\/www.encontrabelem.com.br\/sobre\/wp-json\/wp\/v2\/users\/1"}],"replies":[{"embeddable":true,"href":"https:\/\/www.encontrabelem.com.br\/sobre\/wp-json\/wp\/v2\/comments?post=2094"}],"version-history":[{"count":0,"href":"https:\/\/www.encontrabelem.com.br\/sobre\/wp-json\/wp\/v2\/posts\/2094\/revisions"}],"wp:featuredmedia":[{"embeddable":true,"href":"https:\/\/www.encontrabelem.com.br\/sobre\/wp-json\/wp\/v2\/media\/2093"}],"wp:attachment":[{"href":"https:\/\/www.encontrabelem.com.br\/sobre\/wp-json\/wp\/v2\/media?parent=2094"}],"wp:term":[{"taxonomy":"category","embeddable":true,"href":"https:\/\/www.encontrabelem.com.br\/sobre\/wp-json\/wp\/v2\/categories?post=2094"},{"taxonomy":"post_tag","embeddable":true,"href":"https:\/\/www.encontrabelem.com.br\/sobre\/wp-json\/wp\/v2\/tags?post=2094"}],"curies":[{"name":"wp","href":"https:\/\/api.w.org\/{rel}","templated":true}]}}