{"id":2082,"date":"2026-07-17T05:28:59","date_gmt":"2026-07-17T08:28:59","guid":{"rendered":"https:\/\/www.encontrabelem.com.br\/sobre\/exposicao-homenageia-defensores-da-amazonia-e-programacao-oferece-oficina-gratuita-de-arte-em-belem"},"modified":"2026-07-17T05:28:59","modified_gmt":"2026-07-17T08:28:59","slug":"exposicao-homenageia-defensores-da-amazonia-e-programacao-oferece-oficina-gratuita-de-arte-em-belem","status":"publish","type":"post","link":"https:\/\/www.encontrabelem.com.br\/sobre\/exposicao-homenageia-defensores-da-amazonia-e-programacao-oferece-oficina-gratuita-de-arte-em-belem","title":{"rendered":"Exposi\u00e7\u00e3o homenageia defensores da Amaz\u00f4nia e programa\u00e7\u00e3o oferece oficina gratuita de arte em Bel\u00e9m"},"content":{"rendered":"<div class=\"b22802487b0d38c4c6d9f34966e16421\" data-index=\"1\" style=\"float: none; margin:0px;\">\n<!-- Anuncio display - global -->\r\n<ins class=\"adsbygoogle\"\r\n     style=\"display:block\"\r\n     data-ad-client=\"ca-pub-8585364105181520\"\r\n     data-ad-slot=\"8789329856\"\r\n     data-ad-format=\"auto\"\r\n     data-full-width-responsive=\"true\"><\/ins>\r\n<script>\r\n     (adsbygoogle = window.adsbygoogle || []).push({});\r\n<\/script>\n<\/div>\n<h2>Homenagem aos Defensores da Amaz\u00f4nia<\/h2>\n<p>A exposi\u00e7\u00e3o &#8220;Povos Amaz\u00f4nicos n\u00e3o morrem, viram semente&#8221; destaca a luta e a resist\u00eancia de personagens que se dedicaram a preservar a rica biodiversidade da Amaz\u00f4nia. Esta mostra, idealizada pelo artista Rafael Prado, \u00e9 uma verdadeira ode aos defensores da floresta, ressaltando a import\u00e2ncia de sua luta pelos modos de vida tradicionais e pela prote\u00e7\u00e3o do meio ambiente.<\/p>\n<h2>Obras de Rafael Prado<\/h2>\n<p>As obras expostas est\u00e3o repletas de simbolismo e contam as hist\u00f3rias de l\u00edderes e figuras que tiveram um impacto significativo na defesa da Amaz\u00f4nia. As pinturas servem como um convite \u00e0 reflex\u00e3o sobre a mem\u00f3ria coletiva e a condi\u00e7\u00e3o dos povos da floresta. O artista utiliza cores vibrantes e elementos naturais para transmitir a ess\u00eancia e a beleza intr\u00ednseca da regi\u00e3o amaz\u00f4nica.<\/p>\n<h2>Programa\u00e7\u00e3o da Exposi\u00e7\u00e3o<\/h2>\n<p>A mostra estar\u00e1 aberta ao p\u00fablico no Centro Cultural Banco da Amaz\u00f4nia at\u00e9 o dia 9 de outubro. Al\u00e9m da exposi\u00e7\u00e3o, a programa\u00e7\u00e3o conta com visitas mediadas que podem ser agendadas. Gra\u00e7as a esse recurso, escolas e grupos culturais t\u00eam uma oportunidade especial de conhecer mais sobre a arte e a hist\u00f3ria que envolvem a Amaz\u00f4nia.<\/p>\n<p><img decoding=\"async\" src=\"https:\/\/www.encontrabelem.com.br\/sobre\/wp-content\/uploads\/2026\/07\/exposicao-homenageia-defensores-da-amazonia-e-programacao-oferece-oficina-gratuita-de-arte-em-belem.webp\" alt=\"exposi\u00e7\u00e3o defensores da Amaz\u00f4nia\" loading=\"lazy\" \/><\/p>\n<h2>Oficina de Arte Gratuita<\/h2>\n<p>No dia 12 de julho, Rafael Prado realizar\u00e1 uma oficina gratuita intitulada &#8220;Coletando Mem\u00f3rias: Workshop de Frotagem e Colagem Art\u00edstica&#8221;. Nesta atividade, participantes a partir de 15 anos ser\u00e3o convidados a explorar t\u00e9cnicas de desenho e colagem que enfatizam texturas e relevos do cotidiano. \u00c9 uma chance de despertar a criatividade enquanto se conecta com o tema da exposi\u00e7\u00e3o.<\/p>\n<h2>Visitas Mediadas<\/h2>\n<p>As visitas mediadas s\u00e3o uma parte essencial da exposi\u00e7\u00e3o, permitindo que grupos escolares e culturais possam entender mais profundamente a mensagem transmitida nas obras. Para garantir essa experi\u00eancia, \u00e9 necess\u00e1rio agendar a visita com anteced\u00eancia, atrav\u00e9s dos contatos disponibilizados pela organiza\u00e7\u00e3o.<\/p>\n<h2>Import\u00e2ncia da Preserva\u00e7\u00e3o Ambiental<\/h2>\n<p>A relev\u00e2ncia dos defensores da Amaz\u00f4nia vai al\u00e9m da arte; eles desempenham um papel fundamental no combate \u00e0 degrada\u00e7\u00e3o ambiental e na promo\u00e7\u00e3o de pr\u00e1ticas sustent\u00e1veis. Esta exposi\u00e7\u00e3o visa aumentar a conscientiza\u00e7\u00e3o sobre a necessidade de proteger a Amaz\u00f4nia, um dos maiores pulm\u00f5es do nosso planeta.<\/p>\n<h2>Reflex\u00e3o sobre Mem\u00f3ria e Resist\u00eancia<\/h2>\n<p>&#8220;Povos Amaz\u00f4nicos n\u00e3o morrem, viram semente&#8221; n\u00e3o \u00e9 apenas uma exposi\u00e7\u00e3o de arte, mas sim uma plataforma de resist\u00eancia. As mem\u00f3rias dos povos ind\u00edgenas e das comunidades locais precisam ser lembradas e valorizadas, visto que eles s\u00e3o os verdadeiros guardi\u00e3es da floresta. Este espa\u00e7o prop\u00f5e questionamentos sobre o que significa preservar a cultura e o ambiente em tempos de explora\u00e7\u00e3o desenfreada.<\/p>\n<h2>Centro Cultural Banco da Amaz\u00f4nia<\/h2>\n<p>Localizado na Avenida Presidente Vargas, o Centro Cultural Banco da Amaz\u00f4nia \u00e9 um espa\u00e7o dedicado \u00e0 promo\u00e7\u00e3o da cultura e da preserva\u00e7\u00e3o ambiental. Al\u00e9m da exposi\u00e7\u00e3o, o local frequentemente abriga eventos e atividades que refletem as ricas tradi\u00e7\u00f5es da regi\u00e3o amaz\u00f4nica.<\/p>\n<h2>Datas e Local da Exposi\u00e7\u00e3o<\/h2>\n<p>A exposi\u00e7\u00e3o estar\u00e1 dispon\u00edvel para visita\u00e7\u00e3o de 10 de julho a 9 de outubro, no Centro Cultural Banco da Amaz\u00f4nia, que funciona de ter\u00e7a a sexta-feira, das 10h \u00e0s 16h, e aos s\u00e1bados, domingos e feriados, das 10h \u00e0s 14h. A entrada \u00e9 gratuita, facilitando o acesso de todos a essa importante manifesta\u00e7\u00e3o cultural.<\/p>\n<h2>Como Participar da Oficina<\/h2>\n<p>Para participar da oficina de arte &#8220;Coletando Mem\u00f3rias&#8221;, os interessados devem se inscrever atrav\u00e9s dos e-mails contato@abstrataproducoes.com.br e centrocultural@basa.com.br. A atividade \u00e9 gratuita e voltada para jovens acima de 15 anos, com um n\u00famero limitado de vagas.<\/p>\n<p>Esta iniciativa \u00e9 mais uma forma de conectar jovens e adultos \u00e0 rica cultura amaz\u00f4nica, incentivando uma nova gera\u00e7\u00e3o a se envolver na preserva\u00e7\u00e3o deste patrim\u00f4nio fundamental. N\u00e3o perca a oportunidade de participar e aprender mais sobre a Amaz\u00f4nia e seu povo.<\/p>\n\n<div style=\"font-size: 0px; height: 0px; line-height: 0px; margin: 0; padding: 0; clear: both;\"><\/div>","protected":false},"excerpt":{"rendered":"<p>Exposi\u00e7\u00e3o em Bel\u00e9m destaca defensores da Amaz\u00f4nia com trabalhos art\u00edsticos e oficinas gratuitas.<\/p>\n","protected":false},"author":1,"featured_media":2081,"comment_status":"open","ping_status":"closed","sticky":false,"template":"","format":"standard","meta":{"footnotes":""},"categories":[25],"tags":[],"class_list":["post-2082","post","type-post","status-publish","format-standard","has-post-thumbnail","hentry","category-cultura-em-belem","has_thumb"],"aioseo_notices":[],"aioseo_head":"\n\t\t<!-- All in One SEO 5.0.0.1 - aioseo.com -->\n\t<meta name=\"description\" content=\"Exposi\u00e7\u00e3o em Bel\u00e9m destaca defensores da Amaz\u00f4nia com trabalhos art\u00edsticos e oficinas gratuitas.\" \/>\n\t<meta name=\"robots\" content=\"max-image-preview:large\" \/>\n\t<meta name=\"author\" content=\"Encontra Bel\u00e9m\"\/>\n\t<link rel=\"canonical\" href=\"https:\/\/www.encontrabelem.com.br\/sobre\/exposicao-homenageia-defensores-da-amazonia-e-programacao-oferece-oficina-gratuita-de-arte-em-belem\" \/>\n\t<meta name=\"generator\" content=\"All in One SEO (AIOSEO) 5.0.0.1\" \/>\n\t\t<meta property=\"og:locale\" content=\"pt_BR\" \/>\n\t\t<meta property=\"og:site_name\" content=\"Encontra Bel\u00e9m | Not\u00edcias, eventos, informa\u00e7\u00f5es e dicas na cidade Bel\u00e9m e regi\u00e3o.\" \/>\n\t\t<meta property=\"og:type\" content=\"article\" \/>\n\t\t<meta property=\"og:title\" content=\"Exposi\u00e7\u00e3o homenageia defensores da Amaz\u00f4nia e programa\u00e7\u00e3o oferece oficina gratuita de arte em Bel\u00e9m | Encontra Bel\u00e9m\" \/>\n\t\t<meta property=\"og:description\" content=\"Exposi\u00e7\u00e3o em Bel\u00e9m destaca defensores da Amaz\u00f4nia com trabalhos art\u00edsticos e oficinas gratuitas.\" \/>\n\t\t<meta property=\"og:url\" content=\"https:\/\/www.encontrabelem.com.br\/sobre\/exposicao-homenageia-defensores-da-amazonia-e-programacao-oferece-oficina-gratuita-de-arte-em-belem\" \/>\n\t\t<meta property=\"article:published_time\" content=\"2026-07-17T08:28:59+00:00\" \/>\n\t\t<meta property=\"article:modified_time\" content=\"2026-07-17T08:28:59+00:00\" \/>\n\t\t<meta name=\"twitter:card\" content=\"summary\" \/>\n\t\t<meta name=\"twitter:title\" content=\"Exposi\u00e7\u00e3o homenageia defensores da Amaz\u00f4nia e programa\u00e7\u00e3o oferece oficina gratuita de arte em Bel\u00e9m | Encontra Bel\u00e9m\" \/>\n\t\t<meta name=\"twitter:description\" content=\"Exposi\u00e7\u00e3o em Bel\u00e9m destaca defensores da Amaz\u00f4nia com trabalhos art\u00edsticos e oficinas gratuitas.\" \/>\n\t\t<script type=\"application\/ld+json\" class=\"aioseo-schema\">\n\t\t\t{\"@context\":\"https:\\\/\\\/schema.org\",\"@graph\":[{\"@type\":\"Article\",\"@id\":\"https:\\\/\\\/www.encontrabelem.com.br\\\/sobre\\\/exposicao-homenageia-defensores-da-amazonia-e-programacao-oferece-oficina-gratuita-de-arte-em-belem#article\",\"name\":\"Exposi\\u00e7\\u00e3o homenageia defensores da Amaz\\u00f4nia e programa\\u00e7\\u00e3o oferece oficina gratuita de arte em Bel\\u00e9m | Encontra Bel\\u00e9m\",\"headline\":\"Exposi\\u00e7\\u00e3o homenageia defensores da Amaz\\u00f4nia e programa\\u00e7\\u00e3o oferece oficina gratuita de arte em Bel\\u00e9m\",\"author\":{\"@id\":\"https:\\\/\\\/www.encontrabelem.com.br\\\/sobre\\\/author\\\/ebelem#author\"},\"publisher\":{\"@id\":\"https:\\\/\\\/www.encontrabelem.com.br\\\/sobre\\\/#organization\"},\"image\":{\"@type\":\"ImageObject\",\"url\":\"https:\\\/\\\/www.encontrabelem.com.br\\\/sobre\\\/wp-content\\\/uploads\\\/2026\\\/07\\\/exposicao-homenageia-defensores-da-amazonia-e-programacao-oferece-oficina-gratuita-de-arte-em-belem.webp\",\"width\":280,\"height\":280,\"caption\":\"exposi\\u00e7\\u00e3o defensores da Amaz\\u00f4nia\"},\"datePublished\":\"2026-07-17T05:28:59-03:00\",\"dateModified\":\"2026-07-17T05:28:59-03:00\",\"inLanguage\":\"pt-BR\",\"mainEntityOfPage\":{\"@id\":\"https:\\\/\\\/www.encontrabelem.com.br\\\/sobre\\\/exposicao-homenageia-defensores-da-amazonia-e-programacao-oferece-oficina-gratuita-de-arte-em-belem#webpage\"},\"isPartOf\":{\"@id\":\"https:\\\/\\\/www.encontrabelem.com.br\\\/sobre\\\/exposicao-homenageia-defensores-da-amazonia-e-programacao-oferece-oficina-gratuita-de-arte-em-belem#webpage\"},\"articleSection\":\"Cultura Bel\\u00e9m\"},{\"@type\":\"BreadcrumbList\",\"@id\":\"https:\\\/\\\/www.encontrabelem.com.br\\\/sobre\\\/exposicao-homenageia-defensores-da-amazonia-e-programacao-oferece-oficina-gratuita-de-arte-em-belem#breadcrumblist\",\"itemListElement\":[{\"@type\":\"ListItem\",\"@id\":\"https:\\\/\\\/www.encontrabelem.com.br\\\/sobre#listItem\",\"position\":1,\"name\":\"In\\u00edcio\",\"item\":\"https:\\\/\\\/www.encontrabelem.com.br\\\/sobre\",\"nextItem\":{\"@type\":\"ListItem\",\"@id\":\"https:\\\/\\\/www.encontrabelem.com.br\\\/sobre\\\/cultura-em-belem#listItem\",\"name\":\"Cultura Bel\\u00e9m\"}},{\"@type\":\"ListItem\",\"@id\":\"https:\\\/\\\/www.encontrabelem.com.br\\\/sobre\\\/cultura-em-belem#listItem\",\"position\":2,\"name\":\"Cultura Bel\\u00e9m\",\"item\":\"https:\\\/\\\/www.encontrabelem.com.br\\\/sobre\\\/cultura-em-belem\",\"nextItem\":{\"@type\":\"ListItem\",\"@id\":\"https:\\\/\\\/www.encontrabelem.com.br\\\/sobre\\\/exposicao-homenageia-defensores-da-amazonia-e-programacao-oferece-oficina-gratuita-de-arte-em-belem#listItem\",\"name\":\"Exposi\\u00e7\\u00e3o homenageia defensores da Amaz\\u00f4nia e programa\\u00e7\\u00e3o oferece oficina gratuita de arte em Bel\\u00e9m\"},\"previousItem\":{\"@type\":\"ListItem\",\"@id\":\"https:\\\/\\\/www.encontrabelem.com.br\\\/sobre#listItem\",\"name\":\"In\\u00edcio\"}},{\"@type\":\"ListItem\",\"@id\":\"https:\\\/\\\/www.encontrabelem.com.br\\\/sobre\\\/exposicao-homenageia-defensores-da-amazonia-e-programacao-oferece-oficina-gratuita-de-arte-em-belem#listItem\",\"position\":3,\"name\":\"Exposi\\u00e7\\u00e3o homenageia defensores da Amaz\\u00f4nia e programa\\u00e7\\u00e3o oferece oficina gratuita de arte em Bel\\u00e9m\",\"previousItem\":{\"@type\":\"ListItem\",\"@id\":\"https:\\\/\\\/www.encontrabelem.com.br\\\/sobre\\\/cultura-em-belem#listItem\",\"name\":\"Cultura Bel\\u00e9m\"}}]},{\"@type\":\"Organization\",\"@id\":\"https:\\\/\\\/www.encontrabelem.com.br\\\/sobre\\\/#organization\",\"name\":\"Encontra Bel\\u00e9m\",\"description\":\"Not\\u00edcias, eventos, informa\\u00e7\\u00f5es e dicas na cidade Bel\\u00e9m e regi\\u00e3o.\",\"url\":\"https:\\\/\\\/www.encontrabelem.com.br\\\/sobre\\\/\"},{\"@type\":\"Person\",\"@id\":\"https:\\\/\\\/www.encontrabelem.com.br\\\/sobre\\\/author\\\/ebelem#author\",\"url\":\"https:\\\/\\\/www.encontrabelem.com.br\\\/sobre\\\/author\\\/ebelem\",\"name\":\"Encontra Bel\\u00e9m\",\"image\":{\"@type\":\"ImageObject\",\"@id\":\"https:\\\/\\\/www.encontrabelem.com.br\\\/sobre\\\/exposicao-homenageia-defensores-da-amazonia-e-programacao-oferece-oficina-gratuita-de-arte-em-belem#authorImage\",\"url\":\"https:\\\/\\\/secure.gravatar.com\\\/avatar\\\/507340682b8270222e1f208e23198b6ae7e2c6a1033ae84e99bc6bce4f82a387?s=96&d=mm&r=g\",\"width\":96,\"height\":96,\"caption\":\"Encontra Bel\\u00e9m\"}},{\"@type\":\"WebPage\",\"@id\":\"https:\\\/\\\/www.encontrabelem.com.br\\\/sobre\\\/exposicao-homenageia-defensores-da-amazonia-e-programacao-oferece-oficina-gratuita-de-arte-em-belem#webpage\",\"url\":\"https:\\\/\\\/www.encontrabelem.com.br\\\/sobre\\\/exposicao-homenageia-defensores-da-amazonia-e-programacao-oferece-oficina-gratuita-de-arte-em-belem\",\"name\":\"Exposi\\u00e7\\u00e3o homenageia defensores da Amaz\\u00f4nia e programa\\u00e7\\u00e3o oferece oficina gratuita de arte em Bel\\u00e9m | Encontra Bel\\u00e9m\",\"description\":\"Exposi\\u00e7\\u00e3o em Bel\\u00e9m destaca defensores da Amaz\\u00f4nia com trabalhos art\\u00edsticos e oficinas gratuitas.\",\"inLanguage\":\"pt-BR\",\"isPartOf\":{\"@id\":\"https:\\\/\\\/www.encontrabelem.com.br\\\/sobre\\\/#website\"},\"breadcrumb\":{\"@id\":\"https:\\\/\\\/www.encontrabelem.com.br\\\/sobre\\\/exposicao-homenageia-defensores-da-amazonia-e-programacao-oferece-oficina-gratuita-de-arte-em-belem#breadcrumblist\"},\"author\":{\"@id\":\"https:\\\/\\\/www.encontrabelem.com.br\\\/sobre\\\/author\\\/ebelem#author\"},\"creator\":{\"@id\":\"https:\\\/\\\/www.encontrabelem.com.br\\\/sobre\\\/author\\\/ebelem#author\"},\"image\":{\"@type\":\"ImageObject\",\"url\":\"https:\\\/\\\/www.encontrabelem.com.br\\\/sobre\\\/wp-content\\\/uploads\\\/2026\\\/07\\\/exposicao-homenageia-defensores-da-amazonia-e-programacao-oferece-oficina-gratuita-de-arte-em-belem.webp\",\"@id\":\"https:\\\/\\\/www.encontrabelem.com.br\\\/sobre\\\/exposicao-homenageia-defensores-da-amazonia-e-programacao-oferece-oficina-gratuita-de-arte-em-belem\\\/#mainImage\",\"width\":280,\"height\":280,\"caption\":\"exposi\\u00e7\\u00e3o defensores da Amaz\\u00f4nia\"},\"primaryImageOfPage\":{\"@id\":\"https:\\\/\\\/www.encontrabelem.com.br\\\/sobre\\\/exposicao-homenageia-defensores-da-amazonia-e-programacao-oferece-oficina-gratuita-de-arte-em-belem#mainImage\"},\"datePublished\":\"2026-07-17T05:28:59-03:00\",\"dateModified\":\"2026-07-17T05:28:59-03:00\"},{\"@type\":\"WebSite\",\"@id\":\"https:\\\/\\\/www.encontrabelem.com.br\\\/sobre\\\/#website\",\"url\":\"https:\\\/\\\/www.encontrabelem.com.br\\\/sobre\\\/\",\"name\":\"Encontra Bel\\u00e9m\",\"description\":\"Not\\u00edcias, eventos, informa\\u00e7\\u00f5es e dicas na cidade Bel\\u00e9m e regi\\u00e3o.\",\"inLanguage\":\"pt-BR\",\"publisher\":{\"@id\":\"https:\\\/\\\/www.encontrabelem.com.br\\\/sobre\\\/#organization\"}}]}\n\t\t<\/script>\n\t\t<!-- All in One SEO -->\n\n","aioseo_head_json":{"title":"Exposi\u00e7\u00e3o homenageia defensores da Amaz\u00f4nia e programa\u00e7\u00e3o oferece oficina gratuita de arte em Bel\u00e9m | Encontra Bel\u00e9m","description":"Exposi\u00e7\u00e3o em Bel\u00e9m destaca defensores da Amaz\u00f4nia com trabalhos art\u00edsticos e oficinas gratuitas.","canonical_url":"https:\/\/www.encontrabelem.com.br\/sobre\/exposicao-homenageia-defensores-da-amazonia-e-programacao-oferece-oficina-gratuita-de-arte-em-belem","robots":"max-image-preview:large","keywords":"","webmasterTools":{"miscellaneous":""},"schema":{"@context":"https:\/\/schema.org","@graph":[{"@type":"Article","@id":"https:\/\/www.encontrabelem.com.br\/sobre\/exposicao-homenageia-defensores-da-amazonia-e-programacao-oferece-oficina-gratuita-de-arte-em-belem#article","name":"Exposi\u00e7\u00e3o homenageia defensores da Amaz\u00f4nia e programa\u00e7\u00e3o oferece oficina gratuita de arte em Bel\u00e9m | Encontra Bel\u00e9m","headline":"Exposi\u00e7\u00e3o homenageia defensores da Amaz\u00f4nia e programa\u00e7\u00e3o oferece oficina gratuita de arte em Bel\u00e9m","author":{"@id":"https:\/\/www.encontrabelem.com.br\/sobre\/author\/ebelem#author"},"publisher":{"@id":"https:\/\/www.encontrabelem.com.br\/sobre\/#organization"},"image":{"@type":"ImageObject","url":"https:\/\/www.encontrabelem.com.br\/sobre\/wp-content\/uploads\/2026\/07\/exposicao-homenageia-defensores-da-amazonia-e-programacao-oferece-oficina-gratuita-de-arte-em-belem.webp","width":280,"height":280,"caption":"exposi\u00e7\u00e3o defensores da Amaz\u00f4nia"},"datePublished":"2026-07-17T05:28:59-03:00","dateModified":"2026-07-17T05:28:59-03:00","inLanguage":"pt-BR","mainEntityOfPage":{"@id":"https:\/\/www.encontrabelem.com.br\/sobre\/exposicao-homenageia-defensores-da-amazonia-e-programacao-oferece-oficina-gratuita-de-arte-em-belem#webpage"},"isPartOf":{"@id":"https:\/\/www.encontrabelem.com.br\/sobre\/exposicao-homenageia-defensores-da-amazonia-e-programacao-oferece-oficina-gratuita-de-arte-em-belem#webpage"},"articleSection":"Cultura Bel\u00e9m"},{"@type":"BreadcrumbList","@id":"https:\/\/www.encontrabelem.com.br\/sobre\/exposicao-homenageia-defensores-da-amazonia-e-programacao-oferece-oficina-gratuita-de-arte-em-belem#breadcrumblist","itemListElement":[{"@type":"ListItem","@id":"https:\/\/www.encontrabelem.com.br\/sobre#listItem","position":1,"name":"In\u00edcio","item":"https:\/\/www.encontrabelem.com.br\/sobre","nextItem":{"@type":"ListItem","@id":"https:\/\/www.encontrabelem.com.br\/sobre\/cultura-em-belem#listItem","name":"Cultura Bel\u00e9m"}},{"@type":"ListItem","@id":"https:\/\/www.encontrabelem.com.br\/sobre\/cultura-em-belem#listItem","position":2,"name":"Cultura Bel\u00e9m","item":"https:\/\/www.encontrabelem.com.br\/sobre\/cultura-em-belem","nextItem":{"@type":"ListItem","@id":"https:\/\/www.encontrabelem.com.br\/sobre\/exposicao-homenageia-defensores-da-amazonia-e-programacao-oferece-oficina-gratuita-de-arte-em-belem#listItem","name":"Exposi\u00e7\u00e3o homenageia defensores da Amaz\u00f4nia e programa\u00e7\u00e3o oferece oficina gratuita de arte em Bel\u00e9m"},"previousItem":{"@type":"ListItem","@id":"https:\/\/www.encontrabelem.com.br\/sobre#listItem","name":"In\u00edcio"}},{"@type":"ListItem","@id":"https:\/\/www.encontrabelem.com.br\/sobre\/exposicao-homenageia-defensores-da-amazonia-e-programacao-oferece-oficina-gratuita-de-arte-em-belem#listItem","position":3,"name":"Exposi\u00e7\u00e3o homenageia defensores da Amaz\u00f4nia e programa\u00e7\u00e3o oferece oficina gratuita de arte em Bel\u00e9m","previousItem":{"@type":"ListItem","@id":"https:\/\/www.encontrabelem.com.br\/sobre\/cultura-em-belem#listItem","name":"Cultura Bel\u00e9m"}}]},{"@type":"Organization","@id":"https:\/\/www.encontrabelem.com.br\/sobre\/#organization","name":"Encontra Bel\u00e9m","description":"Not\u00edcias, eventos, informa\u00e7\u00f5es e dicas na cidade Bel\u00e9m e regi\u00e3o.","url":"https:\/\/www.encontrabelem.com.br\/sobre\/"},{"@type":"Person","@id":"https:\/\/www.encontrabelem.com.br\/sobre\/author\/ebelem#author","url":"https:\/\/www.encontrabelem.com.br\/sobre\/author\/ebelem","name":"Encontra Bel\u00e9m","image":{"@type":"ImageObject","@id":"https:\/\/www.encontrabelem.com.br\/sobre\/exposicao-homenageia-defensores-da-amazonia-e-programacao-oferece-oficina-gratuita-de-arte-em-belem#authorImage","url":"https:\/\/secure.gravatar.com\/avatar\/507340682b8270222e1f208e23198b6ae7e2c6a1033ae84e99bc6bce4f82a387?s=96&d=mm&r=g","width":96,"height":96,"caption":"Encontra Bel\u00e9m"}},{"@type":"WebPage","@id":"https:\/\/www.encontrabelem.com.br\/sobre\/exposicao-homenageia-defensores-da-amazonia-e-programacao-oferece-oficina-gratuita-de-arte-em-belem#webpage","url":"https:\/\/www.encontrabelem.com.br\/sobre\/exposicao-homenageia-defensores-da-amazonia-e-programacao-oferece-oficina-gratuita-de-arte-em-belem","name":"Exposi\u00e7\u00e3o homenageia defensores da Amaz\u00f4nia e programa\u00e7\u00e3o oferece oficina gratuita de arte em Bel\u00e9m | Encontra Bel\u00e9m","description":"Exposi\u00e7\u00e3o em Bel\u00e9m destaca defensores da Amaz\u00f4nia com trabalhos art\u00edsticos e oficinas gratuitas.","inLanguage":"pt-BR","isPartOf":{"@id":"https:\/\/www.encontrabelem.com.br\/sobre\/#website"},"breadcrumb":{"@id":"https:\/\/www.encontrabelem.com.br\/sobre\/exposicao-homenageia-defensores-da-amazonia-e-programacao-oferece-oficina-gratuita-de-arte-em-belem#breadcrumblist"},"author":{"@id":"https:\/\/www.encontrabelem.com.br\/sobre\/author\/ebelem#author"},"creator":{"@id":"https:\/\/www.encontrabelem.com.br\/sobre\/author\/ebelem#author"},"image":{"@type":"ImageObject","url":"https:\/\/www.encontrabelem.com.br\/sobre\/wp-content\/uploads\/2026\/07\/exposicao-homenageia-defensores-da-amazonia-e-programacao-oferece-oficina-gratuita-de-arte-em-belem.webp","@id":"https:\/\/www.encontrabelem.com.br\/sobre\/exposicao-homenageia-defensores-da-amazonia-e-programacao-oferece-oficina-gratuita-de-arte-em-belem\/#mainImage","width":280,"height":280,"caption":"exposi\u00e7\u00e3o defensores da Amaz\u00f4nia"},"primaryImageOfPage":{"@id":"https:\/\/www.encontrabelem.com.br\/sobre\/exposicao-homenageia-defensores-da-amazonia-e-programacao-oferece-oficina-gratuita-de-arte-em-belem#mainImage"},"datePublished":"2026-07-17T05:28:59-03:00","dateModified":"2026-07-17T05:28:59-03:00"},{"@type":"WebSite","@id":"https:\/\/www.encontrabelem.com.br\/sobre\/#website","url":"https:\/\/www.encontrabelem.com.br\/sobre\/","name":"Encontra Bel\u00e9m","description":"Not\u00edcias, eventos, informa\u00e7\u00f5es e dicas na cidade Bel\u00e9m e regi\u00e3o.","inLanguage":"pt-BR","publisher":{"@id":"https:\/\/www.encontrabelem.com.br\/sobre\/#organization"}}]},"og:locale":"pt_BR","og:site_name":"Encontra Bel\u00e9m | Not\u00edcias, eventos, informa\u00e7\u00f5es e dicas na cidade Bel\u00e9m e regi\u00e3o.","og:type":"article","og:title":"Exposi\u00e7\u00e3o homenageia defensores da Amaz\u00f4nia e programa\u00e7\u00e3o oferece oficina gratuita de arte em Bel\u00e9m | Encontra Bel\u00e9m","og:description":"Exposi\u00e7\u00e3o em Bel\u00e9m destaca defensores da Amaz\u00f4nia com trabalhos art\u00edsticos e oficinas gratuitas.","og:url":"https:\/\/www.encontrabelem.com.br\/sobre\/exposicao-homenageia-defensores-da-amazonia-e-programacao-oferece-oficina-gratuita-de-arte-em-belem","article:published_time":"2026-07-17T08:28:59+00:00","article:modified_time":"2026-07-17T08:28:59+00:00","twitter:card":"summary","twitter:title":"Exposi\u00e7\u00e3o homenageia defensores da Amaz\u00f4nia e programa\u00e7\u00e3o oferece oficina gratuita de arte em Bel\u00e9m | Encontra Bel\u00e9m","twitter:description":"Exposi\u00e7\u00e3o em Bel\u00e9m destaca defensores da Amaz\u00f4nia com trabalhos art\u00edsticos e oficinas gratuitas."},"aioseo_meta_data":{"post_id":"2082","title":null,"description":null,"keywords":null,"keyphrases":null,"primary_term":null,"canonical_url":null,"og_title":null,"og_description":null,"og_object_type":"default","og_image_type":"default","og_image_url":null,"og_image_width":null,"og_image_height":null,"og_image_custom_url":null,"og_image_custom_fields":null,"og_video":null,"og_custom_url":null,"og_article_section":null,"og_article_tags":null,"twitter_use_og":false,"twitter_card":"default","twitter_image_type":"default","twitter_image_url":null,"twitter_image_custom_url":null,"twitter_image_custom_fields":null,"twitter_title":null,"twitter_description":null,"schema":{"blockGraphs":[],"customGraphs":[],"default":{"data":{"Article":[],"Course":[],"Dataset":[],"FAQPage":[],"Movie":[],"Person":[],"Product":[],"ProductReview":[],"Car":[],"Recipe":[],"Service":[],"SoftwareApplication":[],"WebPage":[]},"graphName":"Article","isEnabled":true},"graphs":[]},"schema_type":"default","schema_type_options":null,"pillar_content":false,"robots_default":true,"robots_noindex":false,"robots_noarchive":false,"robots_nosnippet":false,"robots_nofollow":false,"robots_noimageindex":false,"robots_noodp":false,"robots_notranslate":false,"robots_max_snippet":null,"robots_max_videopreview":null,"robots_max_imagepreview":"large","priority":null,"frequency":null,"local_seo":null,"breadcrumb_settings":null,"limit_modified_date":false,"ai":null,"created":"2026-07-17 08:29:01","updated":"2026-07-17 08:45:57","focus_keyword":null,"additional_keywords":null,"truseo_locale":null,"seo_analyzer_scan_date":null},"aioseo_breadcrumb":"<div class=\"aioseo-breadcrumbs\"><span class=\"aioseo-breadcrumb\">\n\t\t\t<a href=\"https:\/\/www.encontrabelem.com.br\/sobre\" title=\"In\u00edcio\">In\u00edcio<\/a>\n\t\t<\/span><span class=\"aioseo-breadcrumb-separator\">&raquo;<\/span><span class=\"aioseo-breadcrumb\">\n\t\t\t<a href=\"https:\/\/www.encontrabelem.com.br\/sobre\/cultura-em-belem\" title=\"Cultura Bel\u00e9m\">Cultura Bel\u00e9m<\/a>\n\t\t<\/span><span class=\"aioseo-breadcrumb-separator\">&raquo;<\/span><span class=\"aioseo-breadcrumb\">\n\t\t\tExposi\u00e7\u00e3o homenageia defensores da Amaz\u00f4nia e programa\u00e7\u00e3o oferece oficina gratuita de arte em Bel\u00e9m\n\t\t<\/span><\/div>","aioseo_breadcrumb_json":[{"label":"In\u00edcio","link":"https:\/\/www.encontrabelem.com.br\/sobre"},{"label":"Cultura Bel\u00e9m","link":"https:\/\/www.encontrabelem.com.br\/sobre\/cultura-em-belem"},{"label":"Exposi\u00e7\u00e3o homenageia defensores da Amaz\u00f4nia e programa\u00e7\u00e3o oferece oficina gratuita de arte em Bel\u00e9m","link":"https:\/\/www.encontrabelem.com.br\/sobre\/exposicao-homenageia-defensores-da-amazonia-e-programacao-oferece-oficina-gratuita-de-arte-em-belem"}],"_links":{"self":[{"href":"https:\/\/www.encontrabelem.com.br\/sobre\/wp-json\/wp\/v2\/posts\/2082","targetHints":{"allow":["GET"]}}],"collection":[{"href":"https:\/\/www.encontrabelem.com.br\/sobre\/wp-json\/wp\/v2\/posts"}],"about":[{"href":"https:\/\/www.encontrabelem.com.br\/sobre\/wp-json\/wp\/v2\/types\/post"}],"author":[{"embeddable":true,"href":"https:\/\/www.encontrabelem.com.br\/sobre\/wp-json\/wp\/v2\/users\/1"}],"replies":[{"embeddable":true,"href":"https:\/\/www.encontrabelem.com.br\/sobre\/wp-json\/wp\/v2\/comments?post=2082"}],"version-history":[{"count":0,"href":"https:\/\/www.encontrabelem.com.br\/sobre\/wp-json\/wp\/v2\/posts\/2082\/revisions"}],"wp:featuredmedia":[{"embeddable":true,"href":"https:\/\/www.encontrabelem.com.br\/sobre\/wp-json\/wp\/v2\/media\/2081"}],"wp:attachment":[{"href":"https:\/\/www.encontrabelem.com.br\/sobre\/wp-json\/wp\/v2\/media?parent=2082"}],"wp:term":[{"taxonomy":"category","embeddable":true,"href":"https:\/\/www.encontrabelem.com.br\/sobre\/wp-json\/wp\/v2\/categories?post=2082"},{"taxonomy":"post_tag","embeddable":true,"href":"https:\/\/www.encontrabelem.com.br\/sobre\/wp-json\/wp\/v2\/tags?post=2082"}],"curies":[{"name":"wp","href":"https:\/\/api.w.org\/{rel}","templated":true}]}}