{"id":2076,"date":"2026-07-16T08:20:09","date_gmt":"2026-07-16T11:20:09","guid":{"rendered":"https:\/\/www.encontrabelem.com.br\/sobre\/fiscalizacao-interdita-8-pontos-de-acai-em-ananindeua-na-grande-belem"},"modified":"2026-07-16T08:20:09","modified_gmt":"2026-07-16T11:20:09","slug":"fiscalizacao-interdita-8-pontos-de-acai-em-ananindeua-na-grande-belem","status":"publish","type":"post","link":"https:\/\/www.encontrabelem.com.br\/sobre\/fiscalizacao-interdita-8-pontos-de-acai-em-ananindeua-na-grande-belem","title":{"rendered":"Fiscaliza\u00e7\u00e3o interdita 8 pontos de a\u00e7a\u00ed em Ananindeua, na Grande Bel\u00e9m"},"content":{"rendered":"<div class=\"b22802487b0d38c4c6d9f34966e16421\" data-index=\"1\" style=\"float: none; margin:0px;\">\n<!-- Anuncio display - global -->\r\n<ins class=\"adsbygoogle\"\r\n     style=\"display:block\"\r\n     data-ad-client=\"ca-pub-8585364105181520\"\r\n     data-ad-slot=\"8789329856\"\r\n     data-ad-format=\"auto\"\r\n     data-full-width-responsive=\"true\"><\/ins>\r\n<script>\r\n     (adsbygoogle = window.adsbygoogle || []).push({});\r\n<\/script>\n<\/div>\n<h2>Entenda a Doen\u00e7a de Chagas<\/h2>\n<p>A <strong>Doen\u00e7a de Chagas<\/strong> \u00e9 uma infec\u00e7\u00e3o causada pelo protozo\u00e1rio <em>Trypanosoma cruzi<\/em>, transmitido principalmente por insetos conhecidos como &#8220;barbeiros&#8221;. A doen\u00e7as pode ser assintom\u00e1tica em seus est\u00e1gios iniciais, mas se n\u00e3o tratada, pode levar a s\u00e9rias complica\u00e7\u00f5es card\u00edacas e digestivas. Em 2026, um surto significativo foi registrado em Ananindeua, Par\u00e1, levantando preocupa\u00e7\u00f5es sobre a contamina\u00e7\u00e3o oral, especialmente envolvendo alimentos e bebidas.<\/p>\n<h2>Impacto do a\u00e7a\u00ed na sa\u00fade p\u00fablica<\/h2>\n<p>O <strong>a\u00e7a\u00ed<\/strong> \u00e9 uma fruta muito consumida na regi\u00e3o Norte do Brasil, reconhecida por suas propriedades antioxidantes e nutricionais. Contudo, sua popularidade tamb\u00e9m pode trazer riscos quando o processamento n\u00e3o cumpre normas higi\u00eanicas adequadas. A ingest\u00e3o de a\u00e7a\u00ed contaminado \u00e9 uma das principais vias de transmiss\u00e3o da doen\u00e7a, o que torna a fiscaliza\u00e7\u00e3o essencial.<\/p>\n<h2>Como a fiscaliza\u00e7\u00e3o \u00e9 realizada<\/h2>\n<p>A fiscaliza\u00e7\u00e3o dos pontos de venda e processamento do a\u00e7a\u00ed \u00e9 realizada por equipes do <strong>Minist\u00e9rio P\u00fablico do Par\u00e1<\/strong> (MPPA), em conjunto com a Vigil\u00e2ncia Sanit\u00e1ria e outros \u00f3rg\u00e3os. As inspe\u00e7\u00f5es visam garantir que as pr\u00e1ticas de higiene e armazenamento sejam adequadas para minimizar riscos \u00e0 sa\u00fade p\u00fablica. Os estabelecimentos s\u00e3o avaliados conforme uma checklist que inclui condi\u00e7\u00f5es de armazenamento, manipula\u00e7\u00e3o e processamento dos produtos.<\/p>\n<p><img decoding=\"async\" src=\"https:\/\/www.encontrabelem.com.br\/sobre\/wp-content\/uploads\/2026\/07\/fiscalizacao-interdita-8-pontos-de-acai-em-ananindeua-na-grande-belem.webp\" alt=\"fiscaliza\u00e7\u00e3o de pontos de a\u00e7a\u00ed\" loading=\"lazy\" \/><\/p>\n<h2>Resultados da opera\u00e7\u00e3o em Ananindeua<\/h2>\n<p>No dia 23 de junho de 2026, uma opera\u00e7\u00e3o foi conduzida em Ananindeua, onde 20 pontos de venda de a\u00e7a\u00ed foram inspecionados. Desses, <strong>oito pontos foram interditados<\/strong> por apresentarem irregularidades graves que comprometiam a seguran\u00e7a alimentar. Ao todo, 11 amostras de a\u00e7a\u00ed foram coletadas para an\u00e1lise em laborat\u00f3rio. Essa a\u00e7\u00e3o \u00e9 parte de um esfor\u00e7o cont\u00ednuo para combater a transmiss\u00e3o da Doen\u00e7a de Chagas na regi\u00e3o.<\/p>\n<h2>Pontos de a\u00e7a\u00ed interditados<\/h2>\n<p>Dos estabelecimentos fiscalizados, a seguir est\u00e3o os resultados encontrados:<\/p>\n<ul>\n<li><strong>Oito<\/strong> estabelecimentos foram interditados devido a comiss\u00f5es sanit\u00e1rias inadequadas.<\/li>\n<li><strong>Um<\/strong> ponto teve suas atividades suspensas por <strong>72 horas<\/strong> para que ajustes fossem feitos.<\/li>\n<li>Outros <strong>11<\/strong> locais receberam notifica\u00e7\u00f5es, com a exig\u00eancia de corre\u00e7\u00e3o de irregularidades apontadas pela fiscaliza\u00e7\u00e3o.<\/li>\n<\/ul>\n<h2>Procedimentos adotados pela fiscaliza\u00e7\u00e3o<\/h2>\n<p>A fiscaliza\u00e7\u00e3o incluiu uma s\u00e9rie de procedimentos pr\u00e9vios para garantir a qualidade e seguran\u00e7a do a\u00e7a\u00ed. Primeiramente, foram realizadas observa\u00e7\u00f5es das condi\u00e7\u00f5es higi\u00eanico-sanit\u00e1rias dos estabelecimentos, seguidas pela inspe\u00e7\u00e3o da estrutura utilizada para o processamento do fruto. A equipe tamb\u00e9m verificou se as normas de manipula\u00e7\u00e3o de alimentos estavam sendo cumpridas, al\u00e9m de avaliar a conformidade com a legisla\u00e7\u00e3o sanit\u00e1ria vigente.<\/p>\n<h2>An\u00e1lise das amostras coletadas<\/h2>\n<p>As amostras de a\u00e7a\u00ed coletadas foram enviadas ao <strong>Laborat\u00f3rio Central do Estado do Par\u00e1<\/strong> (Lacen) para an\u00e1lises detalhadas. Os testes visam determinar a presen\u00e7a de contaminantes qu\u00edmicos e biol\u00f3gicos que possam ser prejudiciais \u00e0 sa\u00fade. Os resultados s\u00e3o fundamentais para orientar as a\u00e7\u00f5es de sa\u00fade p\u00fablica e promover a seguran\u00e7a alimentar na regi\u00e3o.<\/p>\n<h2>Principais irregularidades encontradas<\/h2>\n<p>A fiscaliza\u00e7\u00e3o revelou diversas irregularidades, entre as quais se destacam:<\/p>\n<ul>\n<li>Falta de higiene nas \u00e1reas de manipula\u00e7\u00e3o e venda.<\/li>\n<li>Armazenamento inadequado dos produtos, expostos a contaminantes.<\/li>\n<li>N\u00e3o cumprimento das pr\u00e1ticas de temperatura adequada no armazenamento do a\u00e7a\u00ed.<\/li>\n<\/ul>\n<h2>Import\u00e2ncia da higiene alimentar<\/h2>\n<p>A higiene alimentar \u00e9 crucial para prevenir doen\u00e7as e garantir que os alimentos estejam seguros para o consumo. Em um contexto onde a Doen\u00e7a de Chagas \u00e9 uma preocupa\u00e7\u00e3o, \u00e9 vital que todos os envolvidos na cadeia de produ\u00e7\u00e3o e venda do a\u00e7a\u00ed compreendam a import\u00e2ncia de manter as melhores pr\u00e1ticas de higiene. Isso n\u00e3o apenas protege a sa\u00fade dos consumidores, mas tamb\u00e9m preserva a reputa\u00e7\u00e3o dos estabelecimentos.<\/p>\n<h2>Medidas preventivas para consumidores<\/h2>\n<p>Os consumidores tamb\u00e9m desempenham um papel fundamental na preven\u00e7\u00e3o da Doen\u00e7a de Chagas. Algumas medidas que podem ser adotadas incluem:<\/p>\n<ul>\n<li>Preferir pontos de venda que demonstrem compromisso com a higiene e qualidade do produto.<\/li>\n<li>Verificar se o a\u00e7a\u00ed apresenta selos de qualidade e \u00e9 de fontes confi\u00e1veis.<\/li>\n<li>Evitar o consumo de produtos de origem duvidosa.<\/li>\n<\/ul>\n<p>As autoridades de sa\u00fade recomendam que os consumidores estejam sempre alertas e informados sobre a origem dos alimentos que consomem. Isso n\u00e3o s\u00f3 ajuda na preven\u00e7\u00e3o de doen\u00e7as, mas tamb\u00e9m contribui para um mercado mais respons\u00e1vel.<\/p>\n\n<div style=\"font-size: 0px; height: 0px; line-height: 0px; margin: 0; padding: 0; clear: both;\"><\/div>","protected":false},"excerpt":{"rendered":"<p>Fiscaliza\u00e7\u00e3o de pontos de a\u00e7a\u00ed em Ananindeua alerta sobre a sa\u00fade p\u00fablica.<\/p>\n","protected":false},"author":1,"featured_media":2075,"comment_status":"open","ping_status":"closed","sticky":false,"template":"","format":"standard","meta":{"footnotes":""},"categories":[1],"tags":[],"class_list":["post-2076","post","type-post","status-publish","format-standard","has-post-thumbnail","hentry","category-noticias-em-belem","has_thumb"],"aioseo_notices":[],"aioseo_head":"\n\t\t<!-- All in One SEO 5.0.0.1 - aioseo.com -->\n\t<meta name=\"description\" content=\"Fiscaliza\u00e7\u00e3o de pontos de a\u00e7a\u00ed em Ananindeua alerta sobre a sa\u00fade p\u00fablica.\" \/>\n\t<meta name=\"robots\" content=\"max-image-preview:large\" \/>\n\t<meta name=\"author\" content=\"Encontra Bel\u00e9m\"\/>\n\t<link rel=\"canonical\" href=\"https:\/\/www.encontrabelem.com.br\/sobre\/fiscalizacao-interdita-8-pontos-de-acai-em-ananindeua-na-grande-belem\" \/>\n\t<meta name=\"generator\" content=\"All in One SEO (AIOSEO) 5.0.0.1\" \/>\n\t\t<meta property=\"og:locale\" content=\"pt_BR\" \/>\n\t\t<meta property=\"og:site_name\" content=\"Encontra Bel\u00e9m | Not\u00edcias, eventos, informa\u00e7\u00f5es e dicas na cidade Bel\u00e9m e regi\u00e3o.\" \/>\n\t\t<meta property=\"og:type\" content=\"article\" \/>\n\t\t<meta property=\"og:title\" content=\"Fiscaliza\u00e7\u00e3o interdita 8 pontos de a\u00e7a\u00ed em Ananindeua, na Grande Bel\u00e9m | Encontra Bel\u00e9m\" \/>\n\t\t<meta property=\"og:description\" content=\"Fiscaliza\u00e7\u00e3o de pontos de a\u00e7a\u00ed em Ananindeua alerta sobre a sa\u00fade p\u00fablica.\" \/>\n\t\t<meta property=\"og:url\" content=\"https:\/\/www.encontrabelem.com.br\/sobre\/fiscalizacao-interdita-8-pontos-de-acai-em-ananindeua-na-grande-belem\" \/>\n\t\t<meta property=\"article:published_time\" content=\"2026-07-16T11:20:09+00:00\" \/>\n\t\t<meta property=\"article:modified_time\" content=\"2026-07-16T11:20:09+00:00\" \/>\n\t\t<meta name=\"twitter:card\" content=\"summary\" \/>\n\t\t<meta name=\"twitter:title\" content=\"Fiscaliza\u00e7\u00e3o interdita 8 pontos de a\u00e7a\u00ed em Ananindeua, na Grande Bel\u00e9m | Encontra Bel\u00e9m\" \/>\n\t\t<meta name=\"twitter:description\" content=\"Fiscaliza\u00e7\u00e3o de pontos de a\u00e7a\u00ed em Ananindeua alerta sobre a sa\u00fade p\u00fablica.\" \/>\n\t\t<script type=\"application\/ld+json\" class=\"aioseo-schema\">\n\t\t\t{\"@context\":\"https:\\\/\\\/schema.org\",\"@graph\":[{\"@type\":\"Article\",\"@id\":\"https:\\\/\\\/www.encontrabelem.com.br\\\/sobre\\\/fiscalizacao-interdita-8-pontos-de-acai-em-ananindeua-na-grande-belem#article\",\"name\":\"Fiscaliza\\u00e7\\u00e3o interdita 8 pontos de a\\u00e7a\\u00ed em Ananindeua, na Grande Bel\\u00e9m | Encontra Bel\\u00e9m\",\"headline\":\"Fiscaliza\\u00e7\\u00e3o interdita 8 pontos de a\\u00e7a\\u00ed em Ananindeua, na Grande Bel\\u00e9m\",\"author\":{\"@id\":\"https:\\\/\\\/www.encontrabelem.com.br\\\/sobre\\\/author\\\/ebelem#author\"},\"publisher\":{\"@id\":\"https:\\\/\\\/www.encontrabelem.com.br\\\/sobre\\\/#organization\"},\"image\":{\"@type\":\"ImageObject\",\"url\":\"https:\\\/\\\/www.encontrabelem.com.br\\\/sobre\\\/wp-content\\\/uploads\\\/2026\\\/07\\\/fiscalizacao-interdita-8-pontos-de-acai-em-ananindeua-na-grande-belem.webp\",\"width\":280,\"height\":280,\"caption\":\"fiscaliza\\u00e7\\u00e3o de pontos de a\\u00e7a\\u00ed\"},\"datePublished\":\"2026-07-16T08:20:09-03:00\",\"dateModified\":\"2026-07-16T08:20:09-03:00\",\"inLanguage\":\"pt-BR\",\"mainEntityOfPage\":{\"@id\":\"https:\\\/\\\/www.encontrabelem.com.br\\\/sobre\\\/fiscalizacao-interdita-8-pontos-de-acai-em-ananindeua-na-grande-belem#webpage\"},\"isPartOf\":{\"@id\":\"https:\\\/\\\/www.encontrabelem.com.br\\\/sobre\\\/fiscalizacao-interdita-8-pontos-de-acai-em-ananindeua-na-grande-belem#webpage\"},\"articleSection\":\"Not\\u00edcias Bel\\u00e9m\"},{\"@type\":\"BreadcrumbList\",\"@id\":\"https:\\\/\\\/www.encontrabelem.com.br\\\/sobre\\\/fiscalizacao-interdita-8-pontos-de-acai-em-ananindeua-na-grande-belem#breadcrumblist\",\"itemListElement\":[{\"@type\":\"ListItem\",\"@id\":\"https:\\\/\\\/www.encontrabelem.com.br\\\/sobre#listItem\",\"position\":1,\"name\":\"In\\u00edcio\",\"item\":\"https:\\\/\\\/www.encontrabelem.com.br\\\/sobre\",\"nextItem\":{\"@type\":\"ListItem\",\"@id\":\"https:\\\/\\\/www.encontrabelem.com.br\\\/sobre\\\/noticias-em-belem#listItem\",\"name\":\"Not\\u00edcias Bel\\u00e9m\"}},{\"@type\":\"ListItem\",\"@id\":\"https:\\\/\\\/www.encontrabelem.com.br\\\/sobre\\\/noticias-em-belem#listItem\",\"position\":2,\"name\":\"Not\\u00edcias Bel\\u00e9m\",\"item\":\"https:\\\/\\\/www.encontrabelem.com.br\\\/sobre\\\/noticias-em-belem\",\"nextItem\":{\"@type\":\"ListItem\",\"@id\":\"https:\\\/\\\/www.encontrabelem.com.br\\\/sobre\\\/fiscalizacao-interdita-8-pontos-de-acai-em-ananindeua-na-grande-belem#listItem\",\"name\":\"Fiscaliza\\u00e7\\u00e3o interdita 8 pontos de a\\u00e7a\\u00ed em Ananindeua, na Grande Bel\\u00e9m\"},\"previousItem\":{\"@type\":\"ListItem\",\"@id\":\"https:\\\/\\\/www.encontrabelem.com.br\\\/sobre#listItem\",\"name\":\"In\\u00edcio\"}},{\"@type\":\"ListItem\",\"@id\":\"https:\\\/\\\/www.encontrabelem.com.br\\\/sobre\\\/fiscalizacao-interdita-8-pontos-de-acai-em-ananindeua-na-grande-belem#listItem\",\"position\":3,\"name\":\"Fiscaliza\\u00e7\\u00e3o interdita 8 pontos de a\\u00e7a\\u00ed em Ananindeua, na Grande Bel\\u00e9m\",\"previousItem\":{\"@type\":\"ListItem\",\"@id\":\"https:\\\/\\\/www.encontrabelem.com.br\\\/sobre\\\/noticias-em-belem#listItem\",\"name\":\"Not\\u00edcias Bel\\u00e9m\"}}]},{\"@type\":\"Organization\",\"@id\":\"https:\\\/\\\/www.encontrabelem.com.br\\\/sobre\\\/#organization\",\"name\":\"Encontra Bel\\u00e9m\",\"description\":\"Not\\u00edcias, eventos, informa\\u00e7\\u00f5es e dicas na cidade Bel\\u00e9m e regi\\u00e3o.\",\"url\":\"https:\\\/\\\/www.encontrabelem.com.br\\\/sobre\\\/\"},{\"@type\":\"Person\",\"@id\":\"https:\\\/\\\/www.encontrabelem.com.br\\\/sobre\\\/author\\\/ebelem#author\",\"url\":\"https:\\\/\\\/www.encontrabelem.com.br\\\/sobre\\\/author\\\/ebelem\",\"name\":\"Encontra Bel\\u00e9m\",\"image\":{\"@type\":\"ImageObject\",\"@id\":\"https:\\\/\\\/www.encontrabelem.com.br\\\/sobre\\\/fiscalizacao-interdita-8-pontos-de-acai-em-ananindeua-na-grande-belem#authorImage\",\"url\":\"https:\\\/\\\/secure.gravatar.com\\\/avatar\\\/507340682b8270222e1f208e23198b6ae7e2c6a1033ae84e99bc6bce4f82a387?s=96&d=mm&r=g\",\"width\":96,\"height\":96,\"caption\":\"Encontra Bel\\u00e9m\"}},{\"@type\":\"WebPage\",\"@id\":\"https:\\\/\\\/www.encontrabelem.com.br\\\/sobre\\\/fiscalizacao-interdita-8-pontos-de-acai-em-ananindeua-na-grande-belem#webpage\",\"url\":\"https:\\\/\\\/www.encontrabelem.com.br\\\/sobre\\\/fiscalizacao-interdita-8-pontos-de-acai-em-ananindeua-na-grande-belem\",\"name\":\"Fiscaliza\\u00e7\\u00e3o interdita 8 pontos de a\\u00e7a\\u00ed em Ananindeua, na Grande Bel\\u00e9m | Encontra Bel\\u00e9m\",\"description\":\"Fiscaliza\\u00e7\\u00e3o de pontos de a\\u00e7a\\u00ed em Ananindeua alerta sobre a sa\\u00fade p\\u00fablica.\",\"inLanguage\":\"pt-BR\",\"isPartOf\":{\"@id\":\"https:\\\/\\\/www.encontrabelem.com.br\\\/sobre\\\/#website\"},\"breadcrumb\":{\"@id\":\"https:\\\/\\\/www.encontrabelem.com.br\\\/sobre\\\/fiscalizacao-interdita-8-pontos-de-acai-em-ananindeua-na-grande-belem#breadcrumblist\"},\"author\":{\"@id\":\"https:\\\/\\\/www.encontrabelem.com.br\\\/sobre\\\/author\\\/ebelem#author\"},\"creator\":{\"@id\":\"https:\\\/\\\/www.encontrabelem.com.br\\\/sobre\\\/author\\\/ebelem#author\"},\"image\":{\"@type\":\"ImageObject\",\"url\":\"https:\\\/\\\/www.encontrabelem.com.br\\\/sobre\\\/wp-content\\\/uploads\\\/2026\\\/07\\\/fiscalizacao-interdita-8-pontos-de-acai-em-ananindeua-na-grande-belem.webp\",\"@id\":\"https:\\\/\\\/www.encontrabelem.com.br\\\/sobre\\\/fiscalizacao-interdita-8-pontos-de-acai-em-ananindeua-na-grande-belem\\\/#mainImage\",\"width\":280,\"height\":280,\"caption\":\"fiscaliza\\u00e7\\u00e3o de pontos de a\\u00e7a\\u00ed\"},\"primaryImageOfPage\":{\"@id\":\"https:\\\/\\\/www.encontrabelem.com.br\\\/sobre\\\/fiscalizacao-interdita-8-pontos-de-acai-em-ananindeua-na-grande-belem#mainImage\"},\"datePublished\":\"2026-07-16T08:20:09-03:00\",\"dateModified\":\"2026-07-16T08:20:09-03:00\"},{\"@type\":\"WebSite\",\"@id\":\"https:\\\/\\\/www.encontrabelem.com.br\\\/sobre\\\/#website\",\"url\":\"https:\\\/\\\/www.encontrabelem.com.br\\\/sobre\\\/\",\"name\":\"Encontra Bel\\u00e9m\",\"description\":\"Not\\u00edcias, eventos, informa\\u00e7\\u00f5es e dicas na cidade Bel\\u00e9m e regi\\u00e3o.\",\"inLanguage\":\"pt-BR\",\"publisher\":{\"@id\":\"https:\\\/\\\/www.encontrabelem.com.br\\\/sobre\\\/#organization\"}}]}\n\t\t<\/script>\n\t\t<!-- All in One SEO -->\n\n","aioseo_head_json":{"title":"Fiscaliza\u00e7\u00e3o interdita 8 pontos de a\u00e7a\u00ed em Ananindeua, na Grande Bel\u00e9m | Encontra Bel\u00e9m","description":"Fiscaliza\u00e7\u00e3o de pontos de a\u00e7a\u00ed em Ananindeua alerta sobre a sa\u00fade p\u00fablica.","canonical_url":"https:\/\/www.encontrabelem.com.br\/sobre\/fiscalizacao-interdita-8-pontos-de-acai-em-ananindeua-na-grande-belem","robots":"max-image-preview:large","keywords":"","webmasterTools":{"miscellaneous":""},"schema":{"@context":"https:\/\/schema.org","@graph":[{"@type":"Article","@id":"https:\/\/www.encontrabelem.com.br\/sobre\/fiscalizacao-interdita-8-pontos-de-acai-em-ananindeua-na-grande-belem#article","name":"Fiscaliza\u00e7\u00e3o interdita 8 pontos de a\u00e7a\u00ed em Ananindeua, na Grande Bel\u00e9m | Encontra Bel\u00e9m","headline":"Fiscaliza\u00e7\u00e3o interdita 8 pontos de a\u00e7a\u00ed em Ananindeua, na Grande Bel\u00e9m","author":{"@id":"https:\/\/www.encontrabelem.com.br\/sobre\/author\/ebelem#author"},"publisher":{"@id":"https:\/\/www.encontrabelem.com.br\/sobre\/#organization"},"image":{"@type":"ImageObject","url":"https:\/\/www.encontrabelem.com.br\/sobre\/wp-content\/uploads\/2026\/07\/fiscalizacao-interdita-8-pontos-de-acai-em-ananindeua-na-grande-belem.webp","width":280,"height":280,"caption":"fiscaliza\u00e7\u00e3o de pontos de a\u00e7a\u00ed"},"datePublished":"2026-07-16T08:20:09-03:00","dateModified":"2026-07-16T08:20:09-03:00","inLanguage":"pt-BR","mainEntityOfPage":{"@id":"https:\/\/www.encontrabelem.com.br\/sobre\/fiscalizacao-interdita-8-pontos-de-acai-em-ananindeua-na-grande-belem#webpage"},"isPartOf":{"@id":"https:\/\/www.encontrabelem.com.br\/sobre\/fiscalizacao-interdita-8-pontos-de-acai-em-ananindeua-na-grande-belem#webpage"},"articleSection":"Not\u00edcias Bel\u00e9m"},{"@type":"BreadcrumbList","@id":"https:\/\/www.encontrabelem.com.br\/sobre\/fiscalizacao-interdita-8-pontos-de-acai-em-ananindeua-na-grande-belem#breadcrumblist","itemListElement":[{"@type":"ListItem","@id":"https:\/\/www.encontrabelem.com.br\/sobre#listItem","position":1,"name":"In\u00edcio","item":"https:\/\/www.encontrabelem.com.br\/sobre","nextItem":{"@type":"ListItem","@id":"https:\/\/www.encontrabelem.com.br\/sobre\/noticias-em-belem#listItem","name":"Not\u00edcias Bel\u00e9m"}},{"@type":"ListItem","@id":"https:\/\/www.encontrabelem.com.br\/sobre\/noticias-em-belem#listItem","position":2,"name":"Not\u00edcias Bel\u00e9m","item":"https:\/\/www.encontrabelem.com.br\/sobre\/noticias-em-belem","nextItem":{"@type":"ListItem","@id":"https:\/\/www.encontrabelem.com.br\/sobre\/fiscalizacao-interdita-8-pontos-de-acai-em-ananindeua-na-grande-belem#listItem","name":"Fiscaliza\u00e7\u00e3o interdita 8 pontos de a\u00e7a\u00ed em Ananindeua, na Grande Bel\u00e9m"},"previousItem":{"@type":"ListItem","@id":"https:\/\/www.encontrabelem.com.br\/sobre#listItem","name":"In\u00edcio"}},{"@type":"ListItem","@id":"https:\/\/www.encontrabelem.com.br\/sobre\/fiscalizacao-interdita-8-pontos-de-acai-em-ananindeua-na-grande-belem#listItem","position":3,"name":"Fiscaliza\u00e7\u00e3o interdita 8 pontos de a\u00e7a\u00ed em Ananindeua, na Grande Bel\u00e9m","previousItem":{"@type":"ListItem","@id":"https:\/\/www.encontrabelem.com.br\/sobre\/noticias-em-belem#listItem","name":"Not\u00edcias Bel\u00e9m"}}]},{"@type":"Organization","@id":"https:\/\/www.encontrabelem.com.br\/sobre\/#organization","name":"Encontra Bel\u00e9m","description":"Not\u00edcias, eventos, informa\u00e7\u00f5es e dicas na cidade Bel\u00e9m e regi\u00e3o.","url":"https:\/\/www.encontrabelem.com.br\/sobre\/"},{"@type":"Person","@id":"https:\/\/www.encontrabelem.com.br\/sobre\/author\/ebelem#author","url":"https:\/\/www.encontrabelem.com.br\/sobre\/author\/ebelem","name":"Encontra Bel\u00e9m","image":{"@type":"ImageObject","@id":"https:\/\/www.encontrabelem.com.br\/sobre\/fiscalizacao-interdita-8-pontos-de-acai-em-ananindeua-na-grande-belem#authorImage","url":"https:\/\/secure.gravatar.com\/avatar\/507340682b8270222e1f208e23198b6ae7e2c6a1033ae84e99bc6bce4f82a387?s=96&d=mm&r=g","width":96,"height":96,"caption":"Encontra Bel\u00e9m"}},{"@type":"WebPage","@id":"https:\/\/www.encontrabelem.com.br\/sobre\/fiscalizacao-interdita-8-pontos-de-acai-em-ananindeua-na-grande-belem#webpage","url":"https:\/\/www.encontrabelem.com.br\/sobre\/fiscalizacao-interdita-8-pontos-de-acai-em-ananindeua-na-grande-belem","name":"Fiscaliza\u00e7\u00e3o interdita 8 pontos de a\u00e7a\u00ed em Ananindeua, na Grande Bel\u00e9m | Encontra Bel\u00e9m","description":"Fiscaliza\u00e7\u00e3o de pontos de a\u00e7a\u00ed em Ananindeua alerta sobre a sa\u00fade p\u00fablica.","inLanguage":"pt-BR","isPartOf":{"@id":"https:\/\/www.encontrabelem.com.br\/sobre\/#website"},"breadcrumb":{"@id":"https:\/\/www.encontrabelem.com.br\/sobre\/fiscalizacao-interdita-8-pontos-de-acai-em-ananindeua-na-grande-belem#breadcrumblist"},"author":{"@id":"https:\/\/www.encontrabelem.com.br\/sobre\/author\/ebelem#author"},"creator":{"@id":"https:\/\/www.encontrabelem.com.br\/sobre\/author\/ebelem#author"},"image":{"@type":"ImageObject","url":"https:\/\/www.encontrabelem.com.br\/sobre\/wp-content\/uploads\/2026\/07\/fiscalizacao-interdita-8-pontos-de-acai-em-ananindeua-na-grande-belem.webp","@id":"https:\/\/www.encontrabelem.com.br\/sobre\/fiscalizacao-interdita-8-pontos-de-acai-em-ananindeua-na-grande-belem\/#mainImage","width":280,"height":280,"caption":"fiscaliza\u00e7\u00e3o de pontos de a\u00e7a\u00ed"},"primaryImageOfPage":{"@id":"https:\/\/www.encontrabelem.com.br\/sobre\/fiscalizacao-interdita-8-pontos-de-acai-em-ananindeua-na-grande-belem#mainImage"},"datePublished":"2026-07-16T08:20:09-03:00","dateModified":"2026-07-16T08:20:09-03:00"},{"@type":"WebSite","@id":"https:\/\/www.encontrabelem.com.br\/sobre\/#website","url":"https:\/\/www.encontrabelem.com.br\/sobre\/","name":"Encontra Bel\u00e9m","description":"Not\u00edcias, eventos, informa\u00e7\u00f5es e dicas na cidade Bel\u00e9m e regi\u00e3o.","inLanguage":"pt-BR","publisher":{"@id":"https:\/\/www.encontrabelem.com.br\/sobre\/#organization"}}]},"og:locale":"pt_BR","og:site_name":"Encontra Bel\u00e9m | Not\u00edcias, eventos, informa\u00e7\u00f5es e dicas na cidade Bel\u00e9m e regi\u00e3o.","og:type":"article","og:title":"Fiscaliza\u00e7\u00e3o interdita 8 pontos de a\u00e7a\u00ed em Ananindeua, na Grande Bel\u00e9m | Encontra Bel\u00e9m","og:description":"Fiscaliza\u00e7\u00e3o de pontos de a\u00e7a\u00ed em Ananindeua alerta sobre a sa\u00fade p\u00fablica.","og:url":"https:\/\/www.encontrabelem.com.br\/sobre\/fiscalizacao-interdita-8-pontos-de-acai-em-ananindeua-na-grande-belem","article:published_time":"2026-07-16T11:20:09+00:00","article:modified_time":"2026-07-16T11:20:09+00:00","twitter:card":"summary","twitter:title":"Fiscaliza\u00e7\u00e3o interdita 8 pontos de a\u00e7a\u00ed em Ananindeua, na Grande Bel\u00e9m | Encontra Bel\u00e9m","twitter:description":"Fiscaliza\u00e7\u00e3o de pontos de a\u00e7a\u00ed em Ananindeua alerta sobre a sa\u00fade p\u00fablica."},"aioseo_meta_data":{"post_id":"2076","title":null,"description":null,"keywords":null,"keyphrases":null,"primary_term":null,"canonical_url":null,"og_title":null,"og_description":null,"og_object_type":"default","og_image_type":"default","og_image_url":null,"og_image_width":null,"og_image_height":null,"og_image_custom_url":null,"og_image_custom_fields":null,"og_video":null,"og_custom_url":null,"og_article_section":null,"og_article_tags":null,"twitter_use_og":false,"twitter_card":"default","twitter_image_type":"default","twitter_image_url":null,"twitter_image_custom_url":null,"twitter_image_custom_fields":null,"twitter_title":null,"twitter_description":null,"schema":{"blockGraphs":[],"customGraphs":[],"default":{"data":{"Article":[],"Course":[],"Dataset":[],"FAQPage":[],"Movie":[],"Person":[],"Product":[],"ProductReview":[],"Car":[],"Recipe":[],"Service":[],"SoftwareApplication":[],"WebPage":[]},"graphName":"Article","isEnabled":true},"graphs":[]},"schema_type":"default","schema_type_options":null,"pillar_content":false,"robots_default":true,"robots_noindex":false,"robots_noarchive":false,"robots_nosnippet":false,"robots_nofollow":false,"robots_noimageindex":false,"robots_noodp":false,"robots_notranslate":false,"robots_max_snippet":null,"robots_max_videopreview":null,"robots_max_imagepreview":"large","priority":null,"frequency":null,"local_seo":null,"breadcrumb_settings":null,"limit_modified_date":false,"ai":null,"created":"2026-07-16 11:20:11","updated":"2026-07-16 11:33:39","focus_keyword":null,"additional_keywords":null,"truseo_locale":null,"seo_analyzer_scan_date":null},"aioseo_breadcrumb":"<div class=\"aioseo-breadcrumbs\"><span class=\"aioseo-breadcrumb\">\n\t\t\t<a href=\"https:\/\/www.encontrabelem.com.br\/sobre\" title=\"In\u00edcio\">In\u00edcio<\/a>\n\t\t<\/span><span class=\"aioseo-breadcrumb-separator\">&raquo;<\/span><span class=\"aioseo-breadcrumb\">\n\t\t\t<a href=\"https:\/\/www.encontrabelem.com.br\/sobre\/noticias-em-belem\" title=\"Not\u00edcias Bel\u00e9m\">Not\u00edcias Bel\u00e9m<\/a>\n\t\t<\/span><span class=\"aioseo-breadcrumb-separator\">&raquo;<\/span><span class=\"aioseo-breadcrumb\">\n\t\t\tFiscaliza\u00e7\u00e3o interdita 8 pontos de a\u00e7a\u00ed em Ananindeua, na Grande Bel\u00e9m\n\t\t<\/span><\/div>","aioseo_breadcrumb_json":[{"label":"In\u00edcio","link":"https:\/\/www.encontrabelem.com.br\/sobre"},{"label":"Not\u00edcias Bel\u00e9m","link":"https:\/\/www.encontrabelem.com.br\/sobre\/noticias-em-belem"},{"label":"Fiscaliza\u00e7\u00e3o interdita 8 pontos de a\u00e7a\u00ed em Ananindeua, na Grande Bel\u00e9m","link":"https:\/\/www.encontrabelem.com.br\/sobre\/fiscalizacao-interdita-8-pontos-de-acai-em-ananindeua-na-grande-belem"}],"_links":{"self":[{"href":"https:\/\/www.encontrabelem.com.br\/sobre\/wp-json\/wp\/v2\/posts\/2076","targetHints":{"allow":["GET"]}}],"collection":[{"href":"https:\/\/www.encontrabelem.com.br\/sobre\/wp-json\/wp\/v2\/posts"}],"about":[{"href":"https:\/\/www.encontrabelem.com.br\/sobre\/wp-json\/wp\/v2\/types\/post"}],"author":[{"embeddable":true,"href":"https:\/\/www.encontrabelem.com.br\/sobre\/wp-json\/wp\/v2\/users\/1"}],"replies":[{"embeddable":true,"href":"https:\/\/www.encontrabelem.com.br\/sobre\/wp-json\/wp\/v2\/comments?post=2076"}],"version-history":[{"count":0,"href":"https:\/\/www.encontrabelem.com.br\/sobre\/wp-json\/wp\/v2\/posts\/2076\/revisions"}],"wp:featuredmedia":[{"embeddable":true,"href":"https:\/\/www.encontrabelem.com.br\/sobre\/wp-json\/wp\/v2\/media\/2075"}],"wp:attachment":[{"href":"https:\/\/www.encontrabelem.com.br\/sobre\/wp-json\/wp\/v2\/media?parent=2076"}],"wp:term":[{"taxonomy":"category","embeddable":true,"href":"https:\/\/www.encontrabelem.com.br\/sobre\/wp-json\/wp\/v2\/categories?post=2076"},{"taxonomy":"post_tag","embeddable":true,"href":"https:\/\/www.encontrabelem.com.br\/sobre\/wp-json\/wp\/v2\/tags?post=2076"}],"curies":[{"name":"wp","href":"https:\/\/api.w.org\/{rel}","templated":true}]}}