{"id":2074,"date":"2026-07-15T17:16:08","date_gmt":"2026-07-15T20:16:08","guid":{"rendered":"https:\/\/www.encontrabelem.com.br\/sobre\/belem-vai-receber-seminario-nacional-para-fortalecer-a-gestao-de-organizacoes-do-terceiro-setor"},"modified":"2026-07-15T17:16:08","modified_gmt":"2026-07-15T20:16:08","slug":"belem-vai-receber-seminario-nacional-para-fortalecer-a-gestao-de-organizacoes-do-terceiro-setor","status":"publish","type":"post","link":"https:\/\/www.encontrabelem.com.br\/sobre\/belem-vai-receber-seminario-nacional-para-fortalecer-a-gestao-de-organizacoes-do-terceiro-setor","title":{"rendered":"Bel\u00e9m vai receber semin\u00e1rio nacional para fortalecer a gest\u00e3o de organiza\u00e7\u00f5es do Terceiro Setor"},"content":{"rendered":"<div class=\"b22802487b0d38c4c6d9f34966e16421\" data-index=\"1\" style=\"float: none; margin:0px;\">\n<!-- Anuncio display - global -->\r\n<ins class=\"adsbygoogle\"\r\n     style=\"display:block\"\r\n     data-ad-client=\"ca-pub-8585364105181520\"\r\n     data-ad-slot=\"8789329856\"\r\n     data-ad-format=\"auto\"\r\n     data-full-width-responsive=\"true\"><\/ins>\r\n<script>\r\n     (adsbygoogle = window.adsbygoogle || []).push({});\r\n<\/script>\n<\/div>\n<h2>**Giro Filantropia: O Que \u00c9 e Como Participar**<\/h2>\n<p>O Giro Filantropia \u00e9 um semin\u00e1rio itinerante focado em oferecer capacita\u00e7\u00e3o gratuita para gestores, profissionais e volunt\u00e1rios vinculados ao Terceiro Setor. Neste evento, s\u00e3o abordadas diversas tem\u00e1ticas relevantes, sempre com a participa\u00e7\u00e3o de especialistas. O pr\u00f3ximo encontro acontecer\u00e1 em Bel\u00e9m (PA), no dia 5 de agosto de 2026, e busca promover a capacita\u00e7\u00e3o em \u00e1reas como gest\u00e3o, capta\u00e7\u00e3o de recursos e inova\u00e7\u00e3o. Para participar, os interessados devem se inscrever previamente, uma vez que as vagas s\u00e3o limitadas.<\/p>\n<h2>**Especialistas do Setor: Quem S\u00e3o os Palestrantes?**<\/h2>\n<p>Entre os palestrantes do Giro Filantropia, destaca-se Marcio Zeppelini, presidente da Rede Filantropia, que compartilhar\u00e1 insights importantes sobre como fortalecer o relacionamento com doadores e ampliar a capta\u00e7\u00e3o de recursos para iniciativas sociais. Outros especialistas, como Giliard de Vargas, discutir\u00e3o a automa\u00e7\u00e3o em processos administrativos, enquanto Warley Dias apresentar\u00e1 a import\u00e2ncia da auditoria cont\u00e1bil para garantir a transpar\u00eancia e a seguran\u00e7a financeira das organiza\u00e7\u00f5es sociais.<\/p>\n<h2>**Temas Abordados: Gest\u00e3o e Capta\u00e7\u00e3o de Recursos**<\/h2>\n<p>O semin\u00e1rio ser\u00e1 dividido em v\u00e1rias sess\u00f5es, cada uma abordando um aspecto crucial da gest\u00e3o de organiza\u00e7\u00f5es do Terceiro Setor. Ser\u00e3o discutidos t\u00f3picos como:<\/p>\n<p><img decoding=\"async\" src=\"https:\/\/www.encontrabelem.com.br\/sobre\/wp-content\/uploads\/2026\/07\/belem-vai-receber-seminario-nacional-para-fortalecer-a-gestao-de-organizacoes-do-terceiro-setor.webp\" alt=\"\" loading=\"lazy\" \/><\/p>\n<ul>\n<li>Capta\u00e7\u00e3o de recursos e import\u00e2ncia do marketing digital.<\/li>\n<li>A estrutura\u00e7\u00e3o de programas de voluntariado e estrat\u00e9gias para manter o engajamento social.<\/li>\n<li>Os impactos da reforma tribut\u00e1ria nas organiza\u00e7\u00f5es filantr\u00f3picas.<\/li>\n<li>A utilidade da tecnologia para a transforma\u00e7\u00e3o digital das pr\u00e1ticas organizacionais.<\/li>\n<\/ul>\n<p>Esses temas s\u00e3o fundamentais para o fortalecimento das Organiza\u00e7\u00f5es da Sociedade Civil (OSCs), permitindo que estas operem com mais efici\u00eancia e efic\u00e1cia.<\/p>\n<h2>**A Import\u00e2ncia da Capacita\u00e7\u00e3o para o Terceiro Setor**<\/h2>\n<p>Investir na capacita\u00e7\u00e3o das equipes \u00e9 essencial para potencializar o impacto social das organiza\u00e7\u00f5es. De acordo com Tha\u00eds Iannarelli, diretora executiva da Rede Filantropia, preparar as organiza\u00e7\u00f5es para gerenciar recursos e diversificar suas fontes de financiamento aumenta significativamente sua capacidade de alcan\u00e7ar resultados positivos e garantir sua sustentabilidade. A evolu\u00e7\u00e3o do Terceiro Setor tamb\u00e9m depende da profissionaliza\u00e7\u00e3o e da qualifica\u00e7\u00e3o de seus integrantes.<\/p>\n<h2>**Como Inscrever-se no Evento Gratuito**<\/h2>\n<p>A inscri\u00e7\u00e3o para o Giro Filantropia em Bel\u00e9m \u00e9 gratuita e pode ser realizada atrav\u00e9s do site oficial do evento. \u00c9 importante que os interessados se inscrevam o quanto antes, uma vez que as vagas podem se esgotar rapidamente. A inscri\u00e7\u00e3o \u00e9 uma excelente oportunidade para aprender com especialistas e trocar experi\u00eancias com outros profissionais do setor.<\/p>\n<h2>**O Que Esperar do Semin\u00e1rio de Bel\u00e9m?**<\/h2>\n<p>Durante o semin\u00e1rio, os participantes ter\u00e3o a oportunidade de aprender sobre as melhores pr\u00e1ticas de gest\u00e3o e capta\u00e7\u00e3o de recursos, al\u00e9m de fomentar uma rede de contatos valiosa. As discuss\u00f5es ser\u00e3o enriquecedoras, com a troca de experi\u00eancias e ideias inovadoras que poder\u00e3o ser aplicadas no cotidiano das organiza\u00e7\u00f5es. O ambiente prop\u00edcio ao networking proporcionar\u00e1 a constru\u00e7\u00e3o de parcerias que podem ser frut\u00edferas no futuro.<\/p>\n<h2>**Benef\u00edcios do Networking para Organiza\u00e7\u00f5es Sociais**<\/h2>\n<p>O networking \u00e9 um aspecto fundamental para o crescimento e fortalecimento das organiza\u00e7\u00f5es sociais. Participar de eventos como o Giro Filantropia permite:<\/p>\n<ul>\n<li>Amplia\u00e7\u00e3o do c\u00edrculo de contatos com outros profissionais e organiza\u00e7\u00f5es.<\/li>\n<li>Oportunidades de colabora\u00e7\u00e3o e parcerias em projetos futuros.<\/li>\n<li>Acesso a conhecimentos pr\u00e1ticos e experi\u00eancias de sucesso aplic\u00e1veis \u00e0 gest\u00e3o.<\/li>\n<li>Possibilidade de trocar ideias sobre desafios enfrentados e solu\u00e7\u00f5es adotadas por outras entidades.<\/li>\n<\/ul>\n<p>Esses benef\u00edcios contribuem para criar um ambiente onde as organiza\u00e7\u00f5es podem prosperar e ser mais impactantes em suas atividades sociais.<\/p>\n<h2>**Hist\u00f3rico do Giro Filantropia no Brasil**<\/h2>\n<p>Desde sua cria\u00e7\u00e3o em 2015, o Giro Filantropia j\u00e1 percorreu mais de 80 cidades brasileiras, levando capacita\u00e7\u00e3o e conhecimento para milhares de profissionais do Terceiro Setor. O semin\u00e1rio se consolidou como um importante recurso para aqueles que desejam melhorar a forma como conduzem suas organiza\u00e7\u00f5es, capacitando-os a lidar de maneira mais efetiva com os recursos dispon\u00edveis e a atender \u00e0s demandas sociais de maneira mais ampla.<\/p>\n<h2>**Sustentabilidade no Terceiro Setor: Desafios e Oportunidades**<\/h2>\n<p>A sustentabilidade das organiza\u00e7\u00f5es sociais \u00e9 um tema quente nos dias de hoje, com desafios que incluem a escassez de recursos financeiros e a necessidade de adapta\u00e7\u00e3o \u00e0s novas exig\u00eancias de accountability. No entanto, tamb\u00e9m existem oportunidades, como a crescente valoriza\u00e7\u00e3o do trabalho social pelas empresas, que podem se tornar parceiras estrat\u00e9gicas em diversas iniciativas. O Giro Filantropia oferece dimensionamento de como enfrentar esses desafios e aproveitar as oportunidades dispon\u00edveis.<\/p>\n<h2>**O Papel da Inova\u00e7\u00e3o na Gest\u00e3o do Terceiro Setor**<\/h2>\n<p>A inova\u00e7\u00e3o se torna cada vez mais importante no Terceiro Setor, n\u00e3o apenas em termos de ideias e projetos, mas tamb\u00e9m em processos e utiliza\u00e7\u00e3o de tecnologias que facilitam a gest\u00e3o e a capta\u00e7\u00e3o de recursos. Adotar novas pr\u00e1ticas pode ajudar as organiza\u00e7\u00f5es a se destacarem e serem mais relevantes em um mundo em constante mudan\u00e7a. O Giro Filantropia explora de que forma a inova\u00e7\u00e3o pode ser aplicada para melhorar a efici\u00eancia e o impacto das iniciativas sociais.<\/p>\n<p>O evento em Bel\u00e9m promete ser uma oportunidade \u00edmpar para aqueles que buscam avan\u00e7ar em suas pr\u00e1ticas e contribuir mais efetivamente para a sociedade.<\/p>\n\n<div style=\"font-size: 0px; height: 0px; line-height: 0px; margin: 0; padding: 0; clear: both;\"><\/div>","protected":false},"excerpt":{"rendered":"<p>Fortalecimento da gest\u00e3o do Terceiro Setor em Bel\u00e9m com semin\u00e1rio gratuito.<\/p>\n","protected":false},"author":1,"featured_media":2073,"comment_status":"open","ping_status":"closed","sticky":false,"template":"","format":"standard","meta":{"footnotes":""},"categories":[26],"tags":[],"class_list":["post-2074","post","type-post","status-publish","format-standard","has-post-thumbnail","hentry","category-educacao-em-belem","has_thumb"],"aioseo_notices":[],"aioseo_head":"\n\t\t<!-- All in One SEO 5.0.0.1 - aioseo.com -->\n\t<meta name=\"description\" content=\"Fortalecimento da gest\u00e3o do Terceiro Setor em Bel\u00e9m com semin\u00e1rio gratuito.\" \/>\n\t<meta name=\"robots\" content=\"max-image-preview:large\" \/>\n\t<meta name=\"author\" content=\"Encontra Bel\u00e9m\"\/>\n\t<link rel=\"canonical\" href=\"https:\/\/www.encontrabelem.com.br\/sobre\/belem-vai-receber-seminario-nacional-para-fortalecer-a-gestao-de-organizacoes-do-terceiro-setor\" \/>\n\t<meta name=\"generator\" content=\"All in One SEO (AIOSEO) 5.0.0.1\" \/>\n\t\t<meta property=\"og:locale\" content=\"pt_BR\" \/>\n\t\t<meta property=\"og:site_name\" content=\"Encontra Bel\u00e9m | Not\u00edcias, eventos, informa\u00e7\u00f5es e dicas na cidade Bel\u00e9m e regi\u00e3o.\" \/>\n\t\t<meta property=\"og:type\" content=\"article\" \/>\n\t\t<meta property=\"og:title\" content=\"Bel\u00e9m vai receber semin\u00e1rio nacional para fortalecer a gest\u00e3o de organiza\u00e7\u00f5es do Terceiro Setor | Encontra Bel\u00e9m\" \/>\n\t\t<meta property=\"og:description\" content=\"Fortalecimento da gest\u00e3o do Terceiro Setor em Bel\u00e9m com semin\u00e1rio gratuito.\" \/>\n\t\t<meta property=\"og:url\" content=\"https:\/\/www.encontrabelem.com.br\/sobre\/belem-vai-receber-seminario-nacional-para-fortalecer-a-gestao-de-organizacoes-do-terceiro-setor\" \/>\n\t\t<meta property=\"article:published_time\" content=\"2026-07-15T20:16:08+00:00\" \/>\n\t\t<meta property=\"article:modified_time\" content=\"2026-07-15T20:16:08+00:00\" \/>\n\t\t<meta name=\"twitter:card\" content=\"summary\" \/>\n\t\t<meta name=\"twitter:title\" content=\"Bel\u00e9m vai receber semin\u00e1rio nacional para fortalecer a gest\u00e3o de organiza\u00e7\u00f5es do Terceiro Setor | Encontra Bel\u00e9m\" \/>\n\t\t<meta name=\"twitter:description\" content=\"Fortalecimento da gest\u00e3o do Terceiro Setor em Bel\u00e9m com semin\u00e1rio gratuito.\" \/>\n\t\t<script type=\"application\/ld+json\" class=\"aioseo-schema\">\n\t\t\t{\"@context\":\"https:\\\/\\\/schema.org\",\"@graph\":[{\"@type\":\"Article\",\"@id\":\"https:\\\/\\\/www.encontrabelem.com.br\\\/sobre\\\/belem-vai-receber-seminario-nacional-para-fortalecer-a-gestao-de-organizacoes-do-terceiro-setor#article\",\"name\":\"Bel\\u00e9m vai receber semin\\u00e1rio nacional para fortalecer a gest\\u00e3o de organiza\\u00e7\\u00f5es do Terceiro Setor | Encontra Bel\\u00e9m\",\"headline\":\"Bel\\u00e9m vai receber semin\\u00e1rio nacional para fortalecer a gest\\u00e3o de organiza\\u00e7\\u00f5es do Terceiro Setor\",\"author\":{\"@id\":\"https:\\\/\\\/www.encontrabelem.com.br\\\/sobre\\\/author\\\/ebelem#author\"},\"publisher\":{\"@id\":\"https:\\\/\\\/www.encontrabelem.com.br\\\/sobre\\\/#organization\"},\"image\":{\"@type\":\"ImageObject\",\"url\":\"https:\\\/\\\/www.encontrabelem.com.br\\\/sobre\\\/wp-content\\\/uploads\\\/2026\\\/07\\\/belem-vai-receber-seminario-nacional-para-fortalecer-a-gestao-de-organizacoes-do-terceiro-setor.webp\",\"width\":280,\"height\":280},\"datePublished\":\"2026-07-15T17:16:08-03:00\",\"dateModified\":\"2026-07-15T17:16:08-03:00\",\"inLanguage\":\"pt-BR\",\"mainEntityOfPage\":{\"@id\":\"https:\\\/\\\/www.encontrabelem.com.br\\\/sobre\\\/belem-vai-receber-seminario-nacional-para-fortalecer-a-gestao-de-organizacoes-do-terceiro-setor#webpage\"},\"isPartOf\":{\"@id\":\"https:\\\/\\\/www.encontrabelem.com.br\\\/sobre\\\/belem-vai-receber-seminario-nacional-para-fortalecer-a-gestao-de-organizacoes-do-terceiro-setor#webpage\"},\"articleSection\":\"Educa\\u00e7\\u00e3o Bel\\u00e9m\"},{\"@type\":\"BreadcrumbList\",\"@id\":\"https:\\\/\\\/www.encontrabelem.com.br\\\/sobre\\\/belem-vai-receber-seminario-nacional-para-fortalecer-a-gestao-de-organizacoes-do-terceiro-setor#breadcrumblist\",\"itemListElement\":[{\"@type\":\"ListItem\",\"@id\":\"https:\\\/\\\/www.encontrabelem.com.br\\\/sobre#listItem\",\"position\":1,\"name\":\"In\\u00edcio\",\"item\":\"https:\\\/\\\/www.encontrabelem.com.br\\\/sobre\",\"nextItem\":{\"@type\":\"ListItem\",\"@id\":\"https:\\\/\\\/www.encontrabelem.com.br\\\/sobre\\\/educacao-em-belem#listItem\",\"name\":\"Educa\\u00e7\\u00e3o Bel\\u00e9m\"}},{\"@type\":\"ListItem\",\"@id\":\"https:\\\/\\\/www.encontrabelem.com.br\\\/sobre\\\/educacao-em-belem#listItem\",\"position\":2,\"name\":\"Educa\\u00e7\\u00e3o Bel\\u00e9m\",\"item\":\"https:\\\/\\\/www.encontrabelem.com.br\\\/sobre\\\/educacao-em-belem\",\"nextItem\":{\"@type\":\"ListItem\",\"@id\":\"https:\\\/\\\/www.encontrabelem.com.br\\\/sobre\\\/belem-vai-receber-seminario-nacional-para-fortalecer-a-gestao-de-organizacoes-do-terceiro-setor#listItem\",\"name\":\"Bel\\u00e9m vai receber semin\\u00e1rio nacional para fortalecer a gest\\u00e3o de organiza\\u00e7\\u00f5es do Terceiro Setor\"},\"previousItem\":{\"@type\":\"ListItem\",\"@id\":\"https:\\\/\\\/www.encontrabelem.com.br\\\/sobre#listItem\",\"name\":\"In\\u00edcio\"}},{\"@type\":\"ListItem\",\"@id\":\"https:\\\/\\\/www.encontrabelem.com.br\\\/sobre\\\/belem-vai-receber-seminario-nacional-para-fortalecer-a-gestao-de-organizacoes-do-terceiro-setor#listItem\",\"position\":3,\"name\":\"Bel\\u00e9m vai receber semin\\u00e1rio nacional para fortalecer a gest\\u00e3o de organiza\\u00e7\\u00f5es do Terceiro Setor\",\"previousItem\":{\"@type\":\"ListItem\",\"@id\":\"https:\\\/\\\/www.encontrabelem.com.br\\\/sobre\\\/educacao-em-belem#listItem\",\"name\":\"Educa\\u00e7\\u00e3o Bel\\u00e9m\"}}]},{\"@type\":\"Organization\",\"@id\":\"https:\\\/\\\/www.encontrabelem.com.br\\\/sobre\\\/#organization\",\"name\":\"Encontra Bel\\u00e9m\",\"description\":\"Not\\u00edcias, eventos, informa\\u00e7\\u00f5es e dicas na cidade Bel\\u00e9m e regi\\u00e3o.\",\"url\":\"https:\\\/\\\/www.encontrabelem.com.br\\\/sobre\\\/\"},{\"@type\":\"Person\",\"@id\":\"https:\\\/\\\/www.encontrabelem.com.br\\\/sobre\\\/author\\\/ebelem#author\",\"url\":\"https:\\\/\\\/www.encontrabelem.com.br\\\/sobre\\\/author\\\/ebelem\",\"name\":\"Encontra Bel\\u00e9m\",\"image\":{\"@type\":\"ImageObject\",\"@id\":\"https:\\\/\\\/www.encontrabelem.com.br\\\/sobre\\\/belem-vai-receber-seminario-nacional-para-fortalecer-a-gestao-de-organizacoes-do-terceiro-setor#authorImage\",\"url\":\"https:\\\/\\\/secure.gravatar.com\\\/avatar\\\/507340682b8270222e1f208e23198b6ae7e2c6a1033ae84e99bc6bce4f82a387?s=96&d=mm&r=g\",\"width\":96,\"height\":96,\"caption\":\"Encontra Bel\\u00e9m\"}},{\"@type\":\"WebPage\",\"@id\":\"https:\\\/\\\/www.encontrabelem.com.br\\\/sobre\\\/belem-vai-receber-seminario-nacional-para-fortalecer-a-gestao-de-organizacoes-do-terceiro-setor#webpage\",\"url\":\"https:\\\/\\\/www.encontrabelem.com.br\\\/sobre\\\/belem-vai-receber-seminario-nacional-para-fortalecer-a-gestao-de-organizacoes-do-terceiro-setor\",\"name\":\"Bel\\u00e9m vai receber semin\\u00e1rio nacional para fortalecer a gest\\u00e3o de organiza\\u00e7\\u00f5es do Terceiro Setor | Encontra Bel\\u00e9m\",\"description\":\"Fortalecimento da gest\\u00e3o do Terceiro Setor em Bel\\u00e9m com semin\\u00e1rio gratuito.\",\"inLanguage\":\"pt-BR\",\"isPartOf\":{\"@id\":\"https:\\\/\\\/www.encontrabelem.com.br\\\/sobre\\\/#website\"},\"breadcrumb\":{\"@id\":\"https:\\\/\\\/www.encontrabelem.com.br\\\/sobre\\\/belem-vai-receber-seminario-nacional-para-fortalecer-a-gestao-de-organizacoes-do-terceiro-setor#breadcrumblist\"},\"author\":{\"@id\":\"https:\\\/\\\/www.encontrabelem.com.br\\\/sobre\\\/author\\\/ebelem#author\"},\"creator\":{\"@id\":\"https:\\\/\\\/www.encontrabelem.com.br\\\/sobre\\\/author\\\/ebelem#author\"},\"image\":{\"@type\":\"ImageObject\",\"url\":\"https:\\\/\\\/www.encontrabelem.com.br\\\/sobre\\\/wp-content\\\/uploads\\\/2026\\\/07\\\/belem-vai-receber-seminario-nacional-para-fortalecer-a-gestao-de-organizacoes-do-terceiro-setor.webp\",\"@id\":\"https:\\\/\\\/www.encontrabelem.com.br\\\/sobre\\\/belem-vai-receber-seminario-nacional-para-fortalecer-a-gestao-de-organizacoes-do-terceiro-setor\\\/#mainImage\",\"width\":280,\"height\":280},\"primaryImageOfPage\":{\"@id\":\"https:\\\/\\\/www.encontrabelem.com.br\\\/sobre\\\/belem-vai-receber-seminario-nacional-para-fortalecer-a-gestao-de-organizacoes-do-terceiro-setor#mainImage\"},\"datePublished\":\"2026-07-15T17:16:08-03:00\",\"dateModified\":\"2026-07-15T17:16:08-03:00\"},{\"@type\":\"WebSite\",\"@id\":\"https:\\\/\\\/www.encontrabelem.com.br\\\/sobre\\\/#website\",\"url\":\"https:\\\/\\\/www.encontrabelem.com.br\\\/sobre\\\/\",\"name\":\"Encontra Bel\\u00e9m\",\"description\":\"Not\\u00edcias, eventos, informa\\u00e7\\u00f5es e dicas na cidade Bel\\u00e9m e regi\\u00e3o.\",\"inLanguage\":\"pt-BR\",\"publisher\":{\"@id\":\"https:\\\/\\\/www.encontrabelem.com.br\\\/sobre\\\/#organization\"}}]}\n\t\t<\/script>\n\t\t<!-- All in One SEO -->\n\n","aioseo_head_json":{"title":"Bel\u00e9m vai receber semin\u00e1rio nacional para fortalecer a gest\u00e3o de organiza\u00e7\u00f5es do Terceiro Setor | Encontra Bel\u00e9m","description":"Fortalecimento da gest\u00e3o do Terceiro Setor em Bel\u00e9m com semin\u00e1rio gratuito.","canonical_url":"https:\/\/www.encontrabelem.com.br\/sobre\/belem-vai-receber-seminario-nacional-para-fortalecer-a-gestao-de-organizacoes-do-terceiro-setor","robots":"max-image-preview:large","keywords":"","webmasterTools":{"miscellaneous":""},"schema":{"@context":"https:\/\/schema.org","@graph":[{"@type":"Article","@id":"https:\/\/www.encontrabelem.com.br\/sobre\/belem-vai-receber-seminario-nacional-para-fortalecer-a-gestao-de-organizacoes-do-terceiro-setor#article","name":"Bel\u00e9m vai receber semin\u00e1rio nacional para fortalecer a gest\u00e3o de organiza\u00e7\u00f5es do Terceiro Setor | Encontra Bel\u00e9m","headline":"Bel\u00e9m vai receber semin\u00e1rio nacional para fortalecer a gest\u00e3o de organiza\u00e7\u00f5es do Terceiro Setor","author":{"@id":"https:\/\/www.encontrabelem.com.br\/sobre\/author\/ebelem#author"},"publisher":{"@id":"https:\/\/www.encontrabelem.com.br\/sobre\/#organization"},"image":{"@type":"ImageObject","url":"https:\/\/www.encontrabelem.com.br\/sobre\/wp-content\/uploads\/2026\/07\/belem-vai-receber-seminario-nacional-para-fortalecer-a-gestao-de-organizacoes-do-terceiro-setor.webp","width":280,"height":280},"datePublished":"2026-07-15T17:16:08-03:00","dateModified":"2026-07-15T17:16:08-03:00","inLanguage":"pt-BR","mainEntityOfPage":{"@id":"https:\/\/www.encontrabelem.com.br\/sobre\/belem-vai-receber-seminario-nacional-para-fortalecer-a-gestao-de-organizacoes-do-terceiro-setor#webpage"},"isPartOf":{"@id":"https:\/\/www.encontrabelem.com.br\/sobre\/belem-vai-receber-seminario-nacional-para-fortalecer-a-gestao-de-organizacoes-do-terceiro-setor#webpage"},"articleSection":"Educa\u00e7\u00e3o Bel\u00e9m"},{"@type":"BreadcrumbList","@id":"https:\/\/www.encontrabelem.com.br\/sobre\/belem-vai-receber-seminario-nacional-para-fortalecer-a-gestao-de-organizacoes-do-terceiro-setor#breadcrumblist","itemListElement":[{"@type":"ListItem","@id":"https:\/\/www.encontrabelem.com.br\/sobre#listItem","position":1,"name":"In\u00edcio","item":"https:\/\/www.encontrabelem.com.br\/sobre","nextItem":{"@type":"ListItem","@id":"https:\/\/www.encontrabelem.com.br\/sobre\/educacao-em-belem#listItem","name":"Educa\u00e7\u00e3o Bel\u00e9m"}},{"@type":"ListItem","@id":"https:\/\/www.encontrabelem.com.br\/sobre\/educacao-em-belem#listItem","position":2,"name":"Educa\u00e7\u00e3o Bel\u00e9m","item":"https:\/\/www.encontrabelem.com.br\/sobre\/educacao-em-belem","nextItem":{"@type":"ListItem","@id":"https:\/\/www.encontrabelem.com.br\/sobre\/belem-vai-receber-seminario-nacional-para-fortalecer-a-gestao-de-organizacoes-do-terceiro-setor#listItem","name":"Bel\u00e9m vai receber semin\u00e1rio nacional para fortalecer a gest\u00e3o de organiza\u00e7\u00f5es do Terceiro Setor"},"previousItem":{"@type":"ListItem","@id":"https:\/\/www.encontrabelem.com.br\/sobre#listItem","name":"In\u00edcio"}},{"@type":"ListItem","@id":"https:\/\/www.encontrabelem.com.br\/sobre\/belem-vai-receber-seminario-nacional-para-fortalecer-a-gestao-de-organizacoes-do-terceiro-setor#listItem","position":3,"name":"Bel\u00e9m vai receber semin\u00e1rio nacional para fortalecer a gest\u00e3o de organiza\u00e7\u00f5es do Terceiro Setor","previousItem":{"@type":"ListItem","@id":"https:\/\/www.encontrabelem.com.br\/sobre\/educacao-em-belem#listItem","name":"Educa\u00e7\u00e3o Bel\u00e9m"}}]},{"@type":"Organization","@id":"https:\/\/www.encontrabelem.com.br\/sobre\/#organization","name":"Encontra Bel\u00e9m","description":"Not\u00edcias, eventos, informa\u00e7\u00f5es e dicas na cidade Bel\u00e9m e regi\u00e3o.","url":"https:\/\/www.encontrabelem.com.br\/sobre\/"},{"@type":"Person","@id":"https:\/\/www.encontrabelem.com.br\/sobre\/author\/ebelem#author","url":"https:\/\/www.encontrabelem.com.br\/sobre\/author\/ebelem","name":"Encontra Bel\u00e9m","image":{"@type":"ImageObject","@id":"https:\/\/www.encontrabelem.com.br\/sobre\/belem-vai-receber-seminario-nacional-para-fortalecer-a-gestao-de-organizacoes-do-terceiro-setor#authorImage","url":"https:\/\/secure.gravatar.com\/avatar\/507340682b8270222e1f208e23198b6ae7e2c6a1033ae84e99bc6bce4f82a387?s=96&d=mm&r=g","width":96,"height":96,"caption":"Encontra Bel\u00e9m"}},{"@type":"WebPage","@id":"https:\/\/www.encontrabelem.com.br\/sobre\/belem-vai-receber-seminario-nacional-para-fortalecer-a-gestao-de-organizacoes-do-terceiro-setor#webpage","url":"https:\/\/www.encontrabelem.com.br\/sobre\/belem-vai-receber-seminario-nacional-para-fortalecer-a-gestao-de-organizacoes-do-terceiro-setor","name":"Bel\u00e9m vai receber semin\u00e1rio nacional para fortalecer a gest\u00e3o de organiza\u00e7\u00f5es do Terceiro Setor | Encontra Bel\u00e9m","description":"Fortalecimento da gest\u00e3o do Terceiro Setor em Bel\u00e9m com semin\u00e1rio gratuito.","inLanguage":"pt-BR","isPartOf":{"@id":"https:\/\/www.encontrabelem.com.br\/sobre\/#website"},"breadcrumb":{"@id":"https:\/\/www.encontrabelem.com.br\/sobre\/belem-vai-receber-seminario-nacional-para-fortalecer-a-gestao-de-organizacoes-do-terceiro-setor#breadcrumblist"},"author":{"@id":"https:\/\/www.encontrabelem.com.br\/sobre\/author\/ebelem#author"},"creator":{"@id":"https:\/\/www.encontrabelem.com.br\/sobre\/author\/ebelem#author"},"image":{"@type":"ImageObject","url":"https:\/\/www.encontrabelem.com.br\/sobre\/wp-content\/uploads\/2026\/07\/belem-vai-receber-seminario-nacional-para-fortalecer-a-gestao-de-organizacoes-do-terceiro-setor.webp","@id":"https:\/\/www.encontrabelem.com.br\/sobre\/belem-vai-receber-seminario-nacional-para-fortalecer-a-gestao-de-organizacoes-do-terceiro-setor\/#mainImage","width":280,"height":280},"primaryImageOfPage":{"@id":"https:\/\/www.encontrabelem.com.br\/sobre\/belem-vai-receber-seminario-nacional-para-fortalecer-a-gestao-de-organizacoes-do-terceiro-setor#mainImage"},"datePublished":"2026-07-15T17:16:08-03:00","dateModified":"2026-07-15T17:16:08-03:00"},{"@type":"WebSite","@id":"https:\/\/www.encontrabelem.com.br\/sobre\/#website","url":"https:\/\/www.encontrabelem.com.br\/sobre\/","name":"Encontra Bel\u00e9m","description":"Not\u00edcias, eventos, informa\u00e7\u00f5es e dicas na cidade Bel\u00e9m e regi\u00e3o.","inLanguage":"pt-BR","publisher":{"@id":"https:\/\/www.encontrabelem.com.br\/sobre\/#organization"}}]},"og:locale":"pt_BR","og:site_name":"Encontra Bel\u00e9m | Not\u00edcias, eventos, informa\u00e7\u00f5es e dicas na cidade Bel\u00e9m e regi\u00e3o.","og:type":"article","og:title":"Bel\u00e9m vai receber semin\u00e1rio nacional para fortalecer a gest\u00e3o de organiza\u00e7\u00f5es do Terceiro Setor | Encontra Bel\u00e9m","og:description":"Fortalecimento da gest\u00e3o do Terceiro Setor em Bel\u00e9m com semin\u00e1rio gratuito.","og:url":"https:\/\/www.encontrabelem.com.br\/sobre\/belem-vai-receber-seminario-nacional-para-fortalecer-a-gestao-de-organizacoes-do-terceiro-setor","article:published_time":"2026-07-15T20:16:08+00:00","article:modified_time":"2026-07-15T20:16:08+00:00","twitter:card":"summary","twitter:title":"Bel\u00e9m vai receber semin\u00e1rio nacional para fortalecer a gest\u00e3o de organiza\u00e7\u00f5es do Terceiro Setor | Encontra Bel\u00e9m","twitter:description":"Fortalecimento da gest\u00e3o do Terceiro Setor em Bel\u00e9m com semin\u00e1rio gratuito."},"aioseo_meta_data":{"post_id":"2074","title":null,"description":null,"keywords":null,"keyphrases":null,"primary_term":null,"canonical_url":null,"og_title":null,"og_description":null,"og_object_type":"default","og_image_type":"default","og_image_url":null,"og_image_width":null,"og_image_height":null,"og_image_custom_url":null,"og_image_custom_fields":null,"og_video":null,"og_custom_url":null,"og_article_section":null,"og_article_tags":null,"twitter_use_og":false,"twitter_card":"default","twitter_image_type":"default","twitter_image_url":null,"twitter_image_custom_url":null,"twitter_image_custom_fields":null,"twitter_title":null,"twitter_description":null,"schema":{"blockGraphs":[],"customGraphs":[],"default":{"data":{"Article":[],"Course":[],"Dataset":[],"FAQPage":[],"Movie":[],"Person":[],"Product":[],"ProductReview":[],"Car":[],"Recipe":[],"Service":[],"SoftwareApplication":[],"WebPage":[]},"graphName":"Article","isEnabled":true},"graphs":[]},"schema_type":"default","schema_type_options":null,"pillar_content":false,"robots_default":true,"robots_noindex":false,"robots_noarchive":false,"robots_nosnippet":false,"robots_nofollow":false,"robots_noimageindex":false,"robots_noodp":false,"robots_notranslate":false,"robots_max_snippet":null,"robots_max_videopreview":null,"robots_max_imagepreview":"large","priority":null,"frequency":null,"local_seo":null,"breadcrumb_settings":null,"limit_modified_date":false,"ai":null,"created":"2026-07-15 20:16:10","updated":"2026-07-15 20:38:00","focus_keyword":null,"additional_keywords":null,"truseo_locale":null,"seo_analyzer_scan_date":null},"aioseo_breadcrumb":"<div class=\"aioseo-breadcrumbs\"><span class=\"aioseo-breadcrumb\">\n\t\t\t<a href=\"https:\/\/www.encontrabelem.com.br\/sobre\" title=\"In\u00edcio\">In\u00edcio<\/a>\n\t\t<\/span><span class=\"aioseo-breadcrumb-separator\">&raquo;<\/span><span class=\"aioseo-breadcrumb\">\n\t\t\t<a href=\"https:\/\/www.encontrabelem.com.br\/sobre\/educacao-em-belem\" title=\"Educa\u00e7\u00e3o Bel\u00e9m\">Educa\u00e7\u00e3o Bel\u00e9m<\/a>\n\t\t<\/span><span class=\"aioseo-breadcrumb-separator\">&raquo;<\/span><span class=\"aioseo-breadcrumb\">\n\t\t\tBel\u00e9m vai receber semin\u00e1rio nacional para fortalecer a gest\u00e3o de organiza\u00e7\u00f5es do Terceiro Setor\n\t\t<\/span><\/div>","aioseo_breadcrumb_json":[{"label":"In\u00edcio","link":"https:\/\/www.encontrabelem.com.br\/sobre"},{"label":"Educa\u00e7\u00e3o Bel\u00e9m","link":"https:\/\/www.encontrabelem.com.br\/sobre\/educacao-em-belem"},{"label":"Bel\u00e9m vai receber semin\u00e1rio nacional para fortalecer a gest\u00e3o de organiza\u00e7\u00f5es do Terceiro Setor","link":"https:\/\/www.encontrabelem.com.br\/sobre\/belem-vai-receber-seminario-nacional-para-fortalecer-a-gestao-de-organizacoes-do-terceiro-setor"}],"_links":{"self":[{"href":"https:\/\/www.encontrabelem.com.br\/sobre\/wp-json\/wp\/v2\/posts\/2074","targetHints":{"allow":["GET"]}}],"collection":[{"href":"https:\/\/www.encontrabelem.com.br\/sobre\/wp-json\/wp\/v2\/posts"}],"about":[{"href":"https:\/\/www.encontrabelem.com.br\/sobre\/wp-json\/wp\/v2\/types\/post"}],"author":[{"embeddable":true,"href":"https:\/\/www.encontrabelem.com.br\/sobre\/wp-json\/wp\/v2\/users\/1"}],"replies":[{"embeddable":true,"href":"https:\/\/www.encontrabelem.com.br\/sobre\/wp-json\/wp\/v2\/comments?post=2074"}],"version-history":[{"count":0,"href":"https:\/\/www.encontrabelem.com.br\/sobre\/wp-json\/wp\/v2\/posts\/2074\/revisions"}],"wp:featuredmedia":[{"embeddable":true,"href":"https:\/\/www.encontrabelem.com.br\/sobre\/wp-json\/wp\/v2\/media\/2073"}],"wp:attachment":[{"href":"https:\/\/www.encontrabelem.com.br\/sobre\/wp-json\/wp\/v2\/media?parent=2074"}],"wp:term":[{"taxonomy":"category","embeddable":true,"href":"https:\/\/www.encontrabelem.com.br\/sobre\/wp-json\/wp\/v2\/categories?post=2074"},{"taxonomy":"post_tag","embeddable":true,"href":"https:\/\/www.encontrabelem.com.br\/sobre\/wp-json\/wp\/v2\/tags?post=2074"}],"curies":[{"name":"wp","href":"https:\/\/api.w.org\/{rel}","templated":true}]}}