{"id":2064,"date":"2026-07-15T12:12:11","date_gmt":"2026-07-15T15:12:11","guid":{"rendered":"https:\/\/www.encontrabelem.com.br\/sobre\/previsao-do-tempo-em-belem-hoje-veja-como-fica-o-clima-nesta-segunda"},"modified":"2026-07-15T12:12:11","modified_gmt":"2026-07-15T15:12:11","slug":"previsao-do-tempo-em-belem-hoje-veja-como-fica-o-clima-nesta-segunda","status":"publish","type":"post","link":"https:\/\/www.encontrabelem.com.br\/sobre\/previsao-do-tempo-em-belem-hoje-veja-como-fica-o-clima-nesta-segunda","title":{"rendered":"Previs\u00e3o do tempo em Bel\u00e9m hoje: veja como fica o clima nesta segunda"},"content":{"rendered":"<div class=\"b22802487b0d38c4c6d9f34966e16421\" data-index=\"1\" style=\"float: none; margin:0px;\">\n<!-- Anuncio display - global -->\r\n<ins class=\"adsbygoogle\"\r\n     style=\"display:block\"\r\n     data-ad-client=\"ca-pub-8585364105181520\"\r\n     data-ad-slot=\"8789329856\"\r\n     data-ad-format=\"auto\"\r\n     data-full-width-responsive=\"true\"><\/ins>\r\n<script>\r\n     (adsbygoogle = window.adsbygoogle || []).push({});\r\n<\/script>\n<\/div>\n<h2>Temperaturas e Sensa\u00e7\u00e3o T\u00e9rmica em Bel\u00e9m<\/h2>\n<p>Nesta segunda-feira, 22 de junho, a previs\u00e3o do tempo para Bel\u00e9m, no estado do Par\u00e1, apresenta temperaturas variando entre <strong>24\u00b0C<\/strong> e <strong>31\u00b0C<\/strong>. O clima ser\u00e1 predominantemente ensolarado, com algumas nuvens, e sem previs\u00e3o de chuvas ao longo do dia. A sensa\u00e7\u00e3o t\u00e9rmica dever\u00e1 se manter em torno de <strong>29\u00b0C<\/strong>, o que proporcionar\u00e1 uma atmosfera quente e agrad\u00e1vel para os habitantes da cidade durante a maior parte do dia.<\/p>\n<h2>Caracter\u00edsticas do Clima nesta Segunda-Feira<\/h2>\n<p>Durante a madrugada, as temperaturas oscilam entre <strong>24\u00b0C<\/strong> e <strong>25\u00b0C<\/strong>, apresentando um in\u00edcio de dia ameno. Ao longo da manh\u00e3, os term\u00f4metros indicar\u00e3o uma leve subida, com valores entre <strong>24\u00b0C<\/strong> e <strong>27\u00b0C<\/strong>. A expectativa \u00e9 que a tarde traga o calor intenso, com m\u00e1ximas atingindo at\u00e9 <strong>31\u00b0C<\/strong>. \u00c0 noite, o c\u00e9u deve se manter predominantemente nublado e a temperatura dever\u00e1 ficar entre <strong>26\u00b0C<\/strong> e <strong>31\u00b0C<\/strong>, garantindo um clima quente at\u00e9 altas horas.<\/p>\n<h2>Como a Umidade Influencia o Conforto T\u00e9rmico<\/h2>\n<p>A umidade relativa do ar em Bel\u00e9m apresenta grande varia\u00e7\u00e3o ao longo do dia, registrando valores entre <strong>63%<\/strong> e <strong>97%<\/strong>. Esses n\u00edveis de umidade contribuem para a sensa\u00e7\u00e3o de calor, tornando os dias ainda mais quentes. A alta umidade, especialmente em temperaturas elevadas, pode causar desconforto t\u00e9rmico significativo, dificultando atividades ao ar livre e potencializando a sensa\u00e7\u00e3o de abafamento entre os moradores da capital paraense.<\/p>\n<p><img decoding=\"async\" src=\"https:\/\/www.encontrabelem.com.br\/sobre\/wp-content\/uploads\/2026\/07\/previsao-do-tempo-em-belem-hoje-veja-como-fica-o-clima-nesta-segunda.webp\" alt=\"previs\u00e3o do tempo em Bel\u00e9m\" loading=\"lazy\" \/><\/p>\n<h2>Expectativas para o Final do Dia em Bel\u00e9m<\/h2>\n<p>No decorrer do dia, a expectativa \u00e9 de que o tempo continue est\u00e1vel, sem a ocorr\u00eancia de chuvas. O c\u00e9u dever\u00e1 apresentar muitas nuvens principalmente no per\u00edodo da noite, quando as temperaturas gradualmente ir\u00e3o diminuir, mas ainda permanecendo na faixa do calor. A cidade, como sempre, estar\u00e1 t\u00edpica de sua atmosfera quente e \u00famida.<\/p>\n<h2>Previs\u00e3o do Tempo para os Pr\u00f3ximos Dias<\/h2>\n<p>A previs\u00e3o para os pr\u00f3ximos dias em Bel\u00e9m mostra que o calor e a umidade devem persistir. Com m\u00ednimas de <strong>24\u00b0C<\/strong> e m\u00e1ximas pr\u00f3ximas a <strong>32\u00b0C<\/strong>, o padr\u00e3o clim\u00e1tico deve se manter parecido, com muitas nuvens e poucas chances de chuvas. A estabilidade da previs\u00e3o traz, para os moradores, a certeza de dias quentes pela frente.<\/p>\n<h2>Impacto das Condi\u00e7\u00f5es Clim\u00e1ticas na Cotidiana<\/h2>\n<p>As condi\u00e7\u00f5es clim\u00e1ticas do dia impactam diretamente na rotina da popula\u00e7\u00e3o. O calor intenso tende a limitar as atividades ao ar livre, fazendo com que muitos optem por locais fechados ou eventos que ofere\u00e7am sombra e resfriamento. Al\u00e9m disso, a umidade elevada pode influenciar na sa\u00fade, causando desconfortos como fadiga e desidrata\u00e7\u00e3o se n\u00e3o houver a ingest\u00e3o adequada de \u00e1gua.<\/p>\n<h2>Dicas para Aproveitar o Dia Ensolarado<\/h2>\n<p>Para quem deseja aproveitar o dia ensolarado em Bel\u00e9m, \u00e9 recomend\u00e1vel:<\/p>\n<ul>\n<li><strong>Hidrata\u00e7\u00e3o:<\/strong> Beber bastante \u00e1gua para evitar desidrata\u00e7\u00e3o.<\/li>\n<li><strong>Protetor Solar:<\/strong> Usar protetor solar ao sair de casa para evitar queimaduras solares.<\/li>\n<li><strong>Procurar Sombras:<\/strong> Sempre que poss\u00edvel, busque locais sombreados para passar o tempo.<\/li>\n<li><strong>Atividades Leves:<\/strong> Optar por atividades f\u00edsicas mais leves e em hor\u00e1rios de menor calor, como pela manh\u00e3 ou no final da tarde.<\/li>\n<\/ul>\n<h2>Atividades ao Ar Livre em Bel\u00e9m<\/h2>\n<p>Bel\u00e9m oferece diversas op\u00e7\u00f5es de lazer ao ar livre que podem ser aproveitadas, mesmo em dias quentes. Os parques locais, como o Parque da Resid\u00eancia e o Bosque Rodrigues Alves, proporcionam \u00e1reas verdes e sombreadas, ideais para caminhadas e piqueniques. Al\u00e9m disso, os mercados abertos e feiras da cidade oferecem a oportunidade de explorar a gastronomia local em um ambiente vibrante.<\/p>\n<h2>A Import\u00e2ncia da Previs\u00e3o do Tempo<\/h2>\n<p>A previs\u00e3o do tempo \u00e9 uma ferramenta crucial para o planejamento di\u00e1rio. Conhecer as condi\u00e7\u00f5es clim\u00e1ticas antecipadamente auxilia em decis\u00f5es sobre atividades externas, eventos e cuidados de sa\u00fade, especialmente em uma regi\u00e3o caracterizada por altas temperaturas como Bel\u00e9m. O monitoramento das previs\u00f5es permite que a popula\u00e7\u00e3o se programe adequadamente para dias quentes e \u00famidos.<\/p>\n<h2>Mudan\u00e7as Clim\u00e1ticas e Suas Implica\u00e7\u00f5es<\/h2>\n<p>As mudan\u00e7as clim\u00e1ticas t\u00eam impacto direto na previs\u00e3o do tempo, gerando altera\u00e7\u00f5es nos padr\u00f5es clim\u00e1ticos locais. A temperatura m\u00e9dia em Bel\u00e9m, assim como em todo o mundo, tende a aumentar, o que pode trazer consequ\u00eancias s\u00e9rias para a sa\u00fade p\u00fablica, agricultura e vida selvagem. \u00c9 fundamental que a popula\u00e7\u00e3o esteja ciente dessas mudan\u00e7as e adote h\u00e1bitos sustent\u00e1veis, contribuindo para a mitiga\u00e7\u00e3o dos impactos clim\u00e1ticos.<\/p>\n\n<div style=\"font-size: 0px; height: 0px; line-height: 0px; margin: 0; padding: 0; clear: both;\"><\/div>","protected":false},"excerpt":{"rendered":"<p>Previs\u00e3o do tempo em Bel\u00e9m: descubra a temperatura e condi\u00e7\u00f5es clim\u00e1ticas de hoje.<\/p>\n","protected":false},"author":1,"featured_media":2063,"comment_status":"open","ping_status":"closed","sticky":false,"template":"","format":"standard","meta":{"footnotes":""},"categories":[1],"tags":[],"class_list":["post-2064","post","type-post","status-publish","format-standard","has-post-thumbnail","hentry","category-noticias-em-belem","has_thumb"],"aioseo_notices":[],"aioseo_head":"\n\t\t<!-- All in One SEO 5.0.0.1 - aioseo.com -->\n\t<meta name=\"description\" content=\"Previs\u00e3o do tempo em Bel\u00e9m: descubra a temperatura e condi\u00e7\u00f5es clim\u00e1ticas de hoje.\" \/>\n\t<meta name=\"robots\" content=\"max-image-preview:large\" \/>\n\t<meta name=\"author\" content=\"Encontra Bel\u00e9m\"\/>\n\t<link rel=\"canonical\" href=\"https:\/\/www.encontrabelem.com.br\/sobre\/previsao-do-tempo-em-belem-hoje-veja-como-fica-o-clima-nesta-segunda\" \/>\n\t<meta name=\"generator\" content=\"All in One SEO (AIOSEO) 5.0.0.1\" \/>\n\t\t<meta property=\"og:locale\" content=\"pt_BR\" \/>\n\t\t<meta property=\"og:site_name\" content=\"Encontra Bel\u00e9m | Not\u00edcias, eventos, informa\u00e7\u00f5es e dicas na cidade Bel\u00e9m e regi\u00e3o.\" \/>\n\t\t<meta property=\"og:type\" content=\"article\" \/>\n\t\t<meta property=\"og:title\" content=\"Previs\u00e3o do tempo em Bel\u00e9m hoje: veja como fica o clima nesta segunda | Encontra Bel\u00e9m\" \/>\n\t\t<meta property=\"og:description\" content=\"Previs\u00e3o do tempo em Bel\u00e9m: descubra a temperatura e condi\u00e7\u00f5es clim\u00e1ticas de hoje.\" \/>\n\t\t<meta property=\"og:url\" content=\"https:\/\/www.encontrabelem.com.br\/sobre\/previsao-do-tempo-em-belem-hoje-veja-como-fica-o-clima-nesta-segunda\" \/>\n\t\t<meta property=\"article:published_time\" content=\"2026-07-15T15:12:11+00:00\" \/>\n\t\t<meta property=\"article:modified_time\" content=\"2026-07-15T15:12:11+00:00\" \/>\n\t\t<meta name=\"twitter:card\" content=\"summary\" \/>\n\t\t<meta name=\"twitter:title\" content=\"Previs\u00e3o do tempo em Bel\u00e9m hoje: veja como fica o clima nesta segunda | Encontra Bel\u00e9m\" \/>\n\t\t<meta name=\"twitter:description\" content=\"Previs\u00e3o do tempo em Bel\u00e9m: descubra a temperatura e condi\u00e7\u00f5es clim\u00e1ticas de hoje.\" \/>\n\t\t<script type=\"application\/ld+json\" class=\"aioseo-schema\">\n\t\t\t{\"@context\":\"https:\\\/\\\/schema.org\",\"@graph\":[{\"@type\":\"Article\",\"@id\":\"https:\\\/\\\/www.encontrabelem.com.br\\\/sobre\\\/previsao-do-tempo-em-belem-hoje-veja-como-fica-o-clima-nesta-segunda#article\",\"name\":\"Previs\\u00e3o do tempo em Bel\\u00e9m hoje: veja como fica o clima nesta segunda | Encontra Bel\\u00e9m\",\"headline\":\"Previs\\u00e3o do tempo em Bel\\u00e9m hoje: veja como fica o clima nesta segunda\",\"author\":{\"@id\":\"https:\\\/\\\/www.encontrabelem.com.br\\\/sobre\\\/author\\\/ebelem#author\"},\"publisher\":{\"@id\":\"https:\\\/\\\/www.encontrabelem.com.br\\\/sobre\\\/#organization\"},\"image\":{\"@type\":\"ImageObject\",\"url\":\"https:\\\/\\\/www.encontrabelem.com.br\\\/sobre\\\/wp-content\\\/uploads\\\/2026\\\/07\\\/previsao-do-tempo-em-belem-hoje-veja-como-fica-o-clima-nesta-segunda.webp\",\"width\":280,\"height\":280,\"caption\":\"previs\\u00e3o do tempo em Bel\\u00e9m\"},\"datePublished\":\"2026-07-15T12:12:11-03:00\",\"dateModified\":\"2026-07-15T12:12:11-03:00\",\"inLanguage\":\"pt-BR\",\"mainEntityOfPage\":{\"@id\":\"https:\\\/\\\/www.encontrabelem.com.br\\\/sobre\\\/previsao-do-tempo-em-belem-hoje-veja-como-fica-o-clima-nesta-segunda#webpage\"},\"isPartOf\":{\"@id\":\"https:\\\/\\\/www.encontrabelem.com.br\\\/sobre\\\/previsao-do-tempo-em-belem-hoje-veja-como-fica-o-clima-nesta-segunda#webpage\"},\"articleSection\":\"Not\\u00edcias Bel\\u00e9m\"},{\"@type\":\"BreadcrumbList\",\"@id\":\"https:\\\/\\\/www.encontrabelem.com.br\\\/sobre\\\/previsao-do-tempo-em-belem-hoje-veja-como-fica-o-clima-nesta-segunda#breadcrumblist\",\"itemListElement\":[{\"@type\":\"ListItem\",\"@id\":\"https:\\\/\\\/www.encontrabelem.com.br\\\/sobre#listItem\",\"position\":1,\"name\":\"In\\u00edcio\",\"item\":\"https:\\\/\\\/www.encontrabelem.com.br\\\/sobre\",\"nextItem\":{\"@type\":\"ListItem\",\"@id\":\"https:\\\/\\\/www.encontrabelem.com.br\\\/sobre\\\/noticias-em-belem#listItem\",\"name\":\"Not\\u00edcias Bel\\u00e9m\"}},{\"@type\":\"ListItem\",\"@id\":\"https:\\\/\\\/www.encontrabelem.com.br\\\/sobre\\\/noticias-em-belem#listItem\",\"position\":2,\"name\":\"Not\\u00edcias Bel\\u00e9m\",\"item\":\"https:\\\/\\\/www.encontrabelem.com.br\\\/sobre\\\/noticias-em-belem\",\"nextItem\":{\"@type\":\"ListItem\",\"@id\":\"https:\\\/\\\/www.encontrabelem.com.br\\\/sobre\\\/previsao-do-tempo-em-belem-hoje-veja-como-fica-o-clima-nesta-segunda#listItem\",\"name\":\"Previs\\u00e3o do tempo em Bel\\u00e9m hoje: veja como fica o clima nesta segunda\"},\"previousItem\":{\"@type\":\"ListItem\",\"@id\":\"https:\\\/\\\/www.encontrabelem.com.br\\\/sobre#listItem\",\"name\":\"In\\u00edcio\"}},{\"@type\":\"ListItem\",\"@id\":\"https:\\\/\\\/www.encontrabelem.com.br\\\/sobre\\\/previsao-do-tempo-em-belem-hoje-veja-como-fica-o-clima-nesta-segunda#listItem\",\"position\":3,\"name\":\"Previs\\u00e3o do tempo em Bel\\u00e9m hoje: veja como fica o clima nesta segunda\",\"previousItem\":{\"@type\":\"ListItem\",\"@id\":\"https:\\\/\\\/www.encontrabelem.com.br\\\/sobre\\\/noticias-em-belem#listItem\",\"name\":\"Not\\u00edcias Bel\\u00e9m\"}}]},{\"@type\":\"Organization\",\"@id\":\"https:\\\/\\\/www.encontrabelem.com.br\\\/sobre\\\/#organization\",\"name\":\"Encontra Bel\\u00e9m\",\"description\":\"Not\\u00edcias, eventos, informa\\u00e7\\u00f5es e dicas na cidade Bel\\u00e9m e regi\\u00e3o.\",\"url\":\"https:\\\/\\\/www.encontrabelem.com.br\\\/sobre\\\/\"},{\"@type\":\"Person\",\"@id\":\"https:\\\/\\\/www.encontrabelem.com.br\\\/sobre\\\/author\\\/ebelem#author\",\"url\":\"https:\\\/\\\/www.encontrabelem.com.br\\\/sobre\\\/author\\\/ebelem\",\"name\":\"Encontra Bel\\u00e9m\",\"image\":{\"@type\":\"ImageObject\",\"@id\":\"https:\\\/\\\/www.encontrabelem.com.br\\\/sobre\\\/previsao-do-tempo-em-belem-hoje-veja-como-fica-o-clima-nesta-segunda#authorImage\",\"url\":\"https:\\\/\\\/secure.gravatar.com\\\/avatar\\\/507340682b8270222e1f208e23198b6ae7e2c6a1033ae84e99bc6bce4f82a387?s=96&d=mm&r=g\",\"width\":96,\"height\":96,\"caption\":\"Encontra Bel\\u00e9m\"}},{\"@type\":\"WebPage\",\"@id\":\"https:\\\/\\\/www.encontrabelem.com.br\\\/sobre\\\/previsao-do-tempo-em-belem-hoje-veja-como-fica-o-clima-nesta-segunda#webpage\",\"url\":\"https:\\\/\\\/www.encontrabelem.com.br\\\/sobre\\\/previsao-do-tempo-em-belem-hoje-veja-como-fica-o-clima-nesta-segunda\",\"name\":\"Previs\\u00e3o do tempo em Bel\\u00e9m hoje: veja como fica o clima nesta segunda | Encontra Bel\\u00e9m\",\"description\":\"Previs\\u00e3o do tempo em Bel\\u00e9m: descubra a temperatura e condi\\u00e7\\u00f5es clim\\u00e1ticas de hoje.\",\"inLanguage\":\"pt-BR\",\"isPartOf\":{\"@id\":\"https:\\\/\\\/www.encontrabelem.com.br\\\/sobre\\\/#website\"},\"breadcrumb\":{\"@id\":\"https:\\\/\\\/www.encontrabelem.com.br\\\/sobre\\\/previsao-do-tempo-em-belem-hoje-veja-como-fica-o-clima-nesta-segunda#breadcrumblist\"},\"author\":{\"@id\":\"https:\\\/\\\/www.encontrabelem.com.br\\\/sobre\\\/author\\\/ebelem#author\"},\"creator\":{\"@id\":\"https:\\\/\\\/www.encontrabelem.com.br\\\/sobre\\\/author\\\/ebelem#author\"},\"image\":{\"@type\":\"ImageObject\",\"url\":\"https:\\\/\\\/www.encontrabelem.com.br\\\/sobre\\\/wp-content\\\/uploads\\\/2026\\\/07\\\/previsao-do-tempo-em-belem-hoje-veja-como-fica-o-clima-nesta-segunda.webp\",\"@id\":\"https:\\\/\\\/www.encontrabelem.com.br\\\/sobre\\\/previsao-do-tempo-em-belem-hoje-veja-como-fica-o-clima-nesta-segunda\\\/#mainImage\",\"width\":280,\"height\":280,\"caption\":\"previs\\u00e3o do tempo em Bel\\u00e9m\"},\"primaryImageOfPage\":{\"@id\":\"https:\\\/\\\/www.encontrabelem.com.br\\\/sobre\\\/previsao-do-tempo-em-belem-hoje-veja-como-fica-o-clima-nesta-segunda#mainImage\"},\"datePublished\":\"2026-07-15T12:12:11-03:00\",\"dateModified\":\"2026-07-15T12:12:11-03:00\"},{\"@type\":\"WebSite\",\"@id\":\"https:\\\/\\\/www.encontrabelem.com.br\\\/sobre\\\/#website\",\"url\":\"https:\\\/\\\/www.encontrabelem.com.br\\\/sobre\\\/\",\"name\":\"Encontra Bel\\u00e9m\",\"description\":\"Not\\u00edcias, eventos, informa\\u00e7\\u00f5es e dicas na cidade Bel\\u00e9m e regi\\u00e3o.\",\"inLanguage\":\"pt-BR\",\"publisher\":{\"@id\":\"https:\\\/\\\/www.encontrabelem.com.br\\\/sobre\\\/#organization\"}}]}\n\t\t<\/script>\n\t\t<!-- All in One SEO -->\n\n","aioseo_head_json":{"title":"Previs\u00e3o do tempo em Bel\u00e9m hoje: veja como fica o clima nesta segunda | Encontra Bel\u00e9m","description":"Previs\u00e3o do tempo em Bel\u00e9m: descubra a temperatura e condi\u00e7\u00f5es clim\u00e1ticas de hoje.","canonical_url":"https:\/\/www.encontrabelem.com.br\/sobre\/previsao-do-tempo-em-belem-hoje-veja-como-fica-o-clima-nesta-segunda","robots":"max-image-preview:large","keywords":"","webmasterTools":{"miscellaneous":""},"schema":{"@context":"https:\/\/schema.org","@graph":[{"@type":"Article","@id":"https:\/\/www.encontrabelem.com.br\/sobre\/previsao-do-tempo-em-belem-hoje-veja-como-fica-o-clima-nesta-segunda#article","name":"Previs\u00e3o do tempo em Bel\u00e9m hoje: veja como fica o clima nesta segunda | Encontra Bel\u00e9m","headline":"Previs\u00e3o do tempo em Bel\u00e9m hoje: veja como fica o clima nesta segunda","author":{"@id":"https:\/\/www.encontrabelem.com.br\/sobre\/author\/ebelem#author"},"publisher":{"@id":"https:\/\/www.encontrabelem.com.br\/sobre\/#organization"},"image":{"@type":"ImageObject","url":"https:\/\/www.encontrabelem.com.br\/sobre\/wp-content\/uploads\/2026\/07\/previsao-do-tempo-em-belem-hoje-veja-como-fica-o-clima-nesta-segunda.webp","width":280,"height":280,"caption":"previs\u00e3o do tempo em Bel\u00e9m"},"datePublished":"2026-07-15T12:12:11-03:00","dateModified":"2026-07-15T12:12:11-03:00","inLanguage":"pt-BR","mainEntityOfPage":{"@id":"https:\/\/www.encontrabelem.com.br\/sobre\/previsao-do-tempo-em-belem-hoje-veja-como-fica-o-clima-nesta-segunda#webpage"},"isPartOf":{"@id":"https:\/\/www.encontrabelem.com.br\/sobre\/previsao-do-tempo-em-belem-hoje-veja-como-fica-o-clima-nesta-segunda#webpage"},"articleSection":"Not\u00edcias Bel\u00e9m"},{"@type":"BreadcrumbList","@id":"https:\/\/www.encontrabelem.com.br\/sobre\/previsao-do-tempo-em-belem-hoje-veja-como-fica-o-clima-nesta-segunda#breadcrumblist","itemListElement":[{"@type":"ListItem","@id":"https:\/\/www.encontrabelem.com.br\/sobre#listItem","position":1,"name":"In\u00edcio","item":"https:\/\/www.encontrabelem.com.br\/sobre","nextItem":{"@type":"ListItem","@id":"https:\/\/www.encontrabelem.com.br\/sobre\/noticias-em-belem#listItem","name":"Not\u00edcias Bel\u00e9m"}},{"@type":"ListItem","@id":"https:\/\/www.encontrabelem.com.br\/sobre\/noticias-em-belem#listItem","position":2,"name":"Not\u00edcias Bel\u00e9m","item":"https:\/\/www.encontrabelem.com.br\/sobre\/noticias-em-belem","nextItem":{"@type":"ListItem","@id":"https:\/\/www.encontrabelem.com.br\/sobre\/previsao-do-tempo-em-belem-hoje-veja-como-fica-o-clima-nesta-segunda#listItem","name":"Previs\u00e3o do tempo em Bel\u00e9m hoje: veja como fica o clima nesta segunda"},"previousItem":{"@type":"ListItem","@id":"https:\/\/www.encontrabelem.com.br\/sobre#listItem","name":"In\u00edcio"}},{"@type":"ListItem","@id":"https:\/\/www.encontrabelem.com.br\/sobre\/previsao-do-tempo-em-belem-hoje-veja-como-fica-o-clima-nesta-segunda#listItem","position":3,"name":"Previs\u00e3o do tempo em Bel\u00e9m hoje: veja como fica o clima nesta segunda","previousItem":{"@type":"ListItem","@id":"https:\/\/www.encontrabelem.com.br\/sobre\/noticias-em-belem#listItem","name":"Not\u00edcias Bel\u00e9m"}}]},{"@type":"Organization","@id":"https:\/\/www.encontrabelem.com.br\/sobre\/#organization","name":"Encontra Bel\u00e9m","description":"Not\u00edcias, eventos, informa\u00e7\u00f5es e dicas na cidade Bel\u00e9m e regi\u00e3o.","url":"https:\/\/www.encontrabelem.com.br\/sobre\/"},{"@type":"Person","@id":"https:\/\/www.encontrabelem.com.br\/sobre\/author\/ebelem#author","url":"https:\/\/www.encontrabelem.com.br\/sobre\/author\/ebelem","name":"Encontra Bel\u00e9m","image":{"@type":"ImageObject","@id":"https:\/\/www.encontrabelem.com.br\/sobre\/previsao-do-tempo-em-belem-hoje-veja-como-fica-o-clima-nesta-segunda#authorImage","url":"https:\/\/secure.gravatar.com\/avatar\/507340682b8270222e1f208e23198b6ae7e2c6a1033ae84e99bc6bce4f82a387?s=96&d=mm&r=g","width":96,"height":96,"caption":"Encontra Bel\u00e9m"}},{"@type":"WebPage","@id":"https:\/\/www.encontrabelem.com.br\/sobre\/previsao-do-tempo-em-belem-hoje-veja-como-fica-o-clima-nesta-segunda#webpage","url":"https:\/\/www.encontrabelem.com.br\/sobre\/previsao-do-tempo-em-belem-hoje-veja-como-fica-o-clima-nesta-segunda","name":"Previs\u00e3o do tempo em Bel\u00e9m hoje: veja como fica o clima nesta segunda | Encontra Bel\u00e9m","description":"Previs\u00e3o do tempo em Bel\u00e9m: descubra a temperatura e condi\u00e7\u00f5es clim\u00e1ticas de hoje.","inLanguage":"pt-BR","isPartOf":{"@id":"https:\/\/www.encontrabelem.com.br\/sobre\/#website"},"breadcrumb":{"@id":"https:\/\/www.encontrabelem.com.br\/sobre\/previsao-do-tempo-em-belem-hoje-veja-como-fica-o-clima-nesta-segunda#breadcrumblist"},"author":{"@id":"https:\/\/www.encontrabelem.com.br\/sobre\/author\/ebelem#author"},"creator":{"@id":"https:\/\/www.encontrabelem.com.br\/sobre\/author\/ebelem#author"},"image":{"@type":"ImageObject","url":"https:\/\/www.encontrabelem.com.br\/sobre\/wp-content\/uploads\/2026\/07\/previsao-do-tempo-em-belem-hoje-veja-como-fica-o-clima-nesta-segunda.webp","@id":"https:\/\/www.encontrabelem.com.br\/sobre\/previsao-do-tempo-em-belem-hoje-veja-como-fica-o-clima-nesta-segunda\/#mainImage","width":280,"height":280,"caption":"previs\u00e3o do tempo em Bel\u00e9m"},"primaryImageOfPage":{"@id":"https:\/\/www.encontrabelem.com.br\/sobre\/previsao-do-tempo-em-belem-hoje-veja-como-fica-o-clima-nesta-segunda#mainImage"},"datePublished":"2026-07-15T12:12:11-03:00","dateModified":"2026-07-15T12:12:11-03:00"},{"@type":"WebSite","@id":"https:\/\/www.encontrabelem.com.br\/sobre\/#website","url":"https:\/\/www.encontrabelem.com.br\/sobre\/","name":"Encontra Bel\u00e9m","description":"Not\u00edcias, eventos, informa\u00e7\u00f5es e dicas na cidade Bel\u00e9m e regi\u00e3o.","inLanguage":"pt-BR","publisher":{"@id":"https:\/\/www.encontrabelem.com.br\/sobre\/#organization"}}]},"og:locale":"pt_BR","og:site_name":"Encontra Bel\u00e9m | Not\u00edcias, eventos, informa\u00e7\u00f5es e dicas na cidade Bel\u00e9m e regi\u00e3o.","og:type":"article","og:title":"Previs\u00e3o do tempo em Bel\u00e9m hoje: veja como fica o clima nesta segunda | Encontra Bel\u00e9m","og:description":"Previs\u00e3o do tempo em Bel\u00e9m: descubra a temperatura e condi\u00e7\u00f5es clim\u00e1ticas de hoje.","og:url":"https:\/\/www.encontrabelem.com.br\/sobre\/previsao-do-tempo-em-belem-hoje-veja-como-fica-o-clima-nesta-segunda","article:published_time":"2026-07-15T15:12:11+00:00","article:modified_time":"2026-07-15T15:12:11+00:00","twitter:card":"summary","twitter:title":"Previs\u00e3o do tempo em Bel\u00e9m hoje: veja como fica o clima nesta segunda | Encontra Bel\u00e9m","twitter:description":"Previs\u00e3o do tempo em Bel\u00e9m: descubra a temperatura e condi\u00e7\u00f5es clim\u00e1ticas de hoje."},"aioseo_meta_data":{"post_id":"2064","title":null,"description":null,"keywords":null,"keyphrases":null,"primary_term":null,"canonical_url":null,"og_title":null,"og_description":null,"og_object_type":"default","og_image_type":"default","og_image_url":null,"og_image_width":null,"og_image_height":null,"og_image_custom_url":null,"og_image_custom_fields":null,"og_video":null,"og_custom_url":null,"og_article_section":null,"og_article_tags":null,"twitter_use_og":false,"twitter_card":"default","twitter_image_type":"default","twitter_image_url":null,"twitter_image_custom_url":null,"twitter_image_custom_fields":null,"twitter_title":null,"twitter_description":null,"schema":{"blockGraphs":[],"customGraphs":[],"default":{"data":{"Article":[],"Course":[],"Dataset":[],"FAQPage":[],"Movie":[],"Person":[],"Product":[],"ProductReview":[],"Car":[],"Recipe":[],"Service":[],"SoftwareApplication":[],"WebPage":[]},"graphName":"Article","isEnabled":true},"graphs":[]},"schema_type":"default","schema_type_options":null,"pillar_content":false,"robots_default":true,"robots_noindex":false,"robots_noarchive":false,"robots_nosnippet":false,"robots_nofollow":false,"robots_noimageindex":false,"robots_noodp":false,"robots_notranslate":false,"robots_max_snippet":null,"robots_max_videopreview":null,"robots_max_imagepreview":"large","priority":null,"frequency":null,"local_seo":null,"breadcrumb_settings":null,"limit_modified_date":false,"ai":null,"created":"2026-07-15 15:12:13","updated":"2026-07-15 15:25:37","focus_keyword":null,"additional_keywords":null,"truseo_locale":null,"seo_analyzer_scan_date":null},"aioseo_breadcrumb":"<div class=\"aioseo-breadcrumbs\"><span class=\"aioseo-breadcrumb\">\n\t\t\t<a href=\"https:\/\/www.encontrabelem.com.br\/sobre\" title=\"In\u00edcio\">In\u00edcio<\/a>\n\t\t<\/span><span class=\"aioseo-breadcrumb-separator\">&raquo;<\/span><span class=\"aioseo-breadcrumb\">\n\t\t\t<a href=\"https:\/\/www.encontrabelem.com.br\/sobre\/noticias-em-belem\" title=\"Not\u00edcias Bel\u00e9m\">Not\u00edcias Bel\u00e9m<\/a>\n\t\t<\/span><span class=\"aioseo-breadcrumb-separator\">&raquo;<\/span><span class=\"aioseo-breadcrumb\">\n\t\t\tPrevis\u00e3o do tempo em Bel\u00e9m hoje: veja como fica o clima nesta segunda\n\t\t<\/span><\/div>","aioseo_breadcrumb_json":[{"label":"In\u00edcio","link":"https:\/\/www.encontrabelem.com.br\/sobre"},{"label":"Not\u00edcias Bel\u00e9m","link":"https:\/\/www.encontrabelem.com.br\/sobre\/noticias-em-belem"},{"label":"Previs\u00e3o do tempo em Bel\u00e9m hoje: veja como fica o clima nesta segunda","link":"https:\/\/www.encontrabelem.com.br\/sobre\/previsao-do-tempo-em-belem-hoje-veja-como-fica-o-clima-nesta-segunda"}],"_links":{"self":[{"href":"https:\/\/www.encontrabelem.com.br\/sobre\/wp-json\/wp\/v2\/posts\/2064","targetHints":{"allow":["GET"]}}],"collection":[{"href":"https:\/\/www.encontrabelem.com.br\/sobre\/wp-json\/wp\/v2\/posts"}],"about":[{"href":"https:\/\/www.encontrabelem.com.br\/sobre\/wp-json\/wp\/v2\/types\/post"}],"author":[{"embeddable":true,"href":"https:\/\/www.encontrabelem.com.br\/sobre\/wp-json\/wp\/v2\/users\/1"}],"replies":[{"embeddable":true,"href":"https:\/\/www.encontrabelem.com.br\/sobre\/wp-json\/wp\/v2\/comments?post=2064"}],"version-history":[{"count":0,"href":"https:\/\/www.encontrabelem.com.br\/sobre\/wp-json\/wp\/v2\/posts\/2064\/revisions"}],"wp:featuredmedia":[{"embeddable":true,"href":"https:\/\/www.encontrabelem.com.br\/sobre\/wp-json\/wp\/v2\/media\/2063"}],"wp:attachment":[{"href":"https:\/\/www.encontrabelem.com.br\/sobre\/wp-json\/wp\/v2\/media?parent=2064"}],"wp:term":[{"taxonomy":"category","embeddable":true,"href":"https:\/\/www.encontrabelem.com.br\/sobre\/wp-json\/wp\/v2\/categories?post=2064"},{"taxonomy":"post_tag","embeddable":true,"href":"https:\/\/www.encontrabelem.com.br\/sobre\/wp-json\/wp\/v2\/tags?post=2064"}],"curies":[{"name":"wp","href":"https:\/\/api.w.org\/{rel}","templated":true}]}}