{"id":2028,"date":"2026-07-13T11:26:46","date_gmt":"2026-07-13T14:26:46","guid":{"rendered":"https:\/\/www.encontrabelem.com.br\/sobre\/tre-do-para-promove-reuniao-em-belem-sobre-registro-de-candidatura-para-eleicoes-2026"},"modified":"2026-07-13T11:26:46","modified_gmt":"2026-07-13T14:26:46","slug":"tre-do-para-promove-reuniao-em-belem-sobre-registro-de-candidatura-para-eleicoes-2026","status":"publish","type":"post","link":"https:\/\/www.encontrabelem.com.br\/sobre\/tre-do-para-promove-reuniao-em-belem-sobre-registro-de-candidatura-para-eleicoes-2026","title":{"rendered":"TRE do Par\u00e1 promove reuni\u00e3o em Bel\u00e9m sobre registro de candidatura para Elei\u00e7\u00f5es 2026"},"content":{"rendered":"<div class=\"b22802487b0d38c4c6d9f34966e16421\" data-index=\"1\" style=\"float: none; margin:0px;\">\n<!-- Anuncio display - global -->\r\n<ins class=\"adsbygoogle\"\r\n     style=\"display:block\"\r\n     data-ad-client=\"ca-pub-8585364105181520\"\r\n     data-ad-slot=\"8789329856\"\r\n     data-ad-format=\"auto\"\r\n     data-full-width-responsive=\"true\"><\/ins>\r\n<script>\r\n     (adsbygoogle = window.adsbygoogle || []).push({});\r\n<\/script>\n<\/div>\n<h2>Objetivo da Reuni\u00e3o do TRE do Par\u00e1<\/h2>\n<p>A reuni\u00e3o organizada pelo <strong>Tribunal Regional Eleitoral do Par\u00e1 (TRE-PA)<\/strong> tem como principal meta esclarecer processos relacionados ao registro de candidaturas para as Elei\u00e7\u00f5es de 2026. Este evento, de grande relev\u00e2ncia, reunir\u00e1 representantes de partidos, coliga\u00e7\u00f5es e advogados para discutir as diretrizes que orientar\u00e3o o pleito, garantindo que todos os participantes compreendam as exig\u00eancias e normas a serem seguidas.<\/p>\n<h2>Quando e Onde Acontecer\u00e1 o Evento?<\/h2>\n<p>O encontro ocorrer\u00e1 <strong>na ter\u00e7a-feira, dia 23 de junho de 2026<\/strong>, \u00e0s 9h, no plen\u00e1rio Ant\u00f4nio Koury, localizado na sede do TRE-PA, em <strong>Bel\u00e9m<\/strong>. Ser\u00e1 um evento h\u00edbrido, permitindo a participa\u00e7\u00e3o tanto presencial quanto virtual, com transmiss\u00e3o ao vivo pela internet, facilitando o acesso de todos os interessados.<\/p>\n<h2>Quem Pode Participar da Reuni\u00e3o?<\/h2>\n<p>A reuni\u00e3o \u00e9 aberta a uma ampla gama de participantes, incluindo:<\/p>\n<p><img decoding=\"async\" src=\"https:\/\/www.encontrabelem.com.br\/sobre\/wp-content\/uploads\/2026\/07\/tre-do-para-promove-reuniao-em-belem-sobre-registro-de-candidatura-para-eleicoes-2026.webp\" alt=\"TRE do Par\u00e1\" loading=\"lazy\" \/><\/p>\n<ul>\n<li>Representantes de partidos pol\u00edticos;<\/li>\n<li>Federa\u00e7\u00f5es e coliga\u00e7\u00f5es;<\/li>\n<li>Advogados que atuam em quest\u00f5es eleitorais;<\/li>\n<li>Pr\u00e9-candidatos interessados em compreender o registro de suas candidaturas.<\/li>\n<\/ul>\n<p>N\u00e3o h\u00e1 necessidade de inscri\u00e7\u00e3o pr\u00e9via, o que facilita a presen\u00e7a de todos os envolvidos no processo eleitoral.<\/p>\n<h2>Import\u00e2ncia do Registro de Candidaturas<\/h2>\n<p>O registro de candidaturas \u00e9 um passo crucial no processo eleitoral,pois assegura que os candidatos estejam formalmente habilitados para concorrer \u00e0s elei\u00e7\u00f5es. Esse registro \u00e9 essencial n\u00e3o apenas para a legitimidade do pleito, mas tamb\u00e9m para garantir que o processo ocorra de forma justa e transparente. Assim, o TRE-PA busca informar e capacitar todos os envolvidos a fim de minimizar erros e maximizar a efici\u00eancia na apresenta\u00e7\u00e3o de candidaturas.<\/p>\n<h2>O que Esperar da Reuni\u00e3o?<\/h2>\n<p>Durante a reuni\u00e3o, profissionais da Justi\u00e7a Eleitoral, como servidores da Coordenadoria de Dados Partid\u00e1rios, discutir\u00e3o os seguintes t\u00f3picos:<\/p>\n<ul>\n<li>Regras materiais e processuais sobre o pedido de candidatura;<\/li>\n<li>Altera\u00e7\u00f5es normativas e procedimentos que ter\u00e3o impacto nas elei\u00e7\u00f5es de 2026;<\/li>\n<li>Orienta\u00e7\u00f5es pr\u00e1ticas sobre como apresentar e instruir adequadamente os pedidos.<\/li>\n<\/ul>\n<p>A expectativa \u00e9 que os participantes saiam da reuni\u00e3o com um panorama claro das obriga\u00e7\u00f5es e prazos a serem seguidos.<\/p>\n<h2>Mudan\u00e7as nas Regras para 2026<\/h2>\n<p>Uma das principais tem\u00e1ticas da reuni\u00e3o ser\u00e1 as altera\u00e7\u00f5es que ocorrer\u00e3o nas normas e procedimentos para o registro de candidaturas em 2026. Essas mudan\u00e7as visam modernizar e adaptar o processo eleitoral \u00e0s necessidades atuais, assegurando maior efici\u00eancia e transpar\u00eancia. \u00c9 essencial que todos os participantes estejam cientes dessas altera\u00e7\u00f5es para garantir uma adequa\u00e7\u00e3o no processo.\u201d<\/p>\n<h2>Como Funciona o Sistema CANDex?<\/h2>\n<p>O <strong>Sistema CANDex<\/strong> \u00e9 uma ferramenta utilizada pela Justi\u00e7a Eleitoral para o envio dos dados sobre candidatos e partidos. Durante a reuni\u00e3o, ser\u00e3o abordadas as funcionalidades do sistema, que incluem:<\/p>\n<ul>\n<li>Como acessar e utilizar a plataforma;<\/li>\n<li>Processos para submiss\u00e3o de dados eleitorais;<\/li>\n<li>Integra\u00e7\u00e3o entre o Sistema CANDex e o Processo Judicial Eletr\u00f4nico, facilitando o registro e a gest\u00e3o dos dados de candidatura.<\/li>\n<\/ul>\n<p>Os participantes receber\u00e3o instru\u00e7\u00f5es sobre como melhor utilizar essa ferramenta, maximizando a efic\u00e1cia no registro das candidaturas.<\/p>\n<h2>Oficinas Pr\u00e1ticas em Julho<\/h2>\n<p>Ap\u00f3s a reuni\u00e3o inicial, o TRE-PA programou <strong>oficinas pr\u00e1ticas nos dias 1\u00ba e 2 de julho<\/strong>, focando no uso do CANDex. Essas oficinas oferecer\u00e3o aos participantes uma oportunidade valiosa de aplica\u00e7\u00e3o pr\u00e1tica das orienta\u00e7\u00f5es recebidas. Ser\u00e3o abordados:<\/p>\n<ul>\n<li>Demonstra\u00e7\u00f5es e simula\u00e7\u00f5es para a elabora\u00e7\u00e3o de atas;<\/li>\n<li>Preenchimento do Demonstrativo de Regularidade de Atos Partid\u00e1rios;<\/li>\n<li>Submiss\u00e3o de pedidos e outros procedimentos pr\u00e1ticos relacionados ao registro de candidaturas.<\/li>\n<\/ul>\n<p>As oficinas ter\u00e3o um n\u00famero limitado de vagas, com a participa\u00e7\u00e3o restrita a at\u00e9 tr\u00eas pessoas por partido, exigindo inscri\u00e7\u00e3o pr\u00e9via.<\/p>\n<h2>Di\u00e1logos Partid\u00e1rios: Uma Iniciativa do TRE<\/h2>\n<p>Este encontro faz parte do projeto <strong>Di\u00e1logos Partid\u00e1rios<\/strong>, iniciado em abril de 2025, que tem como objetivo fortalecer a capacita\u00e7\u00e3o de partidos e da sociedade civil em quest\u00f5es eleitorais. Atrav\u00e9s de diversas a\u00e7\u00f5es, o TRE busca n\u00e3o apenas educar, mas tamb\u00e9m aproximar a Justi\u00e7a Eleitoral das agremia\u00e7\u00f5es pol\u00edticas, promovendo um ambiente mais colaborativo e transparente.<\/p>\n<h2>A Import\u00e2ncia da Justi\u00e7a Eleitoral nas Candidaturas<\/h2>\n<p>A atua\u00e7\u00e3o da Justi\u00e7a Eleitoral \u00e9 fundamental para garantir que o processo eleitoral transcorra de forma justa e honesta. O TRE-PA, com essas iniciativas, tem como prioridade:<\/p>\n<ul>\n<li>Reduzir erros no registro de candidaturas;<\/li>\n<li>Facilitar a comunica\u00e7\u00e3o entre o tribunal e os partidos pol\u00edticos;<\/li>\n<li>Assegurar que todos os candidatos tenham igualdade de oportunidades ao se apresentarem aos eleitores.<\/li>\n<\/ul>\n<p>Portanto, a reuni\u00e3o e as oficinas subsequentes visam criar um ambiente mais prop\u00edcio para a realiza\u00e7\u00e3o das elei\u00e7\u00f5es, proporcionando a todos os envolvidos as ferramentas necess\u00e1rias para um processo eleitoral mais eficaz e livre de contratempos.<\/p>\n\n<div style=\"font-size: 0px; height: 0px; line-height: 0px; margin: 0; padding: 0; clear: both;\"><\/div>","protected":false},"excerpt":{"rendered":"<p>TRE do Par\u00e1 orienta sobre registro de candidaturas e prazos eleitorais para 2026.<\/p>\n","protected":false},"author":1,"featured_media":2027,"comment_status":"open","ping_status":"closed","sticky":false,"template":"","format":"standard","meta":{"footnotes":""},"categories":[23],"tags":[],"class_list":["post-2028","post","type-post","status-publish","format-standard","has-post-thumbnail","hentry","category-concursos-em-belem","has_thumb"],"aioseo_notices":[],"aioseo_head":"\n\t\t<!-- All in One SEO 5.0.0.1 - aioseo.com -->\n\t<meta name=\"description\" content=\"TRE do Par\u00e1 orienta sobre registro de candidaturas e prazos eleitorais para 2026.\" \/>\n\t<meta name=\"robots\" content=\"max-image-preview:large\" \/>\n\t<meta name=\"author\" content=\"Encontra Bel\u00e9m\"\/>\n\t<link rel=\"canonical\" href=\"https:\/\/www.encontrabelem.com.br\/sobre\/tre-do-para-promove-reuniao-em-belem-sobre-registro-de-candidatura-para-eleicoes-2026\" \/>\n\t<meta name=\"generator\" content=\"All in One SEO (AIOSEO) 5.0.0.1\" \/>\n\t\t<meta property=\"og:locale\" content=\"pt_BR\" \/>\n\t\t<meta property=\"og:site_name\" content=\"Encontra Bel\u00e9m | Not\u00edcias, eventos, informa\u00e7\u00f5es e dicas na cidade Bel\u00e9m e regi\u00e3o.\" \/>\n\t\t<meta property=\"og:type\" content=\"article\" \/>\n\t\t<meta property=\"og:title\" content=\"TRE do Par\u00e1 promove reuni\u00e3o em Bel\u00e9m sobre registro de candidatura para Elei\u00e7\u00f5es 2026 | Encontra Bel\u00e9m\" \/>\n\t\t<meta property=\"og:description\" content=\"TRE do Par\u00e1 orienta sobre registro de candidaturas e prazos eleitorais para 2026.\" \/>\n\t\t<meta property=\"og:url\" content=\"https:\/\/www.encontrabelem.com.br\/sobre\/tre-do-para-promove-reuniao-em-belem-sobre-registro-de-candidatura-para-eleicoes-2026\" \/>\n\t\t<meta property=\"article:published_time\" content=\"2026-07-13T14:26:46+00:00\" \/>\n\t\t<meta property=\"article:modified_time\" content=\"2026-07-13T14:26:46+00:00\" \/>\n\t\t<meta name=\"twitter:card\" content=\"summary\" \/>\n\t\t<meta name=\"twitter:title\" content=\"TRE do Par\u00e1 promove reuni\u00e3o em Bel\u00e9m sobre registro de candidatura para Elei\u00e7\u00f5es 2026 | Encontra Bel\u00e9m\" \/>\n\t\t<meta name=\"twitter:description\" content=\"TRE do Par\u00e1 orienta sobre registro de candidaturas e prazos eleitorais para 2026.\" \/>\n\t\t<script type=\"application\/ld+json\" class=\"aioseo-schema\">\n\t\t\t{\"@context\":\"https:\\\/\\\/schema.org\",\"@graph\":[{\"@type\":\"Article\",\"@id\":\"https:\\\/\\\/www.encontrabelem.com.br\\\/sobre\\\/tre-do-para-promove-reuniao-em-belem-sobre-registro-de-candidatura-para-eleicoes-2026#article\",\"name\":\"TRE do Par\\u00e1 promove reuni\\u00e3o em Bel\\u00e9m sobre registro de candidatura para Elei\\u00e7\\u00f5es 2026 | Encontra Bel\\u00e9m\",\"headline\":\"TRE do Par\\u00e1 promove reuni\\u00e3o em Bel\\u00e9m sobre registro de candidatura para Elei\\u00e7\\u00f5es 2026\",\"author\":{\"@id\":\"https:\\\/\\\/www.encontrabelem.com.br\\\/sobre\\\/author\\\/ebelem#author\"},\"publisher\":{\"@id\":\"https:\\\/\\\/www.encontrabelem.com.br\\\/sobre\\\/#organization\"},\"image\":{\"@type\":\"ImageObject\",\"url\":\"https:\\\/\\\/www.encontrabelem.com.br\\\/sobre\\\/wp-content\\\/uploads\\\/2026\\\/07\\\/tre-do-para-promove-reuniao-em-belem-sobre-registro-de-candidatura-para-eleicoes-2026.webp\",\"width\":280,\"height\":280,\"caption\":\"TRE do Par\\u00e1\"},\"datePublished\":\"2026-07-13T11:26:46-03:00\",\"dateModified\":\"2026-07-13T11:26:46-03:00\",\"inLanguage\":\"pt-BR\",\"mainEntityOfPage\":{\"@id\":\"https:\\\/\\\/www.encontrabelem.com.br\\\/sobre\\\/tre-do-para-promove-reuniao-em-belem-sobre-registro-de-candidatura-para-eleicoes-2026#webpage\"},\"isPartOf\":{\"@id\":\"https:\\\/\\\/www.encontrabelem.com.br\\\/sobre\\\/tre-do-para-promove-reuniao-em-belem-sobre-registro-de-candidatura-para-eleicoes-2026#webpage\"},\"articleSection\":\"Concursos Bel\\u00e9m\"},{\"@type\":\"BreadcrumbList\",\"@id\":\"https:\\\/\\\/www.encontrabelem.com.br\\\/sobre\\\/tre-do-para-promove-reuniao-em-belem-sobre-registro-de-candidatura-para-eleicoes-2026#breadcrumblist\",\"itemListElement\":[{\"@type\":\"ListItem\",\"@id\":\"https:\\\/\\\/www.encontrabelem.com.br\\\/sobre#listItem\",\"position\":1,\"name\":\"In\\u00edcio\",\"item\":\"https:\\\/\\\/www.encontrabelem.com.br\\\/sobre\",\"nextItem\":{\"@type\":\"ListItem\",\"@id\":\"https:\\\/\\\/www.encontrabelem.com.br\\\/sobre\\\/concursos-em-belem#listItem\",\"name\":\"Concursos Bel\\u00e9m\"}},{\"@type\":\"ListItem\",\"@id\":\"https:\\\/\\\/www.encontrabelem.com.br\\\/sobre\\\/concursos-em-belem#listItem\",\"position\":2,\"name\":\"Concursos Bel\\u00e9m\",\"item\":\"https:\\\/\\\/www.encontrabelem.com.br\\\/sobre\\\/concursos-em-belem\",\"nextItem\":{\"@type\":\"ListItem\",\"@id\":\"https:\\\/\\\/www.encontrabelem.com.br\\\/sobre\\\/tre-do-para-promove-reuniao-em-belem-sobre-registro-de-candidatura-para-eleicoes-2026#listItem\",\"name\":\"TRE do Par\\u00e1 promove reuni\\u00e3o em Bel\\u00e9m sobre registro de candidatura para Elei\\u00e7\\u00f5es 2026\"},\"previousItem\":{\"@type\":\"ListItem\",\"@id\":\"https:\\\/\\\/www.encontrabelem.com.br\\\/sobre#listItem\",\"name\":\"In\\u00edcio\"}},{\"@type\":\"ListItem\",\"@id\":\"https:\\\/\\\/www.encontrabelem.com.br\\\/sobre\\\/tre-do-para-promove-reuniao-em-belem-sobre-registro-de-candidatura-para-eleicoes-2026#listItem\",\"position\":3,\"name\":\"TRE do Par\\u00e1 promove reuni\\u00e3o em Bel\\u00e9m sobre registro de candidatura para Elei\\u00e7\\u00f5es 2026\",\"previousItem\":{\"@type\":\"ListItem\",\"@id\":\"https:\\\/\\\/www.encontrabelem.com.br\\\/sobre\\\/concursos-em-belem#listItem\",\"name\":\"Concursos Bel\\u00e9m\"}}]},{\"@type\":\"Organization\",\"@id\":\"https:\\\/\\\/www.encontrabelem.com.br\\\/sobre\\\/#organization\",\"name\":\"Encontra Bel\\u00e9m\",\"description\":\"Not\\u00edcias, eventos, informa\\u00e7\\u00f5es e dicas na cidade Bel\\u00e9m e regi\\u00e3o.\",\"url\":\"https:\\\/\\\/www.encontrabelem.com.br\\\/sobre\\\/\"},{\"@type\":\"Person\",\"@id\":\"https:\\\/\\\/www.encontrabelem.com.br\\\/sobre\\\/author\\\/ebelem#author\",\"url\":\"https:\\\/\\\/www.encontrabelem.com.br\\\/sobre\\\/author\\\/ebelem\",\"name\":\"Encontra Bel\\u00e9m\",\"image\":{\"@type\":\"ImageObject\",\"@id\":\"https:\\\/\\\/www.encontrabelem.com.br\\\/sobre\\\/tre-do-para-promove-reuniao-em-belem-sobre-registro-de-candidatura-para-eleicoes-2026#authorImage\",\"url\":\"https:\\\/\\\/secure.gravatar.com\\\/avatar\\\/507340682b8270222e1f208e23198b6ae7e2c6a1033ae84e99bc6bce4f82a387?s=96&d=mm&r=g\",\"width\":96,\"height\":96,\"caption\":\"Encontra Bel\\u00e9m\"}},{\"@type\":\"WebPage\",\"@id\":\"https:\\\/\\\/www.encontrabelem.com.br\\\/sobre\\\/tre-do-para-promove-reuniao-em-belem-sobre-registro-de-candidatura-para-eleicoes-2026#webpage\",\"url\":\"https:\\\/\\\/www.encontrabelem.com.br\\\/sobre\\\/tre-do-para-promove-reuniao-em-belem-sobre-registro-de-candidatura-para-eleicoes-2026\",\"name\":\"TRE do Par\\u00e1 promove reuni\\u00e3o em Bel\\u00e9m sobre registro de candidatura para Elei\\u00e7\\u00f5es 2026 | Encontra Bel\\u00e9m\",\"description\":\"TRE do Par\\u00e1 orienta sobre registro de candidaturas e prazos eleitorais para 2026.\",\"inLanguage\":\"pt-BR\",\"isPartOf\":{\"@id\":\"https:\\\/\\\/www.encontrabelem.com.br\\\/sobre\\\/#website\"},\"breadcrumb\":{\"@id\":\"https:\\\/\\\/www.encontrabelem.com.br\\\/sobre\\\/tre-do-para-promove-reuniao-em-belem-sobre-registro-de-candidatura-para-eleicoes-2026#breadcrumblist\"},\"author\":{\"@id\":\"https:\\\/\\\/www.encontrabelem.com.br\\\/sobre\\\/author\\\/ebelem#author\"},\"creator\":{\"@id\":\"https:\\\/\\\/www.encontrabelem.com.br\\\/sobre\\\/author\\\/ebelem#author\"},\"image\":{\"@type\":\"ImageObject\",\"url\":\"https:\\\/\\\/www.encontrabelem.com.br\\\/sobre\\\/wp-content\\\/uploads\\\/2026\\\/07\\\/tre-do-para-promove-reuniao-em-belem-sobre-registro-de-candidatura-para-eleicoes-2026.webp\",\"@id\":\"https:\\\/\\\/www.encontrabelem.com.br\\\/sobre\\\/tre-do-para-promove-reuniao-em-belem-sobre-registro-de-candidatura-para-eleicoes-2026\\\/#mainImage\",\"width\":280,\"height\":280,\"caption\":\"TRE do Par\\u00e1\"},\"primaryImageOfPage\":{\"@id\":\"https:\\\/\\\/www.encontrabelem.com.br\\\/sobre\\\/tre-do-para-promove-reuniao-em-belem-sobre-registro-de-candidatura-para-eleicoes-2026#mainImage\"},\"datePublished\":\"2026-07-13T11:26:46-03:00\",\"dateModified\":\"2026-07-13T11:26:46-03:00\"},{\"@type\":\"WebSite\",\"@id\":\"https:\\\/\\\/www.encontrabelem.com.br\\\/sobre\\\/#website\",\"url\":\"https:\\\/\\\/www.encontrabelem.com.br\\\/sobre\\\/\",\"name\":\"Encontra Bel\\u00e9m\",\"description\":\"Not\\u00edcias, eventos, informa\\u00e7\\u00f5es e dicas na cidade Bel\\u00e9m e regi\\u00e3o.\",\"inLanguage\":\"pt-BR\",\"publisher\":{\"@id\":\"https:\\\/\\\/www.encontrabelem.com.br\\\/sobre\\\/#organization\"}}]}\n\t\t<\/script>\n\t\t<!-- All in One SEO -->\n\n","aioseo_head_json":{"title":"TRE do Par\u00e1 promove reuni\u00e3o em Bel\u00e9m sobre registro de candidatura para Elei\u00e7\u00f5es 2026 | Encontra Bel\u00e9m","description":"TRE do Par\u00e1 orienta sobre registro de candidaturas e prazos eleitorais para 2026.","canonical_url":"https:\/\/www.encontrabelem.com.br\/sobre\/tre-do-para-promove-reuniao-em-belem-sobre-registro-de-candidatura-para-eleicoes-2026","robots":"max-image-preview:large","keywords":"","webmasterTools":{"miscellaneous":""},"schema":{"@context":"https:\/\/schema.org","@graph":[{"@type":"Article","@id":"https:\/\/www.encontrabelem.com.br\/sobre\/tre-do-para-promove-reuniao-em-belem-sobre-registro-de-candidatura-para-eleicoes-2026#article","name":"TRE do Par\u00e1 promove reuni\u00e3o em Bel\u00e9m sobre registro de candidatura para Elei\u00e7\u00f5es 2026 | Encontra Bel\u00e9m","headline":"TRE do Par\u00e1 promove reuni\u00e3o em Bel\u00e9m sobre registro de candidatura para Elei\u00e7\u00f5es 2026","author":{"@id":"https:\/\/www.encontrabelem.com.br\/sobre\/author\/ebelem#author"},"publisher":{"@id":"https:\/\/www.encontrabelem.com.br\/sobre\/#organization"},"image":{"@type":"ImageObject","url":"https:\/\/www.encontrabelem.com.br\/sobre\/wp-content\/uploads\/2026\/07\/tre-do-para-promove-reuniao-em-belem-sobre-registro-de-candidatura-para-eleicoes-2026.webp","width":280,"height":280,"caption":"TRE do Par\u00e1"},"datePublished":"2026-07-13T11:26:46-03:00","dateModified":"2026-07-13T11:26:46-03:00","inLanguage":"pt-BR","mainEntityOfPage":{"@id":"https:\/\/www.encontrabelem.com.br\/sobre\/tre-do-para-promove-reuniao-em-belem-sobre-registro-de-candidatura-para-eleicoes-2026#webpage"},"isPartOf":{"@id":"https:\/\/www.encontrabelem.com.br\/sobre\/tre-do-para-promove-reuniao-em-belem-sobre-registro-de-candidatura-para-eleicoes-2026#webpage"},"articleSection":"Concursos Bel\u00e9m"},{"@type":"BreadcrumbList","@id":"https:\/\/www.encontrabelem.com.br\/sobre\/tre-do-para-promove-reuniao-em-belem-sobre-registro-de-candidatura-para-eleicoes-2026#breadcrumblist","itemListElement":[{"@type":"ListItem","@id":"https:\/\/www.encontrabelem.com.br\/sobre#listItem","position":1,"name":"In\u00edcio","item":"https:\/\/www.encontrabelem.com.br\/sobre","nextItem":{"@type":"ListItem","@id":"https:\/\/www.encontrabelem.com.br\/sobre\/concursos-em-belem#listItem","name":"Concursos Bel\u00e9m"}},{"@type":"ListItem","@id":"https:\/\/www.encontrabelem.com.br\/sobre\/concursos-em-belem#listItem","position":2,"name":"Concursos Bel\u00e9m","item":"https:\/\/www.encontrabelem.com.br\/sobre\/concursos-em-belem","nextItem":{"@type":"ListItem","@id":"https:\/\/www.encontrabelem.com.br\/sobre\/tre-do-para-promove-reuniao-em-belem-sobre-registro-de-candidatura-para-eleicoes-2026#listItem","name":"TRE do Par\u00e1 promove reuni\u00e3o em Bel\u00e9m sobre registro de candidatura para Elei\u00e7\u00f5es 2026"},"previousItem":{"@type":"ListItem","@id":"https:\/\/www.encontrabelem.com.br\/sobre#listItem","name":"In\u00edcio"}},{"@type":"ListItem","@id":"https:\/\/www.encontrabelem.com.br\/sobre\/tre-do-para-promove-reuniao-em-belem-sobre-registro-de-candidatura-para-eleicoes-2026#listItem","position":3,"name":"TRE do Par\u00e1 promove reuni\u00e3o em Bel\u00e9m sobre registro de candidatura para Elei\u00e7\u00f5es 2026","previousItem":{"@type":"ListItem","@id":"https:\/\/www.encontrabelem.com.br\/sobre\/concursos-em-belem#listItem","name":"Concursos Bel\u00e9m"}}]},{"@type":"Organization","@id":"https:\/\/www.encontrabelem.com.br\/sobre\/#organization","name":"Encontra Bel\u00e9m","description":"Not\u00edcias, eventos, informa\u00e7\u00f5es e dicas na cidade Bel\u00e9m e regi\u00e3o.","url":"https:\/\/www.encontrabelem.com.br\/sobre\/"},{"@type":"Person","@id":"https:\/\/www.encontrabelem.com.br\/sobre\/author\/ebelem#author","url":"https:\/\/www.encontrabelem.com.br\/sobre\/author\/ebelem","name":"Encontra Bel\u00e9m","image":{"@type":"ImageObject","@id":"https:\/\/www.encontrabelem.com.br\/sobre\/tre-do-para-promove-reuniao-em-belem-sobre-registro-de-candidatura-para-eleicoes-2026#authorImage","url":"https:\/\/secure.gravatar.com\/avatar\/507340682b8270222e1f208e23198b6ae7e2c6a1033ae84e99bc6bce4f82a387?s=96&d=mm&r=g","width":96,"height":96,"caption":"Encontra Bel\u00e9m"}},{"@type":"WebPage","@id":"https:\/\/www.encontrabelem.com.br\/sobre\/tre-do-para-promove-reuniao-em-belem-sobre-registro-de-candidatura-para-eleicoes-2026#webpage","url":"https:\/\/www.encontrabelem.com.br\/sobre\/tre-do-para-promove-reuniao-em-belem-sobre-registro-de-candidatura-para-eleicoes-2026","name":"TRE do Par\u00e1 promove reuni\u00e3o em Bel\u00e9m sobre registro de candidatura para Elei\u00e7\u00f5es 2026 | Encontra Bel\u00e9m","description":"TRE do Par\u00e1 orienta sobre registro de candidaturas e prazos eleitorais para 2026.","inLanguage":"pt-BR","isPartOf":{"@id":"https:\/\/www.encontrabelem.com.br\/sobre\/#website"},"breadcrumb":{"@id":"https:\/\/www.encontrabelem.com.br\/sobre\/tre-do-para-promove-reuniao-em-belem-sobre-registro-de-candidatura-para-eleicoes-2026#breadcrumblist"},"author":{"@id":"https:\/\/www.encontrabelem.com.br\/sobre\/author\/ebelem#author"},"creator":{"@id":"https:\/\/www.encontrabelem.com.br\/sobre\/author\/ebelem#author"},"image":{"@type":"ImageObject","url":"https:\/\/www.encontrabelem.com.br\/sobre\/wp-content\/uploads\/2026\/07\/tre-do-para-promove-reuniao-em-belem-sobre-registro-de-candidatura-para-eleicoes-2026.webp","@id":"https:\/\/www.encontrabelem.com.br\/sobre\/tre-do-para-promove-reuniao-em-belem-sobre-registro-de-candidatura-para-eleicoes-2026\/#mainImage","width":280,"height":280,"caption":"TRE do Par\u00e1"},"primaryImageOfPage":{"@id":"https:\/\/www.encontrabelem.com.br\/sobre\/tre-do-para-promove-reuniao-em-belem-sobre-registro-de-candidatura-para-eleicoes-2026#mainImage"},"datePublished":"2026-07-13T11:26:46-03:00","dateModified":"2026-07-13T11:26:46-03:00"},{"@type":"WebSite","@id":"https:\/\/www.encontrabelem.com.br\/sobre\/#website","url":"https:\/\/www.encontrabelem.com.br\/sobre\/","name":"Encontra Bel\u00e9m","description":"Not\u00edcias, eventos, informa\u00e7\u00f5es e dicas na cidade Bel\u00e9m e regi\u00e3o.","inLanguage":"pt-BR","publisher":{"@id":"https:\/\/www.encontrabelem.com.br\/sobre\/#organization"}}]},"og:locale":"pt_BR","og:site_name":"Encontra Bel\u00e9m | Not\u00edcias, eventos, informa\u00e7\u00f5es e dicas na cidade Bel\u00e9m e regi\u00e3o.","og:type":"article","og:title":"TRE do Par\u00e1 promove reuni\u00e3o em Bel\u00e9m sobre registro de candidatura para Elei\u00e7\u00f5es 2026 | Encontra Bel\u00e9m","og:description":"TRE do Par\u00e1 orienta sobre registro de candidaturas e prazos eleitorais para 2026.","og:url":"https:\/\/www.encontrabelem.com.br\/sobre\/tre-do-para-promove-reuniao-em-belem-sobre-registro-de-candidatura-para-eleicoes-2026","article:published_time":"2026-07-13T14:26:46+00:00","article:modified_time":"2026-07-13T14:26:46+00:00","twitter:card":"summary","twitter:title":"TRE do Par\u00e1 promove reuni\u00e3o em Bel\u00e9m sobre registro de candidatura para Elei\u00e7\u00f5es 2026 | Encontra Bel\u00e9m","twitter:description":"TRE do Par\u00e1 orienta sobre registro de candidaturas e prazos eleitorais para 2026."},"aioseo_meta_data":{"post_id":"2028","title":null,"description":null,"keywords":null,"keyphrases":null,"primary_term":null,"canonical_url":null,"og_title":null,"og_description":null,"og_object_type":"default","og_image_type":"default","og_image_url":null,"og_image_width":null,"og_image_height":null,"og_image_custom_url":null,"og_image_custom_fields":null,"og_video":null,"og_custom_url":null,"og_article_section":null,"og_article_tags":null,"twitter_use_og":false,"twitter_card":"default","twitter_image_type":"default","twitter_image_url":null,"twitter_image_custom_url":null,"twitter_image_custom_fields":null,"twitter_title":null,"twitter_description":null,"schema":{"blockGraphs":[],"customGraphs":[],"default":{"data":{"Article":[],"Course":[],"Dataset":[],"FAQPage":[],"Movie":[],"Person":[],"Product":[],"ProductReview":[],"Car":[],"Recipe":[],"Service":[],"SoftwareApplication":[],"WebPage":[]},"graphName":"Article","isEnabled":true},"graphs":[]},"schema_type":"default","schema_type_options":null,"pillar_content":false,"robots_default":true,"robots_noindex":false,"robots_noarchive":false,"robots_nosnippet":false,"robots_nofollow":false,"robots_noimageindex":false,"robots_noodp":false,"robots_notranslate":false,"robots_max_snippet":null,"robots_max_videopreview":null,"robots_max_imagepreview":"large","priority":null,"frequency":null,"local_seo":null,"breadcrumb_settings":null,"limit_modified_date":false,"ai":null,"created":"2026-07-13 14:26:50","updated":"2026-07-13 14:27:46","focus_keyword":null,"additional_keywords":null,"truseo_locale":null,"seo_analyzer_scan_date":null},"aioseo_breadcrumb":"<div class=\"aioseo-breadcrumbs\"><span class=\"aioseo-breadcrumb\">\n\t\t\t<a href=\"https:\/\/www.encontrabelem.com.br\/sobre\" title=\"In\u00edcio\">In\u00edcio<\/a>\n\t\t<\/span><span class=\"aioseo-breadcrumb-separator\">&raquo;<\/span><span class=\"aioseo-breadcrumb\">\n\t\t\t<a href=\"https:\/\/www.encontrabelem.com.br\/sobre\/concursos-em-belem\" title=\"Concursos Bel\u00e9m\">Concursos Bel\u00e9m<\/a>\n\t\t<\/span><span class=\"aioseo-breadcrumb-separator\">&raquo;<\/span><span class=\"aioseo-breadcrumb\">\n\t\t\tTRE do Par\u00e1 promove reuni\u00e3o em Bel\u00e9m sobre registro de candidatura para Elei\u00e7\u00f5es 2026\n\t\t<\/span><\/div>","aioseo_breadcrumb_json":[{"label":"In\u00edcio","link":"https:\/\/www.encontrabelem.com.br\/sobre"},{"label":"Concursos Bel\u00e9m","link":"https:\/\/www.encontrabelem.com.br\/sobre\/concursos-em-belem"},{"label":"TRE do Par\u00e1 promove reuni\u00e3o em Bel\u00e9m sobre registro de candidatura para Elei\u00e7\u00f5es 2026","link":"https:\/\/www.encontrabelem.com.br\/sobre\/tre-do-para-promove-reuniao-em-belem-sobre-registro-de-candidatura-para-eleicoes-2026"}],"_links":{"self":[{"href":"https:\/\/www.encontrabelem.com.br\/sobre\/wp-json\/wp\/v2\/posts\/2028","targetHints":{"allow":["GET"]}}],"collection":[{"href":"https:\/\/www.encontrabelem.com.br\/sobre\/wp-json\/wp\/v2\/posts"}],"about":[{"href":"https:\/\/www.encontrabelem.com.br\/sobre\/wp-json\/wp\/v2\/types\/post"}],"author":[{"embeddable":true,"href":"https:\/\/www.encontrabelem.com.br\/sobre\/wp-json\/wp\/v2\/users\/1"}],"replies":[{"embeddable":true,"href":"https:\/\/www.encontrabelem.com.br\/sobre\/wp-json\/wp\/v2\/comments?post=2028"}],"version-history":[{"count":0,"href":"https:\/\/www.encontrabelem.com.br\/sobre\/wp-json\/wp\/v2\/posts\/2028\/revisions"}],"wp:featuredmedia":[{"embeddable":true,"href":"https:\/\/www.encontrabelem.com.br\/sobre\/wp-json\/wp\/v2\/media\/2027"}],"wp:attachment":[{"href":"https:\/\/www.encontrabelem.com.br\/sobre\/wp-json\/wp\/v2\/media?parent=2028"}],"wp:term":[{"taxonomy":"category","embeddable":true,"href":"https:\/\/www.encontrabelem.com.br\/sobre\/wp-json\/wp\/v2\/categories?post=2028"},{"taxonomy":"post_tag","embeddable":true,"href":"https:\/\/www.encontrabelem.com.br\/sobre\/wp-json\/wp\/v2\/tags?post=2028"}],"curies":[{"name":"wp","href":"https:\/\/api.w.org\/{rel}","templated":true}]}}